{"id":3832,"date":"2016-04-23T19:10:49","date_gmt":"2016-04-23T17:10:49","guid":{"rendered":"http:\/\/blog.inmontanis.info\/?p=3832"},"modified":"2023-08-06T21:23:59","modified_gmt":"2023-08-06T19:23:59","slug":"ischgl-23-4-2016","status":"publish","type":"post","link":"http:\/\/blog.inmontanis.info\/?p=3832","title":{"rendered":"Ischgl, 23.4.2016"},"content":{"rendered":"<p>Oh Mann. Verkorkster Saisonstart, verkorkstes Saisonende. Wieder Neuschnee, wieder schlechtes Wetter.<\/p>\n<p>Am Samstag gings &#8211; mangels besserer Alternativen &#8211; nach Ischgl. Stellenweise war der Neuschnee echt gut, regennass und weich. Unterhalb von ca. 2200m, sp\u00e4ter steigend, war es aber pappig, im Bereich Gampen und Thaya sogar unfahrbar stockig. Talabfahrten Samnaun bin ich daher nicht gefahren.<\/p>\n<p>Quasi ganztags mehr oder weniger leichter Schneefall, die Sicht wurde aber im Laufe des Tages immer besser, von dem her war&#8217;s kein Problem.<\/p>\n<p>(Fotos anklicken zum Vergr\u00f6\u00dfern)<\/p>\n<p><a href='http:\/\/ski.inmontanis.info\/d\/212896-2\/DSC03389.jpg'><img src=http:\/\/ski.inmontanis.info\/d\/212895-3\/DSC03389.jpg \/><\/a><br \/>\n^ Ge\u00f6ffnete Talabfahrt und wenig Autos am Parkplatz<\/p>\n<p><a href='http:\/\/ski.inmontanis.info\/d\/212900-2\/DSC03390.jpg'><img src=http:\/\/ski.inmontanis.info\/d\/212899-3\/DSC03390.jpg \/><\/a><br \/>\n^ Fand ich grad interessant, dass der Schnee fast nur auf den gelben Stoppeln der Stop-Schrift liegen blieb<\/p>\n<p><a href='http:\/\/ski.inmontanis.info\/d\/212904-2\/DSC03393.jpg'><img src=http:\/\/ski.inmontanis.info\/d\/212903-3\/DSC03393.jpg \/><\/a><br \/>\n^ Praktisch alle Skiwege hatten nur am Berg-Rand Stecken, die andere Seite, wo es ggf. steil den Hang abf\u00e4llt, waren keine Stecken. Ist bei Nebel auch etwas suboptimal&#8230;<\/p>\n<p><a href='http:\/\/ski.inmontanis.info\/d\/212908-2\/DSC03396.jpg'><img src=http:\/\/ski.inmontanis.info\/d\/212907-3\/DSC03396.jpg \/><\/a><br \/>\n^ Warum st\u00f6rt mich der orangene Bubble, aber meine orangene Brille st\u00f6rt mich nicht? Gro\u00df w\u00e4re der Unterschied ja nicht..<\/p>\n<p><a href='http:\/\/ski.inmontanis.info\/d\/212912-2\/DSC03397.jpg'><img src=http:\/\/ski.inmontanis.info\/d\/212911-3\/DSC03397.jpg \/><\/a><br \/>\n^ .. und da sag mir noch einer, ich solle meinen Rucksack nicht ausziehen. Wie soll das denn gehen?!<\/p>\n<p><a href='http:\/\/ski.inmontanis.info\/d\/212916-2\/DSC03398.jpg'><img src=http:\/\/ski.inmontanis.info\/d\/212915-3\/DSC03398.jpg \/><\/a><br \/>\n^ Stellenweise, insb. dann nachmittags, war die Sicht ganz ok.<\/p>\n<p><a href='http:\/\/ski.inmontanis.info\/d\/212920-2\/DSC03399.jpg'><img src=http:\/\/ski.inmontanis.info\/d\/212919-3\/DSC03399.jpg \/><\/a><br \/>\n^ Gesperrte Talabfahrt nach Ischgl, konnte ich mir nat\u00fcrlich nicht entgehen lassen.<\/p>\n<p><a href='http:\/\/ski.inmontanis.info\/d\/212924-2\/DSC03400.jpg'><img src=http:\/\/ski.inmontanis.info\/d\/212923-3\/DSC03400.jpg \/><\/a><br \/>\n^ Fundamente. Kommt da irgendein Flying Fox o.\u00e4. in die Schlucht?<\/p>\n<p><a href='http:\/\/ski.inmontanis.info\/d\/212928-2\/ge20160423a.jpg'><img src=http:\/\/ski.inmontanis.info\/d\/212927-3\/ge20160423a.jpg \/><\/a><br \/>\n^ GPS-Track 23.4.2016. knapp \u00fcber 100km inkl. Lifte. Mehr als ich f\u00fcr so ein verkacktes Wetter und den schwierigen Schnee f\u00fcr heute erwartet h\u00e4tte.<\/p>\n","protected":false},"excerpt":{"rendered":"<p>Oh Mann. Verkorkster Saisonstart, verkorkstes Saisonende. Wieder Neuschnee, wieder schlechtes Wetter.<\/p>\n<p>Am Samstag gings &#8211; mangels besserer Alternativen &#8211; nach Ischgl. Stellenweise war der Neuschnee echt gut, regennass und weich. Unterhalb von ca. 2200m, sp\u00e4ter steigend, war es aber pappig, im Bereich Gampen und Thaya sogar unfahrbar stockig. Talabfahrten Samnaun bin ich daher nicht gefahren.<\/p>\n<p> <a href=\"http:\/\/blog.inmontanis.info\/?p=3832\">[&#8230;]<\/a><\/p>\n","protected":false},"author":1,"featured_media":0,"comment_status":"closed","ping_status":"closed","sticky":false,"template":"","format":"standard","meta":{"footnotes":""},"categories":[906,25,13,27],"tags":[],"class_list":["post-3832","post","type-post","status-publish","format-standard","hentry","category-ischgl-samnaun","category-noreport","category-austria","category-skifahren-winterskiing-winter","odd"],"_links":{"self":[{"href":"http:\/\/blog.inmontanis.info\/index.php?rest_route=\/wp\/v2\/posts\/3832","targetHints":{"allow":["GET"]}}],"collection":[{"href":"http:\/\/blog.inmontanis.info\/index.php?rest_route=\/wp\/v2\/posts"}],"about":[{"href":"http:\/\/blog.inmontanis.info\/index.php?rest_route=\/wp\/v2\/types\/post"}],"author":[{"embeddable":true,"href":"http:\/\/blog.inmontanis.info\/index.php?rest_route=\/wp\/v2\/users\/1"}],"replies":[{"embeddable":true,"href":"http:\/\/blog.inmontanis.info\/index.php?rest_route=%2Fwp%2Fv2%2Fcomments&post=3832"}],"version-history":[{"count":2,"href":"http:\/\/blog.inmontanis.info\/index.php?rest_route=\/wp\/v2\/posts\/3832\/revisions"}],"predecessor-version":[{"id":9305,"href":"http:\/\/blog.inmontanis.info\/index.php?rest_route=\/wp\/v2\/posts\/3832\/revisions\/9305"}],"wp:attachment":[{"href":"http:\/\/blog.inmontanis.info\/index.php?rest_route=%2Fwp%2Fv2%2Fmedia&parent=3832"}],"wp:term":[{"taxonomy":"category","embeddable":true,"href":"http:\/\/blog.inmontanis.info\/index.php?rest_route=%2Fwp%2Fv2%2Fcategories&post=3832"},{"taxonomy":"post_tag","embeddable":true,"href":"http:\/\/blog.inmontanis.info\/index.php?rest_route=%2Fwp%2Fv2%2Ftags&post=3832"}],"curies":[{"name":"wp","href":"https:\/\/api.w.org\/{rel}","templated":true}]}}