{"id":3826,"date":"2016-04-16T19:05:00","date_gmt":"2016-04-16T17:05:00","guid":{"rendered":"http:\/\/blog.inmontanis.info\/?p=3826"},"modified":"2023-08-06T20:47:51","modified_gmt":"2023-08-06T18:47:51","slug":"kitzbuhel-16-4-2016","status":"publish","type":"post","link":"http:\/\/blog.inmontanis.info\/?p=3826","title":{"rendered":"Kitzb\u00fchel, 16.4.2016"},"content":{"rendered":"<p>Kitzb\u00fchel am Samstag .. da hatte die Sonnenvorhersage bei Bergfex mal wieder gar nicht gepasst. Fast durchgehend dicke Wolken. Daf\u00fcr war wenigstens richtig, dass Wind kein Problem war. Hier und da war&#8217;s zwar etwas windig, die Bahnen konnten aber problemlos laufen.<\/p>\n<p>Generell liefen sie aber eher langsam und teils mit weniger Fahrbetriebsmitteln, so dass man am Vormittag schon h\u00e4ufiger mal keinen Sessel f\u00fcr sich alleine hatte.<\/p>\n<p>Nerven tun in Kitz halt immer diese vielen, vielen Schiebestrecken. Schnee war teilweise auch sehr pappig (wenige cm Neuschnee! Daher Offpiste am Kasereck leider zu vergessen gewesen), nur an ca. 2 Anlagen (Ochsalm zu Mittag und dann Walde am Nachmittag) gab&#8217;s wirklich tolle Firnverh\u00e4ltnisse. Und da schon wieder \u00fcberall Neuschnee gemeldet wird, ist es nun glaub ich das 3.? Fr\u00fchjahr \/ Wintersaisonende in Folge ohne vern\u00fcnftige Firnverh\u00e4ltnisse :-(<\/p>\n<p>(Fotos anklicken zum Vergr\u00f6\u00dfern)<\/p>\n<p><a href='http:\/\/ski.inmontanis.info\/d\/212150-3\/DSC03334.jpg'><img src=http:\/\/ski.inmontanis.info\/d\/212149-4\/DSC03334.jpg \/><\/a><br \/>\n^ Talabfahrten Kirchdorf. Doch schon etwas schnee\u00e4rmer als sonst manchmal Mitte April&#8230;<\/p>\n<p><a href='http:\/\/ski.inmontanis.info\/d\/212154-3\/DSC03335.jpg'><img src=http:\/\/ski.inmontanis.info\/d\/212153-4\/DSC03335.jpg \/><\/a><br \/>\n^ Richtung Kitzb\u00fchel<\/p>\n<p><a href='http:\/\/ski.inmontanis.info\/d\/212158-3\/DSC03336.jpg'><img src=http:\/\/ski.inmontanis.info\/d\/212157-4\/DSC03336.jpg \/><\/a><br \/>\n^ An der Fleckalmbahn waren heute nicht viel Kabinen .. (daher gab&#8217;s morgens sogar etwas Wartezeiten)<\/p>\n<p><a href='http:\/\/ski.inmontanis.info\/d\/212162-3\/DSC03337.jpg'><img src=http:\/\/ski.inmontanis.info\/d\/212161-4\/DSC03337.jpg \/><\/a><br \/>\n^ Die ewig vielen Schiebe-St\u00fccke in Kitz, insb. jetzt im Fr\u00fchjahr bei den bremsenden Schnee, nerven .. 4SB Silberstube geschlossen, KSBs Kasereck und Brunn ge\u00f6ffnet<\/p>\n<p><a href='http:\/\/ski.inmontanis.info\/d\/212166-3\/DSC03339.jpg'><img src=http:\/\/ski.inmontanis.info\/d\/212165-4\/DSC03339.jpg \/><\/a><br \/>\n^ 8KSB Brunn<\/p>\n<p><a href='http:\/\/ski.inmontanis.info\/d\/212170-3\/DSC03342.jpg'><img src=http:\/\/ski.inmontanis.info\/d\/212169-4\/DSC03342.jpg \/><\/a><br \/>\n^ 3SB Jufenalm<\/p>\n<p><a href='http:\/\/ski.inmontanis.info\/d\/212174-3\/DSC03343.jpg'><img src=http:\/\/ski.inmontanis.info\/d\/212173-4\/DSC03343.jpg \/><\/a><br \/>\n^ Abfahrten Steinbergkogel\/Jufenalm<\/p>\n<p><a href='http:\/\/ski.inmontanis.info\/d\/212178-3\/DSC03344.jpg'><img src=http:\/\/ski.inmontanis.info\/d\/212177-4\/DSC03344.jpg \/><\/a><br \/>\n^ 8KSB Steinbergkogel<\/p>\n<p><a href='http:\/\/ski.inmontanis.info\/d\/212182-3\/DSC03347.jpg'><img src=http:\/\/ski.inmontanis.info\/d\/212181-4\/DSC03347.jpg \/><\/a><br \/>\n^ Blick zu den Abfahrten an der Brunn-KSB<\/p>\n<p><a href='http:\/\/ski.inmontanis.info\/d\/212186-3\/DSC03348.jpg'><img src=http:\/\/ski.inmontanis.info\/d\/212185-4\/DSC03348.jpg \/><\/a><br \/>\n^ 8KSB Ochsalm; die Abfahrt im Vordergrund war wohl offiziell gesperrt?! War aber gegen Mittag eine der besten Abfahrten. Und wenigstens ohne Schiebest\u00fcck.<\/p>\n<p><a href='http:\/\/ski.inmontanis.info\/d\/212190-3\/DSC03351.jpg'><img src=http:\/\/ski.inmontanis.info\/d\/212189-4\/DSC03351.jpg \/><\/a><br \/>\n^ Fleckalmbahn<\/p>\n<p><a href='http:\/\/ski.inmontanis.info\/d\/212198-3\/DSC03354.jpg'><img src=http:\/\/ski.inmontanis.info\/d\/212197-4\/DSC03354.jpg \/><\/a><br \/>\n^ Schneedepot 6KSB Walde<\/p>\n<p><a href='http:\/\/ski.inmontanis.info\/d\/212202-3\/DSC03355.jpg'><img src=http:\/\/ski.inmontanis.info\/d\/212201-4\/DSC03355.jpg \/><\/a><br \/>\n^ Abfahrten 6KSB Walde. Nachmittags toller Firn<\/p>\n<p><a href='http:\/\/ski.inmontanis.info\/d\/212206-3\/DSC03356.jpg'><img src=http:\/\/ski.inmontanis.info\/d\/212205-4\/DSC03356.jpg \/><\/a><br \/>\n^ Abfahrten 6KSB Walde. Nachmittags toller Firn<\/p>\n<p><a href='http:\/\/ski.inmontanis.info\/d\/212210-3\/DSC03357.jpg'><img src=http:\/\/ski.inmontanis.info\/d\/212209-4\/DSC03357.jpg \/><\/a><br \/>\n^ Abfahrten 6KSB Walde. T\u00e4uscht das, oder liegen da tats\u00e4chlich um die 2m Schnee auf der schwarzen Abfahrt? Oder liegt auf der Br\u00fccke zB noch 1m Erde?<\/p>\n<p><a href='http:\/\/ski.inmontanis.info\/d\/212214-3\/DSC03358.jpg'><img src=http:\/\/ski.inmontanis.info\/d\/212213-4\/DSC03358.jpg \/><\/a><br \/>\n^ Rote + schwarze Abfahrten 6KSB Walde, auch hier nochmal mit extra Auflage. Will man hier unten auch was vermatten?<\/p>\n<p><a href='http:\/\/ski.inmontanis.info\/d\/212218-3\/DSC03361.jpg'><img src=http:\/\/ski.inmontanis.info\/d\/212217-4\/DSC03361.jpg \/><\/a><br \/>\n^ Bergstation 6EUB Kitzb\u00fchel.<\/p>\n<p>Ich bin mir nicht mir sicher, aber gab&#8217;s hier oben nicht mal irgendwo ein Museum? Oder wo war das nochmal? Vor 10 Jahren war ich da mal drin und hatte etliche Fotos gemacht (sind auch in meiner Gallery) und wollte heute mal wieder reinschauen, aber zumindest dort hab ich nirgends mehr was davon gelesen&#8230; oder war das unten im Tal?<\/p>\n<p><a href='http:\/\/ski.inmontanis.info\/d\/212222-3\/DSC03363.jpg'><img src=http:\/\/ski.inmontanis.info\/d\/212221-4\/DSC03363.jpg \/><\/a><br \/>\n^ Skiroute Bergstation 6EUB (bzw. mittels F\u00f6rderband) -> 6KSB Walde. Beste Piste gegen 14 Uhr, toller Firn. Bin ich dann mehrmals gefahren, also 6KSB Walde + F\u00f6rderband. So f\u00fcr 2 Stunden kann man&#8217;s hier schon aushalten, die 6KSB geht ja noch bis 1.5.<\/p>\n","protected":false},"excerpt":{"rendered":"<p>Kitzb\u00fchel am Samstag .. da hatte die Sonnenvorhersage bei Bergfex mal wieder gar nicht gepasst. Fast durchgehend dicke Wolken. Daf\u00fcr war wenigstens richtig, dass Wind kein Problem war. Hier und da war&#8217;s zwar etwas windig, die Bahnen konnten aber problemlos laufen.<\/p>\n<p>Generell liefen sie aber eher langsam und teils mit weniger Fahrbetriebsmitteln, so dass man <a href=\"http:\/\/blog.inmontanis.info\/?p=3826\">[&#8230;]<\/a><\/p>\n","protected":false},"author":1,"featured_media":0,"comment_status":"closed","ping_status":"closed","sticky":false,"template":"","format":"standard","meta":{"footnotes":""},"categories":[904,25,13,27],"tags":[55,39,56,57],"class_list":["post-3826","post","type-post","status-publish","format-standard","hentry","category-kitzbuhel","category-noreport","category-austria","category-skifahren-winterskiing-winter","tag-3sb","tag-6eub","tag-6sb","tag-8sb","odd"],"_links":{"self":[{"href":"http:\/\/blog.inmontanis.info\/index.php?rest_route=\/wp\/v2\/posts\/3826","targetHints":{"allow":["GET"]}}],"collection":[{"href":"http:\/\/blog.inmontanis.info\/index.php?rest_route=\/wp\/v2\/posts"}],"about":[{"href":"http:\/\/blog.inmontanis.info\/index.php?rest_route=\/wp\/v2\/types\/post"}],"author":[{"embeddable":true,"href":"http:\/\/blog.inmontanis.info\/index.php?rest_route=\/wp\/v2\/users\/1"}],"replies":[{"embeddable":true,"href":"http:\/\/blog.inmontanis.info\/index.php?rest_route=%2Fwp%2Fv2%2Fcomments&post=3826"}],"version-history":[{"count":3,"href":"http:\/\/blog.inmontanis.info\/index.php?rest_route=\/wp\/v2\/posts\/3826\/revisions"}],"predecessor-version":[{"id":3831,"href":"http:\/\/blog.inmontanis.info\/index.php?rest_route=\/wp\/v2\/posts\/3826\/revisions\/3831"}],"wp:attachment":[{"href":"http:\/\/blog.inmontanis.info\/index.php?rest_route=%2Fwp%2Fv2%2Fmedia&parent=3826"}],"wp:term":[{"taxonomy":"category","embeddable":true,"href":"http:\/\/blog.inmontanis.info\/index.php?rest_route=%2Fwp%2Fv2%2Fcategories&post=3826"},{"taxonomy":"post_tag","embeddable":true,"href":"http:\/\/blog.inmontanis.info\/index.php?rest_route=%2Fwp%2Fv2%2Ftags&post=3826"}],"curies":[{"name":"wp","href":"https:\/\/api.w.org\/{rel}","templated":true}]}}