{"id":3824,"date":"2016-04-10T19:00:25","date_gmt":"2016-04-10T17:00:25","guid":{"rendered":"http:\/\/blog.inmontanis.info\/?p=3824"},"modified":"2023-08-06T20:11:06","modified_gmt":"2023-08-06T18:11:06","slug":"sfl-10-4-2016","status":"publish","type":"post","link":"http:\/\/blog.inmontanis.info\/?p=3824","title":{"rendered":"SFL, 10.4.2016"},"content":{"rendered":"<p>Am Sonntag ging&#8217;s dann nach SeFiLa. Das ist zum Saisonende normalerweise ganz nett. Wenn es nicht grad erst reingeschneit hat, dann ist es auch etwas pappig. Wetter leider erst sp\u00e4ter aufgelockert als gemeldet.<br \/>\nMasnerkopfbahn konnte ich mich noch erinnern, diese in die Anti-Liste einzutragen, daher explizit ausgelassen. K\u00f6nigsleithe und Sattel hatte ich aber mittlerweile wieder vergessen&#8230; Sitzabtrenner, Mini-Fu\u00dfraster, Schlie\u00dfb\u00fcgelverriegelung, Gelbe Hauben. Grauenhaft grell Gelb, das h\u00e4ltst selbst mit geschlossenen Augen nicht aus.<\/p>\n<p><a href='http:\/\/ski.inmontanis.info\/d\/211483-3\/DSC03296.jpg'><img src=http:\/\/ski.inmontanis.info\/d\/211482-4\/DSC03296.jpg \/><\/a><br \/>\n^ Ladis<\/p>\n<p><a href='http:\/\/ski.inmontanis.info\/d\/211487-3\/DSC03303.jpg'><img src=http:\/\/ski.inmontanis.info\/d\/211486-4\/DSC03303.jpg \/><\/a><br \/>\n^ Warum die Jochabfahrt die paar Meter unterhalb nun weniger Lawinengef\u00e4hrdet sein soll?<\/p>\n<p><a href='http:\/\/ski.inmontanis.info\/d\/211491-3\/DSC03304.jpg'><img src=http:\/\/ski.inmontanis.info\/d\/211490-4\/DSC03304.jpg \/><\/a><br \/>\n^ Talabfahrten Serfaus<\/p>\n<p><a href='http:\/\/ski.inmontanis.info\/d\/211495-3\/DSC03305.jpg'><img src=http:\/\/ski.inmontanis.info\/d\/211494-4\/DSC03305.jpg \/><\/a><br \/>\n^ Alpkopfbahn Mittelstation. Hier sind die Gondeln enger als an der Talstation, was wohl auf eine langsamere Geschwindigkeit aufgrund k\u00fcrzerem Bahnsteig hindeutet.<\/p>\n<p><a href='http:\/\/ski.inmontanis.info\/d\/211499-3\/DSC03306.jpg'><img src=http:\/\/ski.inmontanis.info\/d\/211498-4\/DSC03306.jpg \/><\/a><br \/>\n^ Komperdell<\/p>\n<p><a href='http:\/\/ski.inmontanis.info\/d\/211503-3\/DSC03307.jpg'><img src=http:\/\/ski.inmontanis.info\/d\/211502-4\/DSC03307.jpg \/><\/a><br \/>\n^ Saisonabschlussarbeiten &#8230; ein Absperrband bewegt sich \u00fcber die Piste &#8230;<\/p>\n<p><a href='http:\/\/ski.inmontanis.info\/d\/211507-3\/DSC03310.jpg'><img src=http:\/\/ski.inmontanis.info\/d\/211506-4\/DSC03310.jpg \/><\/a><br \/>\n^ 8EUB Pezid<\/p>\n<p><a href='http:\/\/ski.inmontanis.info\/d\/211511-3\/DSC03311.jpg'><img src=http:\/\/ski.inmontanis.info\/d\/211510-4\/DSC03311.jpg \/><\/a><br \/>\n^ 8EUB Pezid mit Wolkenmeer \u00fcber dem Inntal<\/p>\n<p><a href='http:\/\/ski.inmontanis.info\/d\/211515-3\/DSC03312.jpg'><img src=http:\/\/ski.inmontanis.info\/d\/211514-4\/DSC03312.jpg \/><\/a><br \/>\n^ Wolkenmeer\/Gipfelpano mit Ortler in Bildmitte<\/p>\n<p><a href='http:\/\/ski.inmontanis.info\/d\/211519-3\/DSC03313.jpg'><img src=http:\/\/ski.inmontanis.info\/d\/211518-4\/DSC03313.jpg \/><\/a><br \/>\n^ Arrezjoch\/Masner<\/p>\n<p><a href='http:\/\/ski.inmontanis.info\/d\/211523-3\/DSC03314.jpg'><img src=http:\/\/ski.inmontanis.info\/d\/211522-4\/DSC03314.jpg \/><\/a><br \/>\n^ 8EUB Pezid \/ Arrezjoch von Oberer Scheid<\/p>\n<p><a href='http:\/\/ski.inmontanis.info\/d\/211527-3\/DSC03315.jpg'><img src=http:\/\/ski.inmontanis.info\/d\/211526-4\/DSC03315.jpg \/><\/a><br \/>\n^ 6EUB Lazid. Die interessanten schwarzen Abfahrten bzw. Routen waren leider allesamt wg. Schneerutsche geschlossen :-(<\/p>\n<p><a href='http:\/\/ski.inmontanis.info\/d\/211531-3\/DSC03317.jpg'><img src=http:\/\/ski.inmontanis.info\/d\/211530-4\/DSC03317.jpg \/><\/a><br \/>\n^ Lazid-Scheid-Obere Scheid.<\/p>\n<p><a href='http:\/\/ski.inmontanis.info\/d\/211535-3\/DSC03319.jpg'><img src=http:\/\/ski.inmontanis.info\/d\/211534-4\/DSC03319.jpg \/><\/a><br \/>\n^ Lazid. Die schwarzen Abfahrten oder Routen unter der 6EUB Bergstation hab ich auch anders trassiert in Erinnerung. Die rechts direkt an der 6EUB-Bergstation kenn ich so nicht &#8211; die wurde doch sonst von links des Restaurants schr\u00e4g r\u00fcber pr\u00e4pariert, die aber geht jetzt wohl nach links weiter, \u00e4h, keine Ahnung..<\/p>\n<p><a href='http:\/\/ski.inmontanis.info\/d\/211539-3\/DSC03322.jpg'><img src=http:\/\/ski.inmontanis.info\/d\/211538-4\/DSC03322.jpg \/><\/a><br \/>\n^ K\u00f6nigsleithe-KSB. M\u00fcsste ich genau wie die Sattel-KSB daneben auf meine Anti-Liste setzen. Kidstopp und Zwangsverriegelung hier, Minifu\u00dfraster, Sitztrenner und Gelbhauben dr\u00fcben.<\/p>\n<p><a href='http:\/\/ski.inmontanis.info\/d\/211543-3\/DSC03326.jpg'><img src=http:\/\/ski.inmontanis.info\/d\/211542-4\/DSC03326.jpg \/><\/a><br \/>\n^ Bin mir nicht sicher, aber ich glaub, diese Variante an der Fiss-Talabfahrt vom Sch\u00f6njoch hab ich seit der 4EUB nicht mehr so gesehen?!<\/p>\n<p><a href='http:\/\/ski.inmontanis.info\/d\/211547-3\/DSC03327.jpg'><img src=http:\/\/ski.inmontanis.info\/d\/211546-4\/DSC03327.jpg \/><\/a><br \/>\n^ Nordseite Fiss. Die Pistenvariante da in Bildmitte kannte ich auch noch nicht.<\/p>\n<p><a href='http:\/\/ski.inmontanis.info\/d\/211551-3\/DSC03328.jpg'><img src=http:\/\/ski.inmontanis.info\/d\/211550-4\/DSC03328.jpg \/><\/a><br \/>\n^ Nordseite Fiss. Oben auch nachmittags hart, aber unten auch pappiger Neuschnee.<\/p>\n<p><a href='http:\/\/ski.inmontanis.info\/d\/211555-3\/DSC03329.jpg'><img src=http:\/\/ski.inmontanis.info\/d\/211554-4\/DSC03329.jpg \/><\/a><br \/>\n^ Nordseite Fiss. Den SL Sch\u00f6nj\u00f6chl bin ich heute fr\u00fch noch gefahren, jetzt sind die B\u00fcgel schon weg.<\/p>\n<p><a href='http:\/\/ski.inmontanis.info\/d\/211559-3\/ge20160410a.jpg'><img src=http:\/\/ski.inmontanis.info\/d\/211558-4\/ge20160410a.jpg \/><\/a><br \/>\n^ GPS-Track 10.4.2016<\/p>\n<p>Fazit: SFL war wesentlich besser als S\u00f6lden gestern. Und: SFL kann man (also ich) nur zum Saisonende ertragen.<\/p>\n","protected":false},"excerpt":{"rendered":"<p>Am Sonntag ging&#8217;s dann nach SeFiLa. Das ist zum Saisonende normalerweise ganz nett. Wenn es nicht grad erst reingeschneit hat, dann ist es auch etwas pappig. Wetter leider erst sp\u00e4ter aufgelockert als gemeldet. Masnerkopfbahn konnte ich mich noch erinnern, diese in die Anti-Liste einzutragen, daher explizit ausgelassen. K\u00f6nigsleithe und Sattel hatte ich aber mittlerweile wieder <a href=\"http:\/\/blog.inmontanis.info\/?p=3824\">[&#8230;]<\/a><\/p>\n","protected":false},"author":1,"featured_media":0,"comment_status":"closed","ping_status":"closed","sticky":false,"template":"","format":"standard","meta":{"footnotes":""},"categories":[25,13,899,27],"tags":[39,56,53,77],"class_list":["post-3824","post","type-post","status-publish","format-standard","hentry","category-noreport","category-austria","category-serfaus-fiss-ladis","category-skifahren-winterskiing-winter","tag-6eub","tag-6sb","tag-8eub","tag-nebelmeer","odd"],"_links":{"self":[{"href":"http:\/\/blog.inmontanis.info\/index.php?rest_route=\/wp\/v2\/posts\/3824","targetHints":{"allow":["GET"]}}],"collection":[{"href":"http:\/\/blog.inmontanis.info\/index.php?rest_route=\/wp\/v2\/posts"}],"about":[{"href":"http:\/\/blog.inmontanis.info\/index.php?rest_route=\/wp\/v2\/types\/post"}],"author":[{"embeddable":true,"href":"http:\/\/blog.inmontanis.info\/index.php?rest_route=\/wp\/v2\/users\/1"}],"replies":[{"embeddable":true,"href":"http:\/\/blog.inmontanis.info\/index.php?rest_route=%2Fwp%2Fv2%2Fcomments&post=3824"}],"version-history":[{"count":1,"href":"http:\/\/blog.inmontanis.info\/index.php?rest_route=\/wp\/v2\/posts\/3824\/revisions"}],"predecessor-version":[{"id":3825,"href":"http:\/\/blog.inmontanis.info\/index.php?rest_route=\/wp\/v2\/posts\/3824\/revisions\/3825"}],"wp:attachment":[{"href":"http:\/\/blog.inmontanis.info\/index.php?rest_route=%2Fwp%2Fv2%2Fmedia&parent=3824"}],"wp:term":[{"taxonomy":"category","embeddable":true,"href":"http:\/\/blog.inmontanis.info\/index.php?rest_route=%2Fwp%2Fv2%2Fcategories&post=3824"},{"taxonomy":"post_tag","embeddable":true,"href":"http:\/\/blog.inmontanis.info\/index.php?rest_route=%2Fwp%2Fv2%2Ftags&post=3824"}],"curies":[{"name":"wp","href":"https:\/\/api.w.org\/{rel}","templated":true}]}}