{"id":3820,"date":"2016-04-03T18:48:35","date_gmt":"2016-04-03T16:48:35","guid":{"rendered":"http:\/\/blog.inmontanis.info\/?p=3820"},"modified":"2023-08-06T10:36:53","modified_gmt":"2023-08-06T08:36:53","slug":"zillertalarena-3-4-2016","status":"publish","type":"post","link":"http:\/\/blog.inmontanis.info\/?p=3820","title":{"rendered":"Zillertalarena 3.4.2016"},"content":{"rendered":"<p>Schwerpunkt auch heute die Abfahrten, die ich bei meinen Besuchen in dieser Saison noch nicht gefahren bin.<br \/>\nIm Prinzip waren die beiden Tage schon ganz nett. Mit in Summe 270 km lt. GPS-Aufzeichnung war das vmtl. mein bisher ski-intensivstes WE ever. Und der Sulz strengt nachmittags schon ganz sch\u00f6n an, wenn man km-fressen will  ;-)<br \/>\n<a href='http:\/\/ski.inmontanis.info\/d\/210904-3\/DSC03254.jpg'><img src=http:\/\/ski.inmontanis.info\/d\/210903-4\/DSC03254.jpg \/><\/a><br \/>\n^ Zell \/ Plattenanger-SL<br \/>\n<a href='http:\/\/ski.inmontanis.info\/d\/210908-3\/DSC03255.jpg'><img src=http:\/\/ski.inmontanis.info\/d\/210907-4\/DSC03255.jpg \/><\/a><br \/>\n^ K\u00f6nigsleiten \/ Falschbach. Rechts heuer im oberen Bereich wohl die ganze Saison nur eine Abfahrt ge\u00f6ffnet. Zu wenig Schnee, oder wurde die Quasi-Parallele aufgelassen, wie so manch andere vermisste Piste in der Zillertalarena?<br \/>\n<a href='http:\/\/ski.inmontanis.info\/d\/210912-3\/DSC03256.jpg'><img src=http:\/\/ski.inmontanis.info\/d\/210911-4\/DSC03256.jpg \/><\/a><br \/>\n^ Blick zur Talabfahrt nach Gerlos, hatte noch genug Schnee<br \/>\n<a href='http:\/\/ski.inmontanis.info\/d\/210916-3\/DSC03257.jpg'><img src=http:\/\/ski.inmontanis.info\/d\/210915-4\/DSC03257.jpg \/><\/a><br \/>\n^ Gerlosplatte \/ K\u00f6nigsleiten, Abfahrtstechnisch noch fast alles ge\u00f6ffnet. Der Bereich Handlalm seit gestern oder heute aber geschlossen.<br \/>\n<a href='http:\/\/ski.inmontanis.info\/d\/210930-3\/DSC03259.jpg'><img src=http:\/\/ski.inmontanis.info\/d\/210929-4\/DSC03259.jpg \/><\/a><br \/>\n^ Am neuen SL M\u00fchlachalm wurde seit meinem letzten Besuch noch links eine zus\u00e4tzliche Abfahrt pr\u00e4pariert.<br \/>\n<a href='http:\/\/ski.inmontanis.info\/d\/210921-3\/DSC03260.jpg'><img src=http:\/\/ski.inmontanis.info\/d\/210920-4\/DSC03260.jpg \/><\/a><br \/>\n^ Gesperrte Abfahrt zur Mittelstation Zell, ging noch ohne Abschnallen. Ab der Kurve dann super. Sportabfahrt hatte noch genug Schnee und war auch noch offen. Nachmittags aber stark verbuckelt. Skiweg hatte schon etliche apere Stellen.<br \/>\n<a href='http:\/\/ski.inmontanis.info\/d\/210925-3\/DSC03261.jpg'><img src=http:\/\/ski.inmontanis.info\/d\/210924-4\/DSC03261.jpg \/><\/a><br \/>\n^ Talabfahrt Zell. Hab ich diesmal auslassen ;-)<br \/>\n<a href='http:\/\/ski.inmontanis.info\/d\/210935-3\/ge20160403c.jpg'><img src=http:\/\/ski.inmontanis.info\/d\/210934-4\/ge20160403c.jpg \/><\/a><br \/>\n^ GPS-Track 3.4.2016 (gelb) und in Blau das, was ich diese Saison noch alles gefahren bin.<\/p>\n","protected":false},"excerpt":{"rendered":"<p>Schwerpunkt auch heute die Abfahrten, die ich bei meinen Besuchen in dieser Saison noch nicht gefahren bin. Im Prinzip waren die beiden Tage schon ganz nett. Mit in Summe 270 km lt. GPS-Aufzeichnung war das vmtl. mein bisher ski-intensivstes WE ever. Und der Sulz strengt nachmittags schon ganz sch\u00f6n an, wenn man km-fressen will ;-) <a href=\"http:\/\/blog.inmontanis.info\/?p=3820\">[&#8230;]<\/a><\/p>\n","protected":false},"author":1,"featured_media":0,"comment_status":"closed","ping_status":"closed","sticky":false,"template":"","format":"standard","meta":{"footnotes":""},"categories":[25,13,27,892],"tags":[56,78,47],"class_list":["post-3820","post","type-post","status-publish","format-standard","hentry","category-noreport","category-austria","category-skifahren-winterskiing-winter","category-zillertal-arena","tag-6sb","tag-restschnee","tag-sl","odd"],"_links":{"self":[{"href":"http:\/\/blog.inmontanis.info\/index.php?rest_route=\/wp\/v2\/posts\/3820","targetHints":{"allow":["GET"]}}],"collection":[{"href":"http:\/\/blog.inmontanis.info\/index.php?rest_route=\/wp\/v2\/posts"}],"about":[{"href":"http:\/\/blog.inmontanis.info\/index.php?rest_route=\/wp\/v2\/types\/post"}],"author":[{"embeddable":true,"href":"http:\/\/blog.inmontanis.info\/index.php?rest_route=\/wp\/v2\/users\/1"}],"replies":[{"embeddable":true,"href":"http:\/\/blog.inmontanis.info\/index.php?rest_route=%2Fwp%2Fv2%2Fcomments&post=3820"}],"version-history":[{"count":1,"href":"http:\/\/blog.inmontanis.info\/index.php?rest_route=\/wp\/v2\/posts\/3820\/revisions"}],"predecessor-version":[{"id":3821,"href":"http:\/\/blog.inmontanis.info\/index.php?rest_route=\/wp\/v2\/posts\/3820\/revisions\/3821"}],"wp:attachment":[{"href":"http:\/\/blog.inmontanis.info\/index.php?rest_route=%2Fwp%2Fv2%2Fmedia&parent=3820"}],"wp:term":[{"taxonomy":"category","embeddable":true,"href":"http:\/\/blog.inmontanis.info\/index.php?rest_route=%2Fwp%2Fv2%2Fcategories&post=3820"},{"taxonomy":"post_tag","embeddable":true,"href":"http:\/\/blog.inmontanis.info\/index.php?rest_route=%2Fwp%2Fv2%2Ftags&post=3820"}],"curies":[{"name":"wp","href":"https:\/\/api.w.org\/{rel}","templated":true}]}}