{"id":3817,"date":"2016-04-02T18:46:30","date_gmt":"2016-04-02T16:46:30","guid":{"rendered":"http:\/\/blog.inmontanis.info\/?p=3817"},"modified":"2023-08-06T20:47:55","modified_gmt":"2023-08-06T18:47:55","slug":"kitzbuhel-2-4-2016","status":"publish","type":"post","link":"http:\/\/blog.inmontanis.info\/?p=3817","title":{"rendered":"Kitzb\u00fchel, 2.4.2016"},"content":{"rendered":"<p>Schwerpunkt heute die Abfahrten, die ich bei meinen Besuchen in dieser Saison noch nicht gefahren bin. Wetterm\u00e4\u00dfig war&#8217;s leider nicht so toll wie gemeldet, aber vielleicht blieb dadurch der Schnee etwas l\u00e4nger brauchbar. Geforeren und Hart war&#8217;s jeweils am Morgen, aber durch die sehr warmen Temperaturen (Sommerski-Bekleidung) war&#8217;s dann auch bald teils sehr sulzig.<br \/>\nKitzb\u00fchel im Fr\u00fchjahr bei Sulz &#8211; das hei\u00dft leider ab Mittag an fast jeder Abfahrt ein Schiebest\u00fcck. Und so &#8216;was wird zum dritten Mal hintereinander &#8220;weltbestes Skigebiet&#8221;? Naja&#8230;<br \/>\nIm Prinzip waren aber beide Tage schon ganz nett. Mit in Summe 270 km lt. GPS-Aufzeichnung war das vmtl. mein bisher ski-intensivstes WE ever. Und der Sulz strengt nachmittags schon ganz sch\u00f6n an, wenn man km-fressen will  ;-)<br \/>\n<a href='http:\/\/ski.inmontanis.info\/d\/210939-3\/DSC03217.jpg'><img src=http:\/\/ski.inmontanis.info\/d\/210938-4\/DSC03217.jpg \/><\/a><br \/>\n^ Talabfahrten Kirchberg<br \/>\n<a href='http:\/\/ski.inmontanis.info\/d\/210943-3\/DSC03219.jpg'><img src=http:\/\/ski.inmontanis.info\/d\/210942-4\/DSC03219.jpg \/><\/a><br \/>\n^ Talabfahrt Fleckalmbahn<br \/>\n<a href='http:\/\/ski.inmontanis.info\/d\/210947-3\/DSC03220.jpg'><img src=http:\/\/ski.inmontanis.info\/d\/210946-4\/DSC03220.jpg \/><\/a><br \/>\n^ Talabfahrten Kirchberg \/ Fleck (geschlossen) und Kaser<br \/>\n<a href='http:\/\/ski.inmontanis.info\/d\/210951-3\/DSC03222.jpg'><img src=http:\/\/ski.inmontanis.info\/d\/210950-4\/DSC03222.jpg \/><\/a><br \/>\n^ Talabfahrt Kirchberg \/ Kaser &#8211; Fleck(almbahn). Morgens leider keine gute Idee, bis runter hart gewesen.<br \/>\n<a href='http:\/\/ski.inmontanis.info\/d\/210955-3\/DSC03225.jpg'><img src=http:\/\/ski.inmontanis.info\/d\/210954-4\/DSC03225.jpg \/><\/a><br \/>\n^ Talabfahrt Jochberg\/Wagst\u00e4tt<br \/>\n<a href='http:\/\/ski.inmontanis.info\/d\/210959-3\/DSC03228.jpg'><img src=http:\/\/ski.inmontanis.info\/d\/210958-4\/DSC03228.jpg \/><\/a><br \/>\n^ KSBs Talsen \/ B\u00e4renbadkogel. An dieser fast unbefahrenen (und irgendwie vielleicht gesperrten) Abfahrt 61 gab&#8217;s heute morgen den besten Firn<br \/>\n<a href='http:\/\/ski.inmontanis.info\/d\/210963-2\/DSC03229.jpg'><img src=http:\/\/ski.inmontanis.info\/d\/210962-4\/DSC03229.jpg \/><\/a><br \/>\n^ B\u00e4renbadkogel II. Die beiden direkten Abfahrten waren bei meinem letzten Besuch noch nicht offen, daher 3x die KSB fahren m\u00fcssen.<br \/>\n<a href='http:\/\/ski.inmontanis.info\/d\/210967-2\/DSC03231.jpg'><img src=http:\/\/ski.inmontanis.info\/d\/210966-4\/DSC03231.jpg \/><\/a><br \/>\n^ 6KSB Resterh\u00f6he<br \/>\n<a href='http:\/\/ski.inmontanis.info\/d\/210971-2\/DSC03235.jpg'><img src=http:\/\/ski.inmontanis.info\/d\/210970-4\/DSC03235.jpg \/><\/a><br \/>\n^ Resterkogel \/ Hanglalm<br \/>\n<a href='http:\/\/ski.inmontanis.info\/d\/210975-2\/DSC03237.jpg'><img src=http:\/\/ski.inmontanis.info\/d\/210974-4\/DSC03237.jpg \/><\/a><br \/>\n^ Abfahrt Mittelstation 8EUB Panorama<br \/>\n<a href='http:\/\/ski.inmontanis.info\/d\/210979-2\/DSC03239.jpg'><img src=http:\/\/ski.inmontanis.info\/d\/210978-4\/DSC03239.jpg \/><\/a><br \/>\n^ Talabfahrt Pengelstein. Die direkte ging am Nachmittag super ab unterhalb der 4KSB (mit Ausnahme des einen Bergaufst\u00fccks an dem Gasthaus, da hab ich dann abgeschnallt.)<br \/>\n<a href='http:\/\/ski.inmontanis.info\/d\/210983-2\/DSC03241.jpg'><img src=http:\/\/ski.inmontanis.info\/d\/210982-4\/DSC03241.jpg \/><\/a><br \/>\n^ Talabfahrt Pengelstein\/Brunn. Ging auch ab unterhalb der KSB besser als oberhalb, da kaum befahren.<br \/>\n<a href='http:\/\/ski.inmontanis.info\/d\/210987-2\/DSC03243.jpg'><img src=http:\/\/ski.inmontanis.info\/d\/210986-4\/DSC03243.jpg \/><\/a><br \/>\n^ Kitzb\u00fcheler Horn \/ Bichlalm<br \/>\n<a href='http:\/\/ski.inmontanis.info\/d\/210991-2\/DSC03245.jpg'><img src=http:\/\/ski.inmontanis.info\/d\/210990-4\/DSC03245.jpg \/><\/a><br \/>\n^ Streif-Rennstrecke. Ging sich nachmittag zeitlich grad noch so aus. Die Abfahrt selbst h\u00e4tte man mal besser am Morgen gemacht, die war nicht viel weniger aufgesulzt&#8230;<br \/>\n<a href='http:\/\/ski.inmontanis.info\/d\/210995-2\/DSC03246.jpg'><img src=http:\/\/ski.inmontanis.info\/d\/210994-4\/DSC03246.jpg \/><\/a><br \/>\n^ Talabfahrten Kitzb\u00fchel. Sollten wohl noch 1-2 Wochen halten&#8230;<br \/>\n<a href='http:\/\/ski.inmontanis.info\/d\/211011-2\/DSC03248.jpg'><img src=http:\/\/ski.inmontanis.info\/d\/211010-4\/DSC03248.jpg \/><\/a><br \/>\n^ Die gesperrte Talabfahrt Fleck lie\u00df ich mir nat\u00fcrlich nicht nehmen ;)<br \/>\n<a href='http:\/\/ski.inmontanis.info\/d\/211015-2\/DSC03250.jpg'><img src=http:\/\/ski.inmontanis.info\/d\/211014-3\/DSC03250.jpg \/><\/a><br \/>\n^ Noch ausreichend Schnee :) Aber am Skiweg links rum w\u00e4re mehr Schnee gelegen.<br \/>\n<a href='http:\/\/ski.inmontanis.info\/d\/211001-2\/DSC03251.jpg'><img src=http:\/\/ski.inmontanis.info\/d\/211000-4\/DSC03251.jpg \/><\/a><br \/>\n^ &#8220;Pistenraupentraktor&#8221;<br \/>\n<a href='http:\/\/ski.inmontanis.info\/d\/211025-2\/DSC03252.jpg'><img src=http:\/\/ski.inmontanis.info\/d\/211024-4\/DSC03252.jpg \/><\/a><br \/>\n^ Gesperrte Fleck-Talabfahrt. Irgendwo hinter oder gleich die n\u00e4chste Kante vor mir musste man mal kurz \u00fcber den Dreck schieben &#8230;<br \/>\n<a href='http:\/\/ski.inmontanis.info\/d\/211029-3\/DSC03253.jpg'><img src=http:\/\/ski.inmontanis.info\/d\/211028-4\/DSC03253.jpg \/><\/a><br \/>\n^ .. das untere St\u00fcck dagegen ging am Rand gerade noch durchg\u00e4ngig<br \/>\n<img src=http:\/\/ski.inmontanis.info\/d\/211007-2\/IMG_2291.jpg \/><br \/>\n^ K\u00f6nnte neuer pers\u00f6nlicher Rekord sein, 145,8 km an einem Tag. Gut, der Tag war auch echt lang.<br \/>\n<a href='http:\/\/ski.inmontanis.info\/d\/211033-3\/ge20160402a.jpg'><img src=http:\/\/ski.inmontanis.info\/d\/211032-4\/ge20160402a.jpg \/><\/a><br \/>\n^ GPS-Track 2.4.2016 \/ 145,8 km. Und k\u00f6nnte ich mir bitte endlich mal merken, diese verf* Schiebeskiwegnichtabfahrt 76 im Fr\u00fchjahr NICHT zu fahren?!! Warum ist die \u00fcberhaupt als &#8220;Abfahrt&#8221; eingezeichnet, unversch\u00e4mt so&#8217;was.<\/p>\n","protected":false},"excerpt":{"rendered":"<p>Schwerpunkt heute die Abfahrten, die ich bei meinen Besuchen in dieser Saison noch nicht gefahren bin. Wetterm\u00e4\u00dfig war&#8217;s leider nicht so toll wie gemeldet, aber vielleicht blieb dadurch der Schnee etwas l\u00e4nger brauchbar. Geforeren und Hart war&#8217;s jeweils am Morgen, aber durch die sehr warmen Temperaturen (Sommerski-Bekleidung) war&#8217;s dann auch bald teils sehr sulzig. Kitzb\u00fchel <a href=\"http:\/\/blog.inmontanis.info\/?p=3817\">[&#8230;]<\/a><\/p>\n","protected":false},"author":1,"featured_media":0,"comment_status":"closed","ping_status":"closed","sticky":false,"template":"","format":"standard","meta":{"footnotes":""},"categories":[904,25,13,27],"tags":[39,56,53,78],"class_list":["post-3817","post","type-post","status-publish","format-standard","hentry","category-kitzbuhel","category-noreport","category-austria","category-skifahren-winterskiing-winter","tag-6eub","tag-6sb","tag-8eub","tag-restschnee","odd"],"_links":{"self":[{"href":"http:\/\/blog.inmontanis.info\/index.php?rest_route=\/wp\/v2\/posts\/3817","targetHints":{"allow":["GET"]}}],"collection":[{"href":"http:\/\/blog.inmontanis.info\/index.php?rest_route=\/wp\/v2\/posts"}],"about":[{"href":"http:\/\/blog.inmontanis.info\/index.php?rest_route=\/wp\/v2\/types\/post"}],"author":[{"embeddable":true,"href":"http:\/\/blog.inmontanis.info\/index.php?rest_route=\/wp\/v2\/users\/1"}],"replies":[{"embeddable":true,"href":"http:\/\/blog.inmontanis.info\/index.php?rest_route=%2Fwp%2Fv2%2Fcomments&post=3817"}],"version-history":[{"count":2,"href":"http:\/\/blog.inmontanis.info\/index.php?rest_route=\/wp\/v2\/posts\/3817\/revisions"}],"predecessor-version":[{"id":3819,"href":"http:\/\/blog.inmontanis.info\/index.php?rest_route=\/wp\/v2\/posts\/3817\/revisions\/3819"}],"wp:attachment":[{"href":"http:\/\/blog.inmontanis.info\/index.php?rest_route=%2Fwp%2Fv2%2Fmedia&parent=3817"}],"wp:term":[{"taxonomy":"category","embeddable":true,"href":"http:\/\/blog.inmontanis.info\/index.php?rest_route=%2Fwp%2Fv2%2Fcategories&post=3817"},{"taxonomy":"post_tag","embeddable":true,"href":"http:\/\/blog.inmontanis.info\/index.php?rest_route=%2Fwp%2Fv2%2Ftags&post=3817"}],"curies":[{"name":"wp","href":"https:\/\/api.w.org\/{rel}","templated":true}]}}