{"id":3814,"date":"2016-03-28T17:33:43","date_gmt":"2016-03-28T15:33:43","guid":{"rendered":"http:\/\/blog.inmontanis.info\/?p=3814"},"modified":"2023-02-18T18:57:20","modified_gmt":"2023-02-18T17:57:20","slug":"san-giacomo-di-roburent-28-3-2016","status":"publish","type":"post","link":"http:\/\/blog.inmontanis.info\/?p=3814","title":{"rendered":"San Giacomo di Roburent, 28.3.2016"},"content":{"rendered":"<p><strong>Ostermontag, 28.3.2016 &#8211; San Giacomo di Roburent<\/strong><\/p>\n<p>Irgendwie hatte ich es ganz vergessen, dass ich ja ein Hotel nahe am Meer hatte &#8211; das merkte ich erst, als ich etwas nach 8:30 Uhr los fuhr. Na ja, wetterm\u00e4\u00dfig (gestern Abend Regen, sp\u00e4t angekommen, heute auch bedekt) w\u00e4re ein Besuch eh nicht so fotogen gewesen.<\/p>\n<p>Ca. 1.5 Stunden sp\u00e4ter (inkl. Tankstopp) war ich in San Giacomo di Roburent. Wetter war leider schlechter als gemeldet, auch wenn es trocken blieb, aber Sonne quasi keine, Pano\/Fernsicht auch nix und ab Mittag teils sehr dichter Nebel. <\/p>\n<p>\u00dcberhaupt, ohne Panorama ist das Skigebiet hier nur halb so interessant und etwas langweiliger, als ich es von Tagen mit Panorama im Kopf hatte. Wie \u00fcblich waren auch gewisse Abfahrten nicht pr\u00e4pariert (Varianten an der langen DSB + linke Abfahrt am Marchisio-Graffer-SL). Naja. N\u00e4chstes Jahr dann wieder Pause und mal wieder St. Gr\u00e9e, hoffentlich wird der geplante SL dieses Jahr endlich gebaut. Und vielleicht macht ja auch Lurisia wieder auf. Ansonsten 2 Tage Mondol\u00e9 sind auch nicht schlecht (1 Tag in Frabosa sowieso &#8220;muss&#8221;). Argentera hab ich heuer auch auslassen, ist also auch n\u00e4chstes Jahr wieder dran.<\/p>\n<p>(Fotos anklicken zum Vergr\u00f6\u00dfern)<\/p>\n<p><a href='http:\/\/extra.inmontanis.info\/d\/34796-2\/ge201603route2.jpg'><img src=http:\/\/extra.inmontanis.info\/d\/34795-3\/ge201603route2.jpg \/><\/a><br \/>\n^ Meine 3 verl\u00e4ngerten Italien-Wochenenden (\u00e0 4 Tage) im M\u00e4rz 2016 (mit kleinem Frankreich-Abstecher)<br \/>\nT\u00fcrkis: Oster-WE 25.3.-28.3.2016<br \/>\nR) San Giacomo di Roburent<\/p>\n<p><a href='http:\/\/extra.inmontanis.info\/d\/35009-2\/DSC03163.jpg'><img src=http:\/\/extra.inmontanis.info\/d\/35008-3\/DSC03163.jpg \/><\/a><br \/>\n^ Ausblick vom Hotelzimmer<\/p>\n<p><a href='http:\/\/extra.inmontanis.info\/d\/35013-2\/DSC03165.jpg'><img src=http:\/\/extra.inmontanis.info\/d\/35012-3\/DSC03165.jpg \/><\/a><br \/>\n^ Hatte gar nicht mehr im Kopf, dass es vom Hotel zum Mittelmeer nur wenige hundert Meter gewesen w\u00e4ren, sonst w\u00e4re ich vielleicht fr\u00fcher aufgestanden. Na gut, Sonnenaufgang war bei dem heutigen Wetter eh nix.<\/p>\n<p><a href='http:\/\/extra.inmontanis.info\/d\/35017-2\/DSC03166.jpg'><img src=http:\/\/extra.inmontanis.info\/d\/35016-3\/DSC03166.jpg \/><\/a><br \/>\n^ Mittelmeer in\/bei Varazze<\/p>\n<p><a href='http:\/\/extra.inmontanis.info\/d\/35021-2\/DSC03171.jpg'><img src=http:\/\/extra.inmontanis.info\/d\/35020-3\/DSC03171.jpg \/><\/a><br \/>\n^ Mittelmeer bei Varazze<\/p>\n<p><a href='http:\/\/ski.inmontanis.info\/d\/215223-2\/DSC03175.jpg'><img src=http:\/\/ski.inmontanis.info\/d\/215222-3\/DSC03175.jpg \/><\/a><br \/>\n^ Talstation DSB Monte Alpet. War weniger los, als ich f\u00fcr Ostermontag erwartet h\u00e4tte.<\/p>\n<p><a href='http:\/\/ski.inmontanis.info\/d\/215227-2\/DSC03177.jpg'><img src=http:\/\/ski.inmontanis.info\/d\/215226-3\/DSC03177.jpg \/><\/a><br \/>\n^ DSB Monte Alpet<\/p>\n<p><a href='http:\/\/ski.inmontanis.info\/d\/215231-2\/DSC03178.jpg'><img src=http:\/\/ski.inmontanis.info\/d\/215230-3\/DSC03178.jpg \/><\/a><br \/>\n^ Abfahrt DSB Monte Alpet. Wie \u00fcblich nur eine Variante pr\u00e4pariert gewesen.<\/p>\n<p><a href='http:\/\/ski.inmontanis.info\/d\/215235-2\/DSC03180.jpg'><img src=http:\/\/ski.inmontanis.info\/d\/215234-3\/DSC03180.jpg \/><\/a><br \/>\n^ Auch diese (rechte untere) Variante (13) am SL Alpet war wieder einmal nicht pr\u00e4pariert, genauso wie die linke Abfahrt (15).<\/p>\n<p><a href='http:\/\/ski.inmontanis.info\/d\/215239-2\/DSC03181.jpg'><img src=http:\/\/ski.inmontanis.info\/d\/215238-3\/DSC03181.jpg \/><\/a><br \/>\n^ Graffer-Marchisio-SL Alpet, hier war heute etwas mehr los.<\/p>\n<p><a href='http:\/\/ski.inmontanis.info\/d\/215243-2\/DSC03182.jpg'><img src=http:\/\/ski.inmontanis.info\/d\/215242-3\/DSC03182.jpg \/><\/a><br \/>\n^ Oster- bzw. Saisonabschlussfest am SL Alpet<\/p>\n<p><a href='http:\/\/ski.inmontanis.info\/d\/215247-2\/DSC03184.jpg'><img src=http:\/\/ski.inmontanis.info\/d\/215246-3\/DSC03184.jpg \/><\/a><br \/>\n^ Abfahrt DSB Monte Alpet. Wie \u00fcblich nur eine Variante pr\u00e4pariert gewesen, sprich, hier unten die rechts zu sehende (also linke) Abfahrt. Bin aber auch mal die andere gefahren, wenn auch der Tiefschnee heute nicht sehr angenehm war.<\/p>\n<p><a href='http:\/\/ski.inmontanis.info\/d\/215251-2\/DSC03185.jpg'><img src=http:\/\/ski.inmontanis.info\/d\/215250-3\/DSC03185.jpg \/><\/a><br \/>\n^ Unpr\u00e4parierte Abfahrt 18 an der DSB Monte Alpet. Gem\u00e4\u00df GPS-Tracks bin ich die anscheinend zuvor noch nie in kompletter L\u00e4nge gefahren?!<\/p>\n<p><a href='http:\/\/ski.inmontanis.info\/d\/215255-2\/DSC03190.jpg'><img src=http:\/\/ski.inmontanis.info\/d\/215254-3\/DSC03190.jpg \/><\/a><br \/>\n^ DSB Colm\u00e9, links SL Pineta<\/p>\n<p><a href='http:\/\/ski.inmontanis.info\/d\/215259-2\/DSC03192.jpg'><img src=http:\/\/ski.inmontanis.info\/d\/215258-3\/DSC03192.jpg \/><\/a><br \/>\n^ Kurzer Marchisio-SL Pineta; links DSB Colm\u00e9, deren Marchisio-Vorg\u00e4nger-SL ich auch noch gefahren bin.<\/p>\n<p><a href='http:\/\/ski.inmontanis.info\/d\/215263-2\/DSC03193.jpg'><img src=http:\/\/ski.inmontanis.info\/d\/215262-3\/DSC03193.jpg \/><\/a><br \/>\n^ Die netten Abfahrtsvarianten am SL Sapel<\/p>\n<p><a href='http:\/\/ski.inmontanis.info\/d\/215267-2\/DSC03196.jpg'><img src=http:\/\/ski.inmontanis.info\/d\/215266-3\/DSC03196.jpg \/><\/a><br \/>\n^ Panino con Salsiccia. Gleich 3 W\u00fcrstel (frisch vom Au\u00dfen-Grill), ordentliche Portion f\u00fcr 5,- \u0080<\/p>\n<p><a href='http:\/\/ski.inmontanis.info\/d\/215271-2\/DSC03198.jpg'><img src=http:\/\/ski.inmontanis.info\/d\/215270-3\/DSC03198.jpg \/><\/a><br \/>\n^ Abfahrt 15 links des SL Alpet. Ich vermute mal, dass die Abfahrt schon allein aufgrund dieser Wegquerung nie (mehr) pr\u00e4pariert wird. Schade.<\/p>\n<p><a href='http:\/\/ski.inmontanis.info\/d\/215275-2\/ge20160328b.jpg'><img src=http:\/\/ski.inmontanis.info\/d\/215274-3\/ge20160328b.jpg \/><\/a><br \/>\n^ GPS-Track 28.3.2016 (gelb) und in Hellblau die vorherigen Besuche.<\/p>\n<p>Die Tageskarte (Klebe-Skipass) f\u00fcr&#8217;s gesamte Gebiet kostete 23,- \u20ac, da ich keinen Gebietswechsel mehr machen wollte (sonst kauf ich mir ja ab und zu nur die Karte f\u00fcr den Alpet-Teil, wenn ich noch einen halben Tag Lurisia oder St. Gree oder Garessio gefahren bin &#8211; Lurisia und Garessio waren heuer ja leider eh nicht offen). Stattdessen bin ich um kurz nach 15 Uhr abgefahren, somit war auch wieder klar, wie ich fahren w\u00fcrde &#8211; kurz und mautsparend \u00fcber Alba-Asti-Mailand-Lecco-Maloja-Moritz. Von Alba bis Mailand hat man die einzige mautpflichtige Autobahn, die Autobahn\/Schnellstra\u00dfe \u00fcber Lecco bis zur Abzweigung Sondrio\/Chiavenna ist ja dann gratis. Zum Abendessen ging&#8217;s wie gestern in einen Autogrill auf dem Weg f\u00fcr eine Portion Tris di Pasta (nat\u00fcrlich andere Sorten als gestern, aber gestern war&#8217;s eher nach meinem Geschmack, daf\u00fcr heute mehr).<\/p>\n<p>Zu Mailand: Die Wahl der Tangente (links oder rechts) wurde mir aufgrund von Stau abgenommen; intelligent diesmal &#8211; man lernt ja dazu &#8211; eine Abfahrt vor der Mautstelle des Nord-Rings raus und problemlos und z\u00fcgig zur Lecco-Schnellstra\u00dfe gekommen. <\/p>\n<p><a href='http:\/\/extra.inmontanis.info\/d\/35025-2\/DSC03199.jpg'><img src=http:\/\/extra.inmontanis.info\/d\/35024-3\/DSC03199.jpg \/><\/a><br \/>\n^ Meine pr\u00e4ferierte Heimfahrt via Alba-Asti-Milano-Lecco-Maloja-Moritz, weniger Benzinkosten, viel weniger Maut (ca. 25,- \u20ac), mehr Abwechslung und 1-2 Stunden l\u00e4nge Fahrzeit.<\/p>\n<p><a href='http:\/\/extra.inmontanis.info\/d\/35029-2\/DSC03204.jpg'><img src=http:\/\/extra.inmontanis.info\/d\/35028-3\/DSC03204.jpg \/><\/a><br \/>\n^ Kleiner Stau an der Mautstelle zum Autobahnring in Mailand<\/p>\n<p><a href='http:\/\/extra.inmontanis.info\/d\/35033-2\/DSC03206.jpg'><img src=http:\/\/extra.inmontanis.info\/d\/35032-3\/DSC03206.jpg \/><\/a><br \/>\n^ Stau Autobahnring Mailand richtung Westen (links rum), dann fahr ich eben richtung Osten (rechts rum), wollte ich ja eh nochmal probieren.<\/p>\n<p><a href='http:\/\/extra.inmontanis.info\/d\/35037-2\/DSC03208.jpg'><img src=http:\/\/extra.inmontanis.info\/d\/35036-3\/DSC03208.jpg \/><\/a><br \/>\n^ Um ein kurzes St\u00fcck mautpflichtigen Nord-Autobahnring zu umgehen, fahre man einfach eine Abfahrt vor der Maut raus, folgt der Beschilderung ein paar Kurven entlang &#8230;<\/p>\n<p><a href='http:\/\/extra.inmontanis.info\/d\/35041-2\/DSC03209.jpg'><img src=http:\/\/extra.inmontanis.info\/d\/35040-3\/DSC03209.jpg \/><\/a><br \/>\n^ .. und befindet sich alsbald auf der Schnellstra\u00dfe richtung Lecco.<\/p>\n<p><a href='http:\/\/extra.inmontanis.info\/d\/35045-2\/ge20160328-milano2.jpg'><img src=http:\/\/extra.inmontanis.info\/d\/35044-3\/ge20160328-milano2.jpg \/><\/a><br \/>\n^ Mailand Nord, bzgl. Abzweigung Schnellstra\u00dfe Lecco. Dunkelblau die kurze mautpflichtige Autobahn, T\u00fcrkis deren mautfreie Umfahrung und Magenta das Ergebnis, wenn es an der A4 Ausfahrt Lecco Stau gibt und man meint, es k\u00e4me bald die n\u00e4chste Ausfahrt &#8230;. (und man stattdessen auch noch mal Maut zahlen muss)<\/p>\n<p>Interessanterweise hat mich auch jetzt zum 5. Mal innerhalb von 3 Wochen (nur die Hinfahrt dieses WE bin ich ja \u00fcber den Brenner) die autobahnlose Strecke durch die Schweiz via Maloja\/Moritz nicht gest\u00f6rt. Um die Uhrzeit ist es dort angenehm leer. Meistens benenne ich den Maloja-Pass leider Majola &#8211; und wunder mich, warum ich ihn in den Routenplanern dann nicht finde ;-). Selbst bei den Bildbeschreibungen zu diesem Bericht hatte ich es wieder 2x falsch gemacht. Hat zuf\u00e4llig jemand eine Eselsbr\u00fccke, wie man sich den richtigen Namen merken kann? <\/p>\n<p>Gegen 0:20 Uhr war ich dann daheim.<\/p>\n<p>## Ende der Berichtsreihe der 3 verl\u00e4ngerten M\u00e4rz-Wochenenden ##<\/p>\n","protected":false},"excerpt":{"rendered":"<p>Ostermontag, 28.3.2016 &#8211; San Giacomo di Roburent<\/p>\n<p>Irgendwie hatte ich es ganz vergessen, dass ich ja ein Hotel nahe am Meer hatte &#8211; das merkte ich erst, als ich etwas nach 8:30 Uhr los fuhr. Na ja, wetterm\u00e4\u00dfig (gestern Abend Regen, sp\u00e4t angekommen, heute auch bedekt) w\u00e4re ein Besuch eh nicht so fotogen gewesen.<\/p>\n<p>Ca. <a href=\"http:\/\/blog.inmontanis.info\/?p=3814\">[&#8230;]<\/a><\/p>\n","protected":false},"author":1,"featured_media":0,"comment_status":"closed","ping_status":"closed","sticky":false,"template":"","format":"standard","meta":{"footnotes":""},"categories":[152,15,230,27],"tags":[38,80,37,47],"class_list":["post-3814","post","type-post","status-publish","format-standard","hentry","category-2016-03-italo-tripple","category-italienitaly","category-roburent","category-skifahren-winterskiing-winter","tag-dsb","tag-marchisio","tag-meer","tag-sl","odd"],"_links":{"self":[{"href":"http:\/\/blog.inmontanis.info\/index.php?rest_route=\/wp\/v2\/posts\/3814","targetHints":{"allow":["GET"]}}],"collection":[{"href":"http:\/\/blog.inmontanis.info\/index.php?rest_route=\/wp\/v2\/posts"}],"about":[{"href":"http:\/\/blog.inmontanis.info\/index.php?rest_route=\/wp\/v2\/types\/post"}],"author":[{"embeddable":true,"href":"http:\/\/blog.inmontanis.info\/index.php?rest_route=\/wp\/v2\/users\/1"}],"replies":[{"embeddable":true,"href":"http:\/\/blog.inmontanis.info\/index.php?rest_route=%2Fwp%2Fv2%2Fcomments&post=3814"}],"version-history":[{"count":2,"href":"http:\/\/blog.inmontanis.info\/index.php?rest_route=\/wp\/v2\/posts\/3814\/revisions"}],"predecessor-version":[{"id":3816,"href":"http:\/\/blog.inmontanis.info\/index.php?rest_route=\/wp\/v2\/posts\/3814\/revisions\/3816"}],"wp:attachment":[{"href":"http:\/\/blog.inmontanis.info\/index.php?rest_route=%2Fwp%2Fv2%2Fmedia&parent=3814"}],"wp:term":[{"taxonomy":"category","embeddable":true,"href":"http:\/\/blog.inmontanis.info\/index.php?rest_route=%2Fwp%2Fv2%2Fcategories&post=3814"},{"taxonomy":"post_tag","embeddable":true,"href":"http:\/\/blog.inmontanis.info\/index.php?rest_route=%2Fwp%2Fv2%2Ftags&post=3814"}],"curies":[{"name":"wp","href":"https:\/\/api.w.org\/{rel}","templated":true}]}}