{"id":3811,"date":"2016-05-22T07:10:54","date_gmt":"2016-05-22T05:10:54","guid":{"rendered":"http:\/\/blog.inmontanis.info\/?p=3811"},"modified":"2023-07-01T20:57:35","modified_gmt":"2023-07-01T18:57:35","slug":"hintertux-22-23-5-2016","status":"publish","type":"post","link":"http:\/\/blog.inmontanis.info\/?p=3811","title":{"rendered":"Hintertux, 22.+23.5.2016"},"content":{"rendered":"<p><strong>21.+22.5.2016<\/strong><\/p>\n<p>Glaub das war das erste richtige Fr\u00fchlingswochenende mit 2 Tagen Sonnenschein und warmen Temperaturen seit Ostern Ende M\u00e4rz! Ganz frei von Pappschnee war es zwar nicht, da es ja erst vor kurzem geschneit hatte und es wirklich warm war (im Zillertal hatte es dann am Sonntag Nachmittag 30\u00b0!) &#8211; aber im Grunde genommen doch weniger pappig als bef\u00fcrchtet. Am Samstag ab ca. 12 Uhr an der Mittelstationsabfahrt, sp\u00e4ter dann auch an der GW, am Sonntag schon fr\u00fcher und nachmittags fast \u00fcberall pappig, au\u00dfer es wurde gerade mal irgendwo eine Spur pr\u00e4pariert. Noch am besten ging&#8217;s am Sonntag am Kaserer, da war&#8217;s selbst Mittag noch recht hart. Daf\u00fcr war der Skiweg zum TFH &#8211; mit Ausnahme der frischen Pr\u00e4parierung am fr\u00fchen Nachmittag &#8211; nur mit viel Schieben zu schaffen. Andererseits war der Schiebeanteil an der Mittelstation weniger als bef\u00fcrchtet, Samstags hatte ich es selbst um 15 Uhr noch bis zum 6SB-H\u00e4uschen gschafft (davor bis zum Einsteig), am Sonntag ging&#8217;s dann schon vormittags schlechter.<\/p>\n<p>Mit Saisonkarte fahr ich ja immer etwas anders, nicht nur, dass die Tage h\u00e4ufig k\u00fcrzer sind (so bin ich an beiden Tagen nicht bis 16 Uhr gefahren), sondern ich hab mich jeweils auf die Abfahrten konzentriert, die nun bald geschlossen werden. Mittelstationsabfahrt am Samstag 4 oder 5x, am Sonntag glaub 3x. Daf\u00fcr andere Sommer-Abfahrten kein- oder 1x.<\/p>\n<p>Etwas entt\u00e4uscht war ich, dass am Samstag fr\u00fch der GB2 lief, da lt. Liftstatus am Freitag Abend dieser egtl. Revision h\u00e4tte haben sollen. Ausgaragiert war die 4EUB zwar von der fr\u00fch weg und um ca. 13:30 Uhr wurde sie in Betrieb genommen &#8211; aber um 14:30 lief sie schon nicht mehr. Na wenigstens hatte ich es einmal geschafft, rechtzeitig zur Mittelstation gefahren zu sein. Am Sonntag war&#8217;s f\u00fcr die 4EUB wohl zu st\u00fcrmisch, auch auf der 1. Sektion lief der GB anstelle der 8EUB &#8211; aber oben kam&#8217;s zu keinen Lifteinstellungen.<\/p>\n<p>Etwas entt\u00e4uschend auch der Kaserer-Bereich, wo beide SL geschlossen sind und nur noch 2 Abfahrten offen sind. Ich denke, vor der KSB waren beide SL bis Ende Mai \/ Anfang Juni mit mehr Abfahrten offen? Dann w\u00e4re die KSB im Fr\u00fchjahr leider ein Nachteil, so angenehm bequem sie zwischendrin auch ist.<\/p>\n<p>(Fotos anklicken zum Vergr\u00f6\u00dfern)<\/p>\n<p><a href='http:\/\/extra.inmontanis.info\/d\/35005-2\/DSC04246.jpg'><img src=http:\/\/extra.inmontanis.info\/d\/35004-3\/DSC04246.jpg \/><\/a><br \/>\n^ Eine Kuh macht Muh, viele K\u00fche machen M\u00fche. Und am morgigen Tag war ich ne halbe Stunde sp\u00e4ter dran und hatte erneut das Pech und musste warten, bis die K\u00fche \u00fcber die Br\u00fccke gingen. Oder es sind so viel K\u00fche, dass es eine halbe Stunde dauert, bis sie in mehreren Gruppen dr\u00fcben sind?!<\/p>\n<p><a href='http:\/\/ski.inmontanis.info\/d\/215099-2\/DSC04248.jpg'><img src=http:\/\/ski.inmontanis.info\/d\/215098-3\/DSC04248.jpg \/><\/a><br \/>\n^ Standard-Gletscherbild von der Sektion 1<\/p>\n<p><a href='http:\/\/ski.inmontanis.info\/d\/215103-2\/DSC04252.jpg'><img src=http:\/\/ski.inmontanis.info\/d\/215102-3\/DSC04252.jpg \/><\/a><br \/>\n^ Blick zum Verbindungsweg Kaserer\/L\u00e4rmstange2-KSB. Nach dem Bergaufst\u00fcck zu Beginn (Ski abgeschnallt) geht&#8217;s auch nur mit Schieben weiter. Einmal angetan war genug.<\/p>\n<p>Offpiste hatte man an dem WE \u00fcbrigens so gut wie keinen gesehen. Hatte ja selbst meine Racecarver an und nur einmal kurz getestet &#8211; grausig &#8211; und entschieden, die schwarze Abfahrt, weil unpr\u00e4pariert, nicht zu fahren.<\/p>\n<p><a href='http:\/\/ski.inmontanis.info\/d\/215107-2\/DSC04254.jpg'><img src=http:\/\/ski.inmontanis.info\/d\/215106-3\/DSC04254.jpg \/><\/a><br \/>\n^ GWG-DSB und Blick zur Kunstschneeproduktion links der Piste.<\/p>\n<p><a href='http:\/\/ski.inmontanis.info\/d\/215111-2\/DSC04258.jpg'><img src=http:\/\/ski.inmontanis.info\/d\/215110-3\/DSC04258.jpg \/><\/a><br \/>\n^ Direkt an der DSB-Bergstation steht (neuerdings?) auch eine Schneekanone.<\/p>\n<p><a href='http:\/\/ski.inmontanis.info\/d\/215115-2\/DSC04259.jpg'><img src=http:\/\/ski.inmontanis.info\/d\/215114-3\/DSC04259.jpg \/><\/a><br \/>\n^ Runter von der DSB gibt&#8217;s eine Fahrbahnverengung aufgrund der Schneeh\u00f6he<\/p>\n<p><a href='http:\/\/ski.inmontanis.info\/d\/215119-2\/DSC04261.jpg'><img src=http:\/\/ski.inmontanis.info\/d\/215118-3\/DSC04261.jpg \/><\/a><br \/>\n^ DSB-Ausstieg. Erst hat man den Gletscher hier links mehr oder weniger komplett abtauen lassen, dann vermattete man ihn wieder und jetzt hat man einen doppelt so breiten Weg. Ob das allerdings auch bedeutet, dass man im Sommer die Skier nicht mehr abschnallen muss, wird sich zeigen.<\/p>\n<p><a href='http:\/\/ski.inmontanis.info\/d\/215123-2\/DSC04262.jpg'><img src=http:\/\/ski.inmontanis.info\/d\/215122-3\/DSC04262.jpg \/><\/a><br \/>\n^ Olperer von GW. Die Schneefangz\u00e4une auf der rechten Abfahrt zeigen Wirkung. Am Samstag waren \u00fcbrigens alle 4 SL in Betrieb, am Sonntag dann nicht mehr.<\/p>\n<p><a href='http:\/\/ski.inmontanis.info\/d\/215127-2\/DSC04263.jpg'><img src=http:\/\/ski.inmontanis.info\/d\/215126-3\/DSC04263.jpg \/><\/a><br \/>\n^ Vermattung 3SB-Ausstieg<\/p>\n<p><a href='http:\/\/ski.inmontanis.info\/d\/215131-2\/DSC04264.jpg'><img src=http:\/\/ski.inmontanis.info\/d\/215130-3\/DSC04264.jpg \/><\/a><br \/>\n^ GW von Olperer<\/p>\n<p><a href='http:\/\/ski.inmontanis.info\/d\/215135-2\/DSC04266.jpg'><img src=http:\/\/ski.inmontanis.info\/d\/215134-3\/DSC04266.jpg \/><\/a><br \/>\n^ Am Kaserer nur noch die KSB offen &#8211; und leider auch nur mehr 2 Abfahrten statt 5. Daf\u00fcr hat man die St\u00fctzen der SL nun schon fr\u00fcher vermatten k\u00f6nnen als sonst.<\/p>\n<p><a href='http:\/\/ski.inmontanis.info\/d\/215139-2\/DSC04269.jpg'><img src=http:\/\/ski.inmontanis.info\/d\/215138-3\/DSC04269.jpg \/><\/a><br \/>\n^ Pr\u00e4parierung h\u00e4tte an beiden Tagen stellenweise besser sein k\u00f6nnen.<\/p>\n<p><a href='http:\/\/ski.inmontanis.info\/d\/215143-2\/DSC04270.jpg'><img src=http:\/\/ski.inmontanis.info\/d\/215142-3\/DSC04270.jpg \/><\/a><br \/>\n^ Unterer Kasererweg. Am Sonntag war hier schieben angesagt, weil Papp.<\/p>\n<p><a href='http:\/\/ski.inmontanis.info\/d\/215147-2\/DSC04272.jpg'><img src=http:\/\/ski.inmontanis.info\/d\/215146-3\/DSC04272.jpg \/><\/a><br \/>\n^ Wegfreir\u00e4umeritis. Dann h\u00e4tte man auch gleich ein Depot anlegen k\u00f6nnen. Wird denn heuer was gebaut, dass man den Fahrweg zum TFH nun so dringend freir\u00e4umen muss?<\/p>\n<p><a href='http:\/\/ski.inmontanis.info\/d\/215151-2\/DSC04274.jpg'><img src=http:\/\/ski.inmontanis.info\/d\/215150-3\/DSC04274.jpg \/><\/a><br \/>\n^ Mittelstationsabfahrt, Schnee war insb. Samstag um Mittag ganz gut.<\/p>\n<p><a href='http:\/\/ski.inmontanis.info\/d\/215155-2\/DSC04276.jpg'><img src=http:\/\/ski.inmontanis.info\/d\/215154-3\/DSC04276.jpg \/><\/a><br \/>\n^ TFH-Hang links<\/p>\n<p><a href='http:\/\/ski.inmontanis.info\/d\/215159-2\/DSC04277.jpg'><img src=http:\/\/ski.inmontanis.info\/d\/215158-3\/DSC04277.jpg \/><\/a><br \/>\n^ TFH-Hang Mitte<\/p>\n<p><a href='http:\/\/ski.inmontanis.info\/d\/215163-2\/DSC04278.jpg'><img src=http:\/\/ski.inmontanis.info\/d\/215162-3\/DSC04278.jpg \/><\/a><br \/>\n^ TFH-Hang rechts<\/p>\n<p><a href='http:\/\/ski.inmontanis.info\/d\/215167-2\/DSC04285.jpg'><img src=http:\/\/ski.inmontanis.info\/d\/215166-3\/DSC04285.jpg \/><\/a><br \/>\n^ Ausstieg Kaserer\/L\u00e4rmstange2-KSB. K\u00f6nnte f\u00fcr sp\u00e4tere Vergleichsfotos mal interessant werden.<\/p>\n<p><a href='http:\/\/ski.inmontanis.info\/d\/215171-2\/DSC04288.jpg'><img src=http:\/\/ski.inmontanis.info\/d\/215170-3\/DSC04288.jpg \/><\/a><br \/>\n^ GW von neuer KSB<\/p>\n<p><a href='http:\/\/ski.inmontanis.info\/d\/215175-2\/DSC04290.jpg'><img src=http:\/\/ski.inmontanis.info\/d\/215174-3\/DSC04290.jpg \/><\/a><br \/>\n^ Vermattung TFH-Hang, jedenfalls mal zeitig heuer. In den vergangenen Jahren war man da ja tw. 1 Monat oder noch sp\u00e4ter dran.<\/p>\n<p><a href='http:\/\/ski.inmontanis.info\/d\/215179-2\/DSC04291.jpg'><img src=http:\/\/ski.inmontanis.info\/d\/215178-3\/DSC04291.jpg \/><\/a><br \/>\n^ TFH-Hang-Vermattung<\/p>\n<p><a href='http:\/\/ski.inmontanis.info\/d\/215183-2\/DSC04293.jpg'><img src=http:\/\/ski.inmontanis.info\/d\/215182-3\/DSC04293.jpg \/><\/a><br \/>\n^ Schade, dass es hier keine Schr\u00e4g-Abfahrt zur KSB-Talstation gibt. Skiweg + Schlusshang nerven auf Dauer.<\/p>\n<p><a href='http:\/\/ski.inmontanis.info\/d\/215187-2\/DSC04294.jpg'><img src=http:\/\/ski.inmontanis.info\/d\/215186-3\/DSC04294.jpg \/><\/a><br \/>\n^ Trainingsgel\u00e4nde am Olperer-SL, hier hatte es am Samstag um 15 Uhr den besten Schnee.<\/p>\n<p><a href='http:\/\/ski.inmontanis.info\/d\/215191-2\/DSC04296.jpg'><img src=http:\/\/ski.inmontanis.info\/d\/215190-3\/DSC04296.jpg \/><\/a><br \/>\n^ Murmeltiere konnte man an der 6SB heute mehrfach beobachten. Und auch diese Uvo-Ski. Sind mir zuvor noch nie aufgefallen, aber kaum hat man welche, hat gef\u00fchlt jeder 2. Skifahrer auch solche Skier. Wenn auch nicht im gleichen Design wie meiner.<\/p>\n<p><a href='http:\/\/ski.inmontanis.info\/d\/215195-2\/DSC04304.jpg'><img src=http:\/\/ski.inmontanis.info\/d\/215194-3\/DSC04304.jpg \/><\/a><br \/>\n^ Kaserer\/L\u00e4rmstange2-KSB<\/p>\n<p><a href='http:\/\/ski.inmontanis.info\/d\/215199-2\/DSC04305.jpg'><img src=http:\/\/ski.inmontanis.info\/d\/215198-3\/DSC04305.jpg \/><\/a><br \/>\n^ Schneedepot rechter Kaserer-SL, hier waren teils 3 Raupen im Einsatz.<\/p>\n<p><a href='http:\/\/ski.inmontanis.info\/d\/215203-2\/DSC04308.jpg'><img src=http:\/\/ski.inmontanis.info\/d\/215202-3\/DSC04308.jpg \/><\/a><br \/>\n^ Kaserer SL-SL-6KSB<\/p>\n<p><a href='http:\/\/ski.inmontanis.info\/d\/215207-2\/DSC04315_001.jpg'><img src=http:\/\/ski.inmontanis.info\/d\/215206-3\/DSC04315_001.jpg \/><\/a><br \/>\n^ Tuxerjoch und Sommerbergalm<\/p>\n<p><a href='http:\/\/ski.inmontanis.info\/d\/215211-2\/DSC04318_001.jpg'><img src=http:\/\/ski.inmontanis.info\/d\/215210-3\/DSC04318_001.jpg \/><\/a><br \/>\n^ Mittelstationsabfahrt Sommerbergalm<\/p>\n<p>Mir ist da ja &#8216;ne bl\u00f6\u00f6\u00f6\u00f6de Idee eingefallen, ich glaub, ich werd die Abfahrt auch noch machen k\u00f6nnen, wenn die 6SB nicht mehr f\u00e4hrt: Ich nehm einfach mein elektrisches Einrad mit. Wird mit 14kg am R\u00fccken zwar etwas schwer beim Abfahren sein, aber daf\u00fcr kann ich den Schotterweg zur Sommerbergalm rauffahren, so er nicht zu steil oder schottrig ist &#8211; das wird sich dann zeigen. F\u00fcr 2-4 Fahrten sollte der Akku reichen, je weniger Schnee, desto h\u00e4ufiger, weil ich dann ja erst mal ein St\u00fcck bergab m\u00fcsste, wo der Akku geladen wird :) Allerdings muss ich dazu dann jeweils die Schuhe wechseln. Mann! Warum h\u00e4tte man nicht einfach an der 4EUB eine Mittelstation hier unten bauen k\u00f6nnen statt der 6SB -> weniger Schiebeweg + die 4EUB k\u00f6nnte bis Mitte Juni laufend in Betrieb sein + man k\u00f6nnte bequem die Restschneeabfahrten machen.<\/p>\n<p><a href='http:\/\/ski.inmontanis.info\/d\/215219-2\/DSC04321.jpg'><img src=http:\/\/ski.inmontanis.info\/d\/215218-3\/DSC04321.jpg \/><\/a><br \/>\n^ Sommerbergalm<\/p>\n","protected":false},"excerpt":{"rendered":"<p>21.+22.5.2016<\/p>\n<p>Glaub das war das erste richtige Fr\u00fchlingswochenende mit 2 Tagen Sonnenschein und warmen Temperaturen seit Ostern Ende M\u00e4rz! Ganz frei von Pappschnee war es zwar nicht, da es ja erst vor kurzem geschneit hatte und es wirklich warm war (im Zillertal hatte es dann am Sonntag Nachmittag 30\u00b0!) &#8211; aber im Grunde genommen doch <a href=\"http:\/\/blog.inmontanis.info\/?p=3811\">[&#8230;]<\/a><\/p>\n","protected":false},"author":1,"featured_media":0,"comment_status":"closed","ping_status":"closed","sticky":false,"template":"","format":"standard","meta":{"footnotes":""},"categories":[246,25,13,28],"tags":[56,38,47],"class_list":["post-3811","post","type-post","status-publish","format-standard","hentry","category-hintertux","category-noreport","category-austria","category-skifahren-sommer","tag-6sb","tag-dsb","tag-sl","odd"],"_links":{"self":[{"href":"http:\/\/blog.inmontanis.info\/index.php?rest_route=\/wp\/v2\/posts\/3811","targetHints":{"allow":["GET"]}}],"collection":[{"href":"http:\/\/blog.inmontanis.info\/index.php?rest_route=\/wp\/v2\/posts"}],"about":[{"href":"http:\/\/blog.inmontanis.info\/index.php?rest_route=\/wp\/v2\/types\/post"}],"author":[{"embeddable":true,"href":"http:\/\/blog.inmontanis.info\/index.php?rest_route=\/wp\/v2\/users\/1"}],"replies":[{"embeddable":true,"href":"http:\/\/blog.inmontanis.info\/index.php?rest_route=%2Fwp%2Fv2%2Fcomments&post=3811"}],"version-history":[{"count":1,"href":"http:\/\/blog.inmontanis.info\/index.php?rest_route=\/wp\/v2\/posts\/3811\/revisions"}],"predecessor-version":[{"id":3862,"href":"http:\/\/blog.inmontanis.info\/index.php?rest_route=\/wp\/v2\/posts\/3811\/revisions\/3862"}],"wp:attachment":[{"href":"http:\/\/blog.inmontanis.info\/index.php?rest_route=%2Fwp%2Fv2%2Fmedia&parent=3811"}],"wp:term":[{"taxonomy":"category","embeddable":true,"href":"http:\/\/blog.inmontanis.info\/index.php?rest_route=%2Fwp%2Fv2%2Fcategories&post=3811"},{"taxonomy":"post_tag","embeddable":true,"href":"http:\/\/blog.inmontanis.info\/index.php?rest_route=%2Fwp%2Fv2%2Ftags&post=3811"}],"curies":[{"name":"wp","href":"https:\/\/api.w.org\/{rel}","templated":true}]}}