{"id":3808,"date":"2016-03-27T22:03:01","date_gmt":"2016-03-27T20:03:01","guid":{"rendered":"http:\/\/blog.inmontanis.info\/?p=3808"},"modified":"2023-08-04T18:29:06","modified_gmt":"2023-08-04T16:29:06","slug":"bolognola-27-3-2016","status":"publish","type":"post","link":"http:\/\/blog.inmontanis.info\/?p=3808","title":{"rendered":"Bolognola, 27.3.2016"},"content":{"rendered":"<p><strong>Ostersonntag, 27.3.2016 &#8211; Bolognola<\/strong><\/p>\n<p>Um 3 Uhr bin ich aufgewacht, weil&#8217;s mir im Bett einfach zu kalt war und meine F\u00fc\u00dfe Eiszapfen hatten. Str\u00fcmpfe angezogen und die Decke vom Bett daneben abgezogen und bei mir mit drauf. So gings dann. Da schlepp ich auf meinen Urlaubsreisen immer den Heizer mit, aber ausgerechnet bei dem Kurzurlaub diesmal nicht. Hmpf.<\/p>\n<p>Ohne Fr\u00fchst\u00fcck gings also um kurz nach 8 Uhr los, gegen 8:50 Uhr war ich im Skigebiet, wo doch weniger los war, als gedacht. Die Tageskarte kostete 19,- \u20ac und ist &#8211; seltenerweise &#8211; eine Karte, wo der Tag ausgestanzt wird. Viel h\u00e4ufiger wird heutzutage der Tag ja handschriftlich oder mit Datumsstempel draufgeschrieben. <\/p>\n<p>In Betrieb war alles, wobei 1-2 Pistenvarianten nicht frisch pr\u00e4pariert waren. \u00dcberhaupt war der Schnee schon sehr knapp, man musste auch auf Steine aufpassen. Morgen k\u00f6nnte dann die eine oder andere Abfahrt nicht mehr gehen. Somit w\u00e4re es wohl selbst bei sch\u00f6nen Wetteraussichten f\u00fcr morgen nicht sinnvoll gewesen, f\u00fcr Monte Prata und Frontignano noch hier zu bleiben. Hatte wohl doch zu wenig geschneit die Woche bzw. war zu warm. <\/p>\n<p>Der Vorteil an den 3 Sektionen SL hier ist nat\u00fcrlich, dass man immer taktieren kann, je nach Schneeverh\u00e4ltnisse. Morgens gehts unten am besten, also bleibt man an den unteren SL bzw. f\u00e4hrt die 2. Sektion nur zum Mittelausstieg, sp\u00e4ter f\u00e4hrt man die 3. Sektion h\u00e4ufiger oder auch mal auf den Au\u00dfenrumabfahrten beide zusammen. Das w\u00e4re mit einer einzigen Sesselbahn alles so nicht m\u00f6glich. Offpiste war der Schnee teilweise noch zu frisch, d.h. morgens etwas br\u00fcchig und danach etwas pappig. Einige stellen gingen aber ganz gut.<\/p>\n<p>Prinzipiell hatte ich mir ja vorgenommen, in Bolognola nicht den ganzen Tag zu bleiben. Andererseits hatte ich noch ca. 6h Autofahrt heute Abend vor mir und die ca. 60-70 Minuten Fahrzeit nach Frontignano f\u00fcr 2-3x ESL fahren war mir dann auch zu lang. Also entweder blieb ich hier bis 12 Uhr, fahr nach Frontignano und bleibe dort bis 16 Uhr, oder ich bleib hier bis 14 Uhr und komm etwas fr\u00fcher ins Hotel. Da um 12 Uhr die oberen Pisten noch nicht weich waren und es ein paar nette Varianten gab, blieb ich doch hier, bis kurz nach 14 Uhr.<\/p>\n<p>(Fotos anklicken zum Vergr\u00f6\u00dfern)<\/p>\n<p><a href='http:\/\/extra.inmontanis.info\/d\/34796-2\/ge201603route2.jpg'><img src=http:\/\/extra.inmontanis.info\/d\/34795-3\/ge201603route2.jpg \/><\/a><br \/>\n^ Meine 3 verl\u00e4ngerten Italien-Wochenenden (\u00e0 4 Tage) im M\u00e4rz 2016 (mit kleinem Frankreich-Abstecher)<br \/>\nT\u00fcrkis: Oster-WE 25.3.-28.3.2016<br \/>\nQ) Bolognola<\/p>\n<p><a href='http:\/\/extra.inmontanis.info\/d\/34960-3\/DSC03055.jpg'><img src=http:\/\/extra.inmontanis.info\/d\/34959-3\/DSC03055.jpg \/><\/a><br \/>\n^ See bei Polverina. Vom Zimmer im Gasthaus hab ich ihn nicht gesehen.<\/p>\n<p><a href='http:\/\/extra.inmontanis.info\/d\/34964-3\/DSC03056.jpg'><img src=http:\/\/extra.inmontanis.info\/d\/34963-3\/DSC03056.jpg \/><\/a><br \/>\n^ Auffahrt in die Monti Sibillini<\/p>\n<p><a href='http:\/\/extra.inmontanis.info\/d\/34968-3\/DSC03058.jpg'><img src=http:\/\/extra.inmontanis.info\/d\/34967-3\/DSC03058.jpg \/><\/a><br \/>\n^ Richtung Bolognola<\/p>\n<p><a href='http:\/\/ski.inmontanis.info\/d\/214971-2\/DSC03060.jpg'><img src=http:\/\/ski.inmontanis.info\/d\/214970-3\/DSC03060.jpg \/><\/a><br \/>\n^ Blick ins Skigebiet von der Stra\u00dfe aus<\/p>\n<p><a href='http:\/\/ski.inmontanis.info\/d\/214975-2\/DSC03063.jpg'><img src=http:\/\/ski.inmontanis.info\/d\/214974-3\/DSC03063.jpg \/><\/a><br \/>\n^ Pistenplan. Seit meinem letzten Besuch gibt&#8217;s also neu die Abfahrten 10 und 11. Ganz stimmen tut der Plan aber trotzdem nicht.<\/p>\n<p><a href='http:\/\/ski.inmontanis.info\/d\/214979-2\/DSC03064.jpg'><img src=http:\/\/ski.inmontanis.info\/d\/214978-3\/DSC03064.jpg \/><\/a><br \/>\n^ SL 1, der einem zum Parkplatz retour bringt mit Blick zur Adria, die leider unter einer leichten diesigen Schicht oder Nebel oder Smog war und nicht zu sehen war.<\/p>\n<p><a href='http:\/\/ski.inmontanis.info\/d\/214983-2\/DSC03065.jpg'><img src=http:\/\/ski.inmontanis.info\/d\/214982-3\/DSC03065.jpg \/><\/a><br \/>\n^ SL 1-2, Schnee wurde im Laufe des Tages unten sehr wenig, beide mit der typischen Graffer-Pilzstation<\/p>\n<p><a href='http:\/\/ski.inmontanis.info\/d\/214987-2\/DSC03067.jpg'><img src=http:\/\/ski.inmontanis.info\/d\/214986-3\/DSC03067.jpg \/><\/a><br \/>\n^ SL 2-1<\/p>\n<p><a href='http:\/\/ski.inmontanis.info\/d\/214991-2\/DSC03068.jpg'><img src=http:\/\/ski.inmontanis.info\/d\/214990-3\/DSC03068.jpg \/><\/a><br \/>\n^ Blick vom SL 2 zum SL 3, der l\u00e4ngste, hat auch einen Zwischenausstieg<\/p>\n<p><a href='http:\/\/ski.inmontanis.info\/d\/214995-2\/DSC03069.jpg'><img src=http:\/\/ski.inmontanis.info\/d\/214994-3\/DSC03069.jpg \/><\/a><br \/>\n^ SL 2<\/p>\n<p><a href='http:\/\/ski.inmontanis.info\/d\/214999-2\/DSC03072.jpg'><img src=http:\/\/ski.inmontanis.info\/d\/214998-3\/DSC03072.jpg \/><\/a><br \/>\n^ Der oberste 4. SL ist zwar nicht sehr lang, daf\u00fcr hat er die steilsten Pisten und ist nebenbei Startpunkt f\u00fcr die Offpisteh\u00e4nge links und rechts<\/p>\n<p><a href='http:\/\/ski.inmontanis.info\/d\/215003-2\/DSC03074.jpg'><img src=http:\/\/ski.inmontanis.info\/d\/215002-3\/DSC03074.jpg \/><\/a><br \/>\n^ Die neue schwarze 10, in Verl\u00e4ngerung die Au\u00dfenrumskiwegabfahrt 11<\/p>\n<p><a href='http:\/\/ski.inmontanis.info\/d\/215007-2\/DSC03075.jpg'><img src=http:\/\/ski.inmontanis.info\/d\/215006-3\/DSC03075.jpg \/><\/a><br \/>\n^ SL 3 mit Pano (zur Adria, wenn man sie heute sehen w\u00fcrde). Im Laufe des Vormittags hatte der Lift einen l\u00e4ngeren Aussetzer, ging dann aber zum Gl\u00fcck wieder.<\/p>\n<p><a href='http:\/\/ski.inmontanis.info\/d\/215011-2\/DSC03084.jpg'><img src=http:\/\/ski.inmontanis.info\/d\/215010-3\/DSC03084.jpg \/><\/a><br \/>\n^ Zufahrt Offpistegel\u00e4nde von der Bergstation des 4. SL, hab ich aber ausgelassen.<\/p>\n<p><a href='http:\/\/ski.inmontanis.info\/d\/215015-2\/DSC03081.jpg'><img src=http:\/\/ski.inmontanis.info\/d\/215014-3\/DSC03081.jpg \/><\/a><br \/>\n^ 4. SL mit den Abfahrten 8, 9 und 7, die 7 hier verzweigt sich einmal zur Talstation des SL und einmal rechts weiter zum 3. SL<\/p>\n<p><a href='http:\/\/ski.inmontanis.info\/d\/215019-2\/DSC03083.jpg'><img src=http:\/\/ski.inmontanis.info\/d\/215018-3\/DSC03083.jpg \/><\/a><br \/>\n^ Pano 4. SL<\/p>\n<p><a href='http:\/\/ski.inmontanis.info\/d\/215023-2\/DSC02597.jpg'><img src=http:\/\/ski.inmontanis.info\/d\/215022-3\/DSC02597.jpg \/><\/a><br \/>\n^ .. das IR-Pano in diese Richtung zeigt, dass man hier nicht ins Flachland sehen kann.<\/p>\n<p><a href='http:\/\/ski.inmontanis.info\/d\/215027-2\/DSC03085.jpg'><img src=http:\/\/ski.inmontanis.info\/d\/215026-3\/DSC03085.jpg \/><\/a><br \/>\n^ 4. SL mit kleinem Funpark<\/p>\n<p><a href='http:\/\/ski.inmontanis.info\/d\/215031-2\/DSC03087.jpg'><img src=http:\/\/ski.inmontanis.info\/d\/215030-3\/DSC03087.jpg \/><\/a><br \/>\n^ Neue (Au\u00dfenrum-) Abfahrt 11, nette Erg\u00e4nzung<\/p>\n<p><a href='http:\/\/ski.inmontanis.info\/d\/215035-2\/DSC03088.jpg'><img src=http:\/\/ski.inmontanis.info\/d\/215034-3\/DSC03088.jpg \/><\/a><br \/>\n^ Ende der Abfahrt 11 (und Parkplatz) &#8211; man kommt aber proplemlos weiter zur Abfahrt 2<\/p>\n<p><a href='http:\/\/ski.inmontanis.info\/d\/215039-2\/DSC03093.jpg'><img src=http:\/\/ski.inmontanis.info\/d\/215038-3\/DSC03093.jpg \/><\/a><br \/>\n^ Etliche der Grafferstangen haben einen transparent-t\u00fcrkisen \u00dcberzug. Ist zwar von innen verdreckt, schaut aber trotzdem irgendwie sch\u00f6ner aus als die braunen in Crissolo<\/p>\n<p><a href='http:\/\/ski.inmontanis.info\/d\/215043-2\/DSC03099.jpg'><img src=http:\/\/ski.inmontanis.info\/d\/215042-3\/DSC03099.jpg \/><\/a><br \/>\n^ Offpiste rechts des 4. SL, quasi Freeride B im Plan. Teilweise toller Firn.<\/p>\n<p><a href='http:\/\/ski.inmontanis.info\/d\/215047-2\/DSC03102.jpg'><img src=http:\/\/ski.inmontanis.info\/d\/215046-3\/DSC03102.jpg \/><\/a><br \/>\n^ Teilweise toller Firn Offpiste rechts des 4. SL. Sp\u00e4ter weiter unten auch etwas einsinkgef\u00e4hrdet.<\/p>\n<p><a href='http:\/\/ski.inmontanis.info\/d\/215051-2\/DSC03103.jpg'><img src=http:\/\/ski.inmontanis.info\/d\/215050-3\/DSC03103.jpg \/><\/a><br \/>\n^ Riemen-Antrieb 3. SL (Graffer)<\/p>\n<p><a href='http:\/\/ski.inmontanis.info\/d\/215055-2\/DSC03104.jpg'><img src=http:\/\/ski.inmontanis.info\/d\/215054-3\/DSC03104.jpg \/><\/a><br \/>\n^ Abfahrt 7 links des 4. SL in Verl\u00e4ngerung zum 3. SL, daneben links das steilere Offpistegel\u00e4nde, das ich aber nicht gefahren bin.<\/p>\n<p><a href='http:\/\/ski.inmontanis.info\/d\/215059-2\/DSC03106.jpg'><img src=http:\/\/ski.inmontanis.info\/d\/215058-3\/DSC03106.jpg \/><\/a><br \/>\n^ Abfahrt 7 und in Verl\u00e4ngerung Abfahrt 5 am 2. SL. Ab hier war die Abfahrt leider nicht pr\u00e4pariert, daher erst nachmittags gut zu fahren gewesen.<\/p>\n<p><a href='http:\/\/ski.inmontanis.info\/d\/215063-2\/DSC02600.jpg'><img src=http:\/\/ski.inmontanis.info\/d\/215062-3\/DSC02600.jpg \/><\/a><br \/>\n^ IR-Pano zur Adria. Hatte ich letztes Mal besser gesehen.<\/p>\n<p><a href='http:\/\/ski.inmontanis.info\/d\/215067-2\/DSC03108.jpg'><img src=http:\/\/ski.inmontanis.info\/d\/215066-3\/DSC03108.jpg \/><\/a><br \/>\n^ 4. SL (Graffer). Bin mir nach wie vor nicht sicher, ob das nun eine optische T\u00e4uschung ist, weil die St\u00fctzen so lang sind, oder ob die Spur tats\u00e4chlich so extrem schmal ist?!<\/p>\n<p><a href='http:\/\/ski.inmontanis.info\/d\/215071-2\/DSC03113.jpg'><img src=http:\/\/ski.inmontanis.info\/d\/215070-3\/DSC03113.jpg \/><\/a><br \/>\n^ Offpiste links des 4. SL, Freeride A im Plan. Von dort kann man einerseits oberhalb des Waldes wieder zur\u00fcckqueren, oder durch den Wald und auf einem Weg zur Talstation des 3. SL kommen. Aufgrund zahlreicher Schneerutsche hab ich den Teil aber auslassen.<\/p>\n<p><a href='http:\/\/ski.inmontanis.info\/d\/215075-2\/DSC03115.jpg'><img src=http:\/\/ski.inmontanis.info\/d\/215074-3\/DSC03115.jpg \/><\/a><br \/>\n^ Offpiste links des 3. SL<\/p>\n<p><a href='http:\/\/ski.inmontanis.info\/d\/215079-2\/DSC03116.jpg'><img src=http:\/\/ski.inmontanis.info\/d\/215078-3\/DSC03116.jpg \/><\/a><br \/>\n^ Die Gipfel der Moni Sibillini. Blick taleinw\u00e4rts, gut zu sehen ist die Strada per Rifugio del Fargno, eine schmale Schotter-Passtra\u00dfe, Forcella del Fargno, die von beiden Seiten aus einen recht ausgesetzten Eindruck macht, aber wohl von PKWs problemlos zu befahren sein d\u00fcrfte, so keine Felsen, Erdrutsche oder Schneefelder st\u00f6ren ;)<\/p>\n<p><a href='http:\/\/ski.inmontanis.info\/d\/215083-2\/DSC03162.jpg'><img src=http:\/\/ski.inmontanis.info\/d\/215082-3\/DSC03162.jpg \/><\/a><br \/>\n^ Heutiger Lochkarten-Skipass, eine seltene Gattung heutzutage. Wesentlich seltener als Klebeskipsse mit Datumsstempel. Bei meinem letzten Besuch geh\u00f6rte das Skigebiet ja zur Sarnano-Sassotetto, mittlerweile wohl nicht mehr.<\/p>\n<p><a href='http:\/\/ski.inmontanis.info\/d\/215087-2\/ge20160327c.jpg'><img src=http:\/\/ski.inmontanis.info\/d\/215086-3\/ge20160327c.jpg \/><\/a><br \/>\n^ GPS-Track 27.3.2016 und in Hellblau mein Besuch von 2012<\/p>\n<p><a href='http:\/\/ski.inmontanis.info\/d\/215091-2\/ge20160327e.jpg'><img src=http:\/\/ski.inmontanis.info\/d\/215090-3\/ge20160327e.jpg \/><\/a><br \/>\n^ \u00dcberblick Bolognola (Gelb), Sarnano-Sassotetto (blau rechts, mit der ehemaligen Zubringer-PB) und dem schon lange abgebauten ESL (?) links, auf dessen Spurensuche ich mich im Sommer 2010 gemacht hatte. Im Hintergrund Ussita-Frontignano<\/p>\n<p><a href='http:\/\/ski.inmontanis.info\/d\/215095-2\/ge20160327f.jpg'><img src=http:\/\/ski.inmontanis.info\/d\/215094-3\/ge20160327f.jpg \/><\/a><br \/>\n^ \u00dcberblick \u00fcber die Skigebiete in den Monti Sibillini (bis auf das Skigebiet Forca Canapine oben rechts au\u00dferhalb des Bildes)<\/p>\n<p>Fazit: F\u00fcr einen halben oder dreiviertel Tag ganz nett, n\u00e4chstes Mal, wenn ich in der Gegend bin, will ich aber endlich mal wider Monte Prata fahren. Und ESL-halber Frontignano.<\/p>\n<p><a href='http:\/\/extra.inmontanis.info\/d\/34972-3\/DSC03126.jpg'><img src=http:\/\/extra.inmontanis.info\/d\/34971-3\/DSC03126.jpg \/><\/a><br \/>\n^ Neubau der SS77 als Autobahn zwischen Foligno und Serravalle di Chienti<\/p>\n<p><a href='http:\/\/extra.inmontanis.info\/d\/34976-3\/DSC03129.jpg'><img src=http:\/\/extra.inmontanis.info\/d\/34975-3\/DSC03129.jpg \/><\/a><br \/>\n^ Neubau der SS77 als Autobahn zwischen Foligno und Serravalle di Chienti<\/p>\n<p><a href='http:\/\/extra.inmontanis.info\/d\/34980-3\/DSC03130.jpg'><img src=http:\/\/extra.inmontanis.info\/d\/34979-3\/DSC03130.jpg \/><\/a><br \/>\n^ Neubau SS77 \/ Die einzelnen Bauabschnitte wurden alphabetisch unterteilt und mit leicht merkbaren Namen versehen ;-)<\/p>\n<p><a href='http:\/\/extra.inmontanis.info\/d\/34984-3\/DSC03135.jpg'><img src=http:\/\/extra.inmontanis.info\/d\/34983-3\/DSC03135.jpg \/><\/a><br \/>\n^ Neubau SS77<\/p>\n<p><a href='http:\/\/extra.inmontanis.info\/d\/35001-2\/DSC03138.jpg'><img src=http:\/\/extra.inmontanis.info\/d\/35000-3\/DSC03138.jpg \/><\/a><br \/>\n^ Neubau SS77<\/p>\n<p><a href='http:\/\/extra.inmontanis.info\/d\/34989-2\/DSC03146.jpg'><img src=http:\/\/extra.inmontanis.info\/d\/34988-3\/DSC03146.jpg \/><\/a><br \/>\n^ Lago Trasimeno<\/p>\n<p>Bis ich am Hotel in Varazze war, war es dann komischerweise doch 22 Uhr. Ok, ein kurzer Essensstopp an einer Autobahnrastst\u00e4tte (Autogrill, g\u00fcnstiges + leckeres Tris di Pasta) und die mautsparendere Variante \u00fcber Siena und dort etwas Stau an einer Baustelle gehabt &#8230; In Genua dann tw. starker Regen. Am Hotel den letzten Parkplatz im Hof bekommen (puh, w\u00e4re hier in den engen und \u00fcberall voll geparkten Gassen sonst problematisch geworden). Fr\u00fchst\u00fcck gibts leider erst ab 7:30 Uhr, so dass ich morgen etwas sp\u00e4ter in San Giacomo sein werde.<\/p>\n<p><a href='http:\/\/extra.inmontanis.info\/d\/34993-2\/DSC03158.jpg'><img src=http:\/\/extra.inmontanis.info\/d\/34992-3\/DSC03158.jpg \/><\/a><br \/>\n^ Mein heutiges Hotel in Varazze zwischen Genua und Savona<\/p>\n<p><a href='http:\/\/extra.inmontanis.info\/d\/34997-2\/DSC03159.jpg'><img src=http:\/\/extra.inmontanis.info\/d\/34996-3\/DSC03159.jpg \/><\/a><br \/>\n^ .. aber wer kommt denn auf diese bescheuerte Idee, in diesem schmalen Badezimmer die Heizung und den Heizungsregler gegen\u00fcber dem WC anzubringen? Einmal beim Aufstehen hab ich mir das Teil voll in den Sch\u00e4del gerammt!! Ein ander Mal hab ich beim Schlie\u00dfen der T\u00fcre mir den Finger zwischen T\u00fcr und Waschbecken eingeklemmt!!<\/p>\n<p>Das Fr\u00fchst\u00fccksbuffet am n\u00e4chsten Tag war f\u00fcr italienische Verh\u00e4ltnisse dann sehr gro\u00df, sogar Spiegeleier+gebratene W\u00fcrstchen gab&#8217;s, wenn aber auch erst ab 7:50 Uhr.<\/p>\n<p>(Fortsetzung folgt.)<\/p>\n","protected":false},"excerpt":{"rendered":"<p>Ostersonntag, 27.3.2016 &#8211; Bolognola<\/p>\n<p>Um 3 Uhr bin ich aufgewacht, weil&#8217;s mir im Bett einfach zu kalt war und meine F\u00fc\u00dfe Eiszapfen hatten. Str\u00fcmpfe angezogen und die Decke vom Bett daneben abgezogen und bei mir mit drauf. So gings dann. Da schlepp ich auf meinen Urlaubsreisen immer den Heizer mit, aber ausgerechnet bei dem Kurzurlaub <a href=\"http:\/\/blog.inmontanis.info\/?p=3808\">[&#8230;]<\/a><\/p>\n","protected":false},"author":1,"featured_media":0,"comment_status":"closed","ping_status":"closed","sticky":false,"template":"","format":"standard","meta":{"footnotes":""},"categories":[152,523,15,59,27],"tags":[91,90,45,47],"class_list":["post-3808","post","type-post","status-publish","format-standard","hentry","category-2016-03-italo-tripple","category-bolognola","category-italienitaly","category-nostalgie","category-skifahren-winterskiing-winter","tag-graffer","tag-infrarot","tag-see","tag-sl","odd"],"_links":{"self":[{"href":"http:\/\/blog.inmontanis.info\/index.php?rest_route=\/wp\/v2\/posts\/3808","targetHints":{"allow":["GET"]}}],"collection":[{"href":"http:\/\/blog.inmontanis.info\/index.php?rest_route=\/wp\/v2\/posts"}],"about":[{"href":"http:\/\/blog.inmontanis.info\/index.php?rest_route=\/wp\/v2\/types\/post"}],"author":[{"embeddable":true,"href":"http:\/\/blog.inmontanis.info\/index.php?rest_route=\/wp\/v2\/users\/1"}],"replies":[{"embeddable":true,"href":"http:\/\/blog.inmontanis.info\/index.php?rest_route=%2Fwp%2Fv2%2Fcomments&post=3808"}],"version-history":[{"count":2,"href":"http:\/\/blog.inmontanis.info\/index.php?rest_route=\/wp\/v2\/posts\/3808\/revisions"}],"predecessor-version":[{"id":3810,"href":"http:\/\/blog.inmontanis.info\/index.php?rest_route=\/wp\/v2\/posts\/3808\/revisions\/3810"}],"wp:attachment":[{"href":"http:\/\/blog.inmontanis.info\/index.php?rest_route=%2Fwp%2Fv2%2Fmedia&parent=3808"}],"wp:term":[{"taxonomy":"category","embeddable":true,"href":"http:\/\/blog.inmontanis.info\/index.php?rest_route=%2Fwp%2Fv2%2Fcategories&post=3808"},{"taxonomy":"post_tag","embeddable":true,"href":"http:\/\/blog.inmontanis.info\/index.php?rest_route=%2Fwp%2Fv2%2Ftags&post=3808"}],"curies":[{"name":"wp","href":"https:\/\/api.w.org\/{rel}","templated":true}]}}