{"id":3804,"date":"2016-03-26T23:05:51","date_gmt":"2016-03-26T22:05:51","guid":{"rendered":"http:\/\/blog.inmontanis.info\/?p=3804"},"modified":"2023-08-03T22:22:40","modified_gmt":"2023-08-03T20:22:40","slug":"doganaccia-26-3-2016","status":"publish","type":"post","link":"http:\/\/blog.inmontanis.info\/?p=3804","title":{"rendered":"Doganaccia, 26.3.2016"},"content":{"rendered":"<p><strong>Ostersamstag, 26.3.2016 &#8211; Nicht-Corno-Nicht-Cimone-Nur-Doganaccia<\/strong><\/p>\n<p>Nachdem die Lift- und Pistenanzeige im Netz Vollbetrieb angek\u00fcndigt hatte, gings heute zum Corno alle Scale. An der sch\u00f6nen alten und steilen DSB angekommen, wollte ich die Tageskarte kaufen und musste h\u00f6ren, dass meine vor 2 Jahren gekaufte Keycard (wo ich damals schon \u00c4rger gemacht hatte, weil ich mir eine kaufen musste, obwohl ich mittlerweile haufenweise Alfi-Keycards hab) nicht  mehr akzeptiert werde. Man habe jetzt eine neue Karte mit einer neuen R\u00fcckseite. Saftladen. Jedenfalls hatte ich keine Lust mehr, denen 31,- + 2,- \u20ac  zu geben und bin wieder abgefahren. Mit dieser Firmenpolitik werde ich Corno alle Scale also nicht mehr besuchen, sondern auf meine Anti-Liste setzen. Das Fass ist einfach \u00fcbergelaufen, ich hab die Schnauze voll von diesem Keycard-Zwangskauf \u00fcberall. So lang&#8217;s noch Alternativen gibt&#8230;<\/p>\n<p>(Fotos anklicken zum Vergr\u00f6\u00dfern)<\/p>\n<p><a href='http:\/\/extra.inmontanis.info\/d\/34796-2\/ge201603route2.jpg'><img src=http:\/\/extra.inmontanis.info\/d\/34795-3\/ge201603route2.jpg \/><\/a><br \/>\n^ Meine 3 verl\u00e4ngerten Italien-Wochenenden (\u00e0 4 Tage) im M\u00e4rz 2016 (mit kleinem Frankreich-Abstecher)<br \/>\nT\u00fcrkis: Oster-WE 25.3.-28.3.2016<br \/>\nN) (hinter P) Corno alle Scale<br \/>\nO) Cimone<br \/>\nP) Doganaccia<\/p>\n<p><a href='http:\/\/extra.inmontanis.info\/d\/34928-2\/DSC02982.jpg'><img src=http:\/\/extra.inmontanis.info\/d\/34927-3\/DSC02982.jpg \/><\/a><br \/>\n^ Zwischen Tole und Vidiciatico<\/p>\n<p><a href='http:\/\/extra.inmontanis.info\/d\/34932-2\/DSC02991.jpg'><img src=http:\/\/extra.inmontanis.info\/d\/34931-3\/DSC02991.jpg \/><\/a><br \/>\n^ Zwischen Tole und Vidiciatico<\/p>\n<p><a href='http:\/\/extra.inmontanis.info\/d\/34936-2\/DSC02993.jpg'><img src=http:\/\/extra.inmontanis.info\/d\/34935-3\/DSC02993.jpg \/><\/a><br \/>\n^ Zwischen Tole und Vidiciatico<\/p>\n<p><a href='http:\/\/extra.inmontanis.info\/d\/34940-2\/DSC02999.jpg'><img src=http:\/\/extra.inmontanis.info\/d\/34939-3\/DSC02999.jpg \/><\/a><br \/>\n^ Interessante Aussichtsplattform?!<\/p>\n<p><a href='http:\/\/extra.inmontanis.info\/d\/34944-2\/DSC02998.jpg'><img src=http:\/\/extra.inmontanis.info\/d\/34943-3\/DSC02998.jpg \/><\/a><br \/>\n^ Zwischen Tole und Vidiciatico<\/p>\n<p><a href='http:\/\/extra.inmontanis.info\/d\/34948-2\/DSC03002.jpg'><img src=http:\/\/extra.inmontanis.info\/d\/34947-3\/DSC03002.jpg \/><\/a><br \/>\n^ Zwischen Tole und Vidiciatico<\/p>\n<p><a href='http:\/\/ski.inmontanis.info\/d\/214967-2\/DSC03004.jpg'><img src=http:\/\/ski.inmontanis.info\/d\/214966-3\/DSC03004.jpg \/><\/a><br \/>\n^ Keycard von 2013\/2014 nicht mehr g\u00fcltig, man h\u00e4tte sich eine neue kaufen m\u00fcssen &#8211; trotz gleichen Alfi-Systems, wohlgemerkt. Danke, ihr k\u00f6nnt mich mal.<\/p>\n<p>Alternativziel w\u00e4re heute von Anfang an ja Cimone gewesen. Also zum n\u00e4chsten Eistieg gefahren, Cimoncino. Der kleine Parkplatz war voll, man h\u00e4tte unterhalb auf der Stra\u00dfe parken m\u00fcssen und ca. 400m zur Skipasskasse raufgehen m\u00fcssen. Dazu Wartezeiten an der 6KSB. Da die Website von Corno alle Scale und Cimone das idente Design haben, ist davon auszugehen, dass das nun dem gleichen Betrieber geh\u00f6rt. Nun hatte ich keine Lust, die 400m zur Kasse zu gehen, um dann feststellen zu m\u00fcssen, dass man sich hier auch eine Keycard kaufen muss. Und ich hatte mal definitiv nicht vor, Cimone in den n\u00e4chsten Jahren nochmal zu besuchen, um die Keycard nochmal zu verwenden, falls sie dann \u00fcberhaupt noch g\u00fcltig w\u00e4re. Also vorsichtshalber Doganaccia ins Navi eingegeben.<\/p>\n<p>Auf dem Weg dorthin kam ich in Montecreto vorbei, wo ein Zubringer ins Skigebiet Cimone startet. Parkplatz war recht leer, der Weg vom Parkplatz zur Kasse zwar auch steil und nervig, F\u00f6rderband nicht mehr ge\u00f6ffnet, aber ich wollte es doch probieren bzw. genau wissen. Na, es war genauso, man akzeptiert nur noch <em>eigene<\/em> Keycards, die man <em>kaufen<\/em> muss. Im Gegensatz zum Corno verlangens hier aber 3,- \u20ac K\u00f6rberlgeld. Leckt&#8217;s mich, ich bin wieder gegangen. Somit ein zweites Skigebiet auf meiner Anti-Liste heute. So lang&#8217;s noch genug Alternativen f\u00fcr mich gibt &#8230;<\/p>\n<p><a href='http:\/\/ski.inmontanis.info\/d\/214959-2\/DSC03007.jpg'><img src=http:\/\/ski.inmontanis.info\/d\/214958-3\/DSC03007.jpg \/><\/a><br \/>\n^ Der m\u00fchselige Aufgang &#8211; sollen die Leute doch laufen, wir lassen unser F\u00f6rderband lieber vergammeln.<\/p>\n<p><a href='http:\/\/ski.inmontanis.info\/d\/214963-2\/DSC03008.jpg'><img src=http:\/\/ski.inmontanis.info\/d\/214962-3\/DSC03008.jpg \/><\/a><br \/>\n^ Auch hier keine Kaution mehr auf den Skipass, man muss sich eine Keycard kaufen, Fremde werden nicht akzeptiert. Ich bin&#8217;s soooo leid. Tsch\u00fcss, auf Nimmerwiedersehen.<\/p>\n<p>Bei Doganaccia wusste ich allerdings nicht, ob die \u00fcberhaupt noch Schnee und offen hatten. Lange dauerte es, bis man nach Abetone endlich mal eine baumfreie Sicht r\u00fcber <em>und<\/em> eine M\u00f6glichkeit zum Halten hatte. Tele-Objektiv an die Cam. 2 Leute im SL, passt. Um 13 Uhr war ich endlich in Doganaccia angekommen und kaufte mir die Halbtageskarte um 14,- \u20ac. Die Axess-Karte im Standard-Axess-Layout hatte ich ja noch vom letzten Jahr (hatte ich damals zur Abwechslung mal absichtlich nicht zur\u00fcckgegeben &#8211; weil ich sonst zum Auto zur\u00fccklaufen h\u00e4tte m\u00fcssen &#8211; und konnte sie seitdem auch das eine oder andere Mal gebrauchen).<\/p>\n<p>Die Fangz\u00e4une wurden auf den Pisten nochmal vermehrt, das nervt hier inzwischen schon echt, insb. da man vom linken Wald-Bereich somit keine einzige M\u00f6glichkeit mehr hat, einzuqueren und somit ein paar Varianten wegfallen (im Wald war&#8217;s heute aber eh pappig + grausig). Varianten kann man somit nur oben fahren, die waren aber allesamt recht nett und mehr oder weniger firnig bis weich. Somit hatte ich es problemlos 2,5h ausgehalten. Wirklich viel Lust, hier in den n\u00e4chsten 2 Jahren nochmal vorbei zu kommen, hatte ich nach dem heutigen Tag (und weil ich ja erst letztes Jahr hier war) aber auch irgendwie nicht mehr.<\/p>\n<p><a href='http:\/\/ski.inmontanis.info\/d\/214863-2\/DSC03011.jpg'><img src=http:\/\/ski.inmontanis.info\/d\/214862-3\/DSC03011.jpg \/><\/a><br \/>\n^ Der lange SL und Sommerrodelbahn\/Alpincoaster<\/p>\n<p><a href='http:\/\/ski.inmontanis.info\/d\/214867-2\/DSC03012.jpg'><img src=http:\/\/ski.inmontanis.info\/d\/214866-3\/DSC03012.jpg \/><\/a><br \/>\n^ Kurz vor der Bergstation<\/p>\n<p><a href='http:\/\/ski.inmontanis.info\/d\/214871-2\/DSC03014.jpg'><img src=http:\/\/ski.inmontanis.info\/d\/214870-3\/DSC03014.jpg \/><\/a><br \/>\n^ Nette Offpiste-Varianten zwischen den Pisten im oberen Bereich, mit teils tollem Firn<\/p>\n<p><a href='http:\/\/ski.inmontanis.info\/d\/214875-2\/DSC03016.jpg'><img src=http:\/\/ski.inmontanis.info\/d\/214874-3\/DSC03016.jpg \/><\/a><br \/>\n^ Pano, man sah das Mittelmeer leicht schimmern.<\/p>\n<p><a href='http:\/\/ski.inmontanis.info\/d\/214879-2\/DSC03018.jpg'><img src=http:\/\/ski.inmontanis.info\/d\/214878-3\/DSC03018.jpg \/><\/a><br \/>\n^ Firn<\/p>\n<p><a href='http:\/\/ski.inmontanis.info\/d\/214883-2\/DSC03019.jpg'><img src=http:\/\/ski.inmontanis.info\/d\/214882-3\/DSC03019.jpg \/><\/a><br \/>\n^ Die linke SL-Abfahrt wird leider auch immer nerviger. Jetzt stehen schon 3 Fangz\u00e4une hintereinander. Ich geh mal schnell kotzen.<\/p>\n<p><a href='http:\/\/ski.inmontanis.info\/d\/214887-2\/DSC03020.jpg'><img src=http:\/\/ski.inmontanis.info\/d\/214886-3\/DSC03020.jpg \/><\/a><br \/>\n^ Offpiste rechts des SL.<\/p>\n<p><a href='http:\/\/ski.inmontanis.info\/d\/214891-2\/DSC03021.jpg'><img src=http:\/\/ski.inmontanis.info\/d\/214890-3\/DSC03021.jpg \/><\/a><br \/>\n^ Offpiste rechts des SL.<\/p>\n<p><a href='http:\/\/ski.inmontanis.info\/d\/214895-2\/DSC03024.jpg'><img src=http:\/\/ski.inmontanis.info\/d\/214894-3\/DSC03024.jpg \/><\/a><br \/>\n^ Ex-PB Sektion 2<\/p>\n<p><a href='http:\/\/ski.inmontanis.info\/d\/214899-2\/DSC03025.jpg'><img src=http:\/\/ski.inmontanis.info\/d\/214898-3\/DSC03025.jpg \/><\/a><br \/>\n^ Ex-PB Sektion 2<\/p>\n<p><a href='http:\/\/ski.inmontanis.info\/d\/214903-2\/DSC03026.jpg'><img src=http:\/\/ski.inmontanis.info\/d\/214902-3\/DSC03026.jpg \/><\/a><br \/>\n^ Ex-PB Sektion 2<\/p>\n<p><a href='http:\/\/ski.inmontanis.info\/d\/214907-2\/DSC03027.jpg'><img src=http:\/\/ski.inmontanis.info\/d\/214906-3\/DSC03027.jpg \/><\/a><br \/>\n^ Ex-PB Sektion 2. Vor ein paar Jahren kam man sich so geil vor, die St\u00fctze umzuf\u00e4llen &#8211; als Zeichen, dass es jetzt voran geht mit dem Wiederaufbau der 2. Sektion. Seitdem liegt die St\u00fctze hier &#8211; und keine neue Gipfelbahn.<\/p>\n<p><a href='http:\/\/ski.inmontanis.info\/d\/214911-2\/DSC03029.jpg'><img src=http:\/\/ski.inmontanis.info\/d\/214910-3\/DSC03029.jpg \/><\/a><br \/>\n^ Offpiste rechts des SL, teils toller Firn, weiter unten bzw. sp\u00e4ter dann auch etwas schwerer. Im Wald leider zu vergessen.<\/p>\n<p><a href='http:\/\/ski.inmontanis.info\/d\/214915-2\/DSC03030.jpg'><img src=http:\/\/ski.inmontanis.info\/d\/214914-3\/DSC03030.jpg \/><\/a><br \/>\n^ Etliche Rollenbatterien des SL wurden mit B\u00e4ndern gest\u00fctzt&#8230;<\/p>\n<p><a href='http:\/\/ski.inmontanis.info\/d\/214919-2\/DSC03032.jpg'><img src=http:\/\/ski.inmontanis.info\/d\/214918-3\/DSC03032.jpg \/><\/a><br \/>\n^ SL-St\u00fctze<\/p>\n<p><a href='http:\/\/ski.inmontanis.info\/d\/214923-2\/DSC03035.jpg'><img src=http:\/\/ski.inmontanis.info\/d\/214922-3\/DSC03035.jpg \/><\/a><br \/>\n^ ..hier sogar mehrere B\u00e4nder ..<\/p>\n<p><a href='http:\/\/ski.inmontanis.info\/d\/214927-2\/DSC03036.jpg'><img src=http:\/\/ski.inmontanis.info\/d\/214926-3\/DSC03036.jpg \/><\/a><br \/>\n^ Tja&#8230; Wohl kein Geld da, um den SL besser Instand zu setzen..<\/p>\n<p><a href='http:\/\/ski.inmontanis.info\/d\/214931-2\/DSC03039.jpg'><img src=http:\/\/ski.inmontanis.info\/d\/214930-3\/DSC03039.jpg \/><\/a><br \/>\n^ \u00dcbungsbereich und Veranstaltung, war gut was los hier.<\/p>\n<p><a href='http:\/\/ski.inmontanis.info\/d\/214935-2\/DSC03041.jpg'><img src=http:\/\/ski.inmontanis.info\/d\/214934-3\/DSC03041.jpg \/><\/a><br \/>\n^ \u00dcbungs-SL. Der Baum da weiter vorne links hat die St\u00fctze auch schon ganz gut in Beschlag genommen &#8230;<\/p>\n<p><a href='http:\/\/ski.inmontanis.info\/d\/214939-2\/DSC03042.jpg'><img src=http:\/\/ski.inmontanis.info\/d\/214938-3\/DSC03042.jpg \/><\/a><br \/>\n^ SL-Pano. Ganz leicht erkannte man das Mittelmeer schimmern. Hatte aber schon besseres Meer-Pano hier in der Vergangenheit.<\/p>\n<p><a href='http:\/\/ski.inmontanis.info\/d\/214943-2\/DSC02590.jpg'><img src=http:\/\/ski.inmontanis.info\/d\/214942-3\/DSC02590.jpg \/><\/a><br \/>\n^ IR-Zoom zum Mittelmeer. Wer genau hinsieht, sieht ein Schiff.<\/p>\n<p><a href='http:\/\/ski.inmontanis.info\/d\/214947-2\/DSC03045.jpg'><img src=http:\/\/ski.inmontanis.info\/d\/214946-3\/DSC03045.jpg \/><\/a><br \/>\n^ Offpiste-Variante rechts des SL. Netter Graben.<\/p>\n<p><a href='http:\/\/ski.inmontanis.info\/d\/214951-2\/DSC03047.jpg'><img src=http:\/\/ski.inmontanis.info\/d\/214950-3\/DSC03047.jpg \/><\/a><br \/>\n^ Offpiste-Variante rechts des SL. Netter Graben, aber im unteren, waldigeren Teil leider einskingef\u00e4hrdet &#8211; so wie generell im Wald heute.<\/p>\n<p><a href='http:\/\/ski.inmontanis.info\/d\/214955-2\/ge20160326c.jpg'><img src=http:\/\/ski.inmontanis.info\/d\/214954-3\/ge20160326c.jpg \/><\/a><br \/>\n^ GPS-Track, Gelb 26.3.2016, Hellblau einige vorherige Besuche (nicht alle). Rot die Ex-PB Sektion 2. Blau die aktuelle PB Sektion 1 (Skipass mit der kostet mehr)<br \/>\nDie alten, hellblauen Tracks haben zwar viel Unsicherheit, trotzdem f\u00e4llt durch die Fangz\u00e4une auf der linken Piste die M\u00f6glichkeit meiner alten beiden ganz linken blauen Strecken weg, weil man von dem Weg, der unter meiner gelben Linie ist, nicht mehr in die Piste einbiegen kann &#8211; auch weiter unten nicht, wenn man weiter durch den Wald fahren w\u00fcrde.<\/p>\n<p>Dass ich um 15:30 Uhr bereits wieder ging, hatte einen Grund: So konnte ich die mautfreie Alternative \u00fcber die Autobahn Florenz-Siena-Perugia fahren. +20km +0,5h -ca.7,- \u20ac Maut. Nun w\u00e4ren die 7 \u20ac zwar noch verkraftbar gewesen, aber die Frage war ja: Sind es mir die 30 Minuten extra Skizeit wert? Und das musste ich hier und heute beneinen ;)<\/p>\n<p><a href='http:\/\/extra.inmontanis.info\/d\/34952-2\/DSC03052.jpg'><img src=http:\/\/extra.inmontanis.info\/d\/34951-3\/DSC03052.jpg \/><\/a><br \/>\n^ Regenbogen in Siena<\/p>\n<p>Die Hotelsuche f\u00fcr heute Abend gestaltete sich gestern Abend recht schwierig. Nicht nur wegen des langsamen WLan,  Booking.com wird auch immer nerviger. Was n\u00fctzt&#8217;s mir denn auf der Karte, wenn hunderte rote Unterk\u00fcnfte ohne Zimmer angezeigt werden und damit eventuell freie verdeckt werden ?? Oder dass italienische Bewertungen teilweise nur angezeigt werden, wenn man die Sprache auf Italienisch umstellt &#8211; ansonsten bleibt die Liste einfach leer (und die Sprachauswahl fehlt auch) .. Ich werd&#8217;s nie kapieren, warum man etwas Gutes nicht einfach mal so lassen kann, weil es eben nahezu perfekt ist, nein, es MUSS immer etwas ver\u00e4ndert werden, und wenn&#8217;s dann schlechter ist, egal, Hauptsache, es ist anders. <\/p>\n<p>In der Gegend um die morgigen Ziele (mit <1h Fahrzeit) gab es um\/unter 50,- \u20ac \u00dcF so gut wie nix , mit Ausnahme eines 2-Sterne-Albergos um 32,- \u20ac. Warum dann also \"nebenan\" 47,- zahlen, die Bewertungen waren nicht alle schlecht. Fr\u00fchst\u00fcck soll wohl nix sein, so dass ich darauf verzichten kann, wenn es das erst ab 8 Uhr geben sollte. Gegen 20:30 kam ich dort an, und es stellte sich doch eher als Reinfall heraus. Erst mal hie\u00df es, dass es 35,- \u20ac kosten w\u00fcrde, weil sie immer 35,- \u20ac verlangen w\u00fcrden. Soll sein. Das Zimmer war uralt (au\u00dfer dem abgepackten LCD-TV) und eiskalt, grob gesch\u00e4tzt um die 14-16\u00b0. Da bucht man vor und trotzdem h\u00e4lt man es nicht f\u00fcr n\u00f6tig, die Heizung einzuschalten, bevor man da ist? Ich bekam dann noch etwas zu essen, hab mich aber mit einer Portion Gnocchi begn\u00fcgt. Die Teller waren auch nicht gerade sehr sauber. Und mit dem russischen Visum in meinem Pass hatten sie auch so ihre Probleme und meinten mehrmals, ich sei Russe. Nein, ich bin Deutscher, das ist ein Visum. Sp\u00e4ter wollte der alte Mann (durchaus nett, prinzipiell) vom russischen Visum meine Passnummer rauslesen. Erkl\u00e4rte nochmal, dass das ein Visum sei und zeigte ihm die Nummer. Aber das ist doch keine Nummer, das ist eine Buchstabenfolge?! .. OH Mann.. \n\n<a href='http:\/\/extra.inmontanis.info\/d\/34956-2\/DSC03053.jpg'><img src=http:\/\/extra.inmontanis.info\/d\/34955-3\/DSC03053.jpg \/><\/a><br \/>\n^ Hotelzimmer. Eiskalt, alt und die 35,- \u0080 nicht wert.<\/p>\n<p>Ich erkl\u00e4rte dann noch, dass ich morgen um 8 Uhr ohne Fr\u00fcht\u00fcck abreisen werde. Hoffentlich vergisst er die Zeitumstellung nicht. Wetter soll f\u00fcr Montag weiterhin nicht sch\u00f6n werden hier und die Webcams vom Monte Prata zeigen mittlerweile mehr Braun als Wei\u00df, also werd ich mir das eh sparen k\u00f6nnen. Auch in Frontignano soll ja kaum Schnee sein, so dass ich haupts\u00e4chlich Bolognola fahren werde, evtl. nachmittags noch kurz zum ESL in Frontignano. Wenigstens solls morgen hier sonnig werden &#8211; im Gegensatz zu weiter im Norden, womit sich der Weg hier runter wenigstens lohnen w\u00fcrde.<\/p>\n<p>Zur\u00fcck zur Frage: Wohin am Montag? Appennin f\u00e4llt wetterm\u00e4\u00dfig egtl. komplett aus, weder hier noch weiter im Norden. In den Nordalpen solls auch schlecht werden. Bleiben also nur die S\u00fcdalpen bzw. Westalpen im Piemont, was vom Appennin zur\u00fcck richtung Innsbruck ein ordentlicher Umweg samt erh\u00f6hten Mautkosten ist. Und die R\u00fcckfahrt wieder \u00fcber Milano (na gut, Montag Feiertag, k\u00f6nnte besser sein) und Maloja-Moritz, wo es am Montag evtl. schneien k\u00f6nnte&#8230; Von den Skigebieten hier nach San Giacomo\/Frabosa f\u00e4hrt man ca. 6,5h (oder 7 etwas mautsparend wieder \u00fcber Siena), d.h. ich muss irgendwo auf dem Weg \u00fcbernachten und werde dann auch in San Giacomo nicht all zu fr\u00fch dran sein k\u00f6nnen. Wobei das \u00dcbernachten auf dem Weg auch nicht so einfach ist &#8211; jetzt \u00fcber Ostern ist am Mittelmeer doch auch schon so gut wie alles voll bzw. alles etwas teurer&#8230; Warum hab ich Trottel egtl. meinen Schlafsack nicht eingepackt? H\u00e4tt ich im Autobett schlafen k\u00f6nnen. Ok, Temperaturen sind nachts um den Gefrierpunkt, das war der Grund. Au\u00dfer irgendwo nahe des Meeres?! Oder w\u00e4re Skihose und Skijacke ausreichend? Meine dicke Wolldecke h\u00e4tte ich ja dabei, Bett und Fensterfolien\/-schaumstoff ebenso. Und die F\u00fc\u00dfe k\u00f6nnte man in eine &#8220;K\u00fchlt\u00fcte&#8221; stecken und zubinden?! :) Und warum hab ich egtl. mein Heizger\u00e4t ausgerechnet heute nicht dabei, Hotels im Appennin sind doch immer so eine Sache in der Hinsicht.<\/p>\n<p>Nach einiger Suche doch noch ein brauchbares Hotel um 50,- \u20ac \u00dcF gefunden, wo man bis 0 Uhr ankommen kann, zwischen Genua und Savona. Bei 1h Fahrzeit am Montag Morgen werd ich wohl sogar noch Zeit zum Fr\u00fchst\u00fccken haben.<\/p>\n<p>Noch ein kleines Kuriosum bei der Suche nach einem Hotel in dem Bereich (ist aber nicht das, wo ich morgen \u00fcbernachten werde, englische Beschreibung zum Hotel Idea in Savona):<\/p>\n<blockquote><p><strong>The nearest bus stop is Stalingrad<\/strong> where you can catch bus numbers 4 and 9 to Savona Train Station. <\/p><\/blockquote>\n<p>Auf Deutsch: Die n\u00e4heste (!) Bushaltestelle ist Stalingrad (!) :)<\/p>\n<p>(Es scheint in Savona aber tats\u00e4chlich eine Stalingrad-Stra\u00dfe, Via Stalingrado, zu geben, trotzdem ist das nat\u00fcrlich sehr ulkig geschrieben so.)<\/p>\n<p>Heute Nacht Zeitumstellung, aber wenn ich morgen aufs Fr\u00fchst\u00fcck verzichte, hab ich die 1h wieder drin. Vorsichtshalber das iPhone auf Flugmodus gestellt und Datum auf +1 und Stunde auf +1 gestellt, um auch ja sicher zu gehen, dass die richtige Zeit morgen ist und der Alarm klingelt. Irgendeine iOS-Version hatte da mal ein Problem mit dem Wecker am Tag der Zeitumstellung, und bevor ich ausgerechnet die installiert hab &#8230;<\/p>\n<p>Das Bezahlen am Morgen verlief dann beinahe problemlos (das Kreditkartenleseger\u00e4t hatte keine Verbindug; also musste ich bar zahlen), das Abendessen (Gnocchi, Wasser, Gedeck, und ungefragt eine Scheibe Kuchen) war dann immerhin mit 7,- \u20ac recht g\u00fcnstig. Da ich auf&#8217;s Fr\u00fchst\u00fcck verzichtete, bekam ich immerhin eine Flasche Wasser mit, auch nett. Trotzdem werde ich diesen Albergo kein zweites Mal besuchen.<\/p>\n<p>(Fortsetzung folgt.)<\/p>\n","protected":false},"excerpt":{"rendered":"<p>Ostersamstag, 26.3.2016 &#8211; Nicht-Corno-Nicht-Cimone-Nur-Doganaccia<\/p>\n<p>Nachdem die Lift- und Pistenanzeige im Netz Vollbetrieb angek\u00fcndigt hatte, gings heute zum Corno alle Scale. An der sch\u00f6nen alten und steilen DSB angekommen, wollte ich die Tageskarte kaufen und musste h\u00f6ren, dass meine vor 2 Jahren gekaufte Keycard (wo ich damals schon \u00c4rger gemacht hatte, weil ich mir eine kaufen <a href=\"http:\/\/blog.inmontanis.info\/?p=3804\">[&#8230;]<\/a><\/p>\n","protected":false},"author":1,"featured_media":0,"comment_status":"closed","ping_status":"closed","sticky":false,"template":"","format":"standard","meta":{"footnotes":""},"categories":[152,504,501,235,15,59,27,32],"tags":[52,47],"class_list":["post-3804","post","type-post","status-publish","format-standard","hentry","category-2016-03-italo-tripple","category-cimone","category-corno-alle-scale","category-doganaccia","category-italienitaly","category-nostalgie","category-skifahren-winterskiing-winter","category-lostplaces","tag-pb","tag-sl","odd"],"_links":{"self":[{"href":"http:\/\/blog.inmontanis.info\/index.php?rest_route=\/wp\/v2\/posts\/3804","targetHints":{"allow":["GET"]}}],"collection":[{"href":"http:\/\/blog.inmontanis.info\/index.php?rest_route=\/wp\/v2\/posts"}],"about":[{"href":"http:\/\/blog.inmontanis.info\/index.php?rest_route=\/wp\/v2\/types\/post"}],"author":[{"embeddable":true,"href":"http:\/\/blog.inmontanis.info\/index.php?rest_route=\/wp\/v2\/users\/1"}],"replies":[{"embeddable":true,"href":"http:\/\/blog.inmontanis.info\/index.php?rest_route=%2Fwp%2Fv2%2Fcomments&post=3804"}],"version-history":[{"count":3,"href":"http:\/\/blog.inmontanis.info\/index.php?rest_route=\/wp\/v2\/posts\/3804\/revisions"}],"predecessor-version":[{"id":5007,"href":"http:\/\/blog.inmontanis.info\/index.php?rest_route=\/wp\/v2\/posts\/3804\/revisions\/5007"}],"wp:attachment":[{"href":"http:\/\/blog.inmontanis.info\/index.php?rest_route=%2Fwp%2Fv2%2Fmedia&parent=3804"}],"wp:term":[{"taxonomy":"category","embeddable":true,"href":"http:\/\/blog.inmontanis.info\/index.php?rest_route=%2Fwp%2Fv2%2Fcategories&post=3804"},{"taxonomy":"post_tag","embeddable":true,"href":"http:\/\/blog.inmontanis.info\/index.php?rest_route=%2Fwp%2Fv2%2Ftags&post=3804"}],"curies":[{"name":"wp","href":"https:\/\/api.w.org\/{rel}","templated":true}]}}