{"id":3801,"date":"2016-03-25T18:12:08","date_gmt":"2016-03-25T17:12:08","guid":{"rendered":"http:\/\/blog.inmontanis.info\/?p=3801"},"modified":"2023-08-03T22:04:48","modified_gmt":"2023-08-03T20:04:48","slug":"febbio-25-3-2016","status":"publish","type":"post","link":"http:\/\/blog.inmontanis.info\/?p=3801","title":{"rendered":"Febbio, 25.3.2016"},"content":{"rendered":"<p><strong>Karfreitag, 25.3.2016 &#8211; Febbio<\/strong><\/p>\n<p>Nach 3 Tage Arbeiten hab ich mir Karfreitag nochmal Urlaub genommen, um ein letztes und drittes Mal in Folge ein verl\u00e4ngertes Wochenende in Italien zu verbringen. <\/p>\n<p>Nachdem der Appennino ja etwas schneller zu erreichen ist als die S\u00fcdalpen, konnte ich diesmal etwas l\u00e4nger schlafen. Um 4 Uhr stand ich auf, um 4:30 kam ich los. Am Brenner noch die Jahresmaut gekauft und bis Modena auf italienischer Seite 22,40 \u20ac Maut abdr\u00fccken m\u00fcssen, gegen 9:45 Uhr war ich dann in Febbio, die \u00fcber Ostern von Freitag bis Montag ge\u00f6ffnet haben. (Lt. Pistenplan haben sie \u00fcbrigens auch generell unter der Woche ge\u00f6ffnet, wenn sich gen\u00fcgend Keycard-Besitzer \u00fcbers Internet anmelden!) <\/p>\n<p>Parkplatz kostet neuerdings 2,- \u20ac und es war leider sehr wenig los. H\u00e4tte den Betreibern ein paar Leute mehr heute gew\u00fcnscht&#8230; Die Tageskarte kostet 20,- + 5,- \u20ac Kaution f\u00fcr die Keycard, in Betrieb waren &#8211; bis auf die F\u00f6rderb\u00e4nder &#8211; alle Lifte, d.h. die 3SB Sektion 1 und die DSB Sektion 2.<\/p>\n<p>Febbio war ja bald nach meinem Besuch (2008) einige Jahre geschlossen, wobei glaub ich einige Seasons lang nur die 3SB ge\u00f6ffnet war. Seit vorletztem Sommer sind sie wieder mit beiden Sesselliften offen, daher war ich ja vorletztes Jahr im Herbst kurz dort gewesen. Letzten Winter hatte es bei mir leider nicht geklappt, aber heuer sollte es unbedingt so sein.<\/p>\n<p>Ich war mir etwas unsicher, ob ich&#8217;s hier einen Tag aushalten w\u00fcrde, die DSB hat ja offiziell nur eine Abfahrt. Aber offpiste war&#8217;s gro\u00dfteils auch ganz ok (firnig-weich) und insb. die rechten Abfahrten an der 3SB waren auch ganz nett, bzw. firnig-weich auch die anderen und somit nett. F\u00fcr eine gem\u00fctliche Runde mit beiden Sesselbahnen braucht man &#8211; je nach Offpisteverh\u00e4ltnissen und Fotostopps &#8211; 40-55 Minuten, wobei 20-25 Minuten f\u00fcr die Bergfahrt (inkl. des kurzen Schiebe-Verbindungswegs) draufgehen, was ca. 3 km und 900 hm sind. Somit schafft man am Tag eh nur 8-10 Runden und kann es somit problemlos aushalten. Weil es ja auch noch etliche Liftreste und aufgelassene Abfahrtsst\u00fccke usw. gibt, die man erkunden kann :)<\/p>\n<p>Nur das Pano, das war heute leider inexistent. Kein Meer, kein Korsika, keine Po-Ebene und keine Alpen. Schade.<\/p>\n<p>(Fotos anklicken zum Vergr\u00f6\u00dfern)<\/p>\n<p><a href='http:\/\/extra.inmontanis.info\/d\/34796-2\/ge201603route2.jpg'><img src=http:\/\/extra.inmontanis.info\/d\/34795-3\/ge201603route2.jpg \/><\/a><br \/>\n^ Meine 3 verl\u00e4ngerten Italien-Wochenenden (\u00e0 4 Tage) im M\u00e4rz 2016 (mit kleinem Frankreich-Abstecher)<br \/>\nT\u00fcrkis: Oster-WE 25.3.-28.3.2016<br \/>\nM) Febbio<\/p>\n<p><a href='http:\/\/extra.inmontanis.info\/d\/34920-2\/DSC02799.jpg'><img src=http:\/\/extra.inmontanis.info\/d\/34919-3\/DSC02799.jpg \/><\/a><br \/>\n^ Zwischen Alpen und Appennin<\/p>\n<p><a href='http:\/\/ski.inmontanis.info\/d\/214251-2\/DSC02808.jpg'><img src=http:\/\/ski.inmontanis.info\/d\/214250-3\/DSC02808.jpg \/><\/a><br \/>\n^ Blick aufs Skigebiet Febbio von der Zufahrt her<\/p>\n<p><a href='http:\/\/ski.inmontanis.info\/d\/214255-2\/DSC02809.jpg'><img src=http:\/\/ski.inmontanis.info\/d\/214254-3\/DSC02809.jpg \/><\/a><br \/>\n^ Parkpl\u00e4tze kosten neuerdings etwas &#8211; zumindest der gro\u00dfe. Und zumindest steht einer rum und sammelt daf\u00fcr Geld. Ob er jetzt wirklich die Befugnis daf\u00fcr hat oder nicht, wei\u00df man in Italien genauso wenig wie in Russland, im Prinzip steht halt ein Rentner an der Einfahrt zum Parkplatz auf der Stra\u00dfe &#8211; k\u00f6nnte man bei uns auch mal probieren ;-)<\/p>\n<p><a href='http:\/\/ski.inmontanis.info\/d\/214259-2\/DSC02967.jpg'><img src=http:\/\/ski.inmontanis.info\/d\/214258-3\/DSC02967.jpg \/><\/a><br \/>\n^ Pistenplan und Skipass (Keycard, Kaution)<\/p>\n<p><a href='http:\/\/ski.inmontanis.info\/d\/214263-2\/ge20160325a.jpg'><img src=http:\/\/ski.inmontanis.info\/d\/214262-3\/ge20160325a.jpg \/><\/a><br \/>\n^ GPS-Track 25.3.2016. Der unterste rechte Abfahrtsteil fehlt mittlerweile im Plan. Oben etliche Offpiste-Varianten gefahren. Rot die ehemaligen Lifte. In Summe also genug Abwechslung f\u00fcr einen Tag. Und das Gel\u00e4nde rechts der DSB bin ich noch gar nicht gefahren.<\/p>\n<p><a href='http:\/\/ski.inmontanis.info\/d\/214267-2\/DSC02810.jpg'><img src=http:\/\/ski.inmontanis.info\/d\/214266-3\/DSC02810.jpg \/><\/a><br \/>\n^ Talstation 3SB und Talabfahrt<\/p>\n<p><a href='http:\/\/ski.inmontanis.info\/d\/214271-2\/DSC02813.jpg'><img src=http:\/\/ski.inmontanis.info\/d\/214270-3\/DSC02813.jpg \/><\/a><br \/>\n^ 3SB und Abfahrt 3<\/p>\n<p><a href='http:\/\/ski.inmontanis.info\/d\/214275-2\/DSC02814.jpg'><img src=http:\/\/ski.inmontanis.info\/d\/214274-3\/DSC02814.jpg \/><\/a><br \/>\n^ 3SB und Abfahrt 3<\/p>\n<p><a href='http:\/\/ski.inmontanis.info\/d\/214279-2\/DSC02815.jpg'><img src=http:\/\/ski.inmontanis.info\/d\/214278-3\/DSC02815.jpg \/><\/a><br \/>\n^ Talstation Graffer-DSB 2000<\/p>\n<p><a href='http:\/\/ski.inmontanis.info\/d\/214283-2\/DSC02817.jpg'><img src=http:\/\/ski.inmontanis.info\/d\/214282-3\/DSC02817.jpg \/><\/a><br \/>\n^ .. bei diesem Sessel sollte man heute besser nicht zusteigen wollen :-)<\/p>\n<p><a href='http:\/\/ski.inmontanis.info\/d\/214287-2\/DSC02818.jpg'><img src=http:\/\/ski.inmontanis.info\/d\/214286-3\/DSC02818.jpg \/><\/a><br \/>\n^ 3SB-DSB<\/p>\n<p><a href='http:\/\/ski.inmontanis.info\/d\/214291-2\/DSC02820.jpg'><img src=http:\/\/ski.inmontanis.info\/d\/214290-3\/DSC02820.jpg \/><\/a><br \/>\n^ Graffer-DSB unterer Teil<\/p>\n<p><a href='http:\/\/ski.inmontanis.info\/d\/214295-2\/DSC02822.jpg'><img src=http:\/\/ski.inmontanis.info\/d\/214294-3\/DSC02822.jpg \/><\/a><br \/>\n^ DSB-Abfahrt und Gel\u00e4nde links der DSB<\/p>\n<p><a href='http:\/\/ski.inmontanis.info\/d\/214299-2\/DSC02824.jpg'><img src=http:\/\/ski.inmontanis.info\/d\/214298-3\/DSC02824.jpg \/><\/a><br \/>\n^ Graffer-DSB, mittlerer Teil<\/p>\n<p><a href='http:\/\/ski.inmontanis.info\/d\/214303-2\/DSC02829.jpg'><img src=http:\/\/ski.inmontanis.info\/d\/214302-3\/DSC02829.jpg \/><\/a><br \/>\n^ Gel\u00e4nde rechts der Graffer-DSB, fuhr heute glaub ich keiner oder kaum einer &#8211; ich vorsichtshalber auch nicht, da ich im unteren Teil irgendwo einen Graben erahnte, bei dem ich nicht wusste, ob und wie man den gut queren k\u00f6nnte.<\/p>\n<p><a href='http:\/\/ski.inmontanis.info\/d\/214307-2\/DSC02831.jpg'><img src=http:\/\/ski.inmontanis.info\/d\/214306-3\/DSC02831.jpg \/><\/a><br \/>\n^ Graffer-DSB, oberer Teil mit Abfahrt<\/p>\n<p><a href='http:\/\/ski.inmontanis.info\/d\/214311-2\/DSC02833.jpg'><img src=http:\/\/ski.inmontanis.info\/d\/214310-3\/DSC02833.jpg \/><\/a><br \/>\n^ Verkrustete DSB-St\u00fctzen<\/p>\n<p><a href='http:\/\/ski.inmontanis.info\/d\/214315-2\/DSC02841.jpg'><img src=http:\/\/ski.inmontanis.info\/d\/214314-3\/DSC02841.jpg \/><\/a><br \/>\n^ R\u00fcckseitenpano. Sichtweite zu gering, kein Blick aufs Meer oder Korsika heute.<\/p>\n<p><a href='http:\/\/ski.inmontanis.info\/d\/214319-2\/DSC02574.jpg'><img src=http:\/\/ski.inmontanis.info\/d\/214318-3\/DSC02574.jpg \/><\/a><br \/>\n^ R\u00fcckseitenpano in IR, aber selbst mit IR komm ich bei der Sicht heute nicht bis zum Meer.<\/p>\n<p><a href='http:\/\/ski.inmontanis.info\/d\/214323-2\/DSC02842.jpg'><img src=http:\/\/ski.inmontanis.info\/d\/214322-3\/DSC02842.jpg \/><\/a><br \/>\n^ Bergstation. Sand liegt in der Luft.<\/p>\n<p><a href='http:\/\/ski.inmontanis.info\/d\/214327-2\/DSC02844.jpg'><img src=http:\/\/ski.inmontanis.info\/d\/214326-3\/DSC02844.jpg \/><\/a><br \/>\n^ Bergstation, etwas verkrustet. <\/p>\n<p><a href='http:\/\/ski.inmontanis.info\/d\/214331-2\/DSC02845.jpg'><img src=http:\/\/ski.inmontanis.info\/d\/214330-3\/DSC02845.jpg \/><\/a><br \/>\n^ Frontseiten-Pano. Vormittags konnte man noch nicht mal bis zum Cimone sehen &#8230;<\/p>\n<p><a href='http:\/\/ski.inmontanis.info\/d\/214335-2\/DSC02846.jpg'><img src=http:\/\/ski.inmontanis.info\/d\/214334-3\/DSC02846.jpg \/><\/a><br \/>\n^ Auch richtung Alpen konnte man nicht sehr weit sehen. Abfahrt an der DSB<\/p>\n<p><a href='http:\/\/ski.inmontanis.info\/d\/214339-2\/DSC02847.jpg'><img src=http:\/\/ski.inmontanis.info\/d\/214338-3\/DSC02847.jpg \/><\/a><br \/>\n^ DSB-Abfahrt, unten die Abfahrten der 3SB<\/p>\n<p><a href='http:\/\/ski.inmontanis.info\/d\/214343-2\/DSC02582.jpg'><img src=http:\/\/ski.inmontanis.info\/d\/214342-3\/DSC02582.jpg \/><\/a><br \/>\n^ IR-Pano<\/p>\n<p><a href='http:\/\/ski.inmontanis.info\/d\/214347-2\/DSC02850.jpg'><img src=http:\/\/ski.inmontanis.info\/d\/214346-3\/DSC02850.jpg \/><\/a><br \/>\n^ Abfahrt 4 bzw. in Verl\u00e4ngerung 3<\/p>\n<p><a href='http:\/\/ski.inmontanis.info\/d\/214351-2\/DSC02851.jpg'><img src=http:\/\/ski.inmontanis.info\/d\/214350-3\/DSC02851.jpg \/><\/a><br \/>\n^ Abfahrt 3 (links) und 4 (rechts), sowie links die ehemalige Schneise der 2. SL-Sektion (au\u00dfer es w\u00e4re ein Kurven-SL gewesen)<\/p>\n<p><a href='http:\/\/ski.inmontanis.info\/d\/214355-2\/DSC02852.jpg'><img src=http:\/\/ski.inmontanis.info\/d\/214354-3\/DSC02852.jpg \/><\/a><br \/>\n^ Abfahrt 4 an der 3SB, fand ich recht nett.<\/p>\n<p><a href='http:\/\/ski.inmontanis.info\/d\/214359-2\/DSC02858.jpg'><img src=http:\/\/ski.inmontanis.info\/d\/214358-3\/DSC02858.jpg \/><\/a><br \/>\n^ Ex-SL rechts der 3SB<\/p>\n<p><a href='http:\/\/ski.inmontanis.info\/d\/214363-2\/DSC02859.jpg'><img src=http:\/\/ski.inmontanis.info\/d\/214362-3\/DSC02859.jpg \/><\/a><br \/>\n^ Ex-SL rechts der 3SB (gr\u00fcne St\u00fctze der 3SB rechts im Bild). Oben hatte der SL  ja Portalst\u00fctzen (die noch stehen), unten hatte er auch irgendwann schr\u00e4g-T-St\u00fctzen. Gut m\u00f6glich also, dass die 2. SL-Generation nur bis hier rauf ging. Rechts quert man die 3SB, hier w\u00e4re eine Mittelstation sehr nett, den bis hier sind die Abfahrten toll, danach sehr flach.<\/p>\n<p><a href='http:\/\/ski.inmontanis.info\/d\/214367-2\/DSC02861.jpg'><img src=http:\/\/ski.inmontanis.info\/d\/214366-3\/DSC02861.jpg \/><\/a><br \/>\n^ Abfahrt 4 im unteren Teil, wg. Schneemangels gesperrt&#8230;<\/p>\n<p><a href='http:\/\/ski.inmontanis.info\/d\/214371-2\/DSC02862.jpg'><img src=http:\/\/ski.inmontanis.info\/d\/214370-3\/DSC02862.jpg \/><\/a><br \/>\n^ .. genau wg. diesem schneelosen Querweg. (Abfahrt 4 Querung zur Abfahrt 2)<\/p>\n<p><a href='http:\/\/ski.inmontanis.info\/d\/214375-2\/DSC02863.jpg'><img src=http:\/\/ski.inmontanis.info\/d\/214374-3\/DSC02863.jpg \/><\/a><br \/>\n^ Die Talabfahrt hatte heute gerade so den Tag \u00fcber bis zur 3SB-Talstation gereicht. Die F\u00f6rderb\u00e4nder drunter waren nicht mehr in Betrieb.<\/p>\n<p><a href='http:\/\/ski.inmontanis.info\/d\/214379-2\/DSC02866.jpg'><img src=http:\/\/ski.inmontanis.info\/d\/214378-3\/DSC02866.jpg \/><\/a><br \/>\n^ Graffer-DSB Talstation<\/p>\n<p><a href='http:\/\/ski.inmontanis.info\/d\/214383-2\/DSC02873.jpg'><img src=http:\/\/ski.inmontanis.info\/d\/214382-3\/DSC02873.jpg \/><\/a><br \/>\n^ Gel\u00e4nde rechts der Graffer-DSB. Schnee war in dieser Hangrichtung auch nicht sooo toll (je s\u00fcdlicher, desto besser), au\u00dferdem wusste ich nicht, ob man unten nicht einen bl\u00f6den Graben \u00fcberwinden m\u00fcsste&#8230;<\/p>\n<p><a href='http:\/\/ski.inmontanis.info\/d\/214387-2\/DSC02877.jpg'><img src=http:\/\/ski.inmontanis.info\/d\/214386-3\/DSC02877.jpg \/><\/a><br \/>\n^ DSB, Abfahrt und leider nicht sehr weitreichendes Pano heute<\/p>\n<p><a href='http:\/\/ski.inmontanis.info\/d\/214391-2\/DSC02878.jpg'><img src=http:\/\/ski.inmontanis.info\/d\/214390-3\/DSC02878.jpg \/><\/a><br \/>\n^ Das steile Gel\u00e4nde links der DSB, je s\u00fcdlicher die Hangausrichtung, desto firniger. Bin ich ausgiebig gefahren.<\/p>\n<p><a href='http:\/\/ski.inmontanis.info\/d\/214395-2\/DSC02879.jpg'><img src=http:\/\/ski.inmontanis.info\/d\/214394-3\/DSC02879.jpg \/><\/a><br \/>\n^ Gel\u00e4nde links der DSB<\/p>\n<p><a href='http:\/\/ski.inmontanis.info\/d\/214399-2\/DSC02881.jpg'><img src=http:\/\/ski.inmontanis.info\/d\/214398-3\/DSC02881.jpg \/><\/a><br \/>\n^ 3SB-Bergstation und Offpiste-Hang dar\u00fcber. Schnee etwas schwer, aber fahrbar.<\/p>\n<p><a href='http:\/\/ski.inmontanis.info\/d\/214403-2\/DSC02886.jpg'><img src=http:\/\/ski.inmontanis.info\/d\/214402-3\/DSC02886.jpg \/><\/a><br \/>\n^ Ex-Nascivera-DSB Bergstation<\/p>\n<p><a href='http:\/\/ski.inmontanis.info\/d\/214407-2\/DSC02888.jpg'><img src=http:\/\/ski.inmontanis.info\/d\/214406-3\/DSC02888.jpg \/><\/a><br \/>\n^ Ex-Nascivera-DSB<\/p>\n<p><a href='http:\/\/ski.inmontanis.info\/d\/214411-2\/DSC02890.jpg'><img src=http:\/\/ski.inmontanis.info\/d\/214410-3\/DSC02890.jpg \/><\/a><br \/>\n^ Ex-Nascivera-DSB. War egtl. nur kurz zum Pinkeln am Rand der ehemaligen Abfahrt (dzt. Offpiste, Abfahrt 6 lt. Plan), dann hab ich die St\u00fctze gesehen und bin somit die Trasse weiter runter gefahren :)<\/p>\n<p><a href='http:\/\/ski.inmontanis.info\/d\/214415-2\/DSC02891.jpg'><img src=http:\/\/ski.inmontanis.info\/d\/214414-3\/DSC02891.jpg \/><\/a><br \/>\n^ Ex-Nascivera-DSB<\/p>\n<p><a href='http:\/\/ski.inmontanis.info\/d\/214419-2\/DSC02892.jpg'><img src=http:\/\/ski.inmontanis.info\/d\/214418-3\/DSC02892.jpg \/><\/a><br \/>\n^ Ex-Nascivera-DSB und Ex-Nascivera-\u00dcbungs-SL<\/p>\n<p><a href='http:\/\/ski.inmontanis.info\/d\/214423-2\/DSC02894.jpg'><img src=http:\/\/ski.inmontanis.info\/d\/214422-3\/DSC02894.jpg \/><\/a><br \/>\n^ Ex-Nascivera-DSB<\/p>\n<p><a href='http:\/\/ski.inmontanis.info\/d\/214427-2\/DSC02895.jpg'><img src=http:\/\/ski.inmontanis.info\/d\/214426-3\/DSC02895.jpg \/><\/a><br \/>\n^ Ex-Nascivera-\u00dcbungs-SL<\/p>\n<p><a href='http:\/\/ski.inmontanis.info\/d\/214431-2\/DSC02896.jpg'><img src=http:\/\/ski.inmontanis.info\/d\/214430-3\/DSC02896.jpg \/><\/a><br \/>\n^ Ex-Nascivera-DSB und Ex-Nascivera-\u00dcbungs-SL<\/p>\n<p><a href='http:\/\/ski.inmontanis.info\/d\/214435-2\/DSC02897.jpg'><img src=http:\/\/ski.inmontanis.info\/d\/214434-3\/DSC02897.jpg \/><\/a><br \/>\n^ Ex-Nascivera-SL<\/p>\n<p><a href='http:\/\/ski.inmontanis.info\/d\/214439-2\/DSC02899.jpg'><img src=http:\/\/ski.inmontanis.info\/d\/214438-3\/DSC02899.jpg \/><\/a><br \/>\n^ Ex-Nascivera-SL<\/p>\n<p><a href='http:\/\/ski.inmontanis.info\/d\/214443-2\/DSC02901.jpg'><img src=http:\/\/ski.inmontanis.info\/d\/214442-3\/DSC02901.jpg \/><\/a><br \/>\n^ Ex-Nascivera-\u00dcbungs-SL. Auch die Trasse bin ich dann runter gefahren.<\/p>\n<p><a href='http:\/\/ski.inmontanis.info\/d\/214447-2\/DSC02903.jpg'><img src=http:\/\/ski.inmontanis.info\/d\/214446-3\/DSC02903.jpg \/><\/a><br \/>\n^ Ex-Nascivera-\u00dcbungs-SL<\/p>\n<p><a href='http:\/\/ski.inmontanis.info\/d\/214451-2\/DSC02906.jpg'><img src=http:\/\/ski.inmontanis.info\/d\/214450-3\/DSC02906.jpg \/><\/a><br \/>\n^ Talstation Ex-Nascivera-\u00dcbungs-SL. Nur dieses kurze Abfahrtst\u00fcck f\u00e4llt aktuell weg, also von dem her verschmerzbar.<\/p>\n<p><a href='http:\/\/ski.inmontanis.info\/d\/214455-2\/DSC02910.jpg'><img src=http:\/\/ski.inmontanis.info\/d\/214454-3\/DSC02910.jpg \/><\/a><br \/>\n^ Offpiste links der DSB. Teilweise gut steil, teilweise nett firnig. Halo gab&#8217;s auch.<\/p>\n<p><a href='http:\/\/ski.inmontanis.info\/d\/214459-2\/DSC02911.jpg'><img src=http:\/\/ski.inmontanis.info\/d\/214458-3\/DSC02911.jpg \/><\/a><br \/>\n^ Offpiste links der DSB. Teilweise gut steil, teilweise nett firnig. Glaub ich bin hier mal inks, mittig und rechts gefahren.<\/p>\n<p><a href='http:\/\/ski.inmontanis.info\/d\/214463-2\/DSC02913.jpg'><img src=http:\/\/ski.inmontanis.info\/d\/214462-3\/DSC02913.jpg \/><\/a><br \/>\n^ Genau solche oder schlimmere  Gr\u00e4ben hab ich auf der R\u00fcckkehr vom rechten DSB-Gel\u00e4nde bef\u00fcrchtet. Hier auf einem der aufgelassenen Zwischenst\u00fccke zwischen der Abfahrt 3 und 4 rechts der 3SB. Schaut auf dem Bild aber wesentlich unproblematischer aus, als wenn man direkt davor steht.<\/p>\n<p><a href='http:\/\/ski.inmontanis.info\/d\/214467-2\/DSC02914.jpg'><img src=http:\/\/ski.inmontanis.info\/d\/214466-3\/DSC02914.jpg \/><\/a><br \/>\n^ Abfahrt 4 (links) &#8211; Abfahrt 3 (rechts) und Ex-SL-Trasse dazwischen<\/p>\n<p><a href='http:\/\/ski.inmontanis.info\/d\/214471-2\/DSC02918.jpg'><img src=http:\/\/ski.inmontanis.info\/d\/214470-3\/DSC02918.jpg \/><\/a><br \/>\n^ Altes Pistenschild, typisch italienisch<\/p>\n<p><a href='http:\/\/ski.inmontanis.info\/d\/214475-2\/DSC02919.jpg'><img src=http:\/\/ski.inmontanis.info\/d\/214474-3\/DSC02919.jpg \/><\/a><br \/>\n^ Ex-SL rechts der 3SB (auch Nascivera). Die Trasse schaut auch etwas mitgenommen aus.<\/p>\n<p><a href='http:\/\/ski.inmontanis.info\/d\/214479-2\/DSC02921.jpg'><img src=http:\/\/ski.inmontanis.info\/d\/214478-3\/DSC02921.jpg \/><\/a><br \/>\n^ Ex-SL rechts der 3SB<\/p>\n<p><a href='http:\/\/ski.inmontanis.info\/d\/214483-2\/DSC02922.jpg'><img src=http:\/\/ski.inmontanis.info\/d\/214482-3\/DSC02922.jpg \/><\/a><br \/>\n^ Ex-SL rechts der 3SB. Ob diese Felsen wohl erst nach der Betriebseinstellung hier abgeladen wurden?<\/p>\n<p><a href='http:\/\/ski.inmontanis.info\/d\/214487-2\/DSC02923.jpg'><img src=http:\/\/ski.inmontanis.info\/d\/214486-3\/DSC02923.jpg \/><\/a><br \/>\n^ Ex-SL rechts der 3SB. Was hier nicht alles in der SL-Trasse entsorgt wurde .. :)<\/p>\n<p><a href='http:\/\/ski.inmontanis.info\/d\/214491-2\/DSC02926.jpg'><img src=http:\/\/ski.inmontanis.info\/d\/214490-3\/DSC02926.jpg \/><\/a><br \/>\n^ Graffer-Krusten-St\u00fctzen<\/p>\n<p><a href='http:\/\/ski.inmontanis.info\/d\/214495-2\/DSC02928.jpg'><img src=http:\/\/ski.inmontanis.info\/d\/214494-3\/DSC02928.jpg \/><\/a><br \/>\n^ Offpiste links der DSB mit Blick zur Abfahrt<\/p>\n<p><a href='http:\/\/ski.inmontanis.info\/d\/214499-2\/DSC02929.jpg'><img src=http:\/\/ski.inmontanis.info\/d\/214498-3\/DSC02929.jpg \/><\/a><br \/>\n^ Teilweise ungew\u00f6hnliche Schneeverh\u00e4ltnisse offpiste: Lange Eiskristalle. Interessantes Ger\u00e4usch, interessantes Gef\u00fchl.<\/p>\n<p><a href='http:\/\/ski.inmontanis.info\/d\/214503-2\/DSC02930.jpg'><img src=http:\/\/ski.inmontanis.info\/d\/214502-3\/DSC02930.jpg \/><\/a><br \/>\n^ Blick zur Abfahrt an der Graffer-DSB, sowie die Bergstation bzw. der ganzen Strecke der Ex-Nascivera-DSB und deren erste Sektion (links daneben richtung 3SB auf der Abfahrt, nicht die Strom-Schneise rechts daneben)<\/p>\n<p><a href='http:\/\/ski.inmontanis.info\/d\/214507-2\/DSC02931.jpg'><img src=http:\/\/ski.inmontanis.info\/d\/214506-3\/DSC02931.jpg \/><\/a><br \/>\n^ Offpiste an der DSB<\/p>\n<p><a href='http:\/\/ski.inmontanis.info\/d\/214511-2\/DSC02932.jpg'><img src=http:\/\/ski.inmontanis.info\/d\/214510-3\/DSC02932.jpg \/><\/a><br \/>\n^ Gel\u00e4nde links der DSB mit Abfahrt<\/p>\n<p><a href='http:\/\/ski.inmontanis.info\/d\/214515-2\/DSC02934.jpg'><img src=http:\/\/ski.inmontanis.info\/d\/214514-3\/DSC02934.jpg \/><\/a><br \/>\n^ Gel\u00e4nde links der DSB mit Abfahrt<\/p>\n<p><a href='http:\/\/ski.inmontanis.info\/d\/214519-2\/DSC02935.jpg'><img src=http:\/\/ski.inmontanis.info\/d\/214518-3\/DSC02935.jpg \/><\/a><br \/>\n^ Steiles Gel\u00e4nde links der DSB (der Steilhang links der Bildmitte war lecker firnig) und vorne rechts die Ex-Nascivera-DSB<\/p>\n<p><a href='http:\/\/ski.inmontanis.info\/d\/214523-2\/DSC02936.jpg'><img src=http:\/\/ski.inmontanis.info\/d\/214522-3\/DSC02936.jpg \/><\/a><br \/>\n^ Ex-Nascivera-DSB-Strecke, sowie SL (im Wald) und Abfahrt 6, derzeit aber noch unpr\u00e4pariert und hohe Str\u00e4ucher)<\/p>\n<p><a href='http:\/\/ski.inmontanis.info\/d\/214527-2\/DSC02937.jpg'><img src=http:\/\/ski.inmontanis.info\/d\/214526-3\/DSC02937.jpg \/><\/a><br \/>\n^ Rechts die Talstation der Ex-Nascivera-DSB und links die Bergstation der 1. Sektion, schaut auch nach Nascivera aus (DSB oder ESL)<\/p>\n<p><a href='http:\/\/ski.inmontanis.info\/d\/214531-2\/DSC02938.jpg'><img src=http:\/\/ski.inmontanis.info\/d\/214530-3\/DSC02938.jpg \/><\/a><br \/>\n^ Ex-Nascivera-DSB Spinnenstation<\/p>\n<p><a href='http:\/\/ski.inmontanis.info\/d\/214535-2\/DSC02939.jpg'><img src=http:\/\/ski.inmontanis.info\/d\/214534-3\/DSC02939.jpg \/><\/a><br \/>\n^ Ex-Nascivera-DSB<\/p>\n<p><a href='http:\/\/ski.inmontanis.info\/d\/214539-2\/DSC02940.jpg'><img src=http:\/\/ski.inmontanis.info\/d\/214538-3\/DSC02940.jpg \/><\/a><br \/>\n^ Ex-Nascivera-DSB. Raumschiff :)<\/p>\n<p><a href='http:\/\/ski.inmontanis.info\/d\/214543-2\/DSC02942.jpg'><img src=http:\/\/ski.inmontanis.info\/d\/214542-3\/DSC02942.jpg \/><\/a><br \/>\n^ Ex-Nascivera-DSB<\/p>\n<p><a href='http:\/\/ski.inmontanis.info\/d\/214547-2\/DSC02943.jpg'><img src=http:\/\/ski.inmontanis.info\/d\/214546-3\/DSC02943.jpg \/><\/a><br \/>\n^ Ex-Nascivera-DSB<\/p>\n<p><a href='http:\/\/ski.inmontanis.info\/d\/214551-2\/DSC02944.jpg'><img src=http:\/\/ski.inmontanis.info\/d\/214550-3\/DSC02944.jpg \/><\/a><br \/>\n^ Sesselfriedhof<\/p>\n<p><a href='http:\/\/ski.inmontanis.info\/d\/214555-2\/DSC02945.jpg'><img src=http:\/\/ski.inmontanis.info\/d\/214554-3\/DSC02945.jpg \/><\/a><br \/>\n^ Ex-Nascivera-DSB und Abfahrt 6. Hach, was w\u00e4re ein italienisches Skigebiet ohne stillgelegte, halbverfallene Lifte.  (Jedenfalls ein sch\u00f6nes St\u00fcck langweiliger)<\/p>\n<p><a href='http:\/\/ski.inmontanis.info\/d\/214559-2\/DSC02946.jpg'><img src=http:\/\/ski.inmontanis.info\/d\/214558-3\/DSC02946.jpg \/><\/a><br \/>\n^ Neben bzw. unter der Ex-DSB-Talstation gibt&#8217;s auch noch ein Ex?-Rifugio.<\/p>\n<p>Wobei, dem Pistenplan nach w\u00e4re es eigentlich noch ge\u00f6ffnet. Vielleicht hatten die also nur schon Saisonschluss oder heute am Freitag geschlossen.<\/p>\n<p><a href='http:\/\/ski.inmontanis.info\/d\/214563-2\/DSC02947.jpg'><img src=http:\/\/ski.inmontanis.info\/d\/214562-3\/DSC02947.jpg \/><\/a><br \/>\n^ Ex?-Rifugio unter der Ex-Nascivera-DSB. Ach, und vielleicht ist das auch noch eine Ex-Pistenraupe ;-)<\/p>\n<p><a href='http:\/\/ski.inmontanis.info\/d\/214567-2\/DSC02948.jpg'><img src=http:\/\/ski.inmontanis.info\/d\/214566-3\/DSC02948.jpg \/><\/a><br \/>\n^ Ex-Sektion 1 (schaut nach Nascivera-DSB oder -ESL aus)<\/p>\n<p><a href='http:\/\/ski.inmontanis.info\/d\/214571-2\/DSC02953.jpg'><img src=http:\/\/ski.inmontanis.info\/d\/214570-3\/DSC02953.jpg \/><\/a><br \/>\n^ Gel\u00e4nde und Abfahrt links der DSB.<\/p>\n<p><a href='http:\/\/ski.inmontanis.info\/d\/214575-2\/DSC02956.jpg'><img src=http:\/\/ski.inmontanis.info\/d\/214574-3\/DSC02956.jpg \/><\/a><br \/>\n^ Abfahrt an der DSB 2000 mit Blick zum Cimone<\/p>\n<p><a href='http:\/\/ski.inmontanis.info\/d\/214579-2\/DSC02957.jpg'><img src=http:\/\/ski.inmontanis.info\/d\/214578-3\/DSC02957.jpg \/><\/a><br \/>\n^ Abfahrt 6 an der Ex-Nascivera-DSB mit Blick zu deren Tal- bzw. Mittelstation.<\/p>\n<p><a href='http:\/\/ski.inmontanis.info\/d\/214583-2\/DSC02959.jpg'><img src=http:\/\/ski.inmontanis.info\/d\/214582-3\/DSC02959.jpg \/><\/a><br \/>\n^ Leitner-3SB und Graffer-DSB 2000, mehr ist hier nicht mehr ge\u00f6ffnet, aber damit kann man alles fahren. M\u00f6ge uns das Skigebiet in diesem Ausbauzustand noch einige Jahre erhalten bleiben!<\/p>\n<p><a href='http:\/\/ski.inmontanis.info\/d\/214587-2\/DSC02960.jpg'><img src=http:\/\/ski.inmontanis.info\/d\/214586-3\/DSC02960.jpg \/><\/a><br \/>\n^ Talabfahrt 2, toller Firn und &#8211; obwohl noch ge\u00f6ffnet &#8211; im Restschnee-Modus, somit heute wesentlich sch\u00f6ner ;)<\/p>\n<p><a href='http:\/\/ski.inmontanis.info\/d\/214591-2\/DSC02961.jpg'><img src=http:\/\/ski.inmontanis.info\/d\/214590-3\/DSC02961.jpg \/><\/a><br \/>\n^ Talabfahrt 2<\/p>\n<p><a href='http:\/\/ski.inmontanis.info\/d\/214595-2\/DSC02962.jpg'><img src=http:\/\/ski.inmontanis.info\/d\/214594-3\/DSC02962.jpg \/><\/a><br \/>\n^ Talstation 3SB, F\u00f6rderb\u00e4nder und die Abfahrt zur 3SB, der Schnee hat heute gerade so den Tag \u00fcberstanden&#8230;<\/p>\n<p><a href='http:\/\/ski.inmontanis.info\/d\/214599-2\/DSC02965.jpg'><img src=http:\/\/ski.inmontanis.info\/d\/214598-3\/DSC02965.jpg \/><\/a><br \/>\n^ Unterer Teil der rechten Abfahrt 4 (im Plan gar nicht mehr eingezeichnet)<\/p>\n<p><a href='http:\/\/ski.inmontanis.info\/d\/214603-2\/DSC02969.jpg'><img src=http:\/\/ski.inmontanis.info\/d\/214602-3\/DSC02969.jpg \/><\/a><br \/>\n^ G\u00e4hnende Leere am Parkplatz. Wobei ich ernsthaft nicht fahren w\u00fcrde, wenn der Parkplatz voll w\u00e4re, so gro\u00df wie der ist ;)<\/p>\n<p>Noch am Parkplatz (prinzipiell leider etwas unterhalb der Station) h\u00f6rte man die laute Musik vom Talstationsbereich, so Richtung Lounge\/Jazz, war irgendwie ganz angenehm, obwohl ich nicht gerade Fan dieser Musikstile bin. Aber hier vom Lautsprecher dr\u00f6hnend angenehmer als irgendwas anderes.<\/p>\n<p>Short-Clip DSB mit besagter Beschallung zum Schluss:<br \/>\n<object style=\"height: 500px; width: 900px\"><param name=\"movie\" value=\"http:\/\/www.youtube.com\/v\/RaZvTBItYH0\"><\/param><param name=\"wmode\" value=\"transparent\"><\/param><embed src=\"http:\/\/www.youtube.com\/v\/RaZvTBItYH0\" type=\"application\/x-shockwave-flash\" wmode=\"transparent\"  width=\"900\" height=\"480\"><\/embed><\/object><\/p>\n<p>Fazit: Gerne wieder, genauer gesagt, w\u00fcrd ich das Gebiet hier gerne j\u00e4hrlich besuchen.<\/p>\n<p>F\u00fcr heute Abend hab ich mir ein g\u00fcnstiges 4-Sterne-Hotel um 30,- \u20ac \u00dcF reserviert (Falco d&#8217;Oro in Tol\u00e9), das ich nach einiger Sucherei auf booking.com gefunden hatte. Ca. 1h Fahrzeit nach Corno alle Scale oder Cimone morgen. Wollte mich nicht festlegen. Die Hotels n\u00e4her an den Skigebieten waren entweder sp\u00fcrbar teurer oder hatten keine Parkpl\u00e4tze oder sonstwas. Au\u00dferdem wurde hier von einem Fr\u00fchst\u00fccksbuffet berichtet, und bei einem 4-Sterne-Haus gibts das ja meist schon vor 8 Uhr. Sollte recht behalten, gab&#8217;s ab 7 Uhr. Abendessen war anfangs etwas m\u00fchselig, da sie egtl. kein Fixpreismen\u00fc abends anbieten, auf Nachfrage vom Kellner beim Chef gab&#8217;s dann aber doch eines, nachdem er mir es vorlas, wollte ich nat\u00fcrlich noch den Preis wissen, womit er nochmals beim Chef nachfragen musste. 18,- \u20ac, Wasser extra. Soll sein, hoffentlich das Gedeck nicht auch noch extra, kostet offiziell 2,50. Also normalerweise h\u00e4tte ich das Men\u00fc um den Preis nicht gekauft, aber da die \u00dcF so g\u00fcnstig war, ging das in Ordnung (= 50,- \u20ac HP). Kurioserweise waren an 2 von den 3 anderen besetzten Tische Deutsche. Noch nie so viel Deutsche im Winter (na gut, Fr\u00fchjahr) im Appennin gesehen ;-)<\/p>\n<p>Das Zimmer (schmales Doppelbett) ist zwar etwas klein und f\u00fcr ein 4-Sterne-Haus wahrlich etwas altmodisch (R\u00f6hren-TV und Schl\u00fcssel statt Keycard. Also per se sind mir Schl\u00fcssel lieber als Keycards und TV schau ich ja auch nicht im Urlaub &#8211; gar keine Zeit &#8211; aber nur ums gesagt zu haben.) Daf\u00fcr gibts zwei Lifte und die Etagen sind mal wieder \u00e4u\u00dferst verwinkelt angeordnet &#8211; vmtl. gibts hier verschiedene Anbauten. Und wie \u00fcblich bekam ich mal wieder das letzte Zimmer in der Etage :) Na, so lang der WIFI-Empfang passt&#8230; Ds tut er zwar, aber das Internet ist (abends) saulahm, so gef\u00fchlt ISDN-oder EDGE-Geschwindigkeit&#8230;. Morgens war&#8217;s bessser.<\/p>\n<p>Bad und Zimmer waren sehr warm, die Duschkabine winzig. Das Fr\u00fchst\u00fccksbuffet war sehr gro\u00df, sogar Eier und Speck (leider nicht sehr stark angebraten) gab es. Kenn ich in Italien nur ganz, ganz selten. Auch sonst war die Auswahl sehr gro\u00df. Nebenbei gab es einen zweiten Fr\u00fchst\u00fccksraum samt eigenem Buffet f\u00fcr einen Bus voller Asiaten.<\/p>\n<p><a href='http:\/\/extra.inmontanis.info\/d\/34924-2\/DSC02980.jpg'><img src=http:\/\/extra.inmontanis.info\/d\/34923-3\/DSC02980.jpg \/><\/a><br \/>\n^ 4-Sterne-Hotelzimmer. Naja, es war g\u00fcnstig.<\/p>\n<p><em>Nervig wurde es allerdings im Nachhinein, einen Monat sp\u00e4ter. Da entdeckte ich auf der Kreditkartenabrechnung, dass das Hotel am Tag nach der Buchung einfach 46,- \u20ac abgebucht hatte (obwohl das Zimmer ja nur 30,- kostete). Und das wurde bei der Rechnung am Morgen nicht ber\u00fccksichtigt, somit wurden mir dann nochmal 50,10 abgebucht. Zum Gl\u00fcck hab ich das auch mit Kreditkarte bezahlt, sonst w\u00e4re das alles nicht so einfach beweisbar gewesen. Der EMail-Wechsel mit dem Hotel usw. dauerte dann ein paar Wochen, bis ich die 46,- \u20ac endlich wieder am Konto hatte. Somit werde ich dieses Hotel hier nie wieder besuchen, das war mir zu viel Theater.<\/em><\/p>\n<p>Noch vor wenigen Tagen waren die Wetteraussichten f\u00fcr dieses Oster-WE egtl. recht klar. FR-SA-SO sollte es im n\u00f6rdl. Appennin sehr sonnig werden, MO zweifelhaft, evtl. in den S\u00fcdalpen besser. Vor 1-2 Wochen nahm ich mir zudem vor, noch etwas weiter s\u00fcdlich zu fahren, zumindest in die Monti Sibilini, wollte schon lang mal wieder Monte Prata besuchen (nach dem Bau der DSB ja etwas mehr Abfahrten), Bolognola k\u00f6nnte man auch nochmal besuchen und Frontignano &#8211; auch wenn ich erst letztes Jahr war &#8211; ist mit dem langen ESL auch immer einen Besuch wert. Piselli (die Ex-Korblift-DSB mit dem tollen Meer-Pano) scheint heuer leider geschlossen zu sein &#8211; man braucht wohl Geld f\u00fcr die Revision der DSB :(<\/p>\n<p>Vorgestern die Lage gecheckt &#8211; Autsch! Kaum noch Schnee in diesem Teil des Appennins, Frontignano hatte den Betrieb eingestellt unnd ob die anderen beiden am WE nochmal \u00f6ffnen w\u00fcrde, fraglich. Dazu kam pl\u00f6tzlich bei einigen Wetterberichten f\u00fcr heute Freitag, bei anderen f\u00fcr SA+SO auch hier im n\u00f6rdlichen Appennin weniger Sonne und stattdessen auch die eine oder andere Schneewolke. <\/p>\n<p>Die Lage in den Sibilini besserte sich gestern wieder &#8211; nach einem guten halben Meter Schnee hatte Frontignano den ESL wieder offen, Monte Prata pr\u00e4parierte zumindest schon die Pisten am SL (schaut heute aber schon wieder sehr schlecht aus) und Bolognola verk\u00fcndete sogar Vollbetrieb mit allen Liften und Pisten (inkl. einer neuen), so dass ich nun doch am Sonntag und evtl. auch am Montag in die Gegend fahren kann. Montag ist vom heutigen Tag aber noch fraglich, da regnerisch gemeldet wird. Aber nur wg. 1 Tag da runter? Hm.. Morgen gehts aber erst mal nochmal hier im Norden &#8211; weil ich das heutige Hotel schon vorgestern gebucht hatte &#8211; entweder Corno alle Scale (DSB + SL sollten \u00fcber das WE offen sein) oder Cimone (die DSB Cimoncino Sektion 2 bin ich ja auch noch nicht gefahren, k\u00f6nnte ganz nett sein, und ein SL hat ja auch noch \u00fcberlebt.). Sant&#8217;Anna Pelago h\u00e4tte zwar jetzt auch endlich wieder die obere Graffer-DSB ge\u00f6ffnet, aber daf\u00fcr wohl die Talabfarten schneemangelsbedingt geschlossen, so wie es mir heute Nachmittag beim Vorbeifahren aussah. Und lt. Facebook nur SO+MO+DI ge\u00f6ffet, sonst w\u00e4r ich evtl. heute Nachmittag nach Febbio noch kurz r\u00fcber.<\/p>\n<p>(Fortsetzung folgt.)<\/p>\n","protected":false},"excerpt":{"rendered":"<p>Karfreitag, 25.3.2016 &#8211; Febbio<\/p>\n<p>Nach 3 Tage Arbeiten hab ich mir Karfreitag nochmal Urlaub genommen, um ein letztes und drittes Mal in Folge ein verl\u00e4ngertes Wochenende in Italien zu verbringen. <\/p>\n<p>Nachdem der Appennino ja etwas schneller zu erreichen ist als die S\u00fcdalpen, konnte ich diesmal etwas l\u00e4nger schlafen. Um 4 Uhr stand ich auf, <a href=\"http:\/\/blog.inmontanis.info\/?p=3801\">[&#8230;]<\/a><\/p>\n","protected":false},"author":1,"featured_media":0,"comment_status":"closed","ping_status":"closed","sticky":false,"template":"","format":"standard","meta":{"footnotes":""},"categories":[152,490,15,59,27,32],"tags":[55,38,91,78],"class_list":["post-3801","post","type-post","status-publish","format-standard","hentry","category-2016-03-italo-tripple","category-febbio","category-italienitaly","category-nostalgie","category-skifahren-winterskiing-winter","category-lostplaces","tag-3sb","tag-dsb","tag-graffer","tag-restschnee","odd"],"_links":{"self":[{"href":"http:\/\/blog.inmontanis.info\/index.php?rest_route=\/wp\/v2\/posts\/3801","targetHints":{"allow":["GET"]}}],"collection":[{"href":"http:\/\/blog.inmontanis.info\/index.php?rest_route=\/wp\/v2\/posts"}],"about":[{"href":"http:\/\/blog.inmontanis.info\/index.php?rest_route=\/wp\/v2\/types\/post"}],"author":[{"embeddable":true,"href":"http:\/\/blog.inmontanis.info\/index.php?rest_route=\/wp\/v2\/users\/1"}],"replies":[{"embeddable":true,"href":"http:\/\/blog.inmontanis.info\/index.php?rest_route=%2Fwp%2Fv2%2Fcomments&post=3801"}],"version-history":[{"count":3,"href":"http:\/\/blog.inmontanis.info\/index.php?rest_route=\/wp\/v2\/posts\/3801\/revisions"}],"predecessor-version":[{"id":5009,"href":"http:\/\/blog.inmontanis.info\/index.php?rest_route=\/wp\/v2\/posts\/3801\/revisions\/5009"}],"wp:attachment":[{"href":"http:\/\/blog.inmontanis.info\/index.php?rest_route=%2Fwp%2Fv2%2Fmedia&parent=3801"}],"wp:term":[{"taxonomy":"category","embeddable":true,"href":"http:\/\/blog.inmontanis.info\/index.php?rest_route=%2Fwp%2Fv2%2Fcategories&post=3801"},{"taxonomy":"post_tag","embeddable":true,"href":"http:\/\/blog.inmontanis.info\/index.php?rest_route=%2Fwp%2Fv2%2Ftags&post=3801"}],"curies":[{"name":"wp","href":"https:\/\/api.w.org\/{rel}","templated":true}]}}