{"id":3796,"date":"2016-03-21T22:00:23","date_gmt":"2016-03-21T21:00:23","guid":{"rendered":"http:\/\/blog.inmontanis.info\/?p=3796"},"modified":"2023-08-03T22:13:23","modified_gmt":"2023-08-03T20:13:23","slug":"crissolo-21-3-2016","status":"publish","type":"post","link":"http:\/\/blog.inmontanis.info\/?p=3796","title":{"rendered":"Crissolo, 21.3.2016"},"content":{"rendered":"<p><strong>Mo, 21.3.2016 &#8211; Crissolo<\/strong><\/p>\n<p>Heute ging&#8217;s nach Crissolo, die netterweise auch Montags Betrieb haben &#8211; und zwar mit allen Liften, inkl. des oberen SL und der DSB-Mittelstation. Was wohl beim vorherigen Betreiber an einem Betriebstag unter der Woche nicht so selbstverst\u00e4ndlich gewesen w\u00e4re. Die Tageskarte ist montags verg\u00fcnstigt und kostet 15,- \u20ac. Wetter war halbwegs sonnig, aber Fernsicht hatte man keine, wobei das hier nicht soo tragisch ist, da das Pano in die Poebene in diesem Skigebiet eh nicht so \u00fcberm\u00e4\u00dfig ist.<\/p>\n<p>Crissolo geh\u00f6rte heuer ja leider zu den gr\u00f6\u00dften Pechv\u00f6geln, was den Schnee anging: Erst am 5.3. oder so konnte man heuer den Skibetrieb aufnehmen (vom F\u00f6rderband in Pian Re abgesehen)! Daf\u00fcr lag jetzt mehr als genug. Schnee war aber teilweise auch schnell pappig, offpiste konnte man es ziemlich vergessen &#8211; entweder Bruchharsch oder danach Papp. Trotzdem war&#8217;s ganz nett, da ich einige der Abfahrten so noch nicht gefahhren bin. Und die rustikale, alte &#8220;Talabfahrt&#8221; (eine von ca. 3 lt. einem alten Plan) ging auch ganz gut zu fahren &#8211; und die ist sowieso immer das Highlight hier f\u00fcr mich. Wobei &#8220;immer&#8221; &#8211; ich konnte sie zuvor ja erst an einem Tag fahren. Heute bin ich sie daf\u00fcr gleich 3x gefahren. <\/p>\n<p>(Fotos anklicken zum Vergr\u00f6\u00dfern)<\/p>\n<p><a href='http:\/\/extra.inmontanis.info\/d\/34796-2\/ge201603route2.jpg'><img src=http:\/\/extra.inmontanis.info\/d\/34795-3\/ge201603route2.jpg \/><\/a><br \/>\n^ Meine 3 verl\u00e4ngerten Italien-Wochenenden (\u00e0 4 Tage) im M\u00e4rz 2016 (mit kleinem Frankreich-Abstecher)<br \/>\nMagenta: WE 18.-21.3.2016<br \/>\nL) Crissolo<\/p>\n<p><a href='http:\/\/extra.inmontanis.info\/d\/34916-2\/DSC02700.jpg'><img src=http:\/\/extra.inmontanis.info\/d\/34915-3\/DSC02700.jpg \/><\/a><br \/>\n^ Durch Paesana, kurz vor Crissolo, mit Blick zum Monviso<\/p>\n<p><a href='http:\/\/ski.inmontanis.info\/d\/214071-2\/DSC02703.jpg'><img src=http:\/\/ski.inmontanis.info\/d\/214070-3\/DSC02703.jpg \/><\/a><br \/>\n^ Kasse. SA+SO gibt&#8217;s vom Pian della Regina einen Skibus-Shuttle f\u00fcr Freerider. Tageskarte SA+SO 20,- heute am MO nur 15,-<\/p>\n<p><a href='http:\/\/ski.inmontanis.info\/d\/214075-2\/DSC02704.jpg'><img src=http:\/\/ski.inmontanis.info\/d\/214074-3\/DSC02704.jpg \/><\/a><br \/>\n^ Talstation DSB und Ende der genialen Talabfahrt<\/p>\n<p><a href='http:\/\/ski.inmontanis.info\/d\/214079-2\/DSC02706.jpg'><img src=http:\/\/ski.inmontanis.info\/d\/214078-3\/DSC02706.jpg \/><\/a><br \/>\n^ DSB-Zwischenstation. Das Netz nach der Station ist grad etwas unn\u00fctz :)<\/p>\n<p><a href='http:\/\/ski.inmontanis.info\/d\/214083-2\/DSC02709.jpg'><img src=http:\/\/ski.inmontanis.info\/d\/214082-3\/DSC02709.jpg \/><\/a><br \/>\n^ DSB und Abfahrt zur Mittelstation. Abseits und im Wald heute leider ziemlich unfahrbar<\/p>\n<p><a href='http:\/\/ski.inmontanis.info\/d\/214087-2\/DSC02710.jpg'><img src=http:\/\/ski.inmontanis.info\/d\/214086-3\/DSC02710.jpg \/><\/a><br \/>\n^ Offpiste-H\u00e4nge. Wieder kein passender Schnee heute f\u00fcr die linken und ganz-linken Varianten :-(<\/p>\n<p><a href='http:\/\/ski.inmontanis.info\/d\/214091-2\/DSC02713.jpg'><img src=http:\/\/ski.inmontanis.info\/d\/214090-3\/DSC02713.jpg \/><\/a><br \/>\n^ DSB und SL 1 (Granero). Die Abfahrt links des SL war heute in ganzer L\u00e4nge pr\u00e4pariert &#8211; das hatte ich bei meinen bisherigen Besuchen glaub ich auch noch nicht erlebt.<\/p>\n<p><a href='http:\/\/ski.inmontanis.info\/d\/214095-2\/DSC02717.jpg'><img src=http:\/\/ski.inmontanis.info\/d\/214094-3\/DSC02717.jpg \/><\/a><br \/>\n^ Graffer-St\u00fctze in Braun<\/p>\n<p><a href='http:\/\/ski.inmontanis.info\/d\/214099-2\/DSC02718.jpg'><img src=http:\/\/ski.inmontanis.info\/d\/214098-3\/DSC02718.jpg \/><\/a><br \/>\n^ SL Granero und links die Gratabfahrt<\/p>\n<p><a href='http:\/\/ski.inmontanis.info\/d\/214103-2\/DSC02721.jpg'><img src=http:\/\/ski.inmontanis.info\/d\/214102-3\/DSC02721.jpg \/><\/a><br \/>\n^ Die beiden SL<\/p>\n<p><a href='http:\/\/ski.inmontanis.info\/d\/214111-2\/DSC02722.jpg'><img src=http:\/\/ski.inmontanis.info\/d\/214110-3\/DSC02722.jpg \/><\/a><br \/>\n^ SL Granero und die Gratabfahrt &#8211; ohne Z\u00e4une oder sonstwas am Grat entlang.<\/p>\n<p><a href='http:\/\/ski.inmontanis.info\/d\/214107-2\/DSC02738.jpg'><img src=http:\/\/ski.inmontanis.info\/d\/214106-3\/DSC02738.jpg \/><\/a><br \/>\n^ Die linke (Grat-) Abfahrt am unteren SL<\/p>\n<p><a href='http:\/\/ski.inmontanis.info\/d\/214115-2\/DSC02726.jpg'><img src=http:\/\/ski.inmontanis.info\/d\/214114-3\/DSC02726.jpg \/><\/a><br \/>\n^ Die linke Abfahrt am oberen SL war f\u00fcr mich heute neu und anders pr\u00e4pariert als letztes Mal, da man ein kurzes St\u00fcck Hintenrum-Skiweg hatte. Bedeutet leider etwas schieben, ist aber trotzdem ganz nett so.<\/p>\n<p><a href='http:\/\/ski.inmontanis.info\/d\/214119-2\/DSC02728.jpg'><img src=http:\/\/ski.inmontanis.info\/d\/214118-3\/DSC02728.jpg \/><\/a><br \/>\n^ Linke Abfahrt am oberen SL<\/p>\n<p><a href='http:\/\/ski.inmontanis.info\/d\/214123-2\/DSC02730.jpg'><img src=http:\/\/ski.inmontanis.info\/d\/214122-3\/DSC02730.jpg \/><\/a><br \/>\n^ Unterer SL mit seinen 3 Abfahrten<\/p>\n<p><a href='http:\/\/ski.inmontanis.info\/d\/214127-2\/DSC02734.jpg'><img src=http:\/\/ski.inmontanis.info\/d\/214126-3\/DSC02734.jpg \/><\/a><br \/>\n^ Ungew\u00f6hnlicher Sessel<\/p>\n<p><a href='http:\/\/ski.inmontanis.info\/d\/214131-2\/DSC02739.jpg'><img src=http:\/\/ski.inmontanis.info\/d\/214130-3\/DSC02739.jpg \/><\/a><br \/>\n^ Der obere SL Ghincia Pastour, dessen St\u00fctzen letztens wohl mal schwarz (oder ganz dunkelgrau oder ganz dunkelbraun) gestrichen wurden. Schwarze St\u00fctzen sieht man auch nicht alle Tage.<\/p>\n<p><a href='http:\/\/ski.inmontanis.info\/d\/214135-2\/DSC02740.jpg'><img src=http:\/\/ski.inmontanis.info\/d\/214134-3\/DSC02740.jpg \/><\/a><br \/>\n^ Graffer-St\u00fctze in Schwarz<\/p>\n<p><a href='http:\/\/ski.inmontanis.info\/d\/214139-2\/DSC02741.jpg'><img src=http:\/\/ski.inmontanis.info\/d\/214138-3\/DSC02741.jpg \/><\/a><br \/>\n^ Oberer SL<\/p>\n<p><a href='http:\/\/ski.inmontanis.info\/d\/214143-2\/DSC02743.jpg'><img src=http:\/\/ski.inmontanis.info\/d\/214142-3\/DSC02743.jpg \/><\/a><br \/>\n^ Die schmucken, schwarzen Graffer-St\u00fctzen.<\/p>\n<p><a href='http:\/\/ski.inmontanis.info\/d\/214147-2\/DSC02746.jpg'><img src=http:\/\/ski.inmontanis.info\/d\/214146-3\/DSC02746.jpg \/><\/a><br \/>\n^ Mittelstationsabfahrt<\/p>\n<p><a href='http:\/\/ski.inmontanis.info\/d\/214151-2\/DSC02747.jpg'><img src=http:\/\/ski.inmontanis.info\/d\/214150-3\/DSC02747.jpg \/><\/a><br \/>\n^ Links zur Mittelstation, rechts der Abzweig zur urigen (ehemaligen) Talabfahrt<\/p>\n<p><a href='http:\/\/ski.inmontanis.info\/d\/214155-2\/DSC02748.jpg'><img src=http:\/\/ski.inmontanis.info\/d\/214154-3\/DSC02748.jpg \/><\/a><br \/>\n^ Urige Talabfahrt<\/p>\n<p><a href='http:\/\/ski.inmontanis.info\/d\/214159-2\/DSC02749.jpg'><img src=http:\/\/ski.inmontanis.info\/d\/214158-3\/DSC02749.jpg \/><\/a><br \/>\n^ Die urige Talabfahrt, immer mein Highlight hier.<\/p>\n<p><a href='http:\/\/ski.inmontanis.info\/d\/214163-2\/DSC02751.jpg'><img src=http:\/\/ski.inmontanis.info\/d\/214162-3\/DSC02751.jpg \/><\/a><br \/>\n^ Talabfahrt<\/p>\n<p><a href='http:\/\/ski.inmontanis.info\/d\/214167-2\/DSC02752.jpg'><img src=http:\/\/ski.inmontanis.info\/d\/214166-3\/DSC02752.jpg \/><\/a><br \/>\n^ Talabfahrt<\/p>\n<p><a href='http:\/\/ski.inmontanis.info\/d\/214171-2\/DSC02766.jpg'><img src=http:\/\/ski.inmontanis.info\/d\/214170-3\/DSC02766.jpg \/><\/a><br \/>\n^ Talabfahrt<\/p>\n<p><a href='http:\/\/ski.inmontanis.info\/d\/214175-2\/DSC02758.jpg'><img src=http:\/\/ski.inmontanis.info\/d\/214174-3\/DSC02758.jpg \/><\/a><br \/>\n^ Talabfahrt. In weiterer Folge geht&#8217;s durch G\u00e4rten, durch und teils \u00fcber Z\u00e4une weiter &#8230;<\/p>\n<p><a href='http:\/\/ski.inmontanis.info\/d\/214179-2\/DSC02759.jpg'><img src=http:\/\/ski.inmontanis.info\/d\/214178-3\/DSC02759.jpg \/><\/a><br \/>\n^ Talabfahrt.<\/p>\n<p><a href='http:\/\/ski.inmontanis.info\/d\/214183-2\/DSC02761.jpg'><img src=http:\/\/ski.inmontanis.info\/d\/214182-3\/DSC02761.jpg \/><\/a><br \/>\n^ Talabfahrt<\/p>\n<p><a href='http:\/\/ski.inmontanis.info\/d\/214187-2\/DSC02763.jpg'><img src=http:\/\/ski.inmontanis.info\/d\/214186-3\/DSC02763.jpg \/><\/a><br \/>\n^ Talabfahrt. \u00dcber diesen Zaun konnte man noch dr\u00fcber steigen &#8230;<\/p>\n<p><a href='http:\/\/ski.inmontanis.info\/d\/214191-2\/DSC02767.jpg'><img src=http:\/\/ski.inmontanis.info\/d\/214190-3\/DSC02767.jpg \/><\/a><br \/>\n^ &#8230; dieser war mir dann zu hoch und der Hang zu schr\u00e4g. Die komplette Talabfahrt im Video!<\/p>\n<p><a href='http:\/\/ski.inmontanis.info\/d\/214195-2\/DSC02769.jpg'><img src=http:\/\/ski.inmontanis.info\/d\/214194-3\/DSC02769.jpg \/><\/a><br \/>\n^ Oberer SL mit der linken Abfahrt<\/p>\n<p><a href='http:\/\/ski.inmontanis.info\/d\/214199-2\/DSC02770.jpg'><img src=http:\/\/ski.inmontanis.info\/d\/214198-3\/DSC02770.jpg \/><\/a><br \/>\n^ R\u00fcckseite, hier gingen fr\u00fcher die 2 Sektionen SL vom Pian della Regina rauf, leider nicht mehr gefahren.<\/p>\n<p><a href='http:\/\/ski.inmontanis.info\/d\/214203-2\/DSC02771.jpg'><img src=http:\/\/ski.inmontanis.info\/d\/214202-3\/DSC02771.jpg \/><\/a><br \/>\n^ Die beiden SL<\/p>\n<p><a href='http:\/\/ski.inmontanis.info\/d\/214207-2\/DSC02772.jpg'><img src=http:\/\/ski.inmontanis.info\/d\/214206-3\/DSC02772.jpg \/><\/a><br \/>\n^ Rechte Abfahrt des unteren SL mit Ex-ESL-Bergstation und Ex-Rifugio und Ex-SL-Lifth\u00e4uschen<\/p>\n<p><a href='http:\/\/ski.inmontanis.info\/d\/214211-2\/DSC02774.jpg'><img src=http:\/\/ski.inmontanis.info\/d\/214210-3\/DSC02774.jpg \/><\/a><br \/>\n^ Blick von der Gratabfahrt zu den SL (und dem Monviso)<\/p>\n<p><a href='http:\/\/ski.inmontanis.info\/d\/214215-2\/DSC02778.jpg'><img src=http:\/\/ski.inmontanis.info\/d\/214214-3\/DSC02778.jpg \/><\/a><br \/>\n^ SL Ghincia Pastour<\/p>\n<p><a href='http:\/\/ski.inmontanis.info\/d\/214219-2\/DSC02780.jpg'><img src=http:\/\/ski.inmontanis.info\/d\/214218-3\/DSC02780.jpg \/><\/a><br \/>\n^ SL Ghincia Pastour mit den schwarzen Graffer-St\u00fctzen vs. Monviso<\/p>\n<p><a href='http:\/\/ski.inmontanis.info\/d\/214223-2\/DSC02783.jpg'><img src=http:\/\/ski.inmontanis.info\/d\/214222-3\/DSC02783.jpg \/><\/a><br \/>\n^ SL Ghincia Pastour mit den schwarzen Graffer-St\u00fctzen vs. Monviso<\/p>\n<p><a href='http:\/\/ski.inmontanis.info\/d\/214227-2\/DSC02785.jpg'><img src=http:\/\/ski.inmontanis.info\/d\/214226-3\/DSC02785.jpg \/><\/a><br \/>\n^ In dem Bereich m\u00fcsste dann wohl einst irgendwo der SL Grotta gestanden sein, evtl. der Hang dort links seine weitergehende Abfahrt ?!<\/p>\n<p><a href='http:\/\/ski.inmontanis.info\/d\/214231-2\/DSC02788.jpg'><img src=http:\/\/ski.inmontanis.info\/d\/214230-3\/DSC02788.jpg \/><\/a><br \/>\n^ Blick taleinw\u00e4rts zum F\u00f6rderband in Pian della Regina. Irgendwo dahinten soll ja auch der Po entspringen.<\/p>\n<p><a href='http:\/\/ski.inmontanis.info\/d\/214235-2\/DSC02792.jpg'><img src=http:\/\/ski.inmontanis.info\/d\/214234-3\/DSC02792.jpg \/><\/a><br \/>\n^ Ende der Abfahrt und Blick zur ehemaligen ESL-Talstation<\/p>\n<p><a href='http:\/\/ski.inmontanis.info\/d\/214239-2\/DSC02793.jpg'><img src=http:\/\/ski.inmontanis.info\/d\/214238-3\/DSC02793.jpg \/><\/a><br \/>\n^ Der Parkplatz wurde inzwischen mal asphaltiert &#8211; kein Schotter mehr. Neben mir stand \u00fcbrigens ein deutscher aus DN<\/p>\n<p><a href='http:\/\/ski.inmontanis.info\/d\/214243-2\/ge20160321c.jpg'><img src=http:\/\/ski.inmontanis.info\/d\/214242-3\/ge20160321c.jpg \/><\/a><br \/>\n^ GPS-Track 21.3.2016 (Blau), fr\u00fchere Besuche (Gelb) und ehamlige Lifte in Rot + Orange (unsicher ob der genauen Position, insb. beim rechten orangenen SL Grotta), ohne Gew\u00e4hr auf Vollst\u00e4ndigkeit oder Korrektheit.<\/p>\n<p><a href='http:\/\/ski.inmontanis.info\/d\/214247-2\/DSC02981.jpg'><img src=http:\/\/ski.inmontanis.info\/d\/214246-3\/DSC02981.jpg \/><\/a><br \/>\n^ Montags-Skipass (zum Kleben)<\/p>\n<p>Wieder einmal hatte ich in Crissolo am meisten gefilmt &#8211; inkl. den SL (abschnittsweise), die jeweils linken SL-Abfahrten und die komplette urige Talabfahrt:<br \/>\n<object style=\"height: 500px; width: 900px\"><param name=\"movie\" value=\"http:\/\/www.youtube.com\/v\/VtmMfvG0JnI\"><\/param><param name=\"wmode\" value=\"transparent\"><\/param><embed src=\"http:\/\/www.youtube.com\/v\/VtmMfvG0JnI\" type=\"application\/x-shockwave-flash\" wmode=\"transparent\"  width=\"900\" height=\"480\"><\/embed><\/object><\/p>\n<p>Kurz nach 15 Uhr h\u00f6rte ich auf, um wieder die mautsparendere Variante \u00fcber Alba-Asti-Milano-Lecco-Maloja-Moritz zu fahren. Diesmal Mailand den kostenlosen West-Ring statt des mautpflichtigen Nord-Ostrings wie letzte Woche. Ging staum\u00e4\u00dfig halbwegs, auf der A4 dann h\u00e4tte man richtung Lecco abbiegen m\u00fcssen, Ausfahrt San G Irgendwas. Stand vorneweg schon Stau angeschrieben. Ich hatte mich mal hinten eingeordnet, am ersten Schild stand dann aber doch blo\u00df S.G. Vielleicht ist das ja der Stau f\u00fcr die Ausfahrt stadteinw\u00e4rts und die Abahrt Lecco k\u00e4me gleich dahinter und w\u00e4re staufrei? Also wieder auf die normale Spur gefahren &#8211; nein, ein paar hundert Meter weiter das zweite Schild, dorst stand dann auch Lecco. Na jedenfalls hatte ich jetzt keine Lust mehr, mich in den Stau vordr\u00e4ngend einzuscheren, nehm ich halt die n\u00e4chste Ausfahrt. M\u00d6\u00d6\u00d6\u00d6P. Das war die letzte mautfreie Ausfahrt. War aber irgendwie auch nirgends angeschrieben. Na so ein Schei\u00df. Schlussendlich nochmal 1,60 \u20ac bis zur ersten Ausfahrt Maut zahlen m\u00fcssen und mich dann durch Monza durchqu\u00e4len m\u00fcssen. Da h\u00e4tte man sich auch in den 1km-Stau stellen k\u00f6nnen. Also Milano ist echt nervig abends so gegen 19\/20 Uhr. Da muss ich mir was anderes einfallen lassen, wenn ich wieder mal die Strecke \u00fcber Maloja fahren will. <em>(Genauer gesagt, lie\u00df ich mir das bereits am folgenden Osterwochenende einfallen, maut- und staufrei.)<\/em><\/p>\n<p>Gegen 0:30 Uhr war ich wieder daheim, 3 Tage arbeiten und dann das dritte verl\u00e4ngerte 4-Tage-Wochenende in Folge nach Italien&#8230;<\/p>\n","protected":false},"excerpt":{"rendered":"<p>Mo, 21.3.2016 &#8211; Crissolo<\/p>\n<p>Heute ging&#8217;s nach Crissolo, die netterweise auch Montags Betrieb haben &#8211; und zwar mit allen Liften, inkl. des oberen SL und der DSB-Mittelstation. Was wohl beim vorherigen Betreiber an einem Betriebstag unter der Woche nicht so selbstverst\u00e4ndlich gewesen w\u00e4re. Die Tageskarte ist montags verg\u00fcnstigt und kostet 15,- \u20ac. Wetter war halbwegs <a href=\"http:\/\/blog.inmontanis.info\/?p=3796\">[&#8230;]<\/a><\/p>\n","protected":false},"author":1,"featured_media":0,"comment_status":"closed","ping_status":"closed","sticky":false,"template":"","format":"standard","meta":{"footnotes":""},"categories":[152,497,15,59,27],"tags":[38,91,47],"class_list":["post-3796","post","type-post","status-publish","format-standard","hentry","category-2016-03-italo-tripple","category-crissolo","category-italienitaly","category-nostalgie","category-skifahren-winterskiing-winter","tag-dsb","tag-graffer","tag-sl","odd"],"_links":{"self":[{"href":"http:\/\/blog.inmontanis.info\/index.php?rest_route=\/wp\/v2\/posts\/3796","targetHints":{"allow":["GET"]}}],"collection":[{"href":"http:\/\/blog.inmontanis.info\/index.php?rest_route=\/wp\/v2\/posts"}],"about":[{"href":"http:\/\/blog.inmontanis.info\/index.php?rest_route=\/wp\/v2\/types\/post"}],"author":[{"embeddable":true,"href":"http:\/\/blog.inmontanis.info\/index.php?rest_route=\/wp\/v2\/users\/1"}],"replies":[{"embeddable":true,"href":"http:\/\/blog.inmontanis.info\/index.php?rest_route=%2Fwp%2Fv2%2Fcomments&post=3796"}],"version-history":[{"count":4,"href":"http:\/\/blog.inmontanis.info\/index.php?rest_route=\/wp\/v2\/posts\/3796\/revisions"}],"predecessor-version":[{"id":3800,"href":"http:\/\/blog.inmontanis.info\/index.php?rest_route=\/wp\/v2\/posts\/3796\/revisions\/3800"}],"wp:attachment":[{"href":"http:\/\/blog.inmontanis.info\/index.php?rest_route=%2Fwp%2Fv2%2Fmedia&parent=3796"}],"wp:term":[{"taxonomy":"category","embeddable":true,"href":"http:\/\/blog.inmontanis.info\/index.php?rest_route=%2Fwp%2Fv2%2Fcategories&post=3796"},{"taxonomy":"post_tag","embeddable":true,"href":"http:\/\/blog.inmontanis.info\/index.php?rest_route=%2Fwp%2Fv2%2Ftags&post=3796"}],"curies":[{"name":"wp","href":"https:\/\/api.w.org\/{rel}","templated":true}]}}