{"id":3784,"date":"2016-03-18T22:27:35","date_gmt":"2016-03-18T21:27:35","guid":{"rendered":"http:\/\/blog.inmontanis.info\/?p=3784"},"modified":"2016-04-27T22:49:32","modified_gmt":"2016-04-27T20:49:32","slug":"pian-mune-18-3-2016","status":"publish","type":"post","link":"http:\/\/blog.inmontanis.info\/?p=3784","title":{"rendered":"Pian Mun\u00e9, 18.3.2016"},"content":{"rendered":"<p><strong>Fr, 18.3.2016 &#8211; Dann halt Pian Mun\u00e9 statt Pontechianale<\/strong><\/p>\n<p>Nach nur 2 Tagen Arbeit habe ich mir wetterbedingt (und weil die Saison ja bald zu Ende ist) schon wieder Urlaub genommen, diesmal von Freitag bis Montag, wobei ich Montag evtl. wieder arbeite, falls Wetter nicht mehr lohnenswert w\u00e4re &#8211; dann w\u00fcrd ich lieber Ostern (n\u00e4chstes WE) noch einen 5. Tag anh\u00e4ngen&#8230;<\/p>\n<p>Geplantes Ziel heute war Pontechianale, da dieses nicht nur generell Freitag-Samstag-Sonntag, sondern auch explizit lt. Kalendarium auf der Homepage am heutigen Freitag, 18.3., ge\u00f6ffnet haben sollte. Nachts um 1 Uhr stand ich auf, nachdem ich bereits um 18 Uhr ins Bett bin und irgendwann halbwegs einschlafen konnte (wollte nicht lang einen \u00dcbernachtungsplatz im Auto suchen, momentan ist&#8217;s nachts ja doch noch etwas kalt, daher die M\u00f6glichkeiten etwas eingeschr\u00e4nkt). Wieder fuhr ich \u00fcber St. Moritz &#8211; Mailand &#8211; Asti, weil weniger Maut, daf\u00fcr halt zeitlich etwas l\u00e4nger. <\/p>\n<p>Um irgendwann nach 10 Uhr war ich in Pontechianale, aber der Lift stand still. Na super. An der Kasse ein Aushang mit dem aktuellen Betriebsplan: Die Freitags-\u00d6ffnung letzte und diese Woche wurde mal eben gestrichen. Nerv! Jetzt hat&#8217;s mich hier also auch mal erwischt, nachdem man im simolimo-Forum in den vergangenen Jahren recht h\u00e4ufig negative Berichte aus Pontechianale liest, spontan geschlossen wegen dieses und jenem. Also da werd ich heuer nicht noch mal hinfahren, die wollen mein Geld nicht. Ob ich n\u00e4chstes Jahr auch eine Strafrunde aussetze, wird sich zeigen. Unter der Woche werd ich&#8217;s hier jedenfalls nicht mehr probieren, denn wie man sieht, ist das Kalendarium auf der Website f\u00fcr die Katz&#8217;.<\/p>\n<p>(Fotos anklicken zum Vergr\u00f6\u00dfern)<\/p>\n<p><a href='http:\/\/extra.inmontanis.info\/d\/34796-2\/ge201603route2.jpg'><img src=http:\/\/extra.inmontanis.info\/d\/34795-3\/ge201603route2.jpg \/><\/a><br \/>\n^ Meine 3 verl\u00e4ngerten Italien-Wochenenden (\u00e0 4 Tage) im M\u00e4rz 2016 (mit kleinem Frankreich-Abstecher)<br \/>\nMagenta: WE 18.-21.3.2016<br \/>\nG) Pontechianale<br \/>\nH) Pian Mun\u00e8<\/p>\n<p><a href='http:\/\/extra.inmontanis.info\/d\/34892-2\/DSC02306.jpg'><img src=http:\/\/extra.inmontanis.info\/d\/34891-3\/DSC02306.jpg \/><\/a><br \/>\n^ Hier und da hat man in der Po-Ebene tats\u00e4chlich die M\u00f6glichkeit, aus dem linken Fenster Berge zu sehen &#8230;<\/p>\n<p><a href='http:\/\/extra.inmontanis.info\/d\/34896-2\/DSC02308.jpg'><img src=http:\/\/extra.inmontanis.info\/d\/34895-3\/DSC02308.jpg \/><\/a><br \/>\n^ .. geradeaus in der Mitte (mit Monviso) ..<\/p>\n<p><a href='http:\/\/extra.inmontanis.info\/d\/34900-2\/DSC02309.jpg'><img src=http:\/\/extra.inmontanis.info\/d\/34899-3\/DSC02309.jpg \/><\/a><br \/>\n^ .. und auch am rechten Fenster.  Somit gut 180\u00b0 Bergpano.<\/p>\n<p><a href='http:\/\/ski.inmontanis.info\/d\/213273-2\/DSC02315.jpg'><img src=http:\/\/ski.inmontanis.info\/d\/213272-3\/DSC02315.jpg \/><\/a><br \/>\n^ Sch\u00f6nes Wetter, Schnee, aber kein Skibetrieb. Was ist da los?<\/p>\n<p><a href='http:\/\/ski.inmontanis.info\/d\/213277-2\/DSC02317.jpg'><img src=http:\/\/ski.inmontanis.info\/d\/213276-3\/DSC02317.jpg \/><\/a><br \/>\n^ Aha. Im Gegensatz zu den Betriebszeiten lt. Website wurden mal eben die beiden Freitage 11.3. und 18.3. gestrichen! Das erf\u00e4hrt man aber nat\u00fcrlich erst, wenn man dort ist&#8230;. Aktuelle Info auf der Homepage oder Facebook\/Twitter Fehlanzeige.<\/p>\n<p><a href='http:\/\/ski.inmontanis.info\/d\/213281-2\/DSC02425.jpg'><img src=http:\/\/ski.inmontanis.info\/d\/213280-3\/DSC02425.jpg \/><\/a><br \/>\n^ Betriebsplan lt. Website. 11.3. und 18.3. wurden lt. Aushang an der Kasse gestrichen. Das erf\u00e4hrt man aber nat\u00fcrlich erst, wenn man dort ist &#8211; aktuelle Info auf der Homepage oder Facebook\/Twitter Fehlanzeige.<\/p>\n<p>Die sonstigen offiziellen \u00d6ffnungstage der umliegenden Skigebiete lt. deren Websites:<br \/>\n&#8211; Sampeyre nur SA+SO<br \/>\n&#8211; Pian Mun\u00e9 FR+SA+SO+MO<br \/>\n&#8211; Crissolo SA+SO+MO<br \/>\n&#8211; Rucas FR+SA+SO<\/p>\n<p>Ich entschied mich somit f\u00fcr Pian Mun\u00e9, das ich egtl. erst mit Crissolo am SO oder MO h\u00e4tte kombinieren wollen. Um 11:45 Uhr war ich dort und kaufte die Wochentags-Tageskarte um g\u00fcnstige 16,- \u20ac, der Parkplatz war f\u00fcr einen Wochentag doch gut gef\u00fcllt. Nachdem ich 2006 erstmals (und mein einziges Mal) hier Skifahren war, war das Skigebiet wenig sp\u00e4ter f\u00fcr einige Jahre geschlossen, was ich aber nicht als gro\u00dfen Verlust empfand. Ich fand&#8217;s zwar nett, aber nicht so \u00fcberragend wie in den meisten anderen Skigebieten im mittleren und s\u00fcdlichen Piemont. Seh ich nach dem heutigen Besuch etwas anders.<\/p>\n<p>Nun hat man, nach Schneekatzenbetrieb in den letzten Jahren, die DSB und den oberen SL revisioniert und seit diesem Jahr wieder in Betrieb genommen. Seit meinem letzten Besuch wurde der untere \u00dcbungs-SL unterhalb der DSB abgebaut, daf\u00fcr aber der damalig geplante untere SL mittlerweile gebaut. Ob der jeweils in Betrieb war, bevor das Skigebiet dann geschlossen wurde, wei\u00df ich nicht. Aktuell hatte f\u00fcr die Revision das Geld wohl nicht gereicht, aber wenn der n\u00e4chstes oder \u00fcbern\u00e4chstes Jahr mal in Betrieb geht, werd ich hier einen ganzen Tag einlegen, denn dann hat man genug Abwechslung f\u00fcr einen Tag. <\/p>\n<p>Pian Mun\u00e9 ist &#8211; so w\u00fcrde ich sagen &#8211; das Skigebiet mit dem gr\u00f6\u00dfstm\u00f6glichen Po-Ebenen-Pano, da es mittig zwischen Nord und S\u00fcd liegt, und in Kombination Breite+L\u00e4nge+Offenheit unschlagbar ist. Auf allen Abfahrten kann man in die Po-Ebene schauen. (Evtl. gab es da ja fr\u00fcher noch andere derartige, mittlerweile stillgelegte Skigebiete, die damit mithalten konnten.) <\/p>\n<p>Leider war am oberen SL heute nur eine direkte Abfahrt pr\u00e4pariert, Offpiste wars auch etwas eigenartig heute, aber in Summe hatte ich kein Problem, den Nachmittag hier zu verbringen, langweilig wurde es mir nicht. Zwischendrin kaufte ich mir noch ein gro\u00dfes Panino um g\u00fcnstige 3,50 \u20ac, das ich dann am Sessellift a\u00df.<\/p>\n<p><a href='http:\/\/ski.inmontanis.info\/d\/213064-2\/DSC02320.jpg'><img src=http:\/\/ski.inmontanis.info\/d\/213063-3\/DSC02320.jpg \/><\/a><br \/>\n^ Zoom von der Ebene ins Skigebiet von Pian Mun\u00e9. Links der SL, Rechts die DSB. Waren beide in Betrieb, wie ich per Zoom gerade so erkennen konnte.<\/p>\n<p><a href='http:\/\/ski.inmontanis.info\/d\/213068-2\/DSC02325.jpg'><img src=http:\/\/ski.inmontanis.info\/d\/213067-3\/DSC02325.jpg \/><\/a><br \/>\n^ Auffahrt zur DSB<\/p>\n<p><a href='http:\/\/ski.inmontanis.info\/d\/213072-2\/DSC02330.jpg'><img src=http:\/\/ski.inmontanis.info\/d\/213071-3\/DSC02330.jpg \/><\/a><br \/>\n^ F\u00f6rderband als Zubringer zur DSB-Talstation und komplette Strecke der DSB. Der vor wenigen Jahren neu aufgebaute (gebrauchte) SL rechts ist noch nicht in Betrieb.<\/p>\n<p><a href='http:\/\/ski.inmontanis.info\/d\/213076-2\/DSC02331.jpg'><img src=http:\/\/ski.inmontanis.info\/d\/213075-3\/DSC02331.jpg \/><\/a><br \/>\n^ Momentaner Pistenplan<\/p>\n<p>Pistenplan anno 2006:<br \/>\n<img src=http:\/\/ski.inmontanis.info\/d\/33215-2\/P1030466.jpg \/><br \/>\n^ Pistenplan anno 2006, der damals geplante SL 4 ist inzwischen gebaut, aber noch nicht in Betrieb. Der kurze \u00dcbungs-SL 3 ist inzwischen abgebaut.<\/p>\n<p><a href='http:\/\/ski.inmontanis.info\/d\/213080-2\/20160318a.jpg'><img src=http:\/\/ski.inmontanis.info\/d\/213079-3\/20160318a.jpg \/><\/a><br \/>\n^ GPS-Track 18.3.2016. Orange der neue, leider noch nicht ge\u00f6ffnete SL. Die DSB b\u00f6te links auch noch ein paar Offpiste-Varianten.<\/p>\n<p><a href='http:\/\/ski.inmontanis.info\/d\/213084-2\/DSC02332.jpg'><img src=http:\/\/ski.inmontanis.info\/d\/213083-3\/DSC02332.jpg \/><\/a><br \/>\n^ DSB Talstation und Parkplatz<\/p>\n<p>Anno 2006 mit dem damals noch vorhandenen \u00dcbungs-SL:<br \/>\n<img src=http:\/\/ski.inmontanis.info\/d\/33232-2\/P1030433.jpg \/><br \/>\n^ 5.3.2006<\/p>\n<p><a href='http:\/\/ski.inmontanis.info\/d\/213088-2\/DSC02334.jpg'><img src=http:\/\/ski.inmontanis.info\/d\/213087-3\/DSC02334.jpg \/><\/a><br \/>\n^ Der neue SL erschlie\u00dft eigenes Gel\u00e4nde und w\u00e4re eine nette Erg\u00e4nzung.<\/p>\n<p><a href='http:\/\/ski.inmontanis.info\/d\/213092-2\/DSC02338.jpg'><img src=http:\/\/ski.inmontanis.info\/d\/213091-3\/DSC02338.jpg \/><\/a><br \/>\n^ DSB und Abfahrt<\/p>\n<p><a href='http:\/\/ski.inmontanis.info\/d\/213096-2\/DSC02339.jpg'><img src=http:\/\/ski.inmontanis.info\/d\/213095-3\/DSC02339.jpg \/><\/a><br \/>\n^ DSB und Po-Ebene<\/p>\n<p><a href='http:\/\/ski.inmontanis.info\/d\/213100-2\/DSC02342.jpg'><img src=http:\/\/ski.inmontanis.info\/d\/213099-3\/DSC02342.jpg \/><\/a><br \/>\n^ DSB-Niederhalter<\/p>\n<p><a href='http:\/\/ski.inmontanis.info\/d\/213104-2\/DSC02350.jpg'><img src=http:\/\/ski.inmontanis.info\/d\/213103-3\/DSC02350.jpg \/><\/a><br \/>\n^ Blick zum oberen SL<\/p>\n<p><a href='http:\/\/ski.inmontanis.info\/d\/213108-2\/DSC02354.jpg'><img src=http:\/\/ski.inmontanis.info\/d\/213107-3\/DSC02354.jpg \/><\/a><br \/>\n^ DSB Bergstation<\/p>\n<p><a href='http:\/\/ski.inmontanis.info\/d\/213112-2\/DSC02349.jpg'><img src=http:\/\/ski.inmontanis.info\/d\/213111-3\/DSC02349.jpg \/><\/a><br \/>\n^ Verbindungsabfahrten zum und vom SL. Richtung SL muss man von hier aus erst mal etwas schieben, was man somit nicht all zu oft pro Tag machen m\u00f6chte. Rechts oben noch ein \u00dcbungs-F\u00f6rderband.<\/p>\n<p><a href='http:\/\/ski.inmontanis.info\/d\/213116-2\/DSC02355.jpg'><img src=http:\/\/ski.inmontanis.info\/d\/213115-3\/DSC02355.jpg \/><\/a><br \/>\n^ Verbindungsabfahrt zum SL. Hier ging&#8217;s heute allerdings ohne Schieben.<\/p>\n<p><a href='http:\/\/ski.inmontanis.info\/d\/213120-2\/DSC02359.jpg'><img src=http:\/\/ski.inmontanis.info\/d\/213119-3\/DSC02359.jpg \/><\/a><br \/>\n^ SL mit Abfahrt und Panorama-Blick in die Po-Ebene. Hach!<\/p>\n<p><a href='http:\/\/ski.inmontanis.info\/d\/213124-2\/DSC02522.jpg'><img src=http:\/\/ski.inmontanis.info\/d\/213123-3\/DSC02522.jpg \/><\/a><br \/>\n^ IR-Zoom Monte Rosa<\/p>\n<p><a href='http:\/\/ski.inmontanis.info\/d\/213128-2\/DSC02539.jpg'><img src=http:\/\/ski.inmontanis.info\/d\/213127-3\/DSC02539.jpg \/><\/a><br \/>\n^ IR-Pano in die Po-Ebene mit dem Alpenbogen (zumeist 200-260km Entfernung. Bernina, was etwas rechts der Bildmitte sein sollte, 285km)<\/p>\n<p><a href='http:\/\/ski.inmontanis.info\/d\/213132-2\/DSC02535.jpg'><img src=http:\/\/ski.inmontanis.info\/d\/213131-3\/DSC02535.jpg \/><\/a><br \/>\n^ IR-Pano in die Po-Ebene mit dem Alpenbogen, max. Sichtweite 300-330km bis zu den Monti Lessini hinter dem Gardasee.<\/p>\n<p><a href='http:\/\/ski.inmontanis.info\/d\/213136-2\/DSC02519.jpg'><img src=http:\/\/ski.inmontanis.info\/d\/213135-3\/DSC02519.jpg \/><\/a><br \/>\n^ IR-Pano in die Po-Ebene und zum ligurischen und tosko-emilianischen Appennino, ca. 150-250 km Entfernung.<\/p>\n<p><a href='http:\/\/ski.inmontanis.info\/d\/213140-2\/DSC02363.jpg'><img src=http:\/\/ski.inmontanis.info\/d\/213139-3\/DSC02363.jpg \/><\/a><br \/>\n^ Talstation SL und Bergstation DSB und rechts in der Ebene Turin<\/p>\n<p><a href='http:\/\/ski.inmontanis.info\/d\/213144-2\/DSC02365.jpg'><img src=http:\/\/ski.inmontanis.info\/d\/213143-3\/DSC02365.jpg \/><\/a><br \/>\n^ SL, leider heute nur eine Abfahrt pr\u00e4pariert.<\/p>\n<p><a href='http:\/\/ski.inmontanis.info\/d\/213148-2\/DSC02366.jpg'><img src=http:\/\/ski.inmontanis.info\/d\/213147-3\/DSC02366.jpg \/><\/a><br \/>\n^ Auch eine gr\u00fcn-rote Leitner-St\u00fctze kann im rechten Licht sehr fotogen sein ;)<\/p>\n<p><a href='http:\/\/ski.inmontanis.info\/d\/213152-2\/DSC02369.jpg'><img src=http:\/\/ski.inmontanis.info\/d\/213151-3\/DSC02369.jpg \/><\/a><br \/>\n^ Links die Verbindungsabfahrt retour zur DSB. Die anderen Abfahrten waren heute nicht pr\u00e4pariert.<\/p>\n<p><a href='http:\/\/ski.inmontanis.info\/d\/213156-2\/DSC02372.jpg'><img src=http:\/\/ski.inmontanis.info\/d\/213155-3\/DSC02372.jpg \/><\/a><br \/>\n^ &#8230; die Abfahrten rechts des SL waren heute Tiefschneeabfahrten. War ja nicht schlecht, aber diese komischen Wellen waren teils st\u00f6rend.<\/p>\n<p><a href='http:\/\/ski.inmontanis.info\/d\/213161-2\/DSC02410.jpg'><img src=http:\/\/ski.inmontanis.info\/d\/213160-3\/DSC02410.jpg \/><\/a><br \/>\n^ Zoom nach Turin (stark kontrastverst\u00e4rkt)<\/p>\n<p><a href='http:\/\/ski.inmontanis.info\/d\/213257-2\/DSC02541.jpg'><img src=http:\/\/ski.inmontanis.info\/d\/213256-3\/DSC02541.jpg \/><\/a><br \/>\n^ IR-Zoom \u00fcber die DSB-Bergstation nach Turin (ca. 60km entfernt) und dem Alpenbogen, ca. 200-260km entfernt)<\/p>\n<p><a href='http:\/\/ski.inmontanis.info\/d\/213165-2\/DSC02373.jpg'><img src=http:\/\/ski.inmontanis.info\/d\/213164-3\/DSC02373.jpg \/><\/a><br \/>\n^ Im SL<\/p>\n<p><a href='http:\/\/ski.inmontanis.info\/d\/213169-2\/DSC02374.jpg'><img src=http:\/\/ski.inmontanis.info\/d\/213168-3\/DSC02374.jpg \/><\/a><br \/>\n^ Verbindungsabfahrt SL-DSB mit Blick zum Monviso<\/p>\n<p><a href='http:\/\/ski.inmontanis.info\/d\/213173-2\/DSC02375.jpg'><img src=http:\/\/ski.inmontanis.info\/d\/213172-3\/DSC02375.jpg \/><\/a><br \/>\n^ Zoom zum Monte Viso<\/p>\n<p><a href='http:\/\/ski.inmontanis.info\/d\/213177-2\/DSC02380.jpg'><img src=http:\/\/ski.inmontanis.info\/d\/213176-3\/DSC02380.jpg \/><\/a><br \/>\n^ Auch das Matterhorn ist zu sehen (160 km entfernt)<\/p>\n<p><a href='http:\/\/ski.inmontanis.info\/d\/213181-2\/DSC02383.jpg'><img src=http:\/\/ski.inmontanis.info\/d\/213180-3\/DSC02383.jpg \/><\/a><br \/>\n^ Offpiste-Hang r\u00fcckseitig der SL Bergstation<\/p>\n<p><a href='http:\/\/ski.inmontanis.info\/d\/213185-2\/DSC02386.jpg'><img src=http:\/\/ski.inmontanis.info\/d\/213184-3\/DSC02386.jpg \/><\/a><br \/>\n^ Verbindungsabfahrt SL-DSB<\/p>\n<p><a href='http:\/\/ski.inmontanis.info\/d\/213189-2\/DSC02390.jpg'><img src=http:\/\/ski.inmontanis.info\/d\/213188-3\/DSC02390.jpg \/><\/a><br \/>\n^ Verbindungsabfahrt SL-DSB und mit dem hier \u00fcberall vorhandenen Tiefblick in die Po-Ebene. Links k\u00f6nnte man auch zur DSB runter, w\u00e4re dann Offpiste.<\/p>\n<p><a href='http:\/\/ski.inmontanis.info\/d\/213193-2\/DSC02391.jpg'><img src=http:\/\/ski.inmontanis.info\/d\/213192-3\/DSC02391.jpg \/><\/a><br \/>\n^ Abfahrt an der DSB<\/p>\n<p><a href='http:\/\/ski.inmontanis.info\/d\/213197-2\/DSC02392.jpg'><img src=http:\/\/ski.inmontanis.info\/d\/213196-3\/DSC02392.jpg \/><\/a><br \/>\n^ Abfahrt an der DSB. Blick in die Po-Ebene bis zum Schluss, Alpenbogen links, Alpenbogen rechts. Es gibt ja viele Skigebiete um die Po-Ebene mit einem derartigen Panorama, aber dieses Skigebiet erreicht das Maximum.<\/p>\n<p><a href='http:\/\/ski.inmontanis.info\/d\/213201-2\/DSC02395.jpg'><img src=http:\/\/ski.inmontanis.info\/d\/213200-3\/DSC02395.jpg \/><\/a><br \/>\n^ DSB-Talstation und Parkplatz<\/p>\n<p><a href='http:\/\/ski.inmontanis.info\/d\/213205-2\/DSC02396.jpg'><img src=http:\/\/ski.inmontanis.info\/d\/213204-3\/DSC02396.jpg \/><\/a><br \/>\n^ Der Offpiste-Hang rechts der DSB, wenn man von der Bergstation reinf\u00e4hrt. Hab ich gelassen, war mir heute etwas zu steil bei dem vielen Neuschnee..<\/p>\n<p><a href='http:\/\/ski.inmontanis.info\/d\/213209-2\/DSC02397.jpg'><img src=http:\/\/ski.inmontanis.info\/d\/213208-3\/DSC02397.jpg \/><\/a><br \/>\n^ Der neue, untere SL. W\u00fcrde neben seiner eigenen Abfahrt auch noch tolle Diagonal-Varianten mit der DSB erschlie\u00dfen!! Bitte n\u00e4chste Saison \u00f6ffnen, dann komm ich wieder!<\/p>\n<p><a href='http:\/\/ski.inmontanis.info\/d\/213213-2\/DSC02399.jpg'><img src=http:\/\/ski.inmontanis.info\/d\/213212-3\/DSC02399.jpg \/><\/a><br \/>\n^ Offpiste k\u00f6nnte heut so sch\u00f6n sein, wenn der Schnee \u00fcberall so w\u00e4re&#8230;<\/p>\n<p><a href='http:\/\/ski.inmontanis.info\/d\/213217-2\/DSC02401.jpg'><img src=http:\/\/ski.inmontanis.info\/d\/213216-3\/DSC02401.jpg \/><\/a><br \/>\n^ .. aber an einigen H\u00e4ngen ist der Tiefschnee heute so eigenartig gewellt, um nicht zu sagen, verbuckelt. Wie man aber dahinter sehen kann, liegt das nicht daran, dass hier eine Buckelpiste darunter w\u00e4re. Zwar trotzdem auch dort problemlos fahrbar, aber eben etwas wackeliger. Vmtl. windgeformt, aber trotzdem nicht windgepresst hart. Eigenartig.<\/p>\n<p><a href='http:\/\/ski.inmontanis.info\/d\/213221-2\/DSC02402.jpg'><img src=http:\/\/ski.inmontanis.info\/d\/213220-3\/DSC02402.jpg \/><\/a><br \/>\n^ Diese heute nicht frisch pr\u00e4parierte Abfahrt h\u00e4tte ich mir sparen sollen, oben zwar gut, aber unten raus der Neuschnee auf der Raupenspur h\u00f6her als gedacht, somit Schieben angesagt.<\/p>\n<p><a href='http:\/\/ski.inmontanis.info\/d\/213225-2\/DSC02553.jpg'><img src=http:\/\/ski.inmontanis.info\/d\/213224-3\/DSC02553.jpg \/><\/a><br \/>\n^ Achtung, aufpassen: Das wichtigste in diesem IR-Foto ist nicht die DSB-Bergstation oder die Po-Ebene oder die verschneiten Gipfel des Appennins, sondern: Der Mond oben am Bildrand ,-)<\/p>\n<p><a href='http:\/\/ski.inmontanis.info\/d\/213229-2\/DSC02408.jpg'><img src=http:\/\/ski.inmontanis.info\/d\/213228-3\/DSC02408.jpg \/><\/a><br \/>\n^ Zoom richtung Skigebiet Limone Piemonte.  Im Vordergrund wieder diese eigenartigen Tiefschneeformen..<\/p>\n<p><a href='http:\/\/ski.inmontanis.info\/d\/213269-2\/DSC02377.jpg'><img src=http:\/\/ski.inmontanis.info\/d\/213268-3\/DSC02377.jpg \/><\/a><br \/>\n^ Zoom vom Skigebiet Pian Mun\u00e9 ins Skigebiet von Crissolo mit den beiden oberen SL<\/p>\n<p><a href='http:\/\/ski.inmontanis.info\/d\/213261-2\/DSC02405.jpg'><img src=http:\/\/ski.inmontanis.info\/d\/213260-3\/DSC02405.jpg \/><\/a><br \/>\n^ Zoom vom Skigebiet Pian Mun\u00e9 ins Skigebieten Mondole (Frabosa, links; Prato Nevoso Mitte)<\/p>\n<p><a href='http:\/\/ski.inmontanis.info\/d\/213265-2\/DSC02406.jpg'><img src=http:\/\/ski.inmontanis.info\/d\/213264-3\/DSC02406.jpg \/><\/a><br \/>\n^ Zoom vom Skigebiet Pian Mun\u00e9 zu den Skigebieten Lurisia (vorne, heuer leider geschlossen) und Mondole-Artesina (genau dahinter)<\/p>\n<p><a href='http:\/\/ski.inmontanis.info\/d\/213233-2\/DSC02411.jpg'><img src=http:\/\/ski.inmontanis.info\/d\/213232-3\/DSC02411.jpg \/><\/a><br \/>\n^ SL komplett mit dankenswerterweise netzloser Einz\u00e4unung. Also, so geht&#8217;s doch auch!<\/p>\n<p><a href='http:\/\/ski.inmontanis.info\/d\/213237-2\/DSC02412.jpg'><img src=http:\/\/ski.inmontanis.info\/d\/213236-3\/DSC02412.jpg \/><\/a><br \/>\n^ SL. Eine der beiden rechten Abfahrten w\u00e4ren schon netter gewesen, wenn man sie pr\u00e4pariert h\u00e4tte.<\/p>\n<p><a href='http:\/\/ski.inmontanis.info\/d\/213241-2\/DSC02413.jpg'><img src=http:\/\/ski.inmontanis.info\/d\/213240-3\/DSC02413.jpg \/><\/a><br \/>\n^ Alternative DSB-Abfahrt (Umfahrung) im oberen Teil. Man k\u00e4me woh noch etwas weiter au\u00dferhalb und unterhalb herum, das w\u00e4re dann der Wanderweg.<\/p>\n<p><a href='http:\/\/ski.inmontanis.info\/d\/213245-2\/DSC02415.jpg'><img src=http:\/\/ski.inmontanis.info\/d\/213244-3\/DSC02415.jpg \/><\/a><br \/>\n^ Neuer SL und DSB<\/p>\n<p><a href='http:\/\/ski.inmontanis.info\/d\/213249-2\/DSC02418.jpg'><img src=http:\/\/ski.inmontanis.info\/d\/213248-3\/DSC02418.jpg \/><\/a><br \/>\n^ Eingeschneite Alm<\/p>\n<p><a href='http:\/\/ski.inmontanis.info\/d\/213253-2\/DSC02422.jpg'><img src=http:\/\/ski.inmontanis.info\/d\/213252-3\/DSC02422.jpg \/><\/a><br \/>\n^ Klebe-Skipass<\/p>\n<p>Fazit: Verglichen mit Pontechianale oder Crissolo hat man schon irgendwie weniger Abwechselung hier, daf\u00fcr hat man das bessere Pano. Und mit dem zuk\u00fcnftigen 2. SL h\u00e4tte man auch einiges Mehr an Abwechslung, somit ein &#8220;gerne wieder&#8221; meinerseits, wenn der 2. SL demn\u00e4chst ge\u00f6ffnet wird.<\/p>\n<p>Gebucht habe ich wieder  mein &#8220;Ameisen-Hotel&#8221; von letztem WE (Glicini bei Pinerolo), diesmal gleich f\u00fcr 2 Tage, weil der Preis passt und das Zimmer gro\u00df und modern und sch\u00f6n ist und Fr\u00fchst\u00fccksbuffet gro\u00df und gut und ab 7 Uhr oder noch fr\u00fcher. \u00dcF 44,10 \u20ac via booking.com &#8211; da lohnt sich nicht, was anderes (schlechteres) in der Gegend um 40,- oder 36,- zu nehmen.<\/p>\n<p>Was mir &#8211; glaub ich &#8211; bisher neu war, dass man im angeschlossenen (aber nur \u00fcber au\u00dfen zu erreichenden) Pizzeria-Restaurant auch ein Hotel-Men\u00fc haben kann, das lediglich 12,50 \u20ac kostet, daf\u00fcr aber auch keine Nachspeise beinhaltet (daf\u00fcr Wasser + Wein (den ich aber ja nicht mag) + evtl. Kaffee (den ich auch nicht mag). Als Vorspeise entschied ich mich f\u00fcr Makkaroni mit Walnuss-Sahne-Sauce, als Hauptspeise f\u00fcr einen Fleisch-Spie\u00df, den es leider nur entweder mit Bohnen oder Salat gab (und Brot, aber halt keine Kartoffeln oder Pommes), zudem waren die H\u00fchnerfleischst\u00fccke nicht richtig durchgebraten. Das Men\u00fc wurde dem Preis halbwegs gerecht, dem 4-Sterne-Hotel eher nicht (andererseits kosten in dem Restaurant normale Vor- und Hauptspeisen alleine schon 10-20,- \u20ac, selbst Pasta, was f\u00fcr Italien schon sehr teuer ist), au\u00dfer Pizze, die kosten 4-8,- \u20ac, da kommt dann aber wieder Wasser und Gedeck dazu, dann ist man auch schnell auf die 12,50 vom Men\u00fc. Na jedenfalls hab ich schon h\u00e4ufig viel besser gegessen. Wirklich satt wurde ich auch nicht. In den n\u00e4chsten Tagen wurde ich zwar satter, aber die Men\u00fcs haben sich tw. wiederholt&#8230; Aber, man muss es ja nicht nehmen, man kann ja auch Pizza essen.<\/p>\n<p><a href='http:\/\/extra.inmontanis.info\/d\/34904-2\/DSC02419.jpg'><img src=http:\/\/extra.inmontanis.info\/d\/34903-3\/DSC02419.jpg \/><\/a><br \/>\n^ Hotelzimmer, heute gr\u00f6\u00dfer und sch\u00f6ner als letztes WE<\/p>\n<p><a href='http:\/\/extra.inmontanis.info\/d\/34908-2\/DSC02420.jpg'><img src=http:\/\/extra.inmontanis.info\/d\/34907-3\/DSC02420.jpg \/><\/a><br \/>\n^ Hotelzimmer, heute gr\u00f6\u00dfer und sch\u00f6ner als letztes WE<\/p>\n<p>(Fortsetzung folgt.)<\/p>\n","protected":false},"excerpt":{"rendered":"<p>Fr, 18.3.2016 &#8211; Dann halt Pian Mun\u00e9 statt Pontechianale<\/p>\n<p>Nach nur 2 Tagen Arbeit habe ich mir wetterbedingt (und weil die Saison ja bald zu Ende ist) schon wieder Urlaub genommen, diesmal von Freitag bis Montag, wobei ich Montag evtl. wieder arbeite, falls Wetter nicht mehr lohnenswert w\u00e4re &#8211; dann w\u00fcrd ich lieber Ostern (n\u00e4chstes <a href=\"http:\/\/blog.inmontanis.info\/?p=3784\">[&#8230;]<\/a><\/p>\n","protected":false},"author":1,"featured_media":0,"comment_status":"closed","ping_status":"closed","sticky":false,"template":"","format":"standard","meta":{"footnotes":""},"categories":[152,15,59,27],"tags":[38,90,47],"class_list":["post-3784","post","type-post","status-publish","format-standard","hentry","category-2016-03-italo-tripple","category-italienitaly","category-nostalgie","category-skifahren-winterskiing-winter","tag-dsb","tag-infrarot","tag-sl","odd"],"_links":{"self":[{"href":"http:\/\/blog.inmontanis.info\/index.php?rest_route=\/wp\/v2\/posts\/3784","targetHints":{"allow":["GET"]}}],"collection":[{"href":"http:\/\/blog.inmontanis.info\/index.php?rest_route=\/wp\/v2\/posts"}],"about":[{"href":"http:\/\/blog.inmontanis.info\/index.php?rest_route=\/wp\/v2\/types\/post"}],"author":[{"embeddable":true,"href":"http:\/\/blog.inmontanis.info\/index.php?rest_route=\/wp\/v2\/users\/1"}],"replies":[{"embeddable":true,"href":"http:\/\/blog.inmontanis.info\/index.php?rest_route=%2Fwp%2Fv2%2Fcomments&post=3784"}],"version-history":[{"count":3,"href":"http:\/\/blog.inmontanis.info\/index.php?rest_route=\/wp\/v2\/posts\/3784\/revisions"}],"predecessor-version":[{"id":3787,"href":"http:\/\/blog.inmontanis.info\/index.php?rest_route=\/wp\/v2\/posts\/3784\/revisions\/3787"}],"wp:attachment":[{"href":"http:\/\/blog.inmontanis.info\/index.php?rest_route=%2Fwp%2Fv2%2Fmedia&parent=3784"}],"wp:term":[{"taxonomy":"category","embeddable":true,"href":"http:\/\/blog.inmontanis.info\/index.php?rest_route=%2Fwp%2Fv2%2Fcategories&post=3784"},{"taxonomy":"post_tag","embeddable":true,"href":"http:\/\/blog.inmontanis.info\/index.php?rest_route=%2Fwp%2Fv2%2Ftags&post=3784"}],"curies":[{"name":"wp","href":"https:\/\/api.w.org\/{rel}","templated":true}]}}