{"id":3781,"date":"2016-03-15T22:22:59","date_gmt":"2016-03-15T21:22:59","guid":{"rendered":"http:\/\/blog.inmontanis.info\/?p=3781"},"modified":"2023-08-03T21:51:49","modified_gmt":"2023-08-03T19:51:49","slug":"frabosaartesina-mondole-15-3-2016","status":"publish","type":"post","link":"http:\/\/blog.inmontanis.info\/?p=3781","title":{"rendered":"Frabosa+Artesina (Mondole), 15.3.2016"},"content":{"rendered":"<p><strong>Di, 15.3.2016 Frabosa+Artesina (Mondol\u00e9)<\/strong><\/p>\n<p>So, heute endlich mal vern\u00fcnftiges Wetter und ein vern\u00fcnftiges Skigebiet, lange hat&#8217;s gedauert, der 60. Skitag der Saison!<\/p>\n<p>Mondol\u00e9 z\u00e4hlt, insb. wegen seiner Teilgebiete Frabosa-Monte Moro und Artesina momentan f\u00fcr mich zu den besten Skigebieten Italiens und rangiert &#8211; eben weil der ESL der f\u00fcr mich beste Lift ist &#8211; auch bei meinen Lieblingsskigebieten plus\/minus auf den ersten Platz. Wobei ich &#8211; trotz Verbindungs-DSB (ohne Abfahrt) und gemeinsamen Skipass ja Frabosa egtl. immer noch als eigenst\u00e4ndiges Skigebiet ansehe. <\/p>\n<p>Die Tageskarte f\u00fcr das gesamte Mondol\u00e9-Gebiet ist jetzt zur Nachsaison unter der Woche wieder verg\u00fcnstigt, und zwar auf 24,- \u20ac. Mit der uninteressanten linken Seite von Fraboa hab ich mich nicht besch\u00e4ftigt, sondern mich auf den ESL (mit 1x SL und 1x DSB) konzentriert, was ja pro Runde &#8211; mit etwas Fotostopps usw. &#8211; ca. eine dreiviertel Stunde dauert. So ein ESL mit 2km und fast 800 hm braucht halt &#8230;<\/p>\n<p>Egtl. h\u00e4tte ich ja heute nur Frabosa und n\u00e4chstes WE dann nochmal Mondol\u00e9 im Gesamten fahren wollen. Ich k\u00f6nnte es hier am ESL locker 2 Tage aushalten und in Verbindung mit dem Rest des Gebietes auch noch mal 1-2 Tage, weil es einfach gro\u00df genug ist, eine tolle Mischung aus &#8220;sehr offener Blick ins Flachland, aber trotzdem auch sehr alpin&#8221; ist, wie es sie alpenweit nur selten (z.B. in Bayern) gibt und eben weil es neben dem Marchisio-ESL und der Graffer-DSB in Frabosa auch in Artesina noch ein paar kultige SL gibt. Die leider nun in sehr n\u00e4chster Zeit ersetzt werden sollen. Egtl. h\u00e4tte der SL Rocche Giardina ja schon letzten Sommer ersetzt werden sollen, also musste der heuer unbedingt nochmal gefahren werden.<\/p>\n<p>Jedenfalls, da ich aber ja die letzten 2 Tage in Frankreich war und somit keine von den anderen Skigebieten im Piemont fahren konnte, wird mir das jetzt alles zu eng, so dass ich vmtl. doch nur 1x hier fahren werde. Daher bin ich nachmittags noch mit dem Auto nach Artesina r\u00fcber, um mir die uninteressanten Zwischenetappen zu sparen (die 2 linken DSBs in Frabosa kosten Zeit und haben m.E. langweilige, insb. oben modellierte  Abfahrten, zudem hat man die Verbindungs-DSB in beide Richtungen zu fahren etc.).<\/p>\n<p>(Fotos anklicken zum Vergr\u00f6\u00dfern, sind diesmal wieder etwas mehr geworden.)<\/p>\n<p><a href='http:\/\/extra.inmontanis.info\/d\/34796-2\/ge201603route2.jpg'><img src=http:\/\/extra.inmontanis.info\/d\/34795-3\/ge201603route2.jpg \/><\/a><br \/>\n^ Meine 3 verl\u00e4ngerten Italien-Wochenenden (\u00e0 4 Tage) im M\u00e4rz 2016 (mit kleinem Frankreich-Abstecher)<br \/>\nDunkelblau: WE 12.-15.3.2016<br \/>\nF) Artesina<br \/>\nF) Frabosa<\/p>\n<p><a href='http:\/\/ski.inmontanis.info\/d\/212732-2\/ge20160315b.jpg'><img src=http:\/\/ski.inmontanis.info\/d\/212731-3\/ge20160315b.jpg \/><\/a><br \/>\n^ GPS-Track 15.3.2016 (gelb) und einige meiner vorherigen Besuche (nicht alle, blau)<br \/>\nLinks unten = Frabosa mit dem ESL<br \/>\nRechts oben = Artesina<\/p>\n<p><a href='http:\/\/ski.inmontanis.info\/d\/212736-2\/DSC02133.jpg'><img src=http:\/\/ski.inmontanis.info\/d\/212735-3\/DSC02133.jpg \/><\/a><br \/>\n^ SL Baby (Marchisio), ESL Moro (Marchisio), DSB Paskireaux (Graffer)<\/p>\n<p><a href='http:\/\/ski.inmontanis.info\/d\/212740-2\/DSC02134_001.jpg'><img src=http:\/\/ski.inmontanis.info\/d\/212739-3\/DSC02134_001.jpg \/><\/a><br \/>\n^ DSB-ESL<\/p>\n<p><a href='http:\/\/ski.inmontanis.info\/d\/212744-2\/DSC02138_001.jpg'><img src=http:\/\/ski.inmontanis.info\/d\/212743-3\/DSC02138_001.jpg \/><\/a><br \/>\n^ Marchisio-St\u00fctzen-Detail<\/p>\n<p><a href='http:\/\/ski.inmontanis.info\/d\/212748-2\/DSC02139.jpg'><img src=http:\/\/ski.inmontanis.info\/d\/212747-3\/DSC02139.jpg \/><\/a><br \/>\n^ ESL, oberer Teil<\/p>\n<p><a href='http:\/\/ski.inmontanis.info\/d\/212752-2\/DSC02145.jpg'><img src=http:\/\/ski.inmontanis.info\/d\/212751-3\/DSC02145.jpg \/><\/a><br \/>\n^ ESL mit Blick ins Flachland<\/p>\n<p><a href='http:\/\/ski.inmontanis.info\/d\/212756-2\/DSC02147.jpg'><img src=http:\/\/ski.inmontanis.info\/d\/212755-3\/DSC02147.jpg \/><\/a><br \/>\n^ Blick zum Gipfel, der einst noch mit einem SL erschlossen war (siehe Bericht vom letzten Jahr)<\/p>\n<p><a href='http:\/\/ski.inmontanis.info\/d\/212760-2\/DSC02148.jpg'><img src=http:\/\/ski.inmontanis.info\/d\/212759-3\/DSC02148.jpg \/><\/a><br \/>\n^ Start der Abfahrt am ESL mit Blick in die Po-Ebene<\/p>\n<p><a href='http:\/\/ski.inmontanis.info\/d\/212764-2\/DSC02150.jpg'><img src=http:\/\/ski.inmontanis.info\/d\/212763-3\/DSC02150.jpg \/><\/a><br \/>\n^ Eine der rechten Abfahrten am ESL. Schauen meist auch nachmittags noch so gut aus.<\/p>\n<p><a href='http:\/\/ski.inmontanis.info\/d\/212768-2\/DSC02151.jpg'><img src=http:\/\/ski.inmontanis.info\/d\/212767-3\/DSC02151.jpg \/><\/a><br \/>\n^ Eine der rechten Abfahrten am ESL<\/p>\n<p><a href='http:\/\/ski.inmontanis.info\/d\/212772-2\/DSC02153.jpg'><img src=http:\/\/ski.inmontanis.info\/d\/212771-3\/DSC02153.jpg \/><\/a><br \/>\n^ Ex-SL Lusera, schon seit vielen Jahren stillgelegt. Aber immer noch im Plan<\/p>\n<p><a href='http:\/\/ski.inmontanis.info\/d\/212776-2\/DSC02488.jpg'><img src=http:\/\/ski.inmontanis.info\/d\/212775-3\/DSC02488.jpg \/><\/a><br \/>\n^ Ex-SL Lusera<\/p>\n<p><a href='http:\/\/ski.inmontanis.info\/d\/212780-2\/DSC02157.jpg'><img src=http:\/\/ski.inmontanis.info\/d\/212779-3\/DSC02157.jpg \/><\/a><br \/>\n^ Untere ESL-Abfahrt<\/p>\n<p><a href='http:\/\/ski.inmontanis.info\/d\/212784-2\/DSC02158.jpg'><img src=http:\/\/ski.inmontanis.info\/d\/212783-3\/DSC02158.jpg \/><\/a><br \/>\n^ DSB-ESL. Leider entsprechen die Farben der St\u00fctze nicht der Wirklichkeit, w\u00e4r aber doch sch\u00f6n, so knallig :)<\/p>\n<p><a href='http:\/\/ski.inmontanis.info\/d\/212788-2\/DSC02160.jpg'><img src=http:\/\/ski.inmontanis.info\/d\/212787-3\/DSC02160.jpg \/><\/a><br \/>\n^ SL Baby am Fu\u00df des Monte Moro + ESL + DSB<\/p>\n<p><a href='http:\/\/ski.inmontanis.info\/d\/212792-2\/DSC02167.jpg'><img src=http:\/\/ski.inmontanis.info\/d\/212791-3\/DSC02167.jpg \/><\/a><br \/>\n^ ESL. Hier ein Korblift w\u00e4r schon auch nett.<\/p>\n<p><a href='http:\/\/ski.inmontanis.info\/d\/212796-2\/DSC02168.jpg'><img src=http:\/\/ski.inmontanis.info\/d\/212795-3\/DSC02168.jpg \/><\/a><br \/>\n^ ESL<\/p>\n<p><a href='http:\/\/ski.inmontanis.info\/d\/212800-2\/DSC02170.jpg'><img src=http:\/\/ski.inmontanis.info\/d\/212799-3\/DSC02170.jpg \/><\/a><br \/>\n^ ESL, oberer Teil<\/p>\n<p><a href='http:\/\/ski.inmontanis.info\/d\/212804-2\/DSC02171.jpg'><img src=http:\/\/ski.inmontanis.info\/d\/212803-3\/DSC02171.jpg \/><\/a><br \/>\n^ ESL Bergstation. Normalerweise geht man allerdings nach rechts weg und kreuzt die Spur<\/p>\n<p><a href='http:\/\/ski.inmontanis.info\/d\/212808-2\/DSC02491.jpg'><img src=http:\/\/ski.inmontanis.info\/d\/212807-3\/DSC02491.jpg \/><\/a><br \/>\n^ ESL Bergstation und Pano in die Ebene samt Monviso (IR)<\/p>\n<p><a href='http:\/\/ski.inmontanis.info\/d\/212812-2\/DSC02492.jpg'><img src=http:\/\/ski.inmontanis.info\/d\/212811-3\/DSC02492.jpg \/><\/a><br \/>\n^ ESL Bergstation und Pano in die Ebene (IR)<\/p>\n<p><a href='http:\/\/ski.inmontanis.info\/d\/212816-2\/DSC02173.jpg'><img src=http:\/\/ski.inmontanis.info\/d\/212815-3\/DSC02173.jpg \/><\/a><br \/>\n^ ESL Bergstation und Po-Ebene<\/p>\n<p><a href='http:\/\/ski.inmontanis.info\/d\/212820-2\/DSC02175.jpg'><img src=http:\/\/ski.inmontanis.info\/d\/212819-3\/DSC02175.jpg \/><\/a><br \/>\n^ ESL Bergstation und Po-Ebene<\/p>\n<p><a href='http:\/\/ski.inmontanis.info\/d\/212824-2\/DSC02179.jpg'><img src=http:\/\/ski.inmontanis.info\/d\/212823-3\/DSC02179.jpg \/><\/a><br \/>\n^ ESL-Strecke im Zoom<\/p>\n<p><a href='http:\/\/ski.inmontanis.info\/d\/212828-2\/DSC02180.jpg'><img src=http:\/\/ski.inmontanis.info\/d\/212827-3\/DSC02180.jpg \/><\/a><br \/>\n^ ESL Bergstation<\/p>\n<p><a href='http:\/\/ski.inmontanis.info\/d\/212832-2\/DSC02182.jpg'><img src=http:\/\/ski.inmontanis.info\/d\/212831-3\/DSC02182.jpg \/><\/a><br \/>\n^ Die linke Abfahrt am ESL. Das Offpiste-St\u00fcck in Verl\u00e4ngerung oben war zwar nicht so toll heut, aber fahrbar.<\/p>\n<p><a href='http:\/\/ski.inmontanis.info\/d\/212836-2\/DSC02183.jpg'><img src=http:\/\/ski.inmontanis.info\/d\/212835-3\/DSC02183.jpg \/><\/a><br \/>\n^ Graffer-DSB Paskireaux und Marchisio-ESL<\/p>\n<p><a href='http:\/\/ski.inmontanis.info\/d\/212840-2\/DSC02185.jpg'><img src=http:\/\/ski.inmontanis.info\/d\/212839-3\/DSC02185.jpg \/><\/a><br \/>\n^ DSB-ESL und kleiner Schneiteich<\/p>\n<p><a href='http:\/\/ski.inmontanis.info\/d\/212844-2\/DSC02187.jpg'><img src=http:\/\/ski.inmontanis.info\/d\/212843-3\/DSC02187.jpg \/><\/a><br \/>\n^ An einer Stelle ist der ESL recht winzig im Vergleich zur DSB. \u00c4hnlich w\u00e4re es wohl zwischen einer 8EUB und einer DSB. Oder einer 3S und einer 8EUB ..<\/p>\n<p><a href='http:\/\/ski.inmontanis.info\/d\/212848-2\/DSC02189.jpg'><img src=http:\/\/ski.inmontanis.info\/d\/212847-3\/DSC02189.jpg \/><\/a><br \/>\n^ Ok, die DSB-St\u00fctze ist hier schon relativ hoch.<\/p>\n<p><a href='http:\/\/ski.inmontanis.info\/d\/212852-2\/DSC02192.jpg'><img src=http:\/\/ski.inmontanis.info\/d\/212851-3\/DSC02192.jpg \/><\/a><br \/>\n^ ESL auf Retro<\/p>\n<p><a href='http:\/\/ski.inmontanis.info\/d\/212856-2\/DSC02194.jpg'><img src=http:\/\/ski.inmontanis.info\/d\/212855-3\/DSC02194.jpg \/><\/a><br \/>\n^ ESL-St\u00fctze, mal wieder am Farbregler gespielt<\/p>\n<p><a href='http:\/\/ski.inmontanis.info\/d\/212860-2\/DSC02497.jpg'><img src=http:\/\/ski.inmontanis.info\/d\/212859-3\/DSC02497.jpg \/><\/a><br \/>\n^ Start der ESL-Abfahrt mit Blick in die Po-Ebene und zum Monviso (IR)<\/p>\n<p><a href='http:\/\/ski.inmontanis.info\/d\/212864-2\/DSC02196.jpg'><img src=http:\/\/ski.inmontanis.info\/d\/212863-3\/DSC02196.jpg \/><\/a><br \/>\n^ Ex-SL Lusera<\/p>\n<p><a href='http:\/\/ski.inmontanis.info\/d\/212868-2\/DSC02197.jpg'><img src=http:\/\/ski.inmontanis.info\/d\/212867-3\/DSC02197.jpg \/><\/a><br \/>\n^ Ex-SL Lusera. Sorry, hab&#8217;s heut gern knallig bunt. Nebenbei: Oben fehlen ein paar Rollen.<\/p>\n<p><a href='http:\/\/ski.inmontanis.info\/d\/212872-2\/DSC02200.jpg'><img src=http:\/\/ski.inmontanis.info\/d\/212871-3\/DSC02200.jpg \/><\/a><br \/>\n^ Eine der rechten Abfahrten am ESL zu Mittag. Es fahren halt leider viel zu wenig hier rauf. Und da es oben 3-4 Abfahrten gibt &#8211; immer leer, immer toller Schnee.<\/p>\n<p><a href='http:\/\/ski.inmontanis.info\/d\/212876-2\/DSC02201.jpg'><img src=http:\/\/ski.inmontanis.info\/d\/212875-3\/DSC02201.jpg \/><\/a><br \/>\n^ Eine der rechten Abfahrten am ESL zu Mittag<\/p>\n<p><a href='http:\/\/ski.inmontanis.info\/d\/212880-2\/DSC02206.jpg'><img src=http:\/\/ski.inmontanis.info\/d\/212879-3\/DSC02206.jpg \/><\/a><br \/>\n^ Warum man die SL-St\u00fctze (SL parallel zum ESL bis auf mittlerer H\u00f6he) abges\u00e4gt hat, um sie dann doch nur liegen zu lassen&#8230;<\/p>\n<p><a href='http:\/\/ski.inmontanis.info\/d\/212884-2\/DSC02211.jpg'><img src=http:\/\/ski.inmontanis.info\/d\/212883-3\/DSC02211.jpg \/><\/a><br \/>\n^ ESL-DSB<\/p>\n<p><a href='http:\/\/ski.inmontanis.info\/d\/212888-2\/DSC02214.jpg'><img src=http:\/\/ski.inmontanis.info\/d\/212887-3\/DSC02214.jpg \/><\/a><br \/>\n^ Ex-SL Lusera<\/p>\n<p><a href='http:\/\/ski.inmontanis.info\/d\/212892-2\/DSC02216.jpg'><img src=http:\/\/ski.inmontanis.info\/d\/212891-3\/DSC02216.jpg \/><\/a><br \/>\n^ Ex-SL Lusera. Schon echt schad, dass der fehlt, da der die besten Abfahrtsst\u00fccke rechts am ESL erschlie\u00dfen w\u00fcrde.<\/p>\n<p>&#8211;<\/p>\n<p><a href='http:\/\/ski.inmontanis.info\/d\/212584-2\/DSC02225.jpg'><img src=http:\/\/ski.inmontanis.info\/d\/212583-3\/DSC02225.jpg \/><\/a><br \/>\n^ Auffahrt nach Artesina<\/p>\n<p><a href='http:\/\/ski.inmontanis.info\/d\/212588-2\/DSC02228.jpg'><img src=http:\/\/ski.inmontanis.info\/d\/212587-3\/DSC02228.jpg \/><\/a><br \/>\n^ Parkplatz in Artesina. Wusste es leider nicht besser &#8211; aber man sollte weiterfahren, weiter oben links sind noch weitere Parkpl\u00e4tze, bei denen man vmtl. nicht so viel zu Fu\u00df gehen muss.<\/p>\n<p><a href='http:\/\/ski.inmontanis.info\/d\/212592-2\/DSC02230.jpg'><img src=http:\/\/ski.inmontanis.info\/d\/212591-3\/DSC02230.jpg \/><\/a><br \/>\n^ DSB und 4SB in Artesina. Dahinter evtl. eine alte Abfahrts- oder Liftschneise?<\/p>\n<p><a href='http:\/\/ski.inmontanis.info\/d\/212596-2\/DSC02231.jpg'><img src=http:\/\/ski.inmontanis.info\/d\/212595-3\/DSC02231.jpg \/><\/a><br \/>\n^ DSB Trucca Turra<\/p>\n<p><a href='http:\/\/ski.inmontanis.info\/d\/212600-2\/DSC02233.jpg'><img src=http:\/\/ski.inmontanis.info\/d\/212599-3\/DSC02233.jpg \/><\/a><br \/>\n^ Blick von der DSB Trucca Turra zur 4SB usw.<\/p>\n<p><a href='http:\/\/ski.inmontanis.info\/d\/212604-2\/DSC02237.jpg'><img src=http:\/\/ski.inmontanis.info\/d\/212603-3\/DSC02237.jpg \/><\/a><br \/>\n^ SL Turra und Offpistegel\u00e4nde. Schaut egtl. gar nicht so schlecht aus, k\u00f6nnte man auch mal fahren.<\/p>\n<p><a href='http:\/\/ski.inmontanis.info\/d\/212608-2\/DSC02241.jpg'><img src=http:\/\/ski.inmontanis.info\/d\/212607-3\/DSC02241.jpg \/><\/a><br \/>\n^ SL Turra, wie \u00fcblich ist die linke Abfahrt inexistent.<\/p>\n<p><a href='http:\/\/ski.inmontanis.info\/d\/212612-2\/DSC02242.jpg'><img src=http:\/\/ski.inmontanis.info\/d\/212611-3\/DSC02242.jpg \/><\/a><br \/>\n^ DSB Rastello, selbst Sektion 2 ist heute nicht in Betrieb<\/p>\n<p><a href='http:\/\/ski.inmontanis.info\/d\/212616-2\/DSC02243.jpg'><img src=http:\/\/ski.inmontanis.info\/d\/212615-3\/DSC02243.jpg \/><\/a><br \/>\n^ Links der kultige SL Rocche Giardina. Rechts, oberhalb der 4SB, Doppel-SL Pogliola, wohl heuer nicht in Betrieb<\/p>\n<p><a href='http:\/\/ski.inmontanis.info\/d\/212620-2\/DSC02244.jpg'><img src=http:\/\/ski.inmontanis.info\/d\/212619-3\/DSC02244.jpg \/><\/a><br \/>\n^ Artesina und dar\u00fcber Prato Nevoso<\/p>\n<p><a href='http:\/\/ski.inmontanis.info\/d\/212624-2\/DSC02247.jpg'><img src=http:\/\/ski.inmontanis.info\/d\/212623-3\/DSC02247.jpg \/><\/a><br \/>\n^ Artesina<\/p>\n<p><a href='http:\/\/ski.inmontanis.info\/d\/212628-2\/DSC02248.jpg'><img src=http:\/\/ski.inmontanis.info\/d\/212627-3\/DSC02248.jpg \/><\/a><br \/>\n^ Stelvio-Feeling am SL Turra.<\/p>\n<p><a href='http:\/\/ski.inmontanis.info\/d\/212632-2\/DSC02251.jpg'><img src=http:\/\/ski.inmontanis.info\/d\/212631-3\/DSC02251.jpg \/><\/a><br \/>\n^ SL Turra. R\u00fcckseitig sehr alpin &#8230;<\/p>\n<p><a href='http:\/\/ski.inmontanis.info\/d\/212636-2\/DSC02253.jpg'><img src=http:\/\/ski.inmontanis.info\/d\/212635-3\/DSC02253.jpg \/><\/a><br \/>\n^ .. Vorderseitig offen ins Flachland. SL Turra<\/p>\n<p><a href='http:\/\/ski.inmontanis.info\/d\/212640-2\/DSC02505.jpg'><img src=http:\/\/ski.inmontanis.info\/d\/212639-3\/DSC02505.jpg \/><\/a><br \/>\n^ SL Turra vs. Fels-Gipfel<\/p>\n<p><a href='http:\/\/ski.inmontanis.info\/d\/212644-2\/DSC02506.jpg'><img src=http:\/\/ski.inmontanis.info\/d\/212643-3\/DSC02506.jpg \/><\/a><br \/>\n^ Freeride-Spuren am Mondol\u00e9. Da wenn eine Bahn raufgehen w\u00fcrde, h\u00e4tte man einen tollen Blick auf&#8217;s Mittelmeer!<\/p>\n<p><a href='http:\/\/ski.inmontanis.info\/d\/212648-2\/DSC02256.jpg'><img src=http:\/\/ski.inmontanis.info\/d\/212647-3\/DSC02256.jpg \/><\/a><br \/>\n^ Ex-Br\u00fccke am SL Turra<\/p>\n<p><a href='http:\/\/ski.inmontanis.info\/d\/212652-2\/DSC02259.jpg'><img src=http:\/\/ski.inmontanis.info\/d\/212651-3\/DSC02259.jpg \/><\/a><br \/>\n^ SL Cima Durand mit alpinem Hintergrund<\/p>\n<p><a href='http:\/\/ski.inmontanis.info\/d\/212656-2\/DSC02263.jpg'><img src=http:\/\/ski.inmontanis.info\/d\/212655-3\/DSC02263.jpg \/><\/a><br \/>\n^ DSB Mondol\u00e9<\/p>\n<p><a href='http:\/\/ski.inmontanis.info\/d\/212660-2\/DSC02266.jpg'><img src=http:\/\/ski.inmontanis.info\/d\/212659-3\/DSC02266.jpg \/><\/a><br \/>\n^ SL Cima Durand mit alpinem Hintergrund<\/p>\n<p><a href='http:\/\/ski.inmontanis.info\/d\/212664-2\/DSC02267.jpg'><img src=http:\/\/ski.inmontanis.info\/d\/212663-3\/DSC02267.jpg \/><\/a><br \/>\n^ SL Rocche Giardina, steht leider auf der Abschussliste<\/p>\n<p><a href='http:\/\/ski.inmontanis.info\/d\/212668-2\/DSC02270.jpg'><img src=http:\/\/ski.inmontanis.info\/d\/212667-3\/DSC02270.jpg \/><\/a><br \/>\n^ SL Rocche Giardina<\/p>\n<p><a href='http:\/\/ski.inmontanis.info\/d\/212672-2\/DSC02273.jpg'><img src=http:\/\/ski.inmontanis.info\/d\/212671-3\/DSC02273.jpg \/><\/a><br \/>\n^ SL Rocche Giardina<\/p>\n<p><a href='http:\/\/ski.inmontanis.info\/d\/212676-2\/DSC02274.jpg'><img src=http:\/\/ski.inmontanis.info\/d\/212675-3\/DSC02274.jpg \/><\/a><br \/>\n^ SL Rocche Giardina<\/p>\n<p><a href='http:\/\/ski.inmontanis.info\/d\/212680-2\/DSC02275.jpg'><img src=http:\/\/ski.inmontanis.info\/d\/212679-3\/DSC02275.jpg \/><\/a><br \/>\n^ SL Rocche Giardina. Bliebe zu hoffen, dass der Ersatzlift weiter hinauf gebaut w\u00fcrde&#8230;<\/p>\n<p><a href='http:\/\/ski.inmontanis.info\/d\/212684-2\/DSC02276.jpg'><img src=http:\/\/ski.inmontanis.info\/d\/212683-3\/DSC02276.jpg \/><\/a><br \/>\n^ SL Rocche Giardina mit Br\u00fccke<\/p>\n<p><a href='http:\/\/ski.inmontanis.info\/d\/212688-2\/DSC02277.jpg'><img src=http:\/\/ski.inmontanis.info\/d\/212687-3\/DSC02277.jpg \/><\/a><br \/>\n^ SL Rocche Giardina vs. Po-Ebene<\/p>\n<p><a href='http:\/\/ski.inmontanis.info\/d\/212692-2\/DSC02278.jpg'><img src=http:\/\/ski.inmontanis.info\/d\/212691-3\/DSC02278.jpg \/><\/a><br \/>\n^ SL Rocche Giardina vs. Skigebietsteil Prato Nevoso<\/p>\n<p><a href='http:\/\/ski.inmontanis.info\/d\/212696-2\/DSC02279.jpg'><img src=http:\/\/ski.inmontanis.info\/d\/212695-3\/DSC02279.jpg \/><\/a><br \/>\n^ SL Rocche Giardina mit hochalpiner Kulisse<\/p>\n<p><a href='http:\/\/ski.inmontanis.info\/d\/212700-2\/DSC02280.jpg'><img src=http:\/\/ski.inmontanis.info\/d\/212699-3\/DSC02280.jpg \/><\/a><br \/>\n^ SL Rocche Giardina<\/p>\n<p><a href='http:\/\/ski.inmontanis.info\/d\/212704-2\/DSC02281.jpg'><img src=http:\/\/ski.inmontanis.info\/d\/212703-3\/DSC02281.jpg \/><\/a><br \/>\n^ SL Rocche Giardina<\/p>\n<p><a href='http:\/\/ski.inmontanis.info\/d\/212708-2\/DSC02282.jpg'><img src=http:\/\/ski.inmontanis.info\/d\/212707-3\/DSC02282.jpg \/><\/a><br \/>\n^ SL Rocche Giardina<\/p>\n<p><a href='http:\/\/ski.inmontanis.info\/d\/212712-2\/DSC02283.jpg'><img src=http:\/\/ski.inmontanis.info\/d\/212711-3\/DSC02283.jpg \/><\/a><br \/>\n^ SL Rocche Giardina vs. Flachland<\/p>\n<p><a href='http:\/\/ski.inmontanis.info\/d\/212716-2\/DSC02286.jpg'><img src=http:\/\/ski.inmontanis.info\/d\/212715-3\/DSC02286.jpg \/><\/a><br \/>\n^ Mal ein Bild ohne Lift (Verbindungsabfahrt Prato Nevoso &#8211; Artesina; auch vom SL Rocche Giardina erreichbar, liegt tats\u00e4chlich sehr abgeschieden und still)<\/p>\n<p><a href='http:\/\/ski.inmontanis.info\/d\/212720-2\/DSC02287.jpg'><img src=http:\/\/ski.inmontanis.info\/d\/212719-3\/DSC02287.jpg \/><\/a><br \/>\n^ DSB Colletto im Vordergrund, dahinter 4SB, dahinter DSB Mondole<\/p>\n<p><a href='http:\/\/ski.inmontanis.info\/d\/212724-2\/DSC02289.jpg'><img src=http:\/\/ski.inmontanis.info\/d\/212723-3\/DSC02289.jpg \/><\/a><br \/>\n^ DSB Colletto, ganz oben Doppel-SL Turra und rechts die Felswand hinauf, die DSB Trucca Turra<\/p>\n<p><a href='http:\/\/ski.inmontanis.info\/d\/212728-2\/DSC02291.jpg'><img src=http:\/\/ski.inmontanis.info\/d\/212727-3\/DSC02291.jpg \/><\/a><br \/>\n^ Fluchttreppen ;-)<\/p>\n<p>Noch ein paar Filmsequenzen, insb. zum ESL und dem SL Rocche Giardina:<br \/>\n<object style=\"height: 500px; width: 900px\"><param name=\"movie\" value=\"http:\/\/www.youtube.com\/v\/KpEaiyXnqac\"><\/param><param name=\"wmode\" value=\"transparent\"><\/param><embed src=\"http:\/\/www.youtube.com\/v\/KpEaiyXnqac\" type=\"application\/x-shockwave-flash\" wmode=\"transparent\"  width=\"900\" height=\"480\"><\/embed><\/object><\/p>\n<p>Gegen 16 Uhr h\u00f6rte ich auf, nahm noch eine Pizza an der Talstation der DSB Trucca Turra mit (mit Ski auf der Schulter und Pizzakarton in der Hand bin ich auch noch nie zum Auto gelaufen) und fuhr gegen 16:45 ab, wobei ich wieder die mautm\u00e4\u00dfig g\u00fcnstige Variante Alba-Asti-Mailand-St.Moritz fuhr. In Mailand gab&#8217;s links rum Stau lt. Display, so dass ich rechts rum fuhr, bl\u00f6derweise muss man auf der Ost-(Nord-)Tangente ganz oben pl\u00f6tzlich 1,90 Maut zahlen <em>(das werd ich die n\u00e4chsten Wochenenden noch verbessert haben)<\/em>. Auf der Westtangente kommt man gratis durch. Ein bissl Stau hatte ich zwar auch, ging aber. Mit einem kurzen Tankstopp war ich dann um 0:45 Uhr daheim. Jetzt ein paar Tage arbeiten und dann, wenn&#8217;s Wetter passt, geht&#8217;s n\u00e4chstes WE wieder in die Gegend&#8230;<br \/>\n<em>(Genauer gesagt waren&#8217;s dann sogar nur 2 Tage, denn am Freitag war ich schon wieder im Piemont.)<\/em><\/p>\n","protected":false},"excerpt":{"rendered":"<p>Di, 15.3.2016 Frabosa+Artesina (Mondol\u00e9)<\/p>\n<p>So, heute endlich mal vern\u00fcnftiges Wetter und ein vern\u00fcnftiges Skigebiet, lange hat&#8217;s gedauert, der 60. Skitag der Saison!<\/p>\n<p>Mondol\u00e9 z\u00e4hlt, insb. wegen seiner Teilgebiete Frabosa-Monte Moro und Artesina momentan f\u00fcr mich zu den besten Skigebieten Italiens und rangiert &#8211; eben weil der ESL der f\u00fcr mich beste Lift ist &#8211; auch <a href=\"http:\/\/blog.inmontanis.info\/?p=3781\">[&#8230;]<\/a><\/p>\n","protected":false},"author":1,"featured_media":0,"comment_status":"closed","ping_status":"closed","sticky":false,"template":"","format":"standard","meta":{"footnotes":""},"categories":[152,15,229,59,27],"tags":[38,35,91,80,45,47],"class_list":["post-3781","post","type-post","status-publish","format-standard","hentry","category-2016-03-italo-tripple","category-italienitaly","category-mondole","category-nostalgie","category-skifahren-winterskiing-winter","tag-dsb","tag-esl","tag-graffer","tag-marchisio","tag-see","tag-sl","odd"],"_links":{"self":[{"href":"http:\/\/blog.inmontanis.info\/index.php?rest_route=\/wp\/v2\/posts\/3781","targetHints":{"allow":["GET"]}}],"collection":[{"href":"http:\/\/blog.inmontanis.info\/index.php?rest_route=\/wp\/v2\/posts"}],"about":[{"href":"http:\/\/blog.inmontanis.info\/index.php?rest_route=\/wp\/v2\/types\/post"}],"author":[{"embeddable":true,"href":"http:\/\/blog.inmontanis.info\/index.php?rest_route=\/wp\/v2\/users\/1"}],"replies":[{"embeddable":true,"href":"http:\/\/blog.inmontanis.info\/index.php?rest_route=%2Fwp%2Fv2%2Fcomments&post=3781"}],"version-history":[{"count":2,"href":"http:\/\/blog.inmontanis.info\/index.php?rest_route=\/wp\/v2\/posts\/3781\/revisions"}],"predecessor-version":[{"id":3783,"href":"http:\/\/blog.inmontanis.info\/index.php?rest_route=\/wp\/v2\/posts\/3781\/revisions\/3783"}],"wp:attachment":[{"href":"http:\/\/blog.inmontanis.info\/index.php?rest_route=%2Fwp%2Fv2%2Fmedia&parent=3781"}],"wp:term":[{"taxonomy":"category","embeddable":true,"href":"http:\/\/blog.inmontanis.info\/index.php?rest_route=%2Fwp%2Fv2%2Fcategories&post=3781"},{"taxonomy":"post_tag","embeddable":true,"href":"http:\/\/blog.inmontanis.info\/index.php?rest_route=%2Fwp%2Fv2%2Ftags&post=3781"}],"curies":[{"name":"wp","href":"https:\/\/api.w.org\/{rel}","templated":true}]}}