{"id":3769,"date":"2016-03-12T22:37:52","date_gmt":"2016-03-12T21:37:52","guid":{"rendered":"http:\/\/blog.inmontanis.info\/?p=3769"},"modified":"2023-08-04T18:30:29","modified_gmt":"2023-08-04T16:30:29","slug":"oropabielmonte-12-3-2016","status":"publish","type":"post","link":"http:\/\/blog.inmontanis.info\/?p=3769","title":{"rendered":"Oropa+Bielmonte, 12.3.2016"},"content":{"rendered":"<p><em>Eigentlich h\u00e4tte ich ja im Februar oder M\u00e4rz eine Woche Appennin fahren wollen, inkl. Sizilien, da ich schon seit ein paar Jahren wieder auf den Etna fahren m\u00f6chte, aber es immer zu wenig Schnee hat, wenn ich dort hin m\u00f6chte. Leider so auch heuer. Also war die Frage: Trotzdem irgendwohin eine Woche fahren? Oder stattdessen besser die 5 Urlaubstage aufteilen auf verl\u00e4ngerte Wochenenden? H\u00e4tte den Vorteil, mehr fahren zu k\u00f6nnen: Mehr Tage, und mehr Skigebiete. Denn bekanntlich sind viele Skigebiete in Italien unter der Woche geschlossen.<\/p>\n<p>Schlussendlich war ich im M\u00e4rz dann an 3 Wochenenden jeweils 4 Tage unterwegs, dank Ostermontag und einem Zeitausgleichstag sogar nur 4 Urlaubstage verwendet, so dass ich nun noch Ende April \/ Anfang Mai einen Tag freinehmen k\u00f6nnte, so Wetter und Schnee passen.<\/em><\/p>\n<p><strong>Sa, 12.3.2016 &#8211; Teil 1: Oropa<\/strong><\/p>\n<p>Nachdem es nun endlich nochmal in den italienischen Alpen geschneit hatte und auch die letzten Skigebiete und mein Lieblings-ESL ge\u00f6ffnet sein sollte, ging es dieses WE ins Piemont. Wetter versprach erst sehr sonnig zu werden, wurde dann aber immer heruntergerechnet, so dass es nur Heute, am Samstag, und Dienstag richtig Sonne geben sollte, weshalb ich mir auch noch Mo+Di frei nahm.<\/p>\n<p>Von zu viel Sonne kann ich heute aber nicht berichten, nachmittags bekam ich sie kaum noch zu Gesicht&#8230;<\/p>\n<p>Da Oropa ja re-la-tiv kurz von Innsbruck anzufahren ist, wollte ich keine extra \u00dcbernachtung mehr vom Freitag auf Samstag zahlen; wobei ich temperaturm\u00e4\u00dfig im Bereich Comersee, was ca. auf der H\u00e4lfte der Fahrt lag (wenn ich \u00fcber St. Moritz fahren w\u00fcrde), im Auto h\u00e4tte \u00fcbernachten k\u00f6nnen und wollen. Da ich aber von Donnerstag auf Freitag etwas wenig geschlafen hatte, probierte ich einfach, ob ich um 19:30 Uhr einschlafen k\u00f6nnte. So gegen 20:30 war es dann wohl so weit, ansonsten w\u00e4re ich wieder aufgestanden und bis zum Comer See gefahren und h\u00e4tte im Auto geschlafen. Aber ich schlief ein und hatte mir zuvor den Wecker auf 2 Uhr gestellt, um um 2:30 Uhr wegfahren zu k\u00f6nnen. <\/p>\n<p>Die Wahl der Anfahrt \u00fcber St. Moritz anstelle meiner in den letzten Jahren so beliebten Bernardino-Varese-Variante hatte egtl. zwei Gr\u00fcnde:<\/p>\n<p>Erstens hab ich ja glaub letztes Jahr die f\u00fcr die S\u00fcd\/Meeralpen mautg\u00fcnstige Variante Moritz-Milano-Alba f\u00fcr mich entdeckt (ca. 11,30 statt 22,60 \u20ac Maut und lt. Routenplaner nur ca. eine halbe Stunde l\u00e4nger und weniger km).<\/p>\n<p>Zweitens hatte ich momentan keine Pl\u00e4ne, nochmal diesen Winter nach Frankreich zu fahren. Und selbst im Sommer w\u00fcrde ich nur nach Frankreich fahren wollen, wenn AdH Sommerski anbietet. Ansonsten w\u00fcrde ich mit der Sommersaisonkarte in Tux mehr Spa\u00df haben als in L2A oder Tignes. Somit k\u00f6nnte ich mir heuer die Schweizer Vignette auch gleich ganz sparen. (Und die Sommerskigebiete in Frankreich kann man im Sommer auch ohne die Autobahn nach Genf anfahren.) <\/p>\n<p>(F\u00fcr Oropa heute bedeutete die Moritz-Maloja-Variante allerdings etwas mehr Maut &#8230;)<\/p>\n<p>Mein letzer Besuch in Oropa war am 1.1.2013. Irgendwann war der Korblift ja glaub ich auch mal geschlossen und dann das Skigebiet auf &#8220;Freeride&#8221; umgemodelt worden, seitdem hatte ich keine gro\u00dfe Lust mehr, und es gab auch nur schwer Infos auf der Homepage, ob es gerade Skibetrieb gab. Dieses Jahr h\u00e4tte ich egtl. irgendwann mit Kaliningrad herfahren wollen, aber auf der Homepage schrieb man, dass evtl. dieses WE das letzte Ski-WE sein w\u00fcrde, wenn es nicht nochmal schneien w\u00fcrde&#8230;<\/p>\n<p>(Fotos anklicken zum Vergr\u00f6\u00dfern)<\/p>\n<p><a href='http:\/\/extra.inmontanis.info\/d\/34796-2\/ge201603route2.jpg'><img src=http:\/\/extra.inmontanis.info\/d\/34795-3\/ge201603route2.jpg \/><\/a><br \/>\n^ Meine 3 verl\u00e4ngerten Italien-Wochenenden (\u00e0 4 Tage) im M\u00e4rz 2016 (mit kleinem Frankreich-Abstecher)<br \/>\nDunkelblau: WE 12.-15.3.2016<br \/>\nA) Oropa<br \/>\nB) Bielmonte<\/p>\n<p><a href='http:\/\/extra.inmontanis.info\/d\/34788-2\/DSC01749.jpg'><img src=http:\/\/extra.inmontanis.info\/d\/34787-3\/DSC01749.jpg \/><\/a><br \/>\n^ Die ewige Baustellenautobahn Mailand-Turin&#8230; (bin ich schon lang nicht mehr gefahren auf diesem St\u00fcck)<\/p>\n<p><a href='http:\/\/extra.inmontanis.info\/d\/34792-2\/DSC01750.jpg'><img src=http:\/\/extra.inmontanis.info\/d\/34791-3\/DSC01750.jpg \/><\/a><br \/>\n^ .. daf\u00fcr stellenweise jetzt sogar 4-spurig.<\/p>\n<p>Kann das sein, dass die erst von 2- auf 3-spurig ausgebaut wurde und gleich danach von vorne angefangen wurde, um sie jetzt von 3- auf 4-spurig auszubauen??<\/p>\n<p>Kurz vor 9 Uhr war ich in Oropa, leider keinen Parkplatz mehr direkt an der Gondel bekommen. Obwohl sie das F\u00f6rderband jetzt nicht mehr am Parkplatz, sondern an der Mittelstation haben, bleibt der gro\u00dfe Parkplatz unger\u00e4umt und somit unbenutzbar. Italien. Muss man nicht verstehen. Ich kaufte mir die Halbtageskarte um 17,- \u20ac, da die Schneemenge nicht so beachtlich war und ich nachmittags noch nach Bielmonte schauen wollte.<\/p>\n<p>Die erste Abfahrt am Korblift, unpr\u00e4pariert wohl schon allein aufgrund von Schneemangel, war auch relativ hart, mit der Zeit gab sich das dann halbwegs, wobei bereits bei der 2. Fahrt Quellwolken die Sicht beeintr\u00e4chtigten und hier und da f\u00fcr neblige Verh\u00e4ltnisse sorgten. Was hier ja nicht ungew\u00f6hnlich ist. Ansonsten ist unsereins ja nicht wg. der Abfahrt, sondern auch wg. des Panoramas aber haupts\u00e4chlich nat\u00fcrlich wg. des Korbliftes hier. Es gibt einfach keine Seilbahngattung, die dem Gef\u00fchl einer Fahrt mit einem Korblift nahe kommt. Sch\u00f6n, dass einer der l\u00e4ngsten und interessantesten Korblifte hier \u00fcberlebt hat in diesem &#8211; nennen wir es heute mal anders &#8211; anachronistischem Skigebiet. Wobei man leider aktuell ein paar Projekte hat, die auch die Modernisierung der Korbliftstationen beinhaltet. Naja, so lang uns der Korblift auch nur irgendwie erhalten bleibt, sollten wir uns gl\u00fccklich sch\u00e4tzen.<\/p>\n<p>Die Talabfahrt fuhr ich nur einmal zum Schluss, ging aber besser als erwartet (weiter oben gab es schon etwas Pappschnee, aber unten kam ja nun kaum mehr Sonne rein).<\/p>\n<p><a href='http:\/\/ski.inmontanis.info\/d\/211902-2\/DSC01760.jpg'><img src=http:\/\/ski.inmontanis.info\/d\/211901-3\/DSC01760.jpg \/><\/a><br \/>\n^ Man h\u00e4tte ja einen gro\u00dfen Parkplatz. Aber der wird im Winter nicht mehr ger\u00e4umt. Also m\u00fcssen die Leute an der Stra\u00dfe parken. Wo es nicht unbedingt erlaubt ist &#8230;<\/p>\n<p><a href='http:\/\/ski.inmontanis.info\/d\/211906-2\/DSC01761.jpg'><img src=http:\/\/ski.inmontanis.info\/d\/211905-3\/DSC01761.jpg \/><\/a><br \/>\n^ Pl\u00e4ne zur Versch\u00f6nerung der Korblift-Stationen<\/p>\n<p><a href='http:\/\/ski.inmontanis.info\/d\/211910-2\/DSC01762.jpg'><img src=http:\/\/ski.inmontanis.info\/d\/211909-3\/DSC01762.jpg \/><\/a><br \/>\n^ Pl\u00e4ne zur Versch\u00f6nerung. Die Talstation der Mucrone-PB ist ja mittlerweile weg.<\/p>\n<p><a href='http:\/\/ski.inmontanis.info\/d\/211914-2\/DSC01766.jpg'><img src=http:\/\/ski.inmontanis.info\/d\/211913-3\/DSC01766.jpg \/><\/a><br \/>\n^ PB<\/p>\n<p><a href='http:\/\/ski.inmontanis.info\/d\/211918-2\/DSC01769.jpg'><img src=http:\/\/ski.inmontanis.info\/d\/211917-3\/DSC01769.jpg \/><\/a><br \/>\n^ PB-St\u00fctze<\/p>\n<p><a href='http:\/\/ski.inmontanis.info\/d\/211922-2\/DSC01771.jpg'><img src=http:\/\/ski.inmontanis.info\/d\/211921-3\/DSC01771.jpg \/><\/a><br \/>\n^ PB-St\u00fctze<\/p>\n<p><a href='http:\/\/ski.inmontanis.info\/d\/211926-2\/DSC01772.jpg'><img src=http:\/\/ski.inmontanis.info\/d\/211925-3\/DSC01772.jpg \/><\/a><br \/>\n^ Talabfahrt an der PB<\/p>\n<p><a href='http:\/\/ski.inmontanis.info\/d\/211930-2\/DSC01773.jpg'><img src=http:\/\/ski.inmontanis.info\/d\/211929-3\/DSC01773.jpg \/><\/a><br \/>\n^ Ex-PB-Bergstation, hier wurde mittlerweile ein Plakat mit alten Fotos aufgeh\u00e4ngt.<\/p>\n<p><a href='http:\/\/ski.inmontanis.info\/d\/211934-2\/DSC01774.jpg'><img src=http:\/\/ski.inmontanis.info\/d\/211933-3\/DSC01774.jpg \/><\/a><br \/>\n^ Pl\u00e4ne zur Versch\u00f6nerung. Die Ex-Bergstation der Mucrone-PB soll zu einem Heli-Landeplatz umgebaut werden. \u00c4h, wozu m\u00fcssen dort oben Helis landen?<\/p>\n<p><a href='http:\/\/ski.inmontanis.info\/d\/211938-2\/DSC01775.jpg'><img src=http:\/\/ski.inmontanis.info\/d\/211937-3\/DSC01775.jpg \/><\/a><br \/>\n^ Talstation Korblift. Alles noch beim Alten. Puh, Gl\u00fcck gehabt ;-)<\/p>\n<p><a href='http:\/\/ski.inmontanis.info\/d\/211942-2\/DSC01778.jpg'><img src=http:\/\/ski.inmontanis.info\/d\/211941-3\/DSC01778.jpg \/><\/a><br \/>\n^ Bevor die Versch\u00f6nerungswelle kommt, lieber nochmal den aktuellen Status genie\u00dfen ;-)<\/p>\n<p><a href='http:\/\/ski.inmontanis.info\/d\/211946-2\/DSC01779.jpg'><img src=http:\/\/ski.inmontanis.info\/d\/211945-3\/DSC01779.jpg \/><\/a><br \/>\n^ Talstation Korblift und Ex-ESL-Talstation<\/p>\n<p><a href='http:\/\/ski.inmontanis.info\/d\/211950-2\/DSC01783.jpg'><img src=http:\/\/ski.inmontanis.info\/d\/211949-3\/DSC01783.jpg \/><\/a><br \/>\n^ Mucrone; die Ex-PB-Bergstation steht noch dort oben. Ob von den SL und der Slittovia noch was rumgammelt, wei\u00df ich nicht. Muss ne tolle Abfahrt gewesen sein, dort von der PB :-(<\/p>\n<p><a href='http:\/\/ski.inmontanis.info\/d\/211954-2\/DSC01785.jpg'><img src=http:\/\/ski.inmontanis.info\/d\/211953-3\/DSC01785.jpg \/><\/a><br \/>\n^ Korblift mit den beiden PB-Bergstationen vom Tal<\/p>\n<p><a href='http:\/\/ski.inmontanis.info\/d\/211958-2\/DSC01787.jpg'><img src=http:\/\/ski.inmontanis.info\/d\/211957-3\/DSC01787.jpg \/><\/a><br \/>\n^ Korblift Strecke und Abfahrt. War ungef\u00e4hr so gut zu fahren wie sie ausschaut :-(<\/p>\n<p>Ok, was f\u00e4llt uns an den K\u00f6rben noch auf? Sie haben keine Skik\u00f6cher mehr. Warum und wie auch immer man die abmontiert hat&#8230;<\/p>\n<p><a href='http:\/\/ski.inmontanis.info\/d\/211962-2\/DSC01791.jpg'><img src=http:\/\/ski.inmontanis.info\/d\/211961-3\/DSC01791.jpg \/><\/a><br \/>\n^ Ex-ESL-Fundamente<\/p>\n<p><a href='http:\/\/ski.inmontanis.info\/d\/211966-2\/DSC01793.jpg'><img src=http:\/\/ski.inmontanis.info\/d\/211965-3\/DSC01793.jpg \/><\/a><br \/>\n^ Pano und Abfahrt<\/p>\n<p><a href='http:\/\/ski.inmontanis.info\/d\/211970-2\/DSC01796.jpg'><img src=http:\/\/ski.inmontanis.info\/d\/211969-3\/DSC01796.jpg \/><\/a><br \/>\n^ Korblift oberer Teil. Das hier in Bildmitte zu sehende Offpiste-St\u00fcck bin ich dann sp\u00e4ter auch mal gefahren. Ansonsten war&#8217;s doch eher zweifelhaft, der Schnee heute.<\/p>\n<p><a href='http:\/\/ski.inmontanis.info\/d\/211974-2\/DSC01802.jpg'><img src=http:\/\/ski.inmontanis.info\/d\/211973-3\/DSC01802.jpg \/><\/a><br \/>\n^ An der Bergstation schaut&#8217;s immer nach viel Schnee aus. Und wer hat eigentlich die Station da links angeknabbert?<\/p>\n<p><a href='http:\/\/ski.inmontanis.info\/d\/211978-2\/DSC01803.jpg'><img src=http:\/\/ski.inmontanis.info\/d\/211977-3\/DSC01803.jpg \/><\/a><br \/>\n^ Pano mit Korblift<\/p>\n<p><a href='http:\/\/ski.inmontanis.info\/d\/211982-2\/DSC01804.jpg'><img src=http:\/\/ski.inmontanis.info\/d\/211981-3\/DSC01804.jpg \/><\/a><br \/>\n^ Pano ohne Korblift. Die Skifahrer- oder Schnee-Fangz\u00e4une sind auch nicht mehr da :-) Leider schlechte Fernsicht heute, S\u00fcdalpen waren nicht zu sehen.<\/p>\n<p><a href='http:\/\/ski.inmontanis.info\/d\/211986-2\/DSC01806.jpg'><img src=http:\/\/ski.inmontanis.info\/d\/211985-3\/DSC01806.jpg \/><\/a><br \/>\n^ Korblift-Bergstation und Rifugio<\/p>\n<p><a href='http:\/\/ski.inmontanis.info\/d\/211990-2\/DSC01807.jpg'><img src=http:\/\/ski.inmontanis.info\/d\/211989-3\/DSC01807.jpg \/><\/a><br \/>\n^ Pano mit Korblift. Alpenbogen nur mit IR etwas sichtbar, aber das hatte ich schon besser.<\/p>\n<p><a href='http:\/\/ski.inmontanis.info\/d\/211994-2\/DSC01809.jpg'><img src=http:\/\/ski.inmontanis.info\/d\/211993-3\/DSC01809.jpg \/><\/a><br \/>\n^ Toller Lift, tolles Pano. Nur die Abfahrt kann nicht ganz mithalten.<\/p>\n<p><a href='http:\/\/ski.inmontanis.info\/d\/211998-2\/DSC01811.jpg'><img src=http:\/\/ski.inmontanis.info\/d\/211997-3\/DSC01811.jpg \/><\/a><br \/>\n^ Abfahrt. Ein uriger Skiweg, viel mehr ist das leider nicht. Offpiste aufgrund des S\u00fcdhanges wohl auch nur selten gute Verh\u00e4ltnisse.<\/p>\n<p><a href='http:\/\/ski.inmontanis.info\/d\/212002-2\/DSC01812.jpg'><img src=http:\/\/ski.inmontanis.info\/d\/212001-3\/DSC01812.jpg \/><\/a><br \/>\n^ Stellenweise kann man den Abfahrtsweg mal abk\u00fcrzen und er ist auch nicht so flach. Die Abfahrt an der Mucrone-PB w\u00e4re aber sicherlich sportlicher gewesen.<\/p>\n<p><a href='http:\/\/ski.inmontanis.info\/d\/212006-2\/DSC01813.jpg'><img src=http:\/\/ski.inmontanis.info\/d\/212005-3\/DSC01813.jpg \/><\/a><br \/>\n^ Talstation Korblift<\/p>\n<p><a href='http:\/\/ski.inmontanis.info\/d\/212010-2\/DSC01814.jpg'><img src=http:\/\/ski.inmontanis.info\/d\/212009-3\/DSC01814.jpg \/><\/a><br \/>\n^ Talstation Korblift<\/p>\n<p><a href='http:\/\/ski.inmontanis.info\/d\/212014-2\/DSC01817.jpg'><img src=http:\/\/ski.inmontanis.info\/d\/212013-3\/DSC01817.jpg \/><\/a><br \/>\n^ Im Korblift<\/p>\n<p><a href='http:\/\/ski.inmontanis.info\/d\/212018-2\/DSC01819.jpg'><img src=http:\/\/ski.inmontanis.info\/d\/212017-3\/DSC01819.jpg \/><\/a><br \/>\n^ Korblift-Detail<\/p>\n<p><a href='http:\/\/ski.inmontanis.info\/d\/212022-2\/DSC01820.jpg'><img src=http:\/\/ski.inmontanis.info\/d\/212021-3\/DSC01820.jpg \/><\/a><br \/>\n^ Im Korblift<\/p>\n<p><a href='http:\/\/ski.inmontanis.info\/d\/212026-2\/DSC01823.jpg'><img src=http:\/\/ski.inmontanis.info\/d\/212025-3\/DSC01823.jpg \/><\/a><br \/>\n^ Korblift Bergstation<\/p>\n<p><a href='http:\/\/ski.inmontanis.info\/d\/212030-2\/DSC01829.jpg'><img src=http:\/\/ski.inmontanis.info\/d\/212029-3\/DSC01829.jpg \/><\/a><br \/>\n^ F\u00f6rderband an der Mittelstation. Wurde das von der Talstation hier rauf versetzt? Warum r\u00e4umt man dann nicht den Parkplatz?<\/p>\n<p><a href='http:\/\/ski.inmontanis.info\/d\/212034-2\/DSC01830.jpg'><img src=http:\/\/ski.inmontanis.info\/d\/212033-3\/DSC01830.jpg \/><\/a><br \/>\n^ Mittlerer Teil Korblift und Abfahrt<\/p>\n<p><a href='http:\/\/ski.inmontanis.info\/d\/212038-2\/DSC01832.jpg'><img src=http:\/\/ski.inmontanis.info\/d\/212037-3\/DSC01832.jpg \/><\/a><br \/>\n^ Mal wieder typisch hier, Quellwolken h\u00fcllen gleich alles in Nebel.<\/p>\n<p><a href='http:\/\/ski.inmontanis.info\/d\/212042-2\/DSC01835.jpg'><img src=http:\/\/ski.inmontanis.info\/d\/212041-3\/DSC01835.jpg \/><\/a><br \/>\n^ Steilstufe Korblift<\/p>\n<p><a href='http:\/\/ski.inmontanis.info\/d\/212046-2\/DSC01838.jpg'><img src=http:\/\/ski.inmontanis.info\/d\/212045-3\/DSC01838.jpg \/><\/a><br \/>\n^ Steilstufe Korblift mit Blick in die Ebene<\/p>\n<p><a href='http:\/\/ski.inmontanis.info\/d\/212050-2\/DSC01841.jpg'><img src=http:\/\/ski.inmontanis.info\/d\/212049-3\/DSC01841.jpg \/><\/a><br \/>\n^ Korblift-Geh\u00e4nge<\/p>\n<p><a href='http:\/\/ski.inmontanis.info\/d\/212054-2\/DSC01844.jpg'><img src=http:\/\/ski.inmontanis.info\/d\/212053-3\/DSC01844.jpg \/><\/a><br \/>\n^ Kleine Eiswasserf\u00e4lle<\/p>\n<p><a href='http:\/\/ski.inmontanis.info\/d\/212058-2\/DSC01845.jpg'><img src=http:\/\/ski.inmontanis.info\/d\/212057-3\/DSC01845.jpg \/><\/a><br \/>\n^ Steilstufe Korblift. Anscheinend ist oder war diese Plattform f\u00fcr Evakuierungen da?! Wobei die beiden unteren Plattformen ja inzwischen auch nicht mehr vorhanden sind..<\/p>\n<p>Anno 2006:<br \/>\n<a href='http:\/\/ski.inmontanis.info\/d\/32358-2\/P1030297.jpg'><img src=http:\/\/ski.inmontanis.info\/d\/32358-2\/P1030297.jpg \/><\/a><\/p>\n<p><a href='http:\/\/ski.inmontanis.info\/d\/212062-2\/DSC01851.jpg'><img src=http:\/\/ski.inmontanis.info\/d\/212061-3\/DSC01851.jpg \/><\/a><br \/>\n^ Marchisio-St\u00fctzen-Details<\/p>\n<p><a href='http:\/\/ski.inmontanis.info\/d\/212066-2\/DSC01852.jpg'><img src=http:\/\/ski.inmontanis.info\/d\/212065-3\/DSC01852.jpg \/><\/a><br \/>\n^ Korblift oberer Teil<\/p>\n<p><a href='http:\/\/ski.inmontanis.info\/d\/212070-2\/DSC01853.jpg'><img src=http:\/\/ski.inmontanis.info\/d\/212069-3\/DSC01853.jpg \/><\/a><br \/>\n^ Korblift vs. kleinem Offpiste-Gel\u00e4nde. Um 11:50 Uhr war&#8217;s schon fast wieder zu weich, es gab auch ein paar gr\u00f6\u00dfere L\u00f6cher. Naja..<\/p>\n<p><a href='http:\/\/ski.inmontanis.info\/d\/212074-2\/DSC01857.jpg'><img src=http:\/\/ski.inmontanis.info\/d\/212073-3\/DSC01857.jpg \/><\/a><br \/>\n^ Die omin\u00f6se Materialseilbahn<\/p>\n<p><a href='http:\/\/ski.inmontanis.info\/d\/212078-2\/DSC01859.jpg'><img src=http:\/\/ski.inmontanis.info\/d\/212077-3\/DSC01859.jpg \/><\/a><br \/>\n^ Die omin\u00f6se Materialseilbahn<\/p>\n<p><a href='http:\/\/ski.inmontanis.info\/d\/212082-2\/DSC01860.jpg'><img src=http:\/\/ski.inmontanis.info\/d\/212081-3\/DSC01860.jpg \/><\/a><br \/>\n^ Die omin\u00f6se Materialseilbahn &#8230; endet kurioserweise irgendwo im nirgendwo ein paar Meter \u00fcber der Stra\u00dfe\/Talabfahrt&#8230;?!<\/p>\n<p><a href='http:\/\/ski.inmontanis.info\/d\/212086-2\/DSC01862.jpg'><img src=http:\/\/ski.inmontanis.info\/d\/212085-3\/DSC01862.jpg \/><\/a><br \/>\n^ Blick von der Talabfahrt bergw\u00e4rts. Wenig Schnee heuer.<\/p>\n<p><a href='http:\/\/ski.inmontanis.info\/d\/212090-2\/DSC02027.jpg'><img src=http:\/\/ski.inmontanis.info\/d\/212089-3\/DSC02027.jpg \/><\/a><br \/>\n^ Skipass<\/p>\n<p><a href='http:\/\/ski.inmontanis.info\/d\/212094-2\/DSC02028.jpg'><img src=http:\/\/ski.inmontanis.info\/d\/212093-3\/DSC02028.jpg \/><\/a><br \/>\n^ Skipass<\/p>\n<p><a href='http:\/\/ski.inmontanis.info\/d\/212098-2\/ge20160312a.jpg'><img src=http:\/\/ski.inmontanis.info\/d\/212097-3\/ge20160312a.jpg \/><\/a><br \/>\n^ GPS-Track 12.3.2016, die PB-Bergfahrt ist etwas falsch drin. N\u00e4chstes Mal bleib ich wieder einen ganzen Tag und fahr auch die Talabfahrt \u00f6fters. Und vielleicht schau ich mir auch endlich mal den Verlauf der linken Abfahrt an &#8230;<\/p>\n<p>Noch ein kleines Filmchen:<br \/>\n<object style=\"height: 500px; width: 900px\"><param name=\"movie\" value=\"http:\/\/www.youtube.com\/v\/3VRruxFLoiY\"><\/param><param name=\"wmode\" value=\"transparent\"><\/param><embed src=\"http:\/\/www.youtube.com\/v\/3VRruxFLoiY\" type=\"application\/x-shockwave-flash\" wmode=\"transparent\"  width=\"900\" height=\"480\"><\/embed><\/object><\/p>\n<p><strong>12.3.2016 &#8211; Teil 2: Bielmonte<\/strong><\/p>\n<p>Um 12:30 Uhr war ich wieder am Auto und um 13:15 Uhr dann in Bielmonte, wo der g\u00fcnstigste Skipass die 4h-Karte um 24,- \u20ac ist. (Plus Pfand f\u00fcr die Keycard, wobei kein einziger Leser ein Display hat, man also genau auf die Uhr schauen muss, wenn man vormittags so eine Karte kauft. Da ich zudem am gro\u00dfen Parkplatz parkte und die Keycard am SL kaufte, zu dem man aber dann r\u00fcckw\u00e4rts nicht mehr hinkam, musste ich sp\u00e4ter noch nur Hauptkasse vor fahren um die Keycard einzul\u00f6sen, ach das nervt.)<\/p>\n<p>Der ESL schien nicht in Betrieb zu sein, so fuhr ich erst mal alles andere ab, hier und da leider Pappschnee und das Pano war heute leider inexistent. Ohne Panorama ist das Skigebiet hier doch etwas langweilig. Um 15 Uhr sah ich den ESL dann doch noch fahren, anscheinend fuhr er nur bei Bedarf? Somit hin und rauf. Oben an der Bergstation war dann der sonst \u00fcbliche Ausstieg (am &#8220;Schwimmbecken&#8221;) gesperrt, was meinerseits f\u00fcr etwas Verwirrung sorgte, weil die Route vor dem Haus von kaum einem Gast benutzt wurde. Werden wohl doch nur Fu\u00dfg\u00e4nger rauffahren, die dann gleich ins Restaurant gehen.<\/p>\n<p>Um 16:30 hab ich&#8217;s dann etwas fr\u00fchzeitig gelassen (Lifte laufen bis zT 17 Uhr), weil es bei dem Schnee und dem Pano auch keinen sonderlich gro\u00dfen Spa\u00df mehr gemacht hatte.<\/p>\n<p><a href='http:\/\/ski.inmontanis.info\/d\/211841-2\/DSC01864.jpg'><img src=http:\/\/ski.inmontanis.info\/d\/211840-3\/DSC01864.jpg \/><\/a><br \/>\n^ SL Buca di Forno<\/p>\n<p><a href='http:\/\/ski.inmontanis.info\/d\/211845-2\/DSC01868.jpg'><img src=http:\/\/ski.inmontanis.info\/d\/211844-3\/DSC01868.jpg \/><\/a><br \/>\n^ Blick von der DSB Dosso Grande zum SL Massaro<\/p>\n<p><a href='http:\/\/ski.inmontanis.info\/d\/211849-2\/DSC01873.jpg'><img src=http:\/\/ski.inmontanis.info\/d\/211848-3\/DSC01873.jpg \/><\/a><br \/>\n^ Tal-Berg-Tal-DSB<\/p>\n<p><a href='http:\/\/ski.inmontanis.info\/d\/211853-2\/DSC01875.jpg'><img src=http:\/\/ski.inmontanis.info\/d\/211852-3\/DSC01875.jpg \/><\/a><br \/>\n^ Die Nordseite der Tal-Berg-Tal-DSB<\/p>\n<p><a href='http:\/\/ski.inmontanis.info\/d\/211898-2\/DSC01878.jpg'><img src=http:\/\/ski.inmontanis.info\/d\/211897-3\/DSC01878.jpg \/><\/a><br \/>\n^ DSB Muschiera, leider nur eine Abfahrt und selbige heute auch eher pappig.<\/p>\n<p><a href='http:\/\/ski.inmontanis.info\/d\/211858-2\/DSC01879.jpg'><img src=http:\/\/ski.inmontanis.info\/d\/211857-3\/DSC01879.jpg \/><\/a><br \/>\n^ Die Nordseite der Tal-Berg-Tal-DSB<\/p>\n<p><a href='http:\/\/ski.inmontanis.info\/d\/211862-2\/DSC01880.jpg'><img src=http:\/\/ski.inmontanis.info\/d\/211861-3\/DSC01880.jpg \/><\/a><br \/>\n^ Nordseitige Talstation der Tal-Berg-Tal-DSB<\/p>\n<p><a href='http:\/\/ski.inmontanis.info\/d\/211866-2\/DSC01881.jpg'><img src=http:\/\/ski.inmontanis.info\/d\/211865-3\/DSC01881.jpg \/><\/a><br \/>\n^ S\u00fcdseite der Tal-Berg-Tal-DSB. Ohne Panorama in die Po-Ebene ist das Skigebiet leider doch recht langweilig.<\/p>\n<p><a href='http:\/\/ski.inmontanis.info\/d\/211870-2\/DSC01882.jpg'><img src=http:\/\/ski.inmontanis.info\/d\/211869-3\/DSC01882.jpg \/><\/a><br \/>\n^ ESL Monte Marca. Lief wohl eher f\u00fcr Fu\u00dfg\u00e4nger und auch nur auf Abruf.<\/p>\n<p><a href='http:\/\/ski.inmontanis.info\/d\/211874-2\/DSC01884.jpg'><img src=http:\/\/ski.inmontanis.info\/d\/211873-3\/DSC01884.jpg \/><\/a><br \/>\n^ Tal-Berg-Tal-DSB. Die SL rechts der DSB sind ja auch schon einige Jahre jetzt weg.<\/p>\n<p><a href='http:\/\/ski.inmontanis.info\/d\/211878-2\/DSC01885.jpg'><img src=http:\/\/ski.inmontanis.info\/d\/211877-3\/DSC01885.jpg \/><\/a><br \/>\n^ ESL Monte Marca Bergstation<\/p>\n<p><a href='http:\/\/ski.inmontanis.info\/d\/211882-2\/DSC01886.jpg'><img src=http:\/\/ski.inmontanis.info\/d\/211881-3\/DSC01886.jpg \/><\/a><br \/>\n^ ESL Monte Marca Bergstation<\/p>\n<p><a href='http:\/\/ski.inmontanis.info\/d\/211886-2\/DSC01887.jpg'><img src=http:\/\/ski.inmontanis.info\/d\/211885-3\/DSC01887.jpg \/><\/a><br \/>\n^ DSB Dosso Grande mit der steilsten Abfahrt des Skigebiets. Aber halt auch wieder &#8211; leider nur eine Abfahrt.<\/p>\n<p><a href='http:\/\/ski.inmontanis.info\/d\/211890-2\/ge20160312b.jpg'><img src=http:\/\/ski.inmontanis.info\/d\/211889-3\/ge20160312b.jpg \/><\/a><br \/>\n^ GPS-Track 12.3.2016. Bielmonte ist f\u00fcr die Gr\u00f6\u00dfe eines der wenigen Skigebiete, die Lifte in allen 4 Himmelsrichtungen haben.<\/p>\n<p><a href='http:\/\/ski.inmontanis.info\/d\/211894-2\/ge20160312c.jpg'><img src=http:\/\/ski.inmontanis.info\/d\/211893-3\/ge20160312c.jpg \/><\/a><br \/>\n^ Aufgelassene Lift- und Abfahrtstrasse. Ist wohl verschmerzbar. Mit jeweils einer zweiten Abfahrt an den DSBs Dosso Grande und Muschiera, sowie einer linken Variante an der nordseitigen Tal-Berg-Tal-DSB, k\u00f6nnte man das Skigebiet aber relativ einfach wesentlich interessanter machen.<\/p>\n<p>Gebucht hab ich gestern das 4-Sterne-Hotel Glicini nahe Pinerolo, wo ich schon 2x war, weil ich mir da &#8220;Fr\u00fchst\u00fcck ab 7 Uhr&#8221; (auf Nachfrage bei der Rezeption aber anscheinend schon ab 6:30) notiert hatte und es gleich s\u00fcdlich von Turin liegt, was mir morgen wetterbedingt alle M\u00f6glichkeiten offen l\u00e4sst. Zudem ist das Hotel via booking.com meist recht g\u00fcnstig um die +- 40,- \u20ac \u00dcF zu haben. Egtl. wollte ich morgen Pontechianale, aber sowohl dort wie auch in Crissolo war gestern f\u00fcr morgen eher Schnee gemeldet, die Alternativen von hier anfahrbar im 1-3h-Raster w\u00e4ren dann noch Sestriere, Ala di Stura oder sogar nach Frankreich, da es auch f\u00fcr Montag nicht so rosig werden soll.<\/p>\n<p>Wetter-Check im Internet &#8211; es nervt wie \u00fcblich, man wird nicht schlauer: 2 von 3 melden f\u00fcr morgen in all den genannten und weiteren Piemonteser Skigebieten so halbwegs brauchbares (trockenes, bedecktes, wenig sonniges) Wetter im Laufe des Tages, 1 von 3 eher ganztags leichten Schneefall. Montags 2 von 3 etwas besser, der dritte weiterhin leichten Schneefall. Die Alternative Frankreich sehen 2 von 3 recht oder sehr sonnig, nur 1 &#8211; und zwar ausgerechnet der franz\u00f6sische &#8211; melden aber nachmittags eher bedeckt mit leichtem Schneefall, also das Wetter, was 2\/3 f\u00fcr die Piemonteser Skigebiete melden.<\/p>\n<p>Also so ein Bl\u00f6dsinn mal wieder, es ist zum Verzweifeln. Zudem macht die Fahrt nach Frankreich ja egtl. nur Sinn, wenn ich auch den Montag noch in Frankreich bleibe. Dienstag w\u00e4re Frabosa angedacht, da es am DI dort am sonnigsten werden sollte. Eigentlich bin ich ja schon wg. den Piemonteser Skigebieten hier, aber Pontechianale und Crissolo waren in den letzten Jahren so Kandidaten, wenn man den Webberichten glauben schenken mag, die bei etwas schlechterem Wetter gern mal gar nicht aufgesperrt hatten &#8211; und auch ich fahr dann doch lieber an einem franz\u00f6sischen KSSL bei Sonne als bei bedecktem Wetter im Piemont ;)<\/p>\n<p>Die Entscheidung wird auf morgen fr\u00fch vertagt&#8230;<\/p>\n<p>(Fortsetzung folgt.)<\/p>\n","protected":false},"excerpt":{"rendered":"<p>Eigentlich h\u00e4tte ich ja im Februar oder M\u00e4rz eine Woche Appennin fahren wollen, inkl. Sizilien, da ich schon seit ein paar Jahren wieder auf den Etna fahren m\u00f6chte, aber es immer zu wenig Schnee hat, wenn ich dort hin m\u00f6chte. Leider so auch heuer. Also war die Frage: Trotzdem irgendwohin eine Woche fahren? Oder stattdessen <a href=\"http:\/\/blog.inmontanis.info\/?p=3769\">[&#8230;]<\/a><\/p>\n","protected":false},"author":1,"featured_media":0,"comment_status":"closed","ping_status":"closed","sticky":false,"template":"","format":"standard","meta":{"footnotes":""},"categories":[152,524,15,59,443,27],"tags":[38,35,63,80,52,47],"class_list":["post-3769","post","type-post","status-publish","format-standard","hentry","category-2016-03-italo-tripple","category-bielmonte","category-italienitaly","category-nostalgie","category-oropa","category-skifahren-winterskiing-winter","tag-dsb","tag-esl","tag-korblift","tag-marchisio","tag-pb","tag-sl","odd"],"_links":{"self":[{"href":"http:\/\/blog.inmontanis.info\/index.php?rest_route=\/wp\/v2\/posts\/3769","targetHints":{"allow":["GET"]}}],"collection":[{"href":"http:\/\/blog.inmontanis.info\/index.php?rest_route=\/wp\/v2\/posts"}],"about":[{"href":"http:\/\/blog.inmontanis.info\/index.php?rest_route=\/wp\/v2\/types\/post"}],"author":[{"embeddable":true,"href":"http:\/\/blog.inmontanis.info\/index.php?rest_route=\/wp\/v2\/users\/1"}],"replies":[{"embeddable":true,"href":"http:\/\/blog.inmontanis.info\/index.php?rest_route=%2Fwp%2Fv2%2Fcomments&post=3769"}],"version-history":[{"count":3,"href":"http:\/\/blog.inmontanis.info\/index.php?rest_route=\/wp\/v2\/posts\/3769\/revisions"}],"predecessor-version":[{"id":3772,"href":"http:\/\/blog.inmontanis.info\/index.php?rest_route=\/wp\/v2\/posts\/3769\/revisions\/3772"}],"wp:attachment":[{"href":"http:\/\/blog.inmontanis.info\/index.php?rest_route=%2Fwp%2Fv2%2Fmedia&parent=3769"}],"wp:term":[{"taxonomy":"category","embeddable":true,"href":"http:\/\/blog.inmontanis.info\/index.php?rest_route=%2Fwp%2Fv2%2Fcategories&post=3769"},{"taxonomy":"post_tag","embeddable":true,"href":"http:\/\/blog.inmontanis.info\/index.php?rest_route=%2Fwp%2Fv2%2Ftags&post=3769"}],"curies":[{"name":"wp","href":"https:\/\/api.w.org\/{rel}","templated":true}]}}