{"id":3764,"date":"2016-03-05T18:36:21","date_gmt":"2016-03-05T17:36:21","guid":{"rendered":"http:\/\/blog.inmontanis.info\/?p=3764"},"modified":"2023-08-06T21:41:23","modified_gmt":"2023-08-06T19:41:23","slug":"gerlosstein-rastkogel-5-3-2016","status":"publish","type":"post","link":"http:\/\/blog.inmontanis.info\/?p=3764","title":{"rendered":"Gerlosstein-Rastkogel, 5.3.2016"},"content":{"rendered":"<p>Am 5.3. war wieder einmal ein Sturmtag in Nordtirol. Ich entschied mich f\u00fcr Gerlosstein, da wollt ich heuer doch wenigstens noch ein zweites Mal rauf. Hier war der Wind zwar tw. auch stark, aber Lifte mussten keine eingestellt werden. Ich beobachtete aber immer wieder die Live-Skimaps, im Hauptgebiet der Zillertalarena waren hin und wieder immer mal wieder verschiedene Lifte gesperrt, max. 20 (Zell oben, Gerlos komplett, K\u00f6nigsleiten oben, Verbindung Gerlosplatte und dort ein paar Lifte). Kaltenbach ein paar Lifte (z.B. Verbindung Hochf\u00fcgen), Mayrhofen war ebenfalls teilweise was zu (z.B. Ahorn komplett, Finkenberg beide EUBs, ..), Eggalm-Rastkogel schien kein Problem, Hintertux dagegen komplett zu. Falls es jemand interessiert, ich h\u00e4tte Screenshots gemacht.<\/p>\n<p>(Fotos anklicken zum Vergr\u00f6\u00dfern)<\/p>\n<p><a href='http:\/\/ski.inmontanis.info\/d\/211701-2\/DSC01667.jpg'><img src=http:\/\/ski.inmontanis.info\/d\/211700-3\/DSC01667.jpg \/><\/a><br \/>\n^ Die lange DSB. Fuhr ich heute nicht oft, da ja die Abfahrt zur GPB offen war.<\/p>\n<p><a href='http:\/\/ski.inmontanis.info\/d\/211705-2\/DSC01668.jpg'><img src=http:\/\/ski.inmontanis.info\/d\/211704-3\/DSC01668.jpg \/><\/a><br \/>\n^ Blick ins bereits schon gr\u00fcne Zillertal<\/p>\n<p><a href='http:\/\/ski.inmontanis.info\/d\/211709-2\/DSC01669.jpg'><img src=http:\/\/ski.inmontanis.info\/d\/211708-3\/DSC01669.jpg \/><\/a><br \/>\n^ Blick ins bereits schon gr\u00fcne Zillertal<\/p>\n<p><a href='http:\/\/ski.inmontanis.info\/d\/211713-2\/DSC01670.jpg'><img src=http:\/\/ski.inmontanis.info\/d\/211712-3\/DSC01670.jpg \/><\/a><br \/>\n^ Talabfahrt zur PB mittlerweile offen und pr\u00e4pariert<\/p>\n<p><a href='http:\/\/ski.inmontanis.info\/d\/211717-2\/DSC01671.jpg'><img src=http:\/\/ski.inmontanis.info\/d\/211716-3\/DSC01671.jpg \/><\/a><br \/>\n^ Abfahrt DSB\/GPB mit Blick r\u00fcber nach Mayrhofen &#8211; dort war an eine Befahrung der Talskiroute leider nicht mehr zu denken :-(<\/p>\n<p><a href='http:\/\/ski.inmontanis.info\/d\/211721-2\/DSC01672.jpg'><img src=http:\/\/ski.inmontanis.info\/d\/211720-3\/DSC01672.jpg \/><\/a><br \/>\n^ Das f\u00fcr mich neu entdeckte Off-Piste-St\u00fcckchen.<\/p>\n<p><a href='http:\/\/ski.inmontanis.info\/d\/211725-2\/DSC01676.jpg'><img src=http:\/\/ski.inmontanis.info\/d\/211724-3\/DSC01676.jpg \/><\/a><br \/>\n^ Ganz sch\u00f6n windig war&#8217;s am ESL&#8230;<\/p>\n<p>Da ich aufgrund des st\u00e4rker werdenen Sturms nicht riskieren wollte, die ESL-Talfahrt zu verpassen, fuhr ich nachmittags noch Eggalm-Rastkogel r\u00fcber, wo das Wetter allerdings schlechter war und der Schnee ebenso und naja, mir ging&#8217;s haupts\u00e4chlich um die Talabfahrten und die beiden 4EUBs, und die konnte ich ja fahren. Wobei, egtl. h\u00e4tte ich nat\u00fcrlich die Talskiroute in Mayrhofen fahren wollen, aber der Neuschnee war unten schon wieder weg, heuer also leider verpasst, einmal wenn man mal wieder die TSC hat :-(<\/p>\n<p><a href='http:\/\/ski.inmontanis.info\/d\/211677-2\/DSC01677.jpg'><img src=http:\/\/ski.inmontanis.info\/d\/211676-3\/DSC01677.jpg \/><\/a><br \/>\n^ 4EUB Rastkogel<\/p>\n<p><a href='http:\/\/ski.inmontanis.info\/d\/211681-2\/DSC01678.jpg'><img src=http:\/\/ski.inmontanis.info\/d\/211680-3\/DSC01678.jpg \/><\/a><br \/>\n^ Rastkogel. Also diese Verk\u00fcrzung des SL regt mich ja so&#8217;was von auf. Nicht wg. dem oberen St\u00fcck, aber wg. dem unteren.  W\u00e4re gerne ein paar von den Steilh\u00e4ngen hier gefahren, aber ohne SL m\u00fcsste man mit der 8KSB wieder rauf, und darauf hatte ich keine Lust<\/p>\n<p><a href='http:\/\/ski.inmontanis.info\/d\/211685-2\/DSC01679.jpg'><img src=http:\/\/ski.inmontanis.info\/d\/211684-3\/DSC01679.jpg \/><\/a><br \/>\n^ Talabfahrt Eggalm, im Fr\u00fchjahr immer wieder ein Restschneevergn\u00fcgen ;-)<\/p>\n<p><a href='http:\/\/ski.inmontanis.info\/d\/211689-2\/DSC01684.jpg'><img src=http:\/\/ski.inmontanis.info\/d\/211688-3\/DSC01684.jpg \/><\/a><br \/>\n^ Talabfahrt Eggalm<\/p>\n<p><a href='http:\/\/ski.inmontanis.info\/d\/211693-2\/DSC01685.jpg'><img src=http:\/\/ski.inmontanis.info\/d\/211692-3\/DSC01685.jpg \/><\/a><br \/>\n^ 4EUB Eggalm<\/p>\n<p><a href='http:\/\/ski.inmontanis.info\/d\/211697-2\/DSC01688.jpg'><img src=http:\/\/ski.inmontanis.info\/d\/211696-3\/DSC01688.jpg \/><\/a><br \/>\n^ 4EUB Rastkogel mit Talstation \u00fcber dem Fluss<\/p>\n<p><a href='http:\/\/ski.inmontanis.info\/d\/211729-2\/ge20160305c.jpg'><img src=http:\/\/ski.inmontanis.info\/d\/211728-3\/ge20160305c.jpg \/><\/a><br \/>\n^ GPS-Track 5.3.2016 Gerlosstein und Rastkogel-Eggalm<\/p>\n","protected":false},"excerpt":{"rendered":"<p>Am 5.3. war wieder einmal ein Sturmtag in Nordtirol. Ich entschied mich f\u00fcr Gerlosstein, da wollt ich heuer doch wenigstens noch ein zweites Mal rauf. Hier war der Wind zwar tw. auch stark, aber Lifte mussten keine eingestellt werden. Ich beobachtete aber immer wieder die Live-Skimaps, im Hauptgebiet der Zillertalarena waren hin und wieder immer <a href=\"http:\/\/blog.inmontanis.info\/?p=3764\">[&#8230;]<\/a><\/p>\n","protected":false},"author":1,"featured_media":0,"comment_status":"closed","ping_status":"closed","sticky":false,"template":"","format":"standard","meta":{"footnotes":""},"categories":[908,893,25,13,27],"tags":[42,38,35],"class_list":["post-3764","post","type-post","status-publish","format-standard","hentry","category-gerlosstein","category-mayrhofen-rastkogel-eggalm","category-noreport","category-austria","category-skifahren-winterskiing-winter","tag-4eub","tag-dsb","tag-esl","odd"],"_links":{"self":[{"href":"http:\/\/blog.inmontanis.info\/index.php?rest_route=\/wp\/v2\/posts\/3764","targetHints":{"allow":["GET"]}}],"collection":[{"href":"http:\/\/blog.inmontanis.info\/index.php?rest_route=\/wp\/v2\/posts"}],"about":[{"href":"http:\/\/blog.inmontanis.info\/index.php?rest_route=\/wp\/v2\/types\/post"}],"author":[{"embeddable":true,"href":"http:\/\/blog.inmontanis.info\/index.php?rest_route=\/wp\/v2\/users\/1"}],"replies":[{"embeddable":true,"href":"http:\/\/blog.inmontanis.info\/index.php?rest_route=%2Fwp%2Fv2%2Fcomments&post=3764"}],"version-history":[{"count":1,"href":"http:\/\/blog.inmontanis.info\/index.php?rest_route=\/wp\/v2\/posts\/3764\/revisions"}],"predecessor-version":[{"id":3765,"href":"http:\/\/blog.inmontanis.info\/index.php?rest_route=\/wp\/v2\/posts\/3764\/revisions\/3765"}],"wp:attachment":[{"href":"http:\/\/blog.inmontanis.info\/index.php?rest_route=%2Fwp%2Fv2%2Fmedia&parent=3764"}],"wp:term":[{"taxonomy":"category","embeddable":true,"href":"http:\/\/blog.inmontanis.info\/index.php?rest_route=%2Fwp%2Fv2%2Fcategories&post=3764"},{"taxonomy":"post_tag","embeddable":true,"href":"http:\/\/blog.inmontanis.info\/index.php?rest_route=%2Fwp%2Fv2%2Ftags&post=3764"}],"curies":[{"name":"wp","href":"https:\/\/api.w.org\/{rel}","templated":true}]}}