{"id":3762,"date":"2016-02-28T18:34:54","date_gmt":"2016-02-28T17:34:54","guid":{"rendered":"http:\/\/blog.inmontanis.info\/?p=3762"},"modified":"2023-08-06T10:47:39","modified_gmt":"2023-08-06T08:47:39","slug":"venetsee-28-2-2016","status":"publish","type":"post","link":"http:\/\/blog.inmontanis.info\/?p=3762","title":{"rendered":"Venet+See, 28.2.2016"},"content":{"rendered":"<p>So langsam gehen mir doch die lohnenswerten Ziele in Tirol aus, aber es gab auch heute keine sinnvollen Alternativen &#8230;<\/p>\n<p>In See sind mittlerweile die Routen an der 8EUB offen, k\u00f6nnte man nochmal hin. Vormittags dann nochmal Kappl? Oder Venet? Probierte es am Venet, naja, hielt sich in Grenzen. S\u00fcdabfahrt bis Talstation war dann doch nicht (mehr) offen, aber fahrbar, aber morgens eben noch angefroren. Ansonsten viele mir zu harte Pistenst\u00fccke, kalt und windig war&#8217;s auch &#8211; kein Verglich zum Kitzb\u00fcheler Horn gestern. Gleiches galt dann auch f\u00fcr See, au\u00dfer die Talabfahrt, die war nachmittags sch\u00f6n weich und verbuckelt (lieber hohe Sulzbuckel als das &#8220;Kunsteis&#8221; vom letzten Mal). Skirouten ebenfalls sehr m\u00fc\u00dfig, teils br\u00fcchig&#8230;.<\/p>\n<p>(Fotos anklicken zum Vergr\u00f6\u00dfern)<\/p>\n<p><a href='http:\/\/ski.inmontanis.info\/d\/209925-2\/DSC01653.jpg'><img src=http:\/\/ski.inmontanis.info\/d\/209924-3\/DSC01653.jpg \/><\/a><br \/>\n^ Meine Lieblingsabfahrt am SL H\u00fcttenlift. Wenn der SL nur nicht so extrem lahm w\u00e4re.<\/p>\n<p><a href='http:\/\/ski.inmontanis.info\/d\/209929-2\/DSC01655.jpg'><img src=http:\/\/ski.inmontanis.info\/d\/209928-3\/DSC01655.jpg \/><\/a><br \/>\n^ S\u00fcdabfahrt unterer Teil zur Talstation &#8211; offiziell gesperrt, leider Schnee um die Zeit noch bl\u00f6d gefroren, ansonsten w\u00e4r ausreichend Schnee gewesen &#8230;<\/p>\n<p>&#8212;<\/p>\n<p><a href='http:\/\/ski.inmontanis.info\/d\/209905-2\/ge20160228c.jpg'><img src=http:\/\/ski.inmontanis.info\/d\/209904-3\/ge20160228c.jpg \/><\/a><br \/>\n^ GPS-Track 28.2. (gelb) + blau vom letzten Besuch<\/p>\n<p><a href='http:\/\/ski.inmontanis.info\/d\/209909-2\/DSC01657.jpg'><img src=http:\/\/ski.inmontanis.info\/d\/209908-3\/DSC01657.jpg \/><\/a><br \/>\n^ 8EUB Versing, mittlerweile alle Routen ge\u00f6ffnet, Schnee war leider nicht toll heute<\/p>\n<p><a href='http:\/\/ski.inmontanis.info\/d\/209913-2\/DSC01658.jpg'><img src=http:\/\/ski.inmontanis.info\/d\/209912-3\/DSC01658.jpg \/><\/a><br \/>\n^ Eine der beiden linken Skirouten an der 8EUB Versing (genauer: die ganz \u00e4u\u00dfere)<\/p>\n<p><a href='http:\/\/ski.inmontanis.info\/d\/209917-2\/DSC01660.jpg'><img src=http:\/\/ski.inmontanis.info\/d\/209916-3\/DSC01660.jpg \/><\/a><br \/>\n^ Schwarze Skiroute Adrenalin (die gabs glaub ich schon vor der 8EUB). Ordentlich steil (75% lt. Plan) und bei dem heutigen etwas br\u00fcchigen Schnee nicht spa\u00dfig.<\/p>\n<p><a href='http:\/\/ski.inmontanis.info\/d\/209921-2\/DSC01662.jpg'><img src=http:\/\/ski.inmontanis.info\/d\/209920-3\/DSC01662.jpg \/><\/a><br \/>\n^ Auf der Zufahrt zum Parkplatz gibt&#8217;s einige Schlagl\u00f6cher, aber so ein gro\u00dfes und tiefes findet man selbst in Russland nicht alle Tage ;-) (In die andere Richtung ist die Kante noch h\u00e4rter)<\/p>\n","protected":false},"excerpt":{"rendered":"<p>So langsam gehen mir doch die lohnenswerten Ziele in Tirol aus, aber es gab auch heute keine sinnvollen Alternativen &#8230;<\/p>\n<p>In See sind mittlerweile die Routen an der 8EUB offen, k\u00f6nnte man nochmal hin. Vormittags dann nochmal Kappl? Oder Venet? Probierte es am Venet, naja, hielt sich in Grenzen. S\u00fcdabfahrt bis Talstation war dann doch <a href=\"http:\/\/blog.inmontanis.info\/?p=3762\">[&#8230;]<\/a><\/p>\n","protected":false},"author":1,"featured_media":0,"comment_status":"closed","ping_status":"closed","sticky":false,"template":"","format":"standard","meta":{"footnotes":""},"categories":[25,13,844,27,894],"tags":[53],"class_list":["post-3762","post","type-post","status-publish","format-standard","hentry","category-noreport","category-austria","category-see-paznaun","category-skifahren-winterskiing-winter","category-venet","tag-8eub","odd"],"_links":{"self":[{"href":"http:\/\/blog.inmontanis.info\/index.php?rest_route=\/wp\/v2\/posts\/3762","targetHints":{"allow":["GET"]}}],"collection":[{"href":"http:\/\/blog.inmontanis.info\/index.php?rest_route=\/wp\/v2\/posts"}],"about":[{"href":"http:\/\/blog.inmontanis.info\/index.php?rest_route=\/wp\/v2\/types\/post"}],"author":[{"embeddable":true,"href":"http:\/\/blog.inmontanis.info\/index.php?rest_route=\/wp\/v2\/users\/1"}],"replies":[{"embeddable":true,"href":"http:\/\/blog.inmontanis.info\/index.php?rest_route=%2Fwp%2Fv2%2Fcomments&post=3762"}],"version-history":[{"count":1,"href":"http:\/\/blog.inmontanis.info\/index.php?rest_route=\/wp\/v2\/posts\/3762\/revisions"}],"predecessor-version":[{"id":3763,"href":"http:\/\/blog.inmontanis.info\/index.php?rest_route=\/wp\/v2\/posts\/3762\/revisions\/3763"}],"wp:attachment":[{"href":"http:\/\/blog.inmontanis.info\/index.php?rest_route=%2Fwp%2Fv2%2Fmedia&parent=3762"}],"wp:term":[{"taxonomy":"category","embeddable":true,"href":"http:\/\/blog.inmontanis.info\/index.php?rest_route=%2Fwp%2Fv2%2Fcategories&post=3762"},{"taxonomy":"post_tag","embeddable":true,"href":"http:\/\/blog.inmontanis.info\/index.php?rest_route=%2Fwp%2Fv2%2Ftags&post=3762"}],"curies":[{"name":"wp","href":"https:\/\/api.w.org\/{rel}","templated":true}]}}