{"id":3758,"date":"2016-02-26T18:29:02","date_gmt":"2016-02-26T17:29:02","guid":{"rendered":"http:\/\/blog.inmontanis.info\/?p=3758"},"modified":"2023-08-05T22:00:23","modified_gmt":"2023-08-05T20:00:23","slug":"biberwier-26-2-2016","status":"publish","type":"post","link":"http:\/\/blog.inmontanis.info\/?p=3758","title":{"rendered":"Biberwier, 26.2.2016"},"content":{"rendered":"<p>Am 26.2. hatte ich mir mal wieder ab 12 Uhr frei genommen und bin noch nach Biberwier gefahren. Die Anfahrt \u00fcbern Fernpass f\u00fcr einen halben Tag nervt zwar, aber f\u00fcr das Skigebiet hier reicht ja ein halber Tag. Schnee war offpiste nicht optimal (bissl Neuschnee auf eisigem Untergrund), die Pisten waren stellenweise auch etwas zu hart, aber gro\u00dfteils noch OK.<\/p>\n<p>(Fotos anklicken zum Vergr\u00f6\u00dfern)<\/p>\n<p><a href='http:\/\/ski.inmontanis.info\/d\/209933-2\/ge20160226a.jpg'><img src=http:\/\/ski.inmontanis.info\/d\/209932-3\/ge20160226a.jpg \/><\/a><br \/>\n^ GPS-Track 26.2. nachmittags, alles ausreichend abgefahren.<\/p>\n<p><a href='http:\/\/ski.inmontanis.info\/d\/209937-2\/DSC01562.jpg'><img src=http:\/\/ski.inmontanis.info\/d\/209936-3\/DSC01562.jpg \/><\/a><br \/>\n^ Sektion 2 DSB<\/p>\n<p><a href='http:\/\/ski.inmontanis.info\/d\/209941-2\/DSC01568.jpg'><img src=http:\/\/ski.inmontanis.info\/d\/209940-3\/DSC01568.jpg \/><\/a><br \/>\n^ R\u00fcckseitiger Almlift, das sch\u00f6nste Eck hier und einer der am sch\u00f6nsten gelegenen SL Tirols. Wenn auch skifahrerisch nicht wirklich herausfordernd und etwas kurz.<\/p>\n<p><a href='http:\/\/ski.inmontanis.info\/d\/209945-2\/DSC01569.jpg'><img src=http:\/\/ski.inmontanis.info\/d\/209944-3\/DSC01569.jpg \/><\/a><br \/>\n^ Almlift (Diesel)<\/p>\n<p><a href='http:\/\/ski.inmontanis.info\/d\/209949-2\/DSC01570.jpg'><img src=http:\/\/ski.inmontanis.info\/d\/209948-3\/DSC01570.jpg \/><\/a><br \/>\n^ Schwarze Skiroute, offiziell geschlossen, minimaler Neuschnee auf eher eisighartem Untergrund<\/p>\n<p><a href='http:\/\/ski.inmontanis.info\/d\/209953-2\/DSC01572.jpg'><img src=http:\/\/ski.inmontanis.info\/d\/209952-3\/DSC01572.jpg \/><\/a><br \/>\n^ Sektion 3 Joch-SL (Diesel) mit schwarzer Abfahrt &#8211; hier hat&#8217;s immer die besten Verh\u00e4ltnisse<\/p>\n<p><a href='http:\/\/ski.inmontanis.info\/d\/209957-2\/DSC01578.jpg'><img src=http:\/\/ski.inmontanis.info\/d\/209956-3\/DSC01578.jpg \/><\/a><br \/>\n^ Almlift, kurioserweise gab es ein Sondergeh\u00e4nge in knalligem Rot?!<\/p>\n","protected":false},"excerpt":{"rendered":"<p>Am 26.2. hatte ich mir mal wieder ab 12 Uhr frei genommen und bin noch nach Biberwier gefahren. Die Anfahrt \u00fcbern Fernpass f\u00fcr einen halben Tag nervt zwar, aber f\u00fcr das Skigebiet hier reicht ja ein halber Tag. Schnee war offpiste nicht optimal (bissl Neuschnee auf eisigem Untergrund), die Pisten waren stellenweise auch etwas zu <a href=\"http:\/\/blog.inmontanis.info\/?p=3758\">[&#8230;]<\/a><\/p>\n","protected":false},"author":1,"featured_media":0,"comment_status":"closed","ping_status":"closed","sticky":false,"template":"","format":"standard","meta":{"footnotes":""},"categories":[857,59,25,13,27],"tags":[38,47],"class_list":["post-3758","post","type-post","status-publish","format-standard","hentry","category-biberwier-marienberg","category-nostalgie","category-noreport","category-austria","category-skifahren-winterskiing-winter","tag-dsb","tag-sl","odd"],"_links":{"self":[{"href":"http:\/\/blog.inmontanis.info\/index.php?rest_route=\/wp\/v2\/posts\/3758","targetHints":{"allow":["GET"]}}],"collection":[{"href":"http:\/\/blog.inmontanis.info\/index.php?rest_route=\/wp\/v2\/posts"}],"about":[{"href":"http:\/\/blog.inmontanis.info\/index.php?rest_route=\/wp\/v2\/types\/post"}],"author":[{"embeddable":true,"href":"http:\/\/blog.inmontanis.info\/index.php?rest_route=\/wp\/v2\/users\/1"}],"replies":[{"embeddable":true,"href":"http:\/\/blog.inmontanis.info\/index.php?rest_route=%2Fwp%2Fv2%2Fcomments&post=3758"}],"version-history":[{"count":1,"href":"http:\/\/blog.inmontanis.info\/index.php?rest_route=\/wp\/v2\/posts\/3758\/revisions"}],"predecessor-version":[{"id":3759,"href":"http:\/\/blog.inmontanis.info\/index.php?rest_route=\/wp\/v2\/posts\/3758\/revisions\/3759"}],"wp:attachment":[{"href":"http:\/\/blog.inmontanis.info\/index.php?rest_route=%2Fwp%2Fv2%2Fmedia&parent=3758"}],"wp:term":[{"taxonomy":"category","embeddable":true,"href":"http:\/\/blog.inmontanis.info\/index.php?rest_route=%2Fwp%2Fv2%2Fcategories&post=3758"},{"taxonomy":"post_tag","embeddable":true,"href":"http:\/\/blog.inmontanis.info\/index.php?rest_route=%2Fwp%2Fv2%2Ftags&post=3758"}],"curies":[{"name":"wp","href":"https:\/\/api.w.org\/{rel}","templated":true}]}}