{"id":3756,"date":"2016-02-21T22:23:56","date_gmt":"2016-02-21T21:23:56","guid":{"rendered":"http:\/\/blog.inmontanis.info\/?p=3756"},"modified":"2023-08-02T21:43:04","modified_gmt":"2023-08-02T19:43:04","slug":"monte-pora-passo-presolana-21-2-2016","status":"publish","type":"post","link":"http:\/\/blog.inmontanis.info\/?p=3756","title":{"rendered":"Monte Pora + Passo Presolana, 21.2.2016"},"content":{"rendered":"<p>Teil 1: Monte Pora<\/p>\n<p>Die Wahl des Skigebiets hatte ich ja bereits hinter mir &#8211; es sollte nach Monte Pora &#8211; Presolana gehen, da es mir hier bei meinem ersten Besuch 2013 gefiel und ich am Presolana noch einiges offen hatte (damals wg. Schneemangels nur eine Abfahrt gefahren). Aber: Was davon zuerst? Sonneneinstrahlung (Westh\u00e4nge) und Wartezeiten sprachen f\u00fcr Monte Pora nachmittags. Allerdings bef\u00fcrchtete ich, um 11 Uhr eher schlechter einen Parkplatz am Monte Pora zu bekommen als um 13\/14 Uhr am Presolana. Also fuhr ich doch erst Monte Pora, wo ich um ca. 9 Uhr ankam. Nun, das mit dem Parkpl\u00e4tzen wird wohl so gewesen sein, auch das mit den Wartezeiten, aber eine weitere Sache war dann doch noch sehr positiv: Die H\u00e4nge am Monte Pora, trotz Westseite, waren bereits kurz nach Mittag seeehr pappig. Also, alles, wo Sonne war. Und das war dann nachmittags der Voreil am Passo Presolana, denn dort waren die meisten H\u00e4nge im Schatten und somit nicht pappig. Tageskarte kostete \u00fcbrigens 30,- \u20ac und gilt ja in beiden Gebieten. (Ist der WE+Weihnachts-Tarif)<\/p>\n<p>Am Monte Pora war&#8217;s doch etwas voller, es gab &#8211; mit Ausnahme der DSB Vareno &#8211; immer einige Minuten Wartezeiten (max. ca. 6 an der anderen DSB). Pano war wieder toll, etwas diesiger als letztes Mal, aber man sah sowohl den Appennin, wie auch &#8211; schemenhaft via IR &#8211; den Monviso. Aber da die DSB Vareno ja eh die beste Anlage hier ist .. nur sehr unbequem aufgrund der sehr hohen Fu\u00dfraster. Da hab ich mit meinen 167cm schon arge Probleme, die F\u00fc\u00dfe auf&#8217;s Raster zu bekommen (es bleiben dann ca. 2 cm Platz zwischen Knie und B\u00fcgel) &#8211; so m\u00fcssen sich wohl gro\u00dfe Leute auf den meisten Sesselliften f\u00fchlen ;)<\/p>\n<p>Warum der Doppel-SL Pian dell&#8217;Asen B\u00fcgel hat, kapier ich ja auch nicht &#8211; obwohl die Italiener hier tats\u00e4chlich alle zu zweit fahren und auch ich leider zu zweit fahren musste, weil zu voll &#8211; aber die Geh\u00e4ngeabst\u00e4nde sind f\u00fcr die geringe Geschwindigkeit so weit, dass er wohl kaum mehr p\/h hat als ein Tellerlift.<\/p>\n<p>(Fotos anklicken zum Vergr\u00f6\u00dfern)<\/p>\n<p><a href='http:\/\/extra.inmontanis.info\/d\/33658-2\/DSC01403.jpg'><img src=http:\/\/extra.inmontanis.info\/d\/33657-3\/DSC01403.jpg \/><\/a><br \/>\n^ Nette Schlucht-Stra\u00dfe von Darfo Boario Terme richtung Colere usw. (Val di Scalve)<\/p>\n<p><a href='http:\/\/ski.inmontanis.info\/d\/209187-2\/ge20160221c.jpg'><img src=http:\/\/ski.inmontanis.info\/d\/209186-3\/ge20160221c.jpg \/><\/a><br \/>\n^ GPS-Track 21.2.2016 (Vormittags), nicht alle Abfahrten gefahren<\/p>\n<p><a href='http:\/\/ski.inmontanis.info\/d\/209191-2\/DSC01413.jpg'><img src=http:\/\/ski.inmontanis.info\/d\/209190-3\/DSC01413.jpg \/><\/a><br \/>\n^ DSB Vareno vs. Skigebiet Monte Pora vs. Po-Ebene<\/p>\n<p><a href='http:\/\/ski.inmontanis.info\/d\/209195-2\/DSC01416.jpg'><img src=http:\/\/ski.inmontanis.info\/d\/209194-3\/DSC01416.jpg \/><\/a><br \/>\n^ 4SB Cima Pora, kurze Wartezeiten<\/p>\n<p><a href='http:\/\/ski.inmontanis.info\/d\/209199-2\/DSC01417.jpg'><img src=http:\/\/ski.inmontanis.info\/d\/209198-3\/DSC01417.jpg \/><\/a><br \/>\n^ Blick von der 4SB Cima Pora zum Doppel-B\u00fcgel-SL Pian dell&#8217;Asen und der DSB Vareno<\/p>\n<p><a href='http:\/\/ski.inmontanis.info\/d\/209203-2\/DSC01420.jpg'><img src=http:\/\/ski.inmontanis.info\/d\/209202-3\/DSC01420.jpg \/><\/a><br \/>\n^ Pano-Abfahrt Po-Ebene und Monte Rosa<\/p>\n<p><a href='http:\/\/ski.inmontanis.info\/d\/209420-2\/DSC01426.jpg'><img src=http:\/\/ski.inmontanis.info\/d\/209419-3\/DSC01426.jpg \/><\/a><br \/>\n^ Blick von der DSB Valzelli zum Monte Pora<\/p>\n<p><a href='http:\/\/ski.inmontanis.info\/d\/209207-2\/DSC02446.jpg'><img src=http:\/\/ski.inmontanis.info\/d\/209206-3\/DSC02446.jpg \/><\/a><br \/>\n^ IR-Pano mit Lago d&#8217;Iseo und Po-Ebene und Appennin<\/p>\n<p><a href='http:\/\/ski.inmontanis.info\/d\/209211-2\/DSC02449.jpg'><img src=http:\/\/ski.inmontanis.info\/d\/209210-3\/DSC02449.jpg \/><\/a><br \/>\n^ IR-Zoom zum Monte Rosa und  Matterhorn (180-190 km)<\/p>\n<p><a href='http:\/\/ski.inmontanis.info\/d\/209215-2\/DSC02451.jpg'><img src=http:\/\/ski.inmontanis.info\/d\/209214-3\/DSC02451.jpg \/><\/a><br \/>\n^ Schade, dass auf dem H\u00fcgel im Vordergrund nicht noch ein SL raufgeht. W\u00e4re ein sehr nettes Gel\u00e4nde, mit den einzelnen B\u00e4umen.<\/p>\n<p><a href='http:\/\/ski.inmontanis.info\/d\/209219-2\/DSC01423.jpg'><img src=http:\/\/ski.inmontanis.info\/d\/209218-3\/DSC01423.jpg \/><\/a><br \/>\n^ DSB Valzelli.<\/p>\n<p><a href='http:\/\/ski.inmontanis.info\/d\/209223-2\/DSC01424.jpg'><img src=http:\/\/ski.inmontanis.info\/d\/209222-3\/DSC01424.jpg \/><\/a><br \/>\n^ SL Magnolini, leider (noch?) nicht in Betrieb &#8230; daf\u00fcr haufenweise Schneeschuhwanderer<\/p>\n<p><a href='http:\/\/ski.inmontanis.info\/d\/209228-2\/DSC01428.jpg'><img src=http:\/\/ski.inmontanis.info\/d\/209227-3\/DSC01428.jpg \/><\/a><br \/>\n^ Doppel-B\u00fcgel-SL Pian dell&#8217;Asen mit Extra-Aufgabe f\u00fcr den Liftler &#8230;<\/p>\n<p>.. hab&#8217;s sogar gefilmt:<br \/>\n<object style=\"height: 500px; width: 900px\"><param name=\"movie\" value=\"http:\/\/www.youtube.com\/v\/w9FMaoEzQlc\"><\/param><param name=\"wmode\" value=\"transparent\"><\/param><embed src=\"http:\/\/www.youtube.com\/v\/w9FMaoEzQlc\" type=\"application\/x-shockwave-flash\" wmode=\"transparent\"  width=\"900\" height=\"480\"><\/embed><\/object><\/p>\n<p><a href='http:\/\/ski.inmontanis.info\/d\/209232-2\/DSC02452.jpg'><img src=http:\/\/ski.inmontanis.info\/d\/209231-3\/DSC02452.jpg \/><\/a><br \/>\n^ IR-Zoom SL Pian dell&#8217;Asen, 4SB Cima Pora, Po-Ebene, Appennin<\/p>\n<p><a href='http:\/\/ski.inmontanis.info\/d\/209236-2\/DSC01433.jpg'><img src=http:\/\/ski.inmontanis.info\/d\/209235-3\/DSC01433.jpg \/><\/a><br \/>\n^ Offpiste an der DSB Vareno mit Tiefblick<\/p>\n<p><a href='http:\/\/ski.inmontanis.info\/d\/209240-2\/DSC01436.jpg'><img src=http:\/\/ski.inmontanis.info\/d\/209239-3\/DSC01436.jpg \/><\/a><br \/>\n^ Offpiste an der DSB Vareno<\/p>\n<p><a href='http:\/\/ski.inmontanis.info\/d\/209244-2\/DSC01439.jpg'><img src=http:\/\/ski.inmontanis.info\/d\/209243-3\/DSC01439.jpg \/><\/a><br \/>\n^ Offpiste an der DSB Vareno<\/p>\n<p><a href='http:\/\/ski.inmontanis.info\/d\/209248-2\/DSC01446.jpg'><img src=http:\/\/ski.inmontanis.info\/d\/209247-3\/DSC01446.jpg \/><\/a><br \/>\n^ Offpiste an der DSB Vareno<\/p>\n<p><a href='http:\/\/ski.inmontanis.info\/d\/209252-2\/DSC01448.jpg'><img src=http:\/\/ski.inmontanis.info\/d\/209251-3\/DSC01448.jpg \/><\/a><br \/>\n^ DSB Vareno auf der geschlossenen schwarzen Abfahrt<\/p>\n<p><a href='http:\/\/ski.inmontanis.info\/d\/209256-2\/DSC01449.jpg'><img src=http:\/\/ski.inmontanis.info\/d\/209255-3\/DSC01449.jpg \/><\/a><br \/>\n^ DSB Vareno auf der geschlossenen schwarzen Abfahrt. Oder anders gesagt: Den besten Schnee, die steilste und interessanteste Abfahrt, am sch\u00f6nsten, aber auch unbequemsten Lift hier.<\/p>\n<p><a href='http:\/\/ski.inmontanis.info\/d\/209260-2\/DSC01450.jpg'><img src=http:\/\/ski.inmontanis.info\/d\/209259-3\/DSC01450.jpg \/><\/a><br \/>\n^ Dieser Offpiste-Hang links der DSB Vareno war sowohl von oben, wie auch von unten \u00fcber die ganze Breite gesperrt. Links und rechts durch den Wald h\u00e4tte man fahren d\u00fcrfen.<\/p>\n<p><a href='http:\/\/ski.inmontanis.info\/d\/209264-2\/DSC01451.jpg'><img src=http:\/\/ski.inmontanis.info\/d\/209263-3\/DSC01451.jpg \/><\/a><br \/>\n^ Talstation DSB Vareno. Die Betonst\u00fctze wurde wohl mal etwas verputzt und neu gestrichen. Das F\u00f6rderband rechts hinten war dagegen nicht in Betrieb.<\/p>\n<p><a href='http:\/\/ski.inmontanis.info\/d\/209268-2\/DSC02460.jpg'><img src=http:\/\/ski.inmontanis.info\/d\/209267-3\/DSC02460.jpg \/><\/a><br \/>\n^ IR-Zoom \u00fcber die Po-Ebene zum Appennin (vmtl. Bereich Febbio, 180 km)<\/p>\n<p><a href='http:\/\/ski.inmontanis.info\/d\/209272-2\/DSC02458.jpg'><img src=http:\/\/ski.inmontanis.info\/d\/209271-3\/DSC02458.jpg \/><\/a><br \/>\n^ IR-Zoom \u00fcber den Lago d&#8217;Iseo zum Appennin (Ligurien, vmtl. im Bereich Skigebiet Monte Bue)<\/p>\n<p><a href='http:\/\/ski.inmontanis.info\/d\/209276-2\/DSC01457.jpg'><img src=http:\/\/ski.inmontanis.info\/d\/209275-3\/DSC01457.jpg \/><\/a><br \/>\n^ Bergstationen 4SB Pian del Termen (bin ich nicht gefahren) und DSB Verzelli<\/p>\n<p><a href='http:\/\/ski.inmontanis.info\/d\/209280-2\/DSC01459.jpg'><img src=http:\/\/ski.inmontanis.info\/d\/209279-3\/DSC01459.jpg \/><\/a><br \/>\n^ Lago d&#8217;Iseo vs. Po-Ebene vs. Appennin<\/p>\n<p><a href='http:\/\/ski.inmontanis.info\/d\/209284-2\/DSC01464.jpg'><img src=http:\/\/ski.inmontanis.info\/d\/209283-3\/DSC01464.jpg \/><\/a><br \/>\n^ Lago d&#8217;Iseo vs. Po-Ebene vs. Appennin<\/p>\n<p><a href='http:\/\/ski.inmontanis.info\/d\/209288-2\/DSC01466.jpg'><img src=http:\/\/ski.inmontanis.info\/d\/209287-3\/DSC01466.jpg \/><\/a><br \/>\n^ Lago d&#8217;Iseo vs. Po-Ebene vs. Appennin. Ich kapier nicht ganz, warum sich das mittlere See-St\u00fcck heute nicht spiegelt &#8230;<\/p>\n<p><a href='http:\/\/ski.inmontanis.info\/d\/209292-2\/DSC01472.jpg'><img src=http:\/\/ski.inmontanis.info\/d\/209291-3\/DSC01472.jpg \/><\/a><br \/>\n^ DSB Vareno auf der geschlossenen schwarzen Abfahrt Muro del Vareno<\/p>\n<p><a href='http:\/\/ski.inmontanis.info\/d\/209424-2\/DSC01470.jpg'><img src=http:\/\/ski.inmontanis.info\/d\/209423-3\/DSC01470.jpg \/><\/a><br \/>\n^ Zoom ins Skigebiet Montecampione vom Monte Pora aus. Die ganz linke, h\u00f6chste DSB, ist heuer wohl nicht mehr in Betrieb :-(<br \/>\n(Trotzdem w\u00fcrd ich dort heuer auch noch mal vorbei fahren wollen. Evtl. ein WE in Kombination mit Oga.)<\/p>\n<p>Weitere Fotos vom Monte Pora inkl. Sonnenuntergang vom 5.1.2013 u.a. hier: <a href='http:\/\/blog.inmontanis.info\/?p=2252'>http:\/\/blog.inmontanis.info\/?p=2252<\/a><\/p>\n<p>Teil 2: Presolana<\/p>\n<p>Zwischen 13 und 14 Uhr wechselte ich dann zum zweiten Skigebietsteil, am Presolana-Pass, das zwar kein so tolles Pano zum See oder zur Po-Ebene hatte, aber mit ein paar anderen Leckereien gl\u00e4nzen konnte, wie z.B. die ehemalige ESL-Bergstation, die ehemalige Slittovia-Bergstation oder die Wahl an der DSB-Bergstation zwischen einem unpr\u00e4parierten Steilhang und einem genial-krassen Skiweg&#8230;<\/p>\n<p><a href='http:\/\/ski.inmontanis.info\/d\/209296-2\/ge20160221e.jpg'><img src=http:\/\/ski.inmontanis.info\/d\/209295-3\/ge20160221e.jpg \/><\/a><br \/>\n^ GPS-Track 21.2.2016; Gelb = Presolana; Blau = Monte Pora; Rot die ehemalige Slittovia<\/p>\n<p><a href='http:\/\/ski.inmontanis.info\/d\/209300-2\/DSC01474.jpg'><img src=http:\/\/ski.inmontanis.info\/d\/209299-3\/DSC01474.jpg \/><\/a><br \/>\n^ DSB Scanap\u00e0. Etwas entt\u00e4uscht war ich, dass nur die ganz linke blaue Abfahrt pr\u00e4pariert war und die Steilh\u00e4nge nicht.<\/p>\n<p><a href='http:\/\/ski.inmontanis.info\/d\/209304-2\/DSC01475.jpg'><img src=http:\/\/ski.inmontanis.info\/d\/209303-3\/DSC01475.jpg \/><\/a><br \/>\n^ DSB Scanap\u00e0 (MEB) und eine der drei unpr\u00e4parierten Abfahrten<\/p>\n<p><a href='http:\/\/ski.inmontanis.info\/d\/209308-2\/DSC01479.jpg'><img src=http:\/\/ski.inmontanis.info\/d\/209307-3\/DSC01479.jpg \/><\/a><br \/>\n^ DSB Scanap\u00e0 (MEB)<\/p>\n<p><a href='http:\/\/ski.inmontanis.info\/d\/209312-2\/DSC01482.jpg'><img src=http:\/\/ski.inmontanis.info\/d\/209311-3\/DSC01482.jpg \/><\/a><br \/>\n^ Bergstation DSB Scanap\u00e0 und die ehemalige Vorg\u00e4nger-ESL-Bergstation<\/p>\n<p><a href='http:\/\/ski.inmontanis.info\/d\/209316-2\/DSC01484.jpg'><img src=http:\/\/ski.inmontanis.info\/d\/209315-3\/DSC01484.jpg \/><\/a><br \/>\n^ Ex-ESL-Bergstation<\/p>\n<p><a href='http:\/\/ski.inmontanis.info\/d\/209320-2\/DSC01492.jpg'><img src=http:\/\/ski.inmontanis.info\/d\/209319-3\/DSC01492.jpg \/><\/a><br \/>\n^ Ich wei\u00df nicht, was mir hier oben mehr gef\u00e4llt &#8211; der unpr\u00e4parierte Steilhang, oder der geniale, krasse Skiweg au\u00dfenrum &#8230;<\/p>\n<p><a href='http:\/\/ski.inmontanis.info\/d\/209324-2\/DSC01497.jpg'><img src=http:\/\/ski.inmontanis.info\/d\/209323-3\/DSC01497.jpg \/><\/a><br \/>\n^ Ex-ESL-Bergstation<\/p>\n<p><a href='http:\/\/ski.inmontanis.info\/d\/209328-2\/DSC01500.jpg'><img src=http:\/\/ski.inmontanis.info\/d\/209327-3\/DSC01500.jpg \/><\/a><br \/>\n^ Ex-ESL-Bergstation<\/p>\n<p><a href='http:\/\/ski.inmontanis.info\/d\/209332-2\/DSC01531.jpg'><img src=http:\/\/ski.inmontanis.info\/d\/209331-3\/DSC01531.jpg \/><\/a><br \/>\n^ Start der Abfahrt an der DSB Scanap\u00e0<\/p>\n<p><a href='http:\/\/ski.inmontanis.info\/d\/209336-2\/DSC01501.jpg'><img src=http:\/\/ski.inmontanis.info\/d\/209335-3\/DSC01501.jpg \/><\/a><br \/>\n^ Genial-Krasser Skiweg an der DSB Scanap\u00e0<\/p>\n<p><a href='http:\/\/ski.inmontanis.info\/d\/209340-2\/DSC01532.jpg'><img src=http:\/\/ski.inmontanis.info\/d\/209339-3\/DSC01532.jpg \/><\/a><br \/>\n^ Skiweg DSB Scanap\u00e0<\/p>\n<p><a href='http:\/\/ski.inmontanis.info\/d\/209344-2\/DSC01502.jpg'><img src=http:\/\/ski.inmontanis.info\/d\/209343-3\/DSC01502.jpg \/><\/a><br \/>\n^ Genial-Krasser Skiweg an der DSB Scanap\u00e0<\/p>\n<p>Beim GPS-Track am Sat-Bild fiel mir 2013 ja diese kuriose S-Kurven-Abfahrt links der 4SB auf. Eh klar, das ich die heuer unbedingt fahren wollte&#8230;.<\/p>\n<p><a href='http:\/\/ski.inmontanis.info\/d\/209348-2\/DSC01506.jpg'><img src=http:\/\/ski.inmontanis.info\/d\/209347-3\/DSC01506.jpg \/><\/a><br \/>\n^ Die S-Kurven-Abfahrt an der 4SB. Was auch immer das mal war oder h\u00e4tte werden sollen &#8230;<\/p>\n<p>&#8230; hat man sie relativ neu erst gebaut, f\u00fcr eine Fun-Slope? Hat man eine Sommerrodelbahn oder Sommer-Tubing-Bahn gebaut oder bauen wollen? Oder gibts den Bereich schon seit den 60\/70ern und es war gar mal eine Matten-Sommerskipiste? Gel\u00e4nde samt S-Kurven w\u00e4ren jedenfalls gut geeignet daf\u00fcr.<\/p>\n<p><a href='http:\/\/ski.inmontanis.info\/d\/209352-2\/DSC01508.jpg'><img src=http:\/\/ski.inmontanis.info\/d\/209351-3\/DSC01508.jpg \/><\/a><br \/>\n^ Die S-Kurven-Abfahrt an der 4SB.<\/p>\n<p><a href='http:\/\/ski.inmontanis.info\/d\/209356-2\/DSC01509.jpg'><img src=http:\/\/ski.inmontanis.info\/d\/209355-3\/DSC01509.jpg \/><\/a><br \/>\n^ 4SB Paghera Giogo. So schauen hier einige Sessel aus :-(<\/p>\n<p><a href='http:\/\/ski.inmontanis.info\/d\/209360-2\/DSC01511.jpg'><img src=http:\/\/ski.inmontanis.info\/d\/209359-3\/DSC01511.jpg \/><\/a><br \/>\n^ 4SB Paghera Giogo und oben die DSB<\/p>\n<p><a href='http:\/\/ski.inmontanis.info\/d\/209364-2\/DSC01514.jpg'><img src=http:\/\/ski.inmontanis.info\/d\/209363-3\/DSC01514.jpg \/><\/a><br \/>\n^ DSB Scanp\u00e0 und Ex-Slittovia-Talstation<\/p>\n<p><a href='http:\/\/ski.inmontanis.info\/d\/209368-2\/DSC01515.jpg'><img src=http:\/\/ski.inmontanis.info\/d\/209367-3\/DSC01515.jpg \/><\/a><br \/>\n^ Ex-Slittovia-Trasse<\/p>\n<p><a href='http:\/\/ski.inmontanis.info\/d\/209372-2\/DSC01516.jpg'><img src=http:\/\/ski.inmontanis.info\/d\/209371-3\/DSC01516.jpg \/><\/a><br \/>\n^ DSB Scanap\u00e0<\/p>\n<p><a href='http:\/\/ski.inmontanis.info\/d\/209376-2\/DSC01519.jpg'><img src=http:\/\/ski.inmontanis.info\/d\/209375-3\/DSC01519.jpg \/><\/a><br \/>\n^ Der dritte, unpr\u00e4parierte Hang an der DSB Scanap\u00e0 zum SL Giogo<\/p>\n<p><a href='http:\/\/ski.inmontanis.info\/d\/209380-2\/DSC01527.jpg'><img src=http:\/\/ski.inmontanis.info\/d\/209379-3\/DSC01527.jpg \/><\/a><br \/>\n^ Das war wohl mal eine St\u00fctze des ESL? Zuf\u00e4llig entdeckt, von der DSB aus<\/p>\n<p><a href='http:\/\/ski.inmontanis.info\/d\/209384-2\/DSC01534.jpg'><img src=http:\/\/ski.inmontanis.info\/d\/209383-3\/DSC01534.jpg \/><\/a><br \/>\n^ Ich passte auf und suchte nach \u00dcberresten der Slittovia und ta-daa &#8211; fand die vermeintliche Bergstation<\/p>\n<p><a href='http:\/\/ski.inmontanis.info\/d\/209388-2\/DSC01537.jpg'><img src=http:\/\/ski.inmontanis.info\/d\/209387-3\/DSC01537.jpg \/><\/a><br \/>\n^ Ex-Slittovia-Bergstation. Ich hab ja schon viel ehemalige Liftstationen gesehen, aber eine ehemalige Slittovia-Bergstation, das noch nicht!<\/p>\n<p><a href='http:\/\/ski.inmontanis.info\/d\/209392-2\/DSC01538.jpg'><img src=http:\/\/ski.inmontanis.info\/d\/209391-3\/DSC01538.jpg \/><\/a><br \/>\n^ Ex-Slittovia-Bergstation. Leider war mir der Hang doch etwas zu steil und der Schnee zu tief, hab mich nicht raufgehen trauen.<\/p>\n<p><a href='http:\/\/ski.inmontanis.info\/d\/209396-2\/DSC01540.jpg'><img src=http:\/\/ski.inmontanis.info\/d\/209395-3\/DSC01540.jpg \/><\/a><br \/>\n^ Ex-Slittovia-Bergstation. Sogar Seile h\u00e4ngen noch rum.<\/p>\n<p><a href='http:\/\/ski.inmontanis.info\/d\/209400-2\/DSC01542.jpg'><img src=http:\/\/ski.inmontanis.info\/d\/209399-3\/DSC01542.jpg \/><\/a><br \/>\n^ Die 3 Generationen: Links  die aktuelle DSB Scanap\u00e0, rechts dahinter die Slittovia-Talstation und ganz rechts die ESL-Talstation mit IMES und Ceretti e Tanfani &#8211; Schild&#8230;<\/p>\n<p>.. das hatte ich bereits 2013 fotografiert:<br \/>\n<a href='http:\/\/ski.inmontanis.info\/d\/154658-3\/DSC00049.jpg'><img src=http:\/\/ski.inmontanis.info\/d\/154657-4\/DSC00049.jpg \/><\/a><br \/>\n^ Herstellerschilder (2013)<\/p>\n<p><a href='http:\/\/ski.inmontanis.info\/d\/209404-2\/DSC01544.jpg'><img src=http:\/\/ski.inmontanis.info\/d\/209403-3\/DSC01544.jpg \/><\/a><br \/>\n^ Panorama von der Bergstation DSB Scanap\u00e0<\/p>\n<p><a href='http:\/\/ski.inmontanis.info\/d\/209408-2\/DSC01546.jpg'><img src=http:\/\/ski.inmontanis.info\/d\/209407-3\/DSC01546.jpg \/><\/a><br \/>\n^ DSB Scanap\u00e0, der unpr\u00e4parierte Steilhang<\/p>\n<p><a href='http:\/\/ski.inmontanis.info\/d\/209412-2\/DSC01549.jpg'><img src=http:\/\/ski.inmontanis.info\/d\/209411-3\/DSC01549.jpg \/><\/a><br \/>\n^ DSB Scanap\u00e0, der unpr\u00e4parierte Steilhang<\/p>\n<p><a href='http:\/\/ski.inmontanis.info\/d\/209416-2\/DSC01552.jpg'><img src=http:\/\/ski.inmontanis.info\/d\/209415-3\/DSC01552.jpg \/><\/a><br \/>\n^ Ex-Slittovia-Talstation und DSB Scanap\u00e0<\/p>\n<p>Auf der Suche nach ein paar alten Bildern der Slittovia bin ich im Netz auf folgende Fotos gesto\u00dfen:<\/p>\n<p><a href='http:\/\/www.storylab.it\/media\/watermarked\/wells\/2015-06-15\/lzxmx001543.jpg.705x0_q85_crop-smart.jpg'>http:\/\/www.storylab.it\/media\/watermarked\/wells\/2015-06-15\/lzxmx001543.jpg.705x0_q85_crop-smart.jpg<\/a><br \/>\n<a href='http:\/\/images-02.delcampe-static.net\/img_large\/auction\/000\/035\/881\/948_001.jpg?v=1'>http:\/\/images-02.delcampe-static.net\/img_large\/auction\/000\/035\/881\/948_001.jpg?v=1<\/a><br \/>\n<a href='http:\/\/www.storylab.it\/media\/watermarked\/wells\/2015-06-15\/aqyoa001542.jpg.705x0_q85_crop-smart.jpg'>http:\/\/www.storylab.it\/media\/watermarked\/wells\/2015-06-15\/aqyoa001542.jpg.705x0_q85_crop-smart.jpg<\/a><br \/>\n<a href='http:\/\/www.storylab.it\/media\/watermarked\/wells\/2015-06-15\/tqngo001567.jpg.705x0_q85_crop-smart.jpg'>http:\/\/www.storylab.it\/media\/watermarked\/wells\/2015-06-15\/tqngo001567.jpg.705x0_q85_crop-smart.jpg<\/a><br \/>\n<a href='http:\/\/www.storylab.it\/media\/watermarked\/wells\/2015-06-15\/uloiz001566.jpg.705x0_q85_crop-smart.jpg'>http:\/\/www.storylab.it\/media\/watermarked\/wells\/2015-06-15\/uloiz001566.jpg.705x0_q85_crop-smart.jpg<\/a><\/p>\n<p>In Summe vergab ich in der GPS-Tracking-App f\u00fcr den heutigen Skitag erstmals diese Saison die vollen 5 Sterne, auch wenn die Fernsicht und der Offpiste-Schnee usw. noch ein bisschen besser h\u00e4tte sein k\u00f6nnen und es ja auch Wartezeiten bis zu 6 Minuten gab, aber die alte Verano-DSB mit ihren steilen (unpr\u00e4parierten) H\u00e4ngen, das Pano, die geniale Scanapa-DSB am Presolana samt ihrer Varianten insbesondere im oberen Bereich und dann noch die paar \u00dcberreste alter Lifte und die kuriose S-Kurven-Abfahrt &#8230;<\/p>\n<p>Da ich am 5.1.2013 ja bis zum Sonnenuntergang am Monte Pora blieb, konnte ich die Keycard damals nicht mehr zur\u00fcckgeben. Um 16:30 Uhr hatte ich heute die Gelegenheit dazu und die 3,- \u20ac Pfand kassiert. Somit hab ich endlich mal wieder eine Karte weniger anstatt eine Karte mehr, denn diese Karte hatte ich seit meinem letzten Besuch einstecken und nirgends anderweitig bisher ben\u00f6tigt (daf\u00fcr hab ich 2 &#8220;baugleiche&#8221; Axess-Karten zwischenzeitlich kaufen m\u00fcssen, da diese nicht akzeptiert wurde.)<\/p>\n<p>Retour gabs wieder einmal 3 M\u00f6glichkeiten: Die schnellste (lt. Navi, ca. 4,5h) f\u00fchrte \u00fcber Bergamo und dann auf der Autobahn \u00fcber Gardasee und Brenner. Ergo relativ hohe Mautkosten und die offene Frage, wieviel Stau es von den Bergen rausw\u00e4rts geben wird. Ca. eine halbe Stunde l\u00e4nger (und km-m\u00e4\u00dfig k\u00fcrzer) w\u00e4re es \u00fcber Tonale-Pass und dann an der Paganella auf die Autobahn und \u00fcbern Brenner. Noch eine halbe Stunde l\u00e4nger und g\u00e4nzlich ohne Mautkosten ginge es \u00fcber Aprica- und Bernina-Pass durch die Schweiz, so wie ich gestern hergefahren bin. Da mir die Strecke Bernina-Engadin besser gef\u00e4llt (weil: leerer) als vom Tonale durchs Val di Sole bis zur Autobahn, bin ich eben wieder \u00fcbern Bernina gefahren. In Tirano noch eine Pizza gegessen (sonst nichts, aber etwas l\u00e4ngere Wartezeiten gehabt, daher trotzdem eine knappe Stunde ben\u00f6tigt) und um 23:15 Uhr wieder daheim gewesen.<\/p>\n<p><a href='http:\/\/extra.inmontanis.info\/d\/33662-2\/DSC01555.jpg'><img src=http:\/\/extra.inmontanis.info\/d\/33661-3\/DSC01555.jpg \/><\/a><br \/>\n^ Endlich erwischte ich in Tirano mal einen Zug<\/p>\n","protected":false},"excerpt":{"rendered":"<p>Teil 1: Monte Pora<\/p>\n<p>Die Wahl des Skigebiets hatte ich ja bereits hinter mir &#8211; es sollte nach Monte Pora &#8211; Presolana gehen, da es mir hier bei meinem ersten Besuch 2013 gefiel und ich am Presolana noch einiges offen hatte (damals wg. Schneemangels nur eine Abfahrt gefahren). Aber: Was davon zuerst? Sonneneinstrahlung (Westh\u00e4nge) und <a href=\"http:\/\/blog.inmontanis.info\/?p=3756\">[&#8230;]<\/a><\/p>\n","protected":false},"author":1,"featured_media":0,"comment_status":"closed","ping_status":"closed","sticky":false,"template":"","format":"standard","meta":{"footnotes":""},"categories":[15,450,415,27,32,81],"tags":[49,38,90,45,47],"class_list":["post-3756","post","type-post","status-publish","format-standard","hentry","category-italienitaly","category-monte-pora","category-presolana","category-skifahren-winterskiing-winter","category-lostplaces","category-kurztrips","tag-4sb","tag-dsb","tag-infrarot","tag-see","tag-sl","odd"],"_links":{"self":[{"href":"http:\/\/blog.inmontanis.info\/index.php?rest_route=\/wp\/v2\/posts\/3756","targetHints":{"allow":["GET"]}}],"collection":[{"href":"http:\/\/blog.inmontanis.info\/index.php?rest_route=\/wp\/v2\/posts"}],"about":[{"href":"http:\/\/blog.inmontanis.info\/index.php?rest_route=\/wp\/v2\/types\/post"}],"author":[{"embeddable":true,"href":"http:\/\/blog.inmontanis.info\/index.php?rest_route=\/wp\/v2\/users\/1"}],"replies":[{"embeddable":true,"href":"http:\/\/blog.inmontanis.info\/index.php?rest_route=%2Fwp%2Fv2%2Fcomments&post=3756"}],"version-history":[{"count":1,"href":"http:\/\/blog.inmontanis.info\/index.php?rest_route=\/wp\/v2\/posts\/3756\/revisions"}],"predecessor-version":[{"id":3757,"href":"http:\/\/blog.inmontanis.info\/index.php?rest_route=\/wp\/v2\/posts\/3756\/revisions\/3757"}],"wp:attachment":[{"href":"http:\/\/blog.inmontanis.info\/index.php?rest_route=%2Fwp%2Fv2%2Fmedia&parent=3756"}],"wp:term":[{"taxonomy":"category","embeddable":true,"href":"http:\/\/blog.inmontanis.info\/index.php?rest_route=%2Fwp%2Fv2%2Fcategories&post=3756"},{"taxonomy":"post_tag","embeddable":true,"href":"http:\/\/blog.inmontanis.info\/index.php?rest_route=%2Fwp%2Fv2%2Ftags&post=3756"}],"curies":[{"name":"wp","href":"https:\/\/api.w.org\/{rel}","templated":true}]}}