{"id":3753,"date":"2016-02-20T22:20:54","date_gmt":"2016-02-20T21:20:54","guid":{"rendered":"http:\/\/blog.inmontanis.info\/?p=3753"},"modified":"2023-08-04T18:45:19","modified_gmt":"2023-08-04T16:45:19","slug":"aprica-teglio-20-2-2016","status":"publish","type":"post","link":"http:\/\/blog.inmontanis.info\/?p=3753","title":{"rendered":"Aprica + Teglio, 20.2.2016"},"content":{"rendered":"<p>Teil 1: Aprica<\/p>\n<p>Nach den letzten Schneef\u00e4llen haben nun auch in den italienischen Alpen die meisten Skigebiete ge\u00f6ffnet. Was nicht dar\u00fcber hinwegt\u00e4uschen soll, dass noch etliche komplett zu sind oder die interessanten Lifte zu haben. Erst recht im restlichen Italien. Zudem war ich nach den letzten 3 WE in Tirol Reif f\u00fcr Italien. Wie schon mal gesagt &#8211; ich k\u00f6nnte mir problemlos einen Winter vorstellen, in dem ich ausschlie\u00dflich in Italien Ski fahren w\u00fcrde. Umgekehrt, ein Winter ohne Skifahren in Italien, ohne Blick aufs Meer oder die Po-Ebene &#8211;  das w\u00e4re ein verlorener Winter f\u00fcr mich.<\/p>\n<p>F\u00fcr ein verl\u00e4ngertes WE ins Piemont war es sowohl wetterm\u00e4\u00dfig wie auch Skigebietsm\u00e4\u00dfig noch zu schlecht, aber in der Lombardei und Venetien gab es doch schon einige Gebiete, die ich wieder einmal besuchen wollte und nun ge\u00f6ffnet haben. In die n\u00e4here Auswahl fielen nach Vergleich der offenen Anlagen und des grundlegenden Zielgebiets: Monte Baldo am Gardasee, Monte Pora, Montecampione und Teglio. (In Oga war der obere SL noch geschlossen) Da es am Monte Baldo ja leider den ESL nicht mehr gibt und ich dort den Skibetrieb gesicherter ansehe als in Teglio, wollte ich lieber nochmal nach Teglio fahren, das man ja sch\u00f6n mit Aprica kombinieren kann, und f\u00fcr einen Kurzbesuch in Aprica bin ich aufgrund der Agudio-6EUB, des Marchisio-SL, der Marchisio-DSB und der anderen beiden SL ja immer zu haben.<\/p>\n<p>Da es in Teglio Nachmittagskarten gibt und Aprica nur 2-3-4-Stunden-Karten anbietet, war es g\u00fcnstiger, erst Aprica, dann Teglio (und dann auf dem Weg zum Hotel nochmal \u00fcber Aprica) zu fahren. Um 4:45 Uhr stand ich auf, um 5:15 kam ich weg und um kurz vor 9 Uhr war ich an der Agudio-6EUB in Aprica. Allerdings nicht ohne ein paar Zittermomente, da ich \u00fcber den Bernina fuhr und dort ein paar eisigere Stellen und Schneeverwehungen waren. Noch prek\u00e4rer war es aber zuvor im Engadin im Tal, denn bis kurz vor St. Moritz fielen die Temperaturen sukzessive bis auf -19\u00b0. Nichts ungew\u00f6hnliches f\u00fcr die Gegend, aber auch nichts, womit ich heute gerechnet h\u00e4tte &#8211; hatte nur die warmen Temperaturen von Italien von morgen im Kopf. Sonst h\u00e4tte ich in Ried an der OMV vorsichtshalber den teureren Diesel getankt&#8230;<\/p>\n<p>Die 3h-Karte in Aprica kostete 30,- \u20ac; wobei f\u00fcr das, was ich prinzipiell fahren will hier auch eine 2h-Karte gereicht h\u00e4tte. Die Pisten waren insb. im unteren Bereich doch etwas eisiger, die Talabfahrt an der Agudio-6EUB gef\u00e4llt mir im Fr\u00fchjahr wesentlich besser.<\/p>\n<p>(Fotos anklicken zum Vergr\u00f6\u00dfern)<\/p>\n<p><a href='http:\/\/extra.inmontanis.info\/d\/33650-2\/DSC01323.jpg'><img src=http:\/\/extra.inmontanis.info\/d\/33649-3\/DSC01323.jpg \/><\/a><br \/>\n^ -19\u00b0C kurz vor St. Moritz. Ich wei\u00df ja, dass es hier immer etwas k\u00e4lter ist, aber mit solch grenzwertigen Temperaturen h\u00e4tte ich heute nicht gerechnet.<\/p>\n<p><a href='http:\/\/extra.inmontanis.info\/d\/33654-2\/DSC01325.jpg'><img src=http:\/\/extra.inmontanis.info\/d\/33653-3\/DSC01325.jpg \/><\/a><br \/>\n^ Etwas w\u00e4rmer war&#8217;s am Bernina-Pass, aber ein paar eisige Stellen bzw. Schneeverwehungen gab es doch.<\/p>\n<p><a href='http:\/\/ski.inmontanis.info\/d\/209075-2\/DSC01326.jpg'><img src=http:\/\/ski.inmontanis.info\/d\/209074-3\/DSC01326.jpg \/><\/a><br \/>\n^ Dass die T\u00fcren der Pininfarina-Agudia-Gondeln einen Spalt offen sind, ist man gewohnt, aber das war dann auch dem Personal hier zu stark, daher an der Bergstation die Technik etwas nachjustiert und eingespr\u00fcht ;)<\/p>\n<p><a href='http:\/\/ski.inmontanis.info\/d\/209079-2\/DSC01330.jpg'><img src=http:\/\/ski.inmontanis.info\/d\/209078-3\/DSC01330.jpg \/><\/a><br \/>\n^ 6EUB Magnolta \/ DSB Piana Galli<\/p>\n<p><a href='http:\/\/ski.inmontanis.info\/d\/209083-2\/DSC01335.jpg'><img src=http:\/\/ski.inmontanis.info\/d\/209082-3\/DSC01335.jpg \/><\/a><br \/>\n^ Marchisio-SL Puncera &#8211; 6EUB Magnolta<\/p>\n<p><a href='http:\/\/ski.inmontanis.info\/d\/209087-2\/DSC01339.jpg'><img src=http:\/\/ski.inmontanis.info\/d\/209086-3\/DSC01339.jpg \/><\/a><br \/>\n^ Marchisio-DSB Piana Galli<\/p>\n<p><a href='http:\/\/ski.inmontanis.info\/d\/209091-2\/DSC01344.jpg'><img src=http:\/\/ski.inmontanis.info\/d\/209090-3\/DSC01344.jpg \/><\/a><br \/>\n^ SL Salina<\/p>\n<p><a href='http:\/\/ski.inmontanis.info\/d\/209095-2\/DSC01345.jpg'><img src=http:\/\/ski.inmontanis.info\/d\/209094-3\/DSC01345.jpg \/><\/a><br \/>\n^ 6EUB Palabione &#8211; 4SB Quadrifoglio. (Die parallele DSB  ist im Plan auch nicht mehr eingezeichnet.)<\/p>\n<p><a href='http:\/\/ski.inmontanis.info\/d\/209099-2\/DSC01347.jpg'><img src=http:\/\/ski.inmontanis.info\/d\/209098-3\/DSC01347.jpg \/><\/a><br \/>\n^ 4SB Quadrifoglio<\/p>\n<p><a href='http:\/\/ski.inmontanis.info\/d\/209103-2\/DSC01349.jpg'><img src=http:\/\/ski.inmontanis.info\/d\/209102-3\/DSC01349.jpg \/><\/a><br \/>\n^ SL Dosso Paso<\/p>\n<p><a href='http:\/\/ski.inmontanis.info\/d\/209107-2\/DSC01352.jpg'><img src=http:\/\/ski.inmontanis.info\/d\/209106-3\/DSC01352.jpg \/><\/a><br \/>\n^ SL Dosso Paso<\/p>\n<p><a href='http:\/\/ski.inmontanis.info\/d\/209111-2\/DSC01355.jpg'><img src=http:\/\/ski.inmontanis.info\/d\/209110-3\/DSC01355.jpg \/><\/a><br \/>\n^ SL Dosso Paso und sein kastriertes St\u00fcck, hier allerdings verst\u00e4ndlich (man sieht ja nicht mal mehr eine Trasse, nur das H\u00e4uschen an der Bergstation)<\/p>\n<p><a href='http:\/\/ski.inmontanis.info\/d\/209115-2\/DSC01356.jpg'><img src=http:\/\/ski.inmontanis.info\/d\/209114-3\/DSC01356.jpg \/><\/a><br \/>\n^ Offpiste neben der Schwarzen am SL Dosso Paso<\/p>\n<p><a href='http:\/\/ski.inmontanis.info\/d\/209119-2\/DSC01357.jpg'><img src=http:\/\/ski.inmontanis.info\/d\/209118-3\/DSC01357.jpg \/><\/a><br \/>\n^ Schwarze Abfahrt am SL Dosso Paso<\/p>\n<p><a href='http:\/\/ski.inmontanis.info\/d\/209123-2\/DSC01362.jpg'><img src=http:\/\/ski.inmontanis.info\/d\/209122-3\/DSC01362.jpg \/><\/a><br \/>\n^ DSB Piana Galli<\/p>\n<p><a href='http:\/\/ski.inmontanis.info\/d\/209127-2\/ge20160220a.jpg'><img src=http:\/\/ski.inmontanis.info\/d\/209126-3\/ge20160220a.jpg \/><\/a><br \/>\n^ GPS-Track 20.2.2016 (3h-Karte); Rot die jeweils kastrierten SL-St\u00fccke. Und: Ich hab noch nie geh\u00f6rt, dass Aprica einen deutschen(?) Namen &#8220;Abr\u00e4nke&#8221; hat&#8230;<\/p>\n<p>Weiter ging&#8217;s nachmittags nach Teglio&#8230;<\/p>\n<p>Teil 2: Teglio<\/p>\n<p>Um 12 Uhr, etwas vor Ende der Karteng\u00fcltigkeit, fuhr ich weiter nach Teglio, was doch 40-50 Minuten Fahrzeit sind, da man in Teglio ja  recht weit hinauf fahren muss und die Stra\u00dfen dort auch recht schmal sind. Wobei die Fahrerei durch Teglio selbst auch immer sehr kurios ist, mit den vielen schmalen Gassen, wo man immer nie wei\u00df, ob das Navi einen nun richtig lotst oder nicht&#8230; Parkpl\u00e4tze gibt es an der DSB nur entlang der Stra\u00dfe, vom untersten m\u00fcsste man ca. 500m gehen. So viel war heute nat\u00fcrlich nicht los und ich hatte Gl\u00fcck, fast ganz oben ist zuvor einer weggefahren. Die Halbtageskarte ab 12:30 Uhr kostet samstags 15,- \u20ac (Tageskarte 20,-; am Sonntag 5,- \u20ac teurer). Im Prizip war das heute der erste Betriebstag dieses Winters (abgesehen vom Anf\u00e4nger-F\u00f6rderband) und man hatte alle (oder fast alle) Abfahrtsvarianten offen. Leider war der Schnee nicht ganz so optimal, erst recht nicht offpiste, da dort leicht angefroren und somit zu vergessen gewesen. Ist halt der generelle Nachteil von so einem S\u00fcdhang&#8230; Somit konnte ich leider wieder nicht alles fahren, was ich h\u00e4tte fahren wollen.<\/p>\n<p>Los war bis ca. 14:30 Uhr so gut wie gar nichts, danach kamen noch ein paar Leute (samt \u00f6ffentlichen Bus), insb. Kinder, wodurch die DSB noch viel langsamer fuhr, was auch wieder recht nervig war. Es war generell recht kalt und leicht windig, der Himmel die ganze Zeit leicht bedeckt &#8211; war mal wieder eine sehr triste Stimmung hier. Kann mir jedenfalls nicht vorstellen, dass es sich jemals lohnen wird, die DSB zu ersetzen. Von den beiden ehemaligen SL im Skigebiet war ja schon vor 2 Jahren kaum noch etwas \u00fcbrig, nur die eine Bergstation steht noch. Die St\u00fctzen der Ovovia standen \u00fcbrigens auch noch.<\/p>\n<p>(Fotos anklicken zum Vergr\u00f6\u00dfern)<\/p>\n<p><a href='http:\/\/ski.inmontanis.info\/d\/209131-2\/DSC01359.jpg'><img src=http:\/\/ski.inmontanis.info\/d\/209130-3\/DSC01359.jpg \/><\/a><br \/>\n^ Blick ins Skigebiet Teglio von Aprica<\/p>\n<p><a href='http:\/\/ski.inmontanis.info\/d\/209135-2\/DSC01360.jpg'><img src=http:\/\/ski.inmontanis.info\/d\/209134-3\/DSC01360.jpg \/><\/a><br \/>\n^ Zoom ins Skigebiet Teglio von Aprica<\/p>\n<p><a href='http:\/\/ski.inmontanis.info\/d\/209139-2\/DSC01365.jpg'><img src=http:\/\/ski.inmontanis.info\/d\/209138-3\/DSC01365.jpg \/><\/a><br \/>\n^ Talstation DSB<\/p>\n<p><a href='http:\/\/ski.inmontanis.info\/d\/209143-2\/DSC01370.jpg'><img src=http:\/\/ski.inmontanis.info\/d\/209142-3\/DSC01370.jpg \/><\/a><br \/>\n^ Die St\u00fctze 9 hat kurioserweise die ehemalige Aufschrift 16, obwohl es auch eine St\u00fctze 16 gibt, die nicht den Anschein erweckt, als sei sie ersetzt worden &#8230;.<\/p>\n<p><a href='http:\/\/ski.inmontanis.info\/d\/209147-2\/DSC01371.jpg'><img src=http:\/\/ski.inmontanis.info\/d\/209146-3\/DSC01371.jpg \/><\/a><br \/>\n^ DSB<\/p>\n<p><a href='http:\/\/ski.inmontanis.info\/d\/209151-2\/DSC01375.jpg'><img src=http:\/\/ski.inmontanis.info\/d\/209150-3\/DSC01375.jpg \/><\/a><br \/>\n^ DSB oberer Teil (oberhalb der Mittelstation) und SL<\/p>\n<p><a href='http:\/\/ski.inmontanis.info\/d\/209155-2\/DSC01377.jpg'><img src=http:\/\/ski.inmontanis.info\/d\/209154-3\/DSC01377.jpg \/><\/a><br \/>\n^ DSB St\u00fctzen 28-30 und Bergstation<\/p>\n<p><a href='http:\/\/ski.inmontanis.info\/d\/209159-2\/DSC01378.jpg'><img src=http:\/\/ski.inmontanis.info\/d\/209158-3\/DSC01378.jpg \/><\/a><br \/>\n^ DSB und Abfahrt<\/p>\n<p><a href='http:\/\/ski.inmontanis.info\/d\/209163-2\/DSC01380.jpg'><img src=http:\/\/ski.inmontanis.info\/d\/209162-3\/DSC01380.jpg \/><\/a><br \/>\n^ SL<\/p>\n<p><a href='http:\/\/ski.inmontanis.info\/d\/209167-2\/DSC01383.jpg'><img src=http:\/\/ski.inmontanis.info\/d\/209166-3\/DSC01383.jpg \/><\/a><br \/>\n^ Den Stecken nach bleibt der obere Teil des SL wohl leider kastriert :-(<\/p>\n<p><a href='http:\/\/ski.inmontanis.info\/d\/209171-2\/DSC01386.jpg'><img src=http:\/\/ski.inmontanis.info\/d\/209170-3\/DSC01386.jpg \/><\/a><br \/>\n^ Pano mit SL<\/p>\n<p><a href='http:\/\/ski.inmontanis.info\/d\/209175-2\/DSC01390.jpg'><img src=http:\/\/ski.inmontanis.info\/d\/209174-3\/DSC01390.jpg \/><\/a><br \/>\n^ Eine der DSB-Abfahrten<\/p>\n<p><a href='http:\/\/ski.inmontanis.info\/d\/209179-2\/DSC01392.jpg'><img src=http:\/\/ski.inmontanis.info\/d\/209178-3\/DSC01392.jpg \/><\/a><br \/>\n^ Meb-St\u00fctze 8<\/p>\n<p><a href='http:\/\/ski.inmontanis.info\/d\/209183-2\/ge20160220b.jpg'><img src=http:\/\/ski.inmontanis.info\/d\/209182-3\/ge20160220b.jpg \/><\/a><br \/>\n^ GPS-Track 20.2.2016, fast ident zu 2014<\/p>\n<p>Gebucht hab ich gestern Abend wieder das Hotel Sorriso in Darfo Boario Terme, obwohl es einige Alternativen in der Gegend und am Pressolana gegeben h\u00e4tte &#8211; letzterer w\u00e4re aber Abendessenm\u00e4\u00dfig evtl. etwas knapp geworden, und da ich ja vom Sorriso wei\u00df, dass man um 7 Uhr ein gro\u00dfes Fr\u00fchst\u00fccksbuffet bekommt &#8211; warum wo anders hin. Au\u00dfer ich w\u00fcrde heuer nochmal in die Gegend kommen, dann w\u00fcrd ich vmtl. noch was anderes austesten wollen. Die 38,- \u20ac, die das EZ mit \u00fcF via booking.com kostet, ist lt. Homepage des Hotels \u00fcbrigens anscheinend der Standard-Preis, ganzj\u00e4hrig kostet das EZ mit \u00dcF hier nur 38,- \u20ac. (Abendmen\u00fc +15,- \u20ac, HP ab 3 Tage oder so verg\u00fcnstigt). Allerdings hab ich diesmal ein Zimmer auf Stra\u00dfenseite bekommen, das ist doch entschieden lauter als das r\u00fcckseitige. Und leider funktionierte am Morgen das WLAN nicht, bzw. besser gesagt, das Internet, weder am PC noch am iPhone. Abgerechnet wurde am Morgen wieder gro\u00dfz\u00fcgig: 38,- \u00dcF + 14,- Men\u00fc (statt 15,- lt Homepage, inkl. Wasser) + 0,75 \u20ac Kurtaxe = 52,75 \u20ac &#8211; und das eben abgerundet auf 50,- \u20ac, wie schon 2013. Nett.<\/p>\n<p>Nebenbei &#8211; es fiel mir heute sehr schwer, italienisch zu reden. ist auch immer ein Problem, wenn man im Laufe eines Urlaubs zwischen IT und FR wechselt. Aber momentan ist meine letzte Reise noch zu pr\u00e4sent, d.h. ich will egtl. immer versuchen, in Russisch zu reden &#8211; zB. rutschte mir heut mehrmals ein &#8220;Da&#8221; anstelle eines &#8220;Si&#8221; raus&#8230;<\/p>\n","protected":false},"excerpt":{"rendered":"<p>Teil 1: Aprica<\/p>\n<p>Nach den letzten Schneef\u00e4llen haben nun auch in den italienischen Alpen die meisten Skigebiete ge\u00f6ffnet. Was nicht dar\u00fcber hinwegt\u00e4uschen soll, dass noch etliche komplett zu sind oder die interessanten Lifte zu haben. Erst recht im restlichen Italien. Zudem war ich nach den letzten 3 WE in Tirol Reif f\u00fcr Italien. Wie schon <a href=\"http:\/\/blog.inmontanis.info\/?p=3753\">[&#8230;]<\/a><\/p>\n","protected":false},"author":1,"featured_media":0,"comment_status":"closed","ping_status":"closed","sticky":false,"template":"","format":"standard","meta":{"footnotes":""},"categories":[531,15,59,27,216,81],"tags":[49,39,79,38,80,47],"class_list":["post-3753","post","type-post","status-publish","format-standard","hentry","category-aprica","category-italienitaly","category-nostalgie","category-skifahren-winterskiing-winter","category-teglio","category-kurztrips","tag-4sb","tag-6eub","tag-agudio","tag-dsb","tag-marchisio","tag-sl","odd"],"_links":{"self":[{"href":"http:\/\/blog.inmontanis.info\/index.php?rest_route=\/wp\/v2\/posts\/3753","targetHints":{"allow":["GET"]}}],"collection":[{"href":"http:\/\/blog.inmontanis.info\/index.php?rest_route=\/wp\/v2\/posts"}],"about":[{"href":"http:\/\/blog.inmontanis.info\/index.php?rest_route=\/wp\/v2\/types\/post"}],"author":[{"embeddable":true,"href":"http:\/\/blog.inmontanis.info\/index.php?rest_route=\/wp\/v2\/users\/1"}],"replies":[{"embeddable":true,"href":"http:\/\/blog.inmontanis.info\/index.php?rest_route=%2Fwp%2Fv2%2Fcomments&post=3753"}],"version-history":[{"count":2,"href":"http:\/\/blog.inmontanis.info\/index.php?rest_route=\/wp\/v2\/posts\/3753\/revisions"}],"predecessor-version":[{"id":3755,"href":"http:\/\/blog.inmontanis.info\/index.php?rest_route=\/wp\/v2\/posts\/3753\/revisions\/3755"}],"wp:attachment":[{"href":"http:\/\/blog.inmontanis.info\/index.php?rest_route=%2Fwp%2Fv2%2Fmedia&parent=3753"}],"wp:term":[{"taxonomy":"category","embeddable":true,"href":"http:\/\/blog.inmontanis.info\/index.php?rest_route=%2Fwp%2Fv2%2Fcategories&post=3753"},{"taxonomy":"post_tag","embeddable":true,"href":"http:\/\/blog.inmontanis.info\/index.php?rest_route=%2Fwp%2Fv2%2Ftags&post=3753"}],"curies":[{"name":"wp","href":"https:\/\/api.w.org\/{rel}","templated":true}]}}