{"id":3741,"date":"2016-01-31T22:09:43","date_gmt":"2016-01-31T21:09:43","guid":{"rendered":"http:\/\/blog.inmontanis.info\/?p=3741"},"modified":"2023-08-06T20:08:11","modified_gmt":"2023-08-06T18:08:11","slug":"pertisau-kellerjoch-skiwelt-30-31-1-2016","status":"publish","type":"post","link":"http:\/\/blog.inmontanis.info\/?p=3741","title":{"rendered":"Pertisau-Kellerjoch-Skiwelt, 30.+31.1.2016"},"content":{"rendered":"<p><strong>Sa, 30.1.2016<\/strong><\/p>\n<p>Eigentlich h\u00e4tte ich heute Mayrhofen wg. der Talabfahrt fahren wollen, aber die Woche war leider zu warm und die Abfahrt sah mehr braun als wei\u00df aus. Vielleicht n\u00e4chste Woche. Auf der Suche nach Alternativen, d.h. was ist gerade ge\u00f6ffnet, was hat vielleicht nicht so lange ge\u00f6ffnet usw. fiel die Entscheidung dann prim\u00e4r auf Pertisau. Auch weil mir die Woche vorher in Norwegen kein Skigebiet mit Fjordpano verg\u00f6nnt wurde &#8211; und nebenbei, selbst in Norwegen kann kaum ein Fjordpano-Skigebiet mit dem Pano in Pertisau mithalten.<\/p>\n<p>Allerdings wollte ich mich hier nur einen halben Tag aufhalten. F\u00fcr die zweite H\u00e4lfte des Tages schwankte ich zwischen mehreren Gebieten, entweder Kellerjoch oder Christlum, da ich dort noch nie war. Als ich kurz vor 9 am Achensee war, war alles vernebelt &#8211; somit wollte ich dann erst Christlum und sp\u00e4ter Pertisau machen. Die Website der Christlum wirbt mit &#8220;Parkplatzgarantie! Christlum-Skifahrer parken gratis direkt am Lift&#8221;. Hm. Um 9 Uhr wurde ich zu einem eher weit entfernten Parkplatz an der Loipe gewunken?! Also dann zur\u00fcck Pertisau, Parkplatzgeb\u00fchren f\u00fcr 4h gezahlt (2 \u20ac), Tirol Snow Card freischalten lassen und raufgefahren, der Nebel ging netterweise recht schnell weg.<\/p>\n<p>Uiuiuiui. Der Schneezustand in den Alpen machte f\u00fcr mich da weiter, wo er zu Weihnachten in Frankreich aufgeh\u00f6rt hat: Unpr\u00e4pariert und eisig hart. So blieb die f\u00fcr mich wichtigste Abfahrt (zum See) leider die ganze Zeit, da dort momentan auch keine Sonne reinkommt. Die Abfahrt am SL firnte im Laufe des Vormittags sch\u00f6n auf, die war stellenweise sehr angenehm zu fahren. Die See-Abfahrt macht aufgrund des h\u00f6heren Sonnenstands im M\u00e4rz mehr Sinn, das Panorama ist aber auch so genial.<\/p>\n<p>(Fotos anklicken zum Vergr\u00f6\u00dfern)<\/p>\n<p><a href='http:\/\/ski.inmontanis.info\/d\/207597-2\/DSC01041.jpg'><img src=http:\/\/ski.inmontanis.info\/d\/207596-3\/DSC01041.jpg \/><\/a><br \/>\n^ Pertisau vs. Achensee<\/p>\n<p><a href='http:\/\/ski.inmontanis.info\/d\/207630-2\/DSC01043.jpg'><img src=http:\/\/ski.inmontanis.info\/d\/207629-3\/DSC01043.jpg \/><\/a><br \/>\n^ Achensee im Spiegel- und Bodennebelmodus<\/p>\n<p><a href='http:\/\/ski.inmontanis.info\/d\/207602-2\/DSC01048.jpg'><img src=http:\/\/ski.inmontanis.info\/d\/207601-3\/DSC01048.jpg \/><\/a><br \/>\n^ GUB vs. Achensee<\/p>\n<p><a href='http:\/\/ski.inmontanis.info\/d\/207606-2\/DSC01052.jpg'><img src=http:\/\/ski.inmontanis.info\/d\/207605-3\/DSC01052.jpg \/><\/a><br \/>\n^ Achensee<\/p>\n<p><a href='http:\/\/ski.inmontanis.info\/d\/207610-2\/DSC01053.jpg'><img src=http:\/\/ski.inmontanis.info\/d\/207609-3\/DSC01053.jpg \/><\/a><br \/>\n^ 2 der 3 SL<\/p>\n<p><a href='http:\/\/ski.inmontanis.info\/d\/207614-2\/DSC01063.jpg'><img src=http:\/\/ski.inmontanis.info\/d\/207613-3\/DSC01063.jpg \/><\/a><br \/>\n^ GUB vs. Achensee<\/p>\n<p><a href='http:\/\/ski.inmontanis.info\/d\/207618-2\/DSC01067.jpg'><img src=http:\/\/ski.inmontanis.info\/d\/207617-3\/DSC01067.jpg \/><\/a><br \/>\n^ GUB vs. Achensee<\/p>\n<p><a href='http:\/\/ski.inmontanis.info\/d\/207622-2\/DSC01071.jpg'><img src=http:\/\/ski.inmontanis.info\/d\/207621-3\/DSC01071.jpg \/><\/a><br \/>\n^ Abfahrt mit See-Blick. Leider sehr eisig hart und unpr\u00e4pariert heute.<\/p>\n<p><a href='http:\/\/ski.inmontanis.info\/d\/207626-2\/DSC01074.jpg'><img src=http:\/\/ski.inmontanis.info\/d\/207625-3\/DSC01074.jpg \/><\/a><br \/>\n^ Abfahrtsende am See, Transfer zur\u00fcck heute mit Kleinbus im 20-min-Takt.<\/p>\n<p>Nachmittags bin ich dann noch aufs Kellerjoch, ESL halber. Schnee lag bis zur Talstation ESL, aber auch diese Abfahrt war sehr eisig und es gab auch zwei Stellen, wo man die Skier abschnallen musste. Auch nichts, was ich heute h\u00e4tte ein zweites Mal fahren wollen, also bereits um 15:30 aufgeh\u00f6rt. Und das bei dem tollen Sonnenschein, wo es morgen schlecht werden soll&#8230;<\/p>\n<p><a href='http:\/\/ski.inmontanis.info\/d\/207581-2\/DSC01075.jpg'><img src=http:\/\/ski.inmontanis.info\/d\/207580-3\/DSC01075.jpg \/><\/a><br \/>\n^ ESL Sektion 2 (Sektion 1 gibts ja nicht mehr)<\/p>\n<p><a href='http:\/\/ski.inmontanis.info\/d\/207585-2\/DSC01076.jpg'><img src=http:\/\/ski.inmontanis.info\/d\/207584-3\/DSC01076.jpg \/><\/a><br \/>\n^ ESL Sektion 2<\/p>\n<p><a href='http:\/\/ski.inmontanis.info\/d\/207589-2\/DSC01078.jpg'><img src=http:\/\/ski.inmontanis.info\/d\/207588-3\/DSC01078.jpg \/><\/a><br \/>\n^ DSB Sektion 3 mit Inntal-Pano. Auch hier nur eine Abfahrt offen und die war auch zu hart.<\/p>\n<p><a href='http:\/\/ski.inmontanis.info\/d\/207593-2\/DSC01080.jpg'><img src=http:\/\/ski.inmontanis.info\/d\/207592-3\/DSC01080.jpg \/><\/a><br \/>\n^ Etwas schneelose, aber angenehm weiche Abfahrt zum unteren SL (ge\u00f6ffnet). Abfahrt zum ESL dann nicht ge\u00f6ffnet, eisig und mit 2 Abschnallst\u00fccken.<\/p>\n<p><strong>So, 31.1.2016<\/strong><\/p>\n<p>Je weiter \u00f6stlich, desto weniger starken Schneefall, so ungef\u00e4hr der heutige Wetterbericht. Hab mich dann f\u00fcr die Skiwelt entschieden, diesmal mit Einstieg Scheffau, der 4EUB wegen. Oben dann haupts\u00e4chlich den Bereich Ellmau und Going samt der Tal-SL abgegrast. Erstmals an einigen Sesselbahnen gesehen, dass Schnee+Regen mit Druckluft (evtl. von der Beschneiungsanlage?) von den Polstern entfernt wird. Sehr nett, leider nicht \u00fcberall. Schneezustand bzw. Pisten waren jedenfalls zumeist recht gut und wesentlich besser als gestern, meine neue Decathlon-10.000-Hose hielt problemlos durch, auch meine neuen Goretex-Handschuhe. Nur Jackenm\u00e4\u00dfig hab ich halt momentan nichts f\u00fcr so ein Wetter, daher obenrum recht nass geworden.<\/p>\n<p><a href='http:\/\/ski.inmontanis.info\/d\/207565-2\/DSC01083.jpg'><img src=http:\/\/ski.inmontanis.info\/d\/207564-3\/DSC01083.jpg \/><\/a><br \/>\n^ 4EUB in Scheffau, fuhr wie so h\u00e4ufig nur vormittags.<\/p>\n<p><a href='http:\/\/ski.inmontanis.info\/d\/207569-2\/DSC01085.jpg'><img src=http:\/\/ski.inmontanis.info\/d\/207568-3\/DSC01085.jpg \/><\/a><br \/>\n^ 4EUB in Scheffau<\/p>\n<p><a href='http:\/\/ski.inmontanis.info\/d\/207573-2\/DSC01089.jpg'><img src=http:\/\/ski.inmontanis.info\/d\/207572-3\/DSC01089.jpg \/><\/a><br \/>\n^ SL Schmiedalm<\/p>\n<p><a href='http:\/\/ski.inmontanis.info\/d\/207577-2\/DSC01090.jpg'><img src=http:\/\/ski.inmontanis.info\/d\/207576-3\/DSC01090.jpg \/><\/a><br \/>\n^ Die kurioseste Abfahrt der Skiwelt (von Going nach Ellmau)<\/p>\n","protected":false},"excerpt":{"rendered":"<p>Sa, 30.1.2016<\/p>\n<p>Eigentlich h\u00e4tte ich heute Mayrhofen wg. der Talabfahrt fahren wollen, aber die Woche war leider zu warm und die Abfahrt sah mehr braun als wei\u00df aus. Vielleicht n\u00e4chste Woche. Auf der Suche nach Alternativen, d.h. was ist gerade ge\u00f6ffnet, was hat vielleicht nicht so lange ge\u00f6ffnet usw. fiel die Entscheidung dann prim\u00e4r auf <a href=\"http:\/\/blog.inmontanis.info\/?p=3741\">[&#8230;]<\/a><\/p>\n","protected":false},"author":1,"featured_media":0,"comment_status":"closed","ping_status":"closed","sticky":false,"template":"","format":"standard","meta":{"footnotes":""},"categories":[864,59,25,13,852,27,898],"tags":[42,38,35,83,78,45,47],"class_list":["post-3741","post","type-post","status-publish","format-standard","hentry","category-kellerjoch","category-nostalgie","category-noreport","category-austria","category-pertisau-achensee","category-skifahren-winterskiing-winter","category-skiwelt-wilder-kaiser","tag-4eub","tag-dsb","tag-esl","tag-gub","tag-restschnee","tag-see","tag-sl","odd"],"_links":{"self":[{"href":"http:\/\/blog.inmontanis.info\/index.php?rest_route=\/wp\/v2\/posts\/3741","targetHints":{"allow":["GET"]}}],"collection":[{"href":"http:\/\/blog.inmontanis.info\/index.php?rest_route=\/wp\/v2\/posts"}],"about":[{"href":"http:\/\/blog.inmontanis.info\/index.php?rest_route=\/wp\/v2\/types\/post"}],"author":[{"embeddable":true,"href":"http:\/\/blog.inmontanis.info\/index.php?rest_route=\/wp\/v2\/users\/1"}],"replies":[{"embeddable":true,"href":"http:\/\/blog.inmontanis.info\/index.php?rest_route=%2Fwp%2Fv2%2Fcomments&post=3741"}],"version-history":[{"count":1,"href":"http:\/\/blog.inmontanis.info\/index.php?rest_route=\/wp\/v2\/posts\/3741\/revisions"}],"predecessor-version":[{"id":3742,"href":"http:\/\/blog.inmontanis.info\/index.php?rest_route=\/wp\/v2\/posts\/3741\/revisions\/3742"}],"wp:attachment":[{"href":"http:\/\/blog.inmontanis.info\/index.php?rest_route=%2Fwp%2Fv2%2Fmedia&parent=3741"}],"wp:term":[{"taxonomy":"category","embeddable":true,"href":"http:\/\/blog.inmontanis.info\/index.php?rest_route=%2Fwp%2Fv2%2Fcategories&post=3741"},{"taxonomy":"post_tag","embeddable":true,"href":"http:\/\/blog.inmontanis.info\/index.php?rest_route=%2Fwp%2Fv2%2Ftags&post=3741"}],"curies":[{"name":"wp","href":"https:\/\/api.w.org\/{rel}","templated":true}]}}