{"id":3730,"date":"2016-01-22T22:39:44","date_gmt":"2016-01-22T21:39:44","guid":{"rendered":"http:\/\/blog.inmontanis.info\/?p=3730"},"modified":"2023-08-05T13:41:03","modified_gmt":"2023-08-05T11:41:03","slug":"are-22-1-2016","status":"publish","type":"post","link":"http:\/\/blog.inmontanis.info\/?p=3730","title":{"rendered":"\u00c5re, 22.1.2016"},"content":{"rendered":"<p><strong>\u2206 56\u00b0 &#8211; Sehnsucht Russland: Tag 23<br \/>\nFr, 22.1.2016 &#8211; \u00c5re<br \/>\n<\/strong><\/p>\n<p>Mein heutiger russischer Musik-Tipp, \u0420\u0430\u0437 \u0438 \u043d\u0430\u0432\u0441\u0435\u0433\u0434\u0430 von \u041a\u0440\u0438\u0441\u0442\u0438\u043d\u0430 \u041e\u0440\u0431\u0430\u043a\u0430\u0439\u0442\u0435:<br \/>\n<object style=\"height: 500px; width: 900px\"><param name=\"movie\" value=\"http:\/\/www.youtube.com\/v\/QxbmKcV2cuc\"><\/param><param name=\"wmode\" value=\"transparent\"><\/param><embed src=\"http:\/\/www.youtube.com\/v\/QxbmKcV2cuc\" type=\"application\/x-shockwave-flash\" wmode=\"transparent\"  width=\"900\" height=\"480\"><\/embed><\/object><\/p>\n<p>Um 3:15 Uhr standen wir bereits wieder auf, da wir ja noch in \u00c5re Skifahren wollten &#8211; und dahin waren es noch ca. 7 Stunden Fahrt. Leider war nichts interessantes n\u00e4her ge\u00f6ffnet: in NO haben die meisten interessanteren (d.h. kleineren) Skigebiete unter der Woche nur abends, sowie nur am WE tags\u00fcber ge\u00f6ffnet oder waren einfach zu weit weg f\u00fcr uns oder hatten noch nicht genug Schnee bzw. war auch das Wetter erst ab ca. H\u00f6he \u00c5re heute sonniger.<\/p>\n<p>\u00c5re hatte ich bei meinem bisher einzigen Winter-Urlaub in Skandinavien ja wetterbedingt auslassen, zwischenzeitlich war ich mir auch nicht mehr sooo sicher, ob mich das Skigebiet ansprechen w\u00fcrde, aber &#8230; Genial!<\/p>\n<p>Es war heute wieder einmal ein sehr fotoreicher Tag, der Bericht enth\u00e4lt fast 100 Fotos. Angefangen hat es mit einer sehr fotogenen Bergstra\u00dfe richtung \u00c5re&#8230;<\/p>\n<p>(Fotos anklicken zum Vergr\u00f6\u00dfern)<\/p>\n<p><a href='http:\/\/extra.inmontanis.info\/d\/34572-2\/ge20160120-23.jpg'><img src=http:\/\/extra.inmontanis.info\/d\/34571-3\/ge20160120-23.jpg \/><\/a><br \/>\n^ Dunkelblau: Strecke 22.1.2016<br \/>\nM) \u00c5re<\/p>\n<p><a href='http:\/\/extra.inmontanis.info\/d\/34636-2\/DSC00639.jpg'><img src=http:\/\/extra.inmontanis.info\/d\/34635-3\/DSC00639.jpg \/><\/a><br \/>\n^ E6\/Mosj\u00f8en, etwas Neuschnee \u00fcber Nacht<\/p>\n<p><a href='http:\/\/extra.inmontanis.info\/d\/34640-2\/DSC00645.jpg'><img src=http:\/\/extra.inmontanis.info\/d\/34639-3\/DSC00645.jpg \/><\/a><br \/>\n^ E6 \/ vor Steinkjer, Morgend\u00e4mmerung um 8:25 Uhr<\/p>\n<p><a href='http:\/\/extra.inmontanis.info\/d\/34644-2\/DSC00646.jpg'><img src=http:\/\/extra.inmontanis.info\/d\/34643-3\/DSC00646.jpg \/><\/a><br \/>\n^ E6 \/ vor Steinkjer<\/p>\n<p><a href='http:\/\/extra.inmontanis.info\/d\/34648-2\/DSC00648.jpg'><img src=http:\/\/extra.inmontanis.info\/d\/34647-3\/DSC00648.jpg \/><\/a><br \/>\n^ E6 \/ Steinkjer<\/p>\n<p><a href='http:\/\/extra.inmontanis.info\/d\/34652-2\/DSC00651.jpg'><img src=http:\/\/extra.inmontanis.info\/d\/34651-3\/DSC00651.jpg \/><\/a><br \/>\n^ E6 \/ bei Steinkjer (8:57 Uhr)<\/p>\n<p><a href='http:\/\/extra.inmontanis.info\/d\/34656-2\/DSC00656.jpg'><img src=http:\/\/extra.inmontanis.info\/d\/34655-3\/DSC00656.jpg \/><\/a><br \/>\n^ E6 \/ bei Verdal am Fjord, der auch an Trondheim vorbei f\u00fchrt<\/p>\n<p><a href='http:\/\/extra.inmontanis.info\/d\/34660-2\/DSC00664.jpg'><img src=http:\/\/extra.inmontanis.info\/d\/34659-3\/DSC00664.jpg \/><\/a><br \/>\n^ In Verdal zweigten wir auf die 72 ab, die uns nach \u00c5re bringen soll (Nach wie vor Morgend\u00e4mmerung, 9:30 Uhr)<\/p>\n<p><a href='http:\/\/extra.inmontanis.info\/d\/34664-2\/DSC00668.jpg'><img src=http:\/\/extra.inmontanis.info\/d\/34663-3\/DSC00668.jpg \/><\/a><br \/>\n^ 72 Verdal-Grenze<\/p>\n<p><a href='http:\/\/extra.inmontanis.info\/d\/34668-2\/DSC00676.jpg'><img src=http:\/\/extra.inmontanis.info\/d\/34667-3\/DSC00676.jpg \/><\/a><br \/>\n^ Grenze Norwegen -> Schweden<\/p>\n<p><a href='http:\/\/extra.inmontanis.info\/d\/34672-2\/DSC00677.jpg'><img src=http:\/\/extra.inmontanis.info\/d\/34671-3\/DSC00677.jpg \/><\/a><br \/>\n^ 322 \/ In Schweden f\u00e4hrt man \u00fcber ein Hochplateau, wo bereits die Sonne schien<\/p>\n<p><a href='http:\/\/extra.inmontanis.info\/d\/34676-2\/DSC00681_001.jpg'><img src=http:\/\/extra.inmontanis.info\/d\/34675-3\/DSC00681_001.jpg \/><\/a><br \/>\n^ 322 richtung \u00c5re \/ Sonnenaufgang (10:04 Uhr)<\/p>\n<p><a href='http:\/\/extra.inmontanis.info\/d\/34680-2\/DSC00686.jpg'><img src=http:\/\/extra.inmontanis.info\/d\/34679-3\/DSC00686.jpg \/><\/a><br \/>\n^ 322 richtung \u00c5re<\/p>\n<p><a href='http:\/\/extra.inmontanis.info\/d\/34684-2\/DSC00687.jpg'><img src=http:\/\/extra.inmontanis.info\/d\/34683-3\/DSC00687.jpg \/><\/a><br \/>\n^ 322 richtung \u00c5re<\/p>\n<p><a href='http:\/\/extra.inmontanis.info\/d\/34688-2\/DSC00691.jpg'><img src=http:\/\/extra.inmontanis.info\/d\/34687-3\/DSC00691.jpg \/><\/a><\/p>\n<p><a href='http:\/\/extra.inmontanis.info\/d\/34692-2\/DSC00692.jpg'><img src=http:\/\/extra.inmontanis.info\/d\/34691-3\/DSC00692.jpg \/><\/a><\/p>\n<p><a href='http:\/\/extra.inmontanis.info\/d\/34696-2\/DSC00694.jpg'><img src=http:\/\/extra.inmontanis.info\/d\/34695-3\/DSC00694.jpg \/><\/a><br \/>\n^ 322 richtung \u00c5re geht&#8217;s wieder etwas abw\u00e4rts<\/p>\n<p><a href='http:\/\/extra.inmontanis.info\/d\/34700-2\/DSC00697.jpg'><img src=http:\/\/extra.inmontanis.info\/d\/34699-3\/DSC00697.jpg \/><\/a><\/p>\n<p><a href='http:\/\/extra.inmontanis.info\/d\/34704-2\/DSC00698.jpg'><img src=http:\/\/extra.inmontanis.info\/d\/34703-3\/DSC00698.jpg \/><\/a><\/p>\n<p>Gegen 11 Uhr kamen wir in \u00c5re an, hielten an einem Parkplatz etwas oberhalb der Talstationen, quasi direkt an der E14 und querten auf Ski zur Talstation der Kombibahn VM 8:an. Kassen gibt es hier wohl keine, nur 2 Schalter in einem Skiverleih, die allesamt die Ruhe weg hatten, also Italien v2 sozusagen. G\u00e4hn. Die Tageskarte kostete ca. 45,- \u20ac, fremde Axess-Cards wurden netterweise akzeptiert und Trinc profitierte davon, dass ich zwei der neueren Axess-Keycards dabei hatte (glaub eine Karte h\u00e4tte hier 5-7,- \u20ac oder so gekostet.).<\/p>\n<p>Die Kombibahn ist derzeit von ca. 8-16:30 Uhr ge\u00f6ffnet, s\u00e4mtliche anderen Lifte aber nur von ca. 9-15:00, d.h. ein recht kurzer Skitag. Ab Februar sind dann nicht nur mehr Lifte ge\u00f6ffnet, sondern die Lifte laufen auch l\u00e4nger. Dennoch haben wir es geschafft einmal kreuz und quer durch&#8217;s Skigebiet zu fahren, was dann \u00fcberraschenderweise doch weit ausgedehnter war, als ich dachte bzw. als es teilweise am Pistenplan den Anschein hatte.<\/p>\n<p>Dank Wind und Kunstschnee war&#8217;s teilweise recht hart bzw. sogar eisig, in Summe aber schon ein recht nettes Skigebiet (und das &#8220;alpinste&#8221; in Skandinavien), insb. der obere Teil, der leider erst ab Februar so richtig ge\u00f6ffnet wird, aber auch die Skilifte im linken Bereich mit ihren netten, schm\u00e4leren, unmodellierteren Waldpisten hatten es uns angetan. Quasi komplett auslassen haben wir die steilen Kunstschneeh\u00e4nge im unteren Bereich im Zentrum.<\/p>\n<p>Die Bergstationen sind zwar nur auf 1.250m, was aber trotzdem ca. 900-1.000 H\u00f6henmeter zum Flachland bedeutet und f\u00fcr eine gute gef\u00fchlte H\u00f6he sorgt, auch weil es keine ann\u00e4hernd so gro\u00dfen Berge in direkter Umgebung gibt.<\/p>\n<p><a href='http:\/\/ski.inmontanis.info\/d\/211037-2\/DSC00701.jpg'><img src=http:\/\/ski.inmontanis.info\/d\/211036-3\/DSC00701.jpg \/><\/a><br \/>\n^ E14, links Skigebiet Duved (geh\u00f6rt Skipassm\u00e4\u00dfig zu \u00c5re, aber nicht verbunden), dahinter \u00c5re<\/p>\n<p><a href='http:\/\/ski.inmontanis.info\/d\/211041-2\/DSC00704.jpg'><img src=http:\/\/ski.inmontanis.info\/d\/211040-3\/DSC00704.jpg \/><\/a><br \/>\n^ E14 vor \u00c5re, Blick zu einigen Talabfahrten und der PB<\/p>\n<p><a href='http:\/\/ski.inmontanis.info\/d\/211045-2\/DSC00705.jpg'><img src=http:\/\/ski.inmontanis.info\/d\/211044-3\/DSC00705.jpg \/><\/a><br \/>\n^ E14 vor \u00c5re, Blick zum Gipfel mit EUB und PB<\/p>\n<p><a href='http:\/\/ski.inmontanis.info\/d\/211049-2\/DSC03332.jpg'><img src=http:\/\/ski.inmontanis.info\/d\/211048-3\/DSC03332.jpg \/><\/a><br \/>\n^ Pistenplan, Gestrichelt sind die Verbindungsabfahrten\/Skiwege<\/p>\n<p><a href='http:\/\/ski.inmontanis.info\/d\/211053-2\/ge20160122c.jpg'><img src=http:\/\/ski.inmontanis.info\/d\/211052-3\/ge20160122c.jpg \/><\/a><br \/>\n^ GPS-Track 22.1.2016; Orange die von uns nicht befahrenen Lifte, wobei die oberen im Gipfelbereich eh erst im Februar \u00f6ffnen. Man sieht schon, wir haben nur sehr wenig Abfahrten geschafft. Ich denke, ich k\u00f6nnt&#8217;s hier 2 Tage aushalten, wenn alles offen ist und gut geht.<\/p>\n<p><a href='http:\/\/ski.inmontanis.info\/d\/211057-2\/DSC00708.jpg'><img src=http:\/\/ski.inmontanis.info\/d\/211056-3\/DSC00708.jpg \/><\/a><br \/>\n^ Kombibahn VM 8:an, der Parkplatz hier liegt etwas oberhalb, dahinter die PB zum Gipfel<\/p>\n<p><a href='http:\/\/ski.inmontanis.info\/d\/211061-2\/DSC00709.jpg'><img src=http:\/\/ski.inmontanis.info\/d\/211060-3\/DSC00709.jpg \/><\/a><br \/>\n^ \u00c5re und See<\/p>\n<p><a href='http:\/\/ski.inmontanis.info\/d\/211065-2\/DSC00715.jpg'><img src=http:\/\/ski.inmontanis.info\/d\/211064-3\/DSC00715.jpg \/><\/a><br \/>\n^ Bergstation Kombibahn VM 8:an, dahinter die Talstation der Gipfel-EUB Gondolen<\/p>\n<p><a href='http:\/\/ski.inmontanis.info\/d\/211069-2\/DSC00718.jpg'><img src=http:\/\/ski.inmontanis.info\/d\/211068-3\/DSC00718.jpg \/><\/a><br \/>\n^ Tal-Blick von der Gipfel-EUB namens Gondolen<\/p>\n<p><a href='http:\/\/ski.inmontanis.info\/d\/211073-2\/DSC00725.jpg'><img src=http:\/\/ski.inmontanis.info\/d\/211072-3\/DSC00725.jpg \/><\/a><br \/>\n^ Gondolen und Kabinbanan, also EUB und PB zum Gipfel<\/p>\n<p><a href='http:\/\/ski.inmontanis.info\/d\/211077-2\/DSC00728.jpg'><img src=http:\/\/ski.inmontanis.info\/d\/211076-3\/DSC00728.jpg \/><\/a><br \/>\n^ Flachlandpano<\/p>\n<p><a href='http:\/\/ski.inmontanis.info\/d\/211081-2\/DSC00733.jpg'><img src=http:\/\/ski.inmontanis.info\/d\/211080-3\/DSC00733.jpg \/><\/a><br \/>\n^ Gondolen<\/p>\n<p><a href='http:\/\/ski.inmontanis.info\/d\/211085-2\/DSC00734.jpg'><img src=http:\/\/ski.inmontanis.info\/d\/211084-3\/DSC00734.jpg \/><\/a><br \/>\n^ PB und dahinter die DSB, die auch erst ab Februar l\u00e4uft<\/p>\n<p><a href='http:\/\/ski.inmontanis.info\/d\/211089-2\/DSC00735.jpg'><img src=http:\/\/ski.inmontanis.info\/d\/211088-3\/DSC00735.jpg \/><\/a><br \/>\n^ Bergstationen SL-EUB-PB-DSB. Weiter zum Gipfel geht&#8217;s nur zu Fu\u00df<\/p>\n<p><a href='http:\/\/ski.inmontanis.info\/d\/211093-2\/DSC00738.jpg'><img src=http:\/\/ski.inmontanis.info\/d\/211092-3\/DSC00738.jpg \/><\/a><br \/>\n^ S\u00fcdost-Pano mit der fotogenen PB.<\/p>\n<p><a href='http:\/\/ski.inmontanis.info\/d\/211097-2\/DSC00740.jpg'><img src=http:\/\/ski.inmontanis.info\/d\/211096-3\/DSC00740.jpg \/><\/a><br \/>\n^ Gipfel<\/p>\n<p><a href='http:\/\/ski.inmontanis.info\/d\/211101-2\/DSC00741.jpg'><img src=http:\/\/ski.inmontanis.info\/d\/211100-3\/DSC00741.jpg \/><\/a><br \/>\n^ Alles verkrustet; DSB- und PB-Bergstationen<\/p>\n<p><a href='http:\/\/ski.inmontanis.info\/d\/211105-2\/DSC00742.jpg'><img src=http:\/\/ski.inmontanis.info\/d\/211104-3\/DSC00742.jpg \/><\/a><br \/>\n^ Bergstation Gondolen<\/p>\n<p><a href='http:\/\/ski.inmontanis.info\/d\/211109-2\/DSC00743.jpg'><img src=http:\/\/ski.inmontanis.info\/d\/211108-3\/DSC00743.jpg \/><\/a><br \/>\n^ Bergstation DSB. Die oberen Sessel wurden vmtl. wg. der Verkrustung noch nicht ans Seil geh\u00e4ngt. DSB wie auch die SL links der EUB gehen erst im Februar in Betrieb.<\/p>\n<p><a href='http:\/\/ski.inmontanis.info\/d\/211113-2\/DSC00747.jpg'><img src=http:\/\/ski.inmontanis.info\/d\/211112-3\/DSC00747.jpg \/><\/a><br \/>\n^ Die H\u00e4nge an der DSB sind derzeit nur Freeride-m\u00e4\u00dfig zu fahren, hier ist der Einstieg. Stellenweise gab es ein bisschen Feindkontakt (nicht wirklich erkennbar vorher), der Schnee selbst hier und da etwas windgepresst. Also nichts, das man unbedingt ein zweites Mal h\u00e4tte machen m\u00fcssen, aber schon h\u00e4tte machen k\u00f6nnen, wenn die Zeit da gewesen w\u00e4re und die Alternativen gefehlt h\u00e4tten. Bei mir ist in dem Fall das Pano wichtiger als ein eventuell besserer Schnee bei schlechterem Wetter.<\/p>\n<p><a href='http:\/\/ski.inmontanis.info\/d\/211117-2\/DSC00751.jpg'><img src=http:\/\/ski.inmontanis.info\/d\/211116-3\/DSC00751.jpg \/><\/a><br \/>\n^ Bergstation der PB<\/p>\n<p><a href='http:\/\/ski.inmontanis.info\/d\/211121-2\/DSC00752.jpg'><img src=http:\/\/ski.inmontanis.info\/d\/211120-3\/DSC00752.jpg \/><\/a><br \/>\n^ S\u00fcdpano mit PB<\/p>\n<p><a href='http:\/\/ski.inmontanis.info\/d\/211125-2\/DSC00753.jpg'><img src=http:\/\/ski.inmontanis.info\/d\/211124-3\/DSC00753.jpg \/><\/a><br \/>\n^ Ost-Pano mit Freeride-Areal hinter der DSB. Da wir ja keine Ahnung haben, wie es da runter ausschaut, fuhren wir aber wieder zur\u00fcck zu den meisten Spuren und blieben zwischen DSB und PB &#8230;<\/p>\n<p><a href='http:\/\/ski.inmontanis.info\/d\/211129-2\/DSC00754.jpg'><img src=http:\/\/ski.inmontanis.info\/d\/211128-3\/DSC00754.jpg \/><\/a><br \/>\n^ Gipfel-Bergstationen und West-Pano<\/p>\n<p><a href='http:\/\/ski.inmontanis.info\/d\/211133-2\/DSC00757.jpg'><img src=http:\/\/ski.inmontanis.info\/d\/211132-3\/DSC00757.jpg \/><\/a><br \/>\n^ S\u00fcdwest-Pano mit der schmucken PB<\/p>\n<p><a href='http:\/\/ski.inmontanis.info\/d\/211137-2\/DSC00758.jpg'><img src=http:\/\/ski.inmontanis.info\/d\/211136-3\/DSC00758.jpg \/><\/a><br \/>\n^ PB<\/p>\n<p><a href='http:\/\/ski.inmontanis.info\/d\/211141-2\/DSC00761.jpg'><img src=http:\/\/ski.inmontanis.info\/d\/211140-3\/DSC00761.jpg \/><\/a><br \/>\n^ Verkrustete PB- und DSB-St\u00fctzen<\/p>\n<p><a href='http:\/\/ski.inmontanis.info\/d\/211145-2\/DSC00762.jpg'><img src=http:\/\/ski.inmontanis.info\/d\/211144-3\/DSC00762.jpg \/><\/a><br \/>\n^ DSB mit Gleiter<\/p>\n<p><a href='http:\/\/ski.inmontanis.info\/d\/211149-2\/DSC00766.jpg'><img src=http:\/\/ski.inmontanis.info\/d\/211148-3\/DSC00766.jpg \/><\/a><br \/>\n^ PB<\/p>\n<p><a href='http:\/\/ski.inmontanis.info\/d\/211153-2\/DSC00767.jpg'><img src=http:\/\/ski.inmontanis.info\/d\/211152-3\/DSC00767.jpg \/><\/a><br \/>\n^ Verkrustete PB-St\u00fctze<\/p>\n<p><a href='http:\/\/ski.inmontanis.info\/d\/211157-2\/DSC00769.jpg'><img src=http:\/\/ski.inmontanis.info\/d\/211156-3\/DSC00769.jpg \/><\/a><br \/>\n^ DSB-Areal<\/p>\n<p><a href='http:\/\/ski.inmontanis.info\/d\/211161-2\/DSC00770.jpg'><img src=http:\/\/ski.inmontanis.info\/d\/211160-3\/DSC00770.jpg \/><\/a><br \/>\n^ West-Pano richtung Norwegen mit PB-St\u00fctze<\/p>\n<p><a href='http:\/\/ski.inmontanis.info\/d\/211165-2\/DSC00772.jpg'><img src=http:\/\/ski.inmontanis.info\/d\/211164-3\/DSC00772.jpg \/><\/a><br \/>\n^ Blick zum Bereich Totthummeln mit KSB Fj\u00e4llg\u00e5rdsXpressen und SL Tottliften, der lt. Plan auch bis rauf gehen sollte, aber heute nur im unteren Bereich ge\u00f6ffnet war<\/p>\n<p><a href='http:\/\/ski.inmontanis.info\/d\/211169-2\/DSC00774.jpg'><img src=http:\/\/ski.inmontanis.info\/d\/211168-3\/DSC00774.jpg \/><\/a><br \/>\n^ Uriger Verbindungsskiweg 101 zur Talstation SL Tottliften<\/p>\n<p><a href='http:\/\/ski.inmontanis.info\/d\/211173-2\/DSC00776.jpg'><img src=http:\/\/ski.inmontanis.info\/d\/211172-3\/DSC00776.jpg \/><\/a><br \/>\n^ SL Tottliften<\/p>\n<p><a href='http:\/\/ski.inmontanis.info\/d\/211177-2\/DSC00777.jpg'><img src=http:\/\/ski.inmontanis.info\/d\/211176-3\/DSC00777.jpg \/><\/a><br \/>\n^ Blick vom SL Tottliften retour richtung PB<\/p>\n<p><a href='http:\/\/ski.inmontanis.info\/d\/211181-2\/DSC00778.jpg'><img src=http:\/\/ski.inmontanis.info\/d\/211180-3\/DSC00778.jpg \/><\/a><br \/>\n^ SL Tottliften<\/p>\n<p><a href='http:\/\/ski.inmontanis.info\/d\/211185-2\/DSC00779.jpg'><img src=http:\/\/ski.inmontanis.info\/d\/211184-3\/DSC00779.jpg \/><\/a><br \/>\n^ SL Tottliften, ab hier leider Ausstieg, so dass wir halt doch mit der KSB rauffahren mussten&#8230;<\/p>\n<p><a href='http:\/\/ski.inmontanis.info\/d\/211189-2\/DSC00780.jpg'><img src=http:\/\/ski.inmontanis.info\/d\/211188-3\/DSC00780.jpg \/><\/a><br \/>\n^ Nette Abfahrt 105 mit Hintenrum-Charakter<\/p>\n<p><a href='http:\/\/ski.inmontanis.info\/d\/211193-2\/DSC00781.jpg'><img src=http:\/\/ski.inmontanis.info\/d\/211192-3\/DSC00781.jpg \/><\/a><br \/>\n^ SL Hermelinenliften<\/p>\n<p><a href='http:\/\/ski.inmontanis.info\/d\/211197-2\/DSC00782.jpg'><img src=http:\/\/ski.inmontanis.info\/d\/211196-3\/DSC00782.jpg \/><\/a><br \/>\n^ SL Hermelinenliften \/ KSB Sadelexpressen<\/p>\n<p><a href='http:\/\/ski.inmontanis.info\/d\/211201-2\/DSC00785.jpg'><img src=http:\/\/ski.inmontanis.info\/d\/211200-3\/DSC00785.jpg \/><\/a><br \/>\n^ SL Hermelin, SL Bj\u00f6rnen (rechts,  haben wir aus Zeitgr\u00fcnden auslassen), dahinter KSSL Vargen<\/p>\n<p><a href='http:\/\/ski.inmontanis.info\/d\/211205-2\/DSC00786.jpg'><img src=http:\/\/ski.inmontanis.info\/d\/211204-3\/DSC00786.jpg \/><\/a><br \/>\n^ KSSL Vargen, am Gegenhang SL  J\u00e4rven<\/p>\n<p><a href='http:\/\/ski.inmontanis.info\/d\/211209-2\/DSC00789.jpg'><img src=http:\/\/ski.inmontanis.info\/d\/211208-3\/DSC00789.jpg \/><\/a><br \/>\n^ Links KSSL Vargen, rechts SL Nalle, beide unter der Stra\u00dfe<\/p>\n<p><a href='http:\/\/ski.inmontanis.info\/d\/211213-2\/DSC00792.jpg'><img src=http:\/\/ski.inmontanis.info\/d\/211212-3\/DSC00792.jpg \/><\/a><br \/>\n^ SL Nalleliften<\/p>\n<p><a href='http:\/\/ski.inmontanis.info\/d\/211217-2\/DSC00794.jpg'><img src=http:\/\/ski.inmontanis.info\/d\/211216-3\/DSC00794.jpg \/><\/a><br \/>\n^ SL J\u00e4rvenliften<\/p>\n<p><a href='http:\/\/ski.inmontanis.info\/d\/211221-2\/DSC00797.jpg'><img src=http:\/\/ski.inmontanis.info\/d\/211220-3\/DSC00797.jpg \/><\/a><br \/>\n^ SL J\u00e4rvenliften<\/p>\n<p><a href='http:\/\/ski.inmontanis.info\/d\/211225-2\/DSC00798.jpg'><img src=http:\/\/ski.inmontanis.info\/d\/211224-3\/DSC00798.jpg \/><\/a><br \/>\n^ SL J\u00e4rvenliften mit flachen, aber durchaus netten Abfahrten. Aus Zeitgr\u00fcnden fuhren wir aber gleich wieder retour. Dahinter der Berg, auf dem die PB hinauf f\u00fchrt.<\/p>\n<p><a href='http:\/\/ski.inmontanis.info\/d\/211229-2\/DSC00801.jpg'><img src=http:\/\/ski.inmontanis.info\/d\/211228-3\/DSC00801.jpg \/><\/a><br \/>\n^ KSSL Vargenliften unter der Stra\u00dfe<\/p>\n<p><a href='http:\/\/ski.inmontanis.info\/d\/211233-2\/DSC00803.jpg'><img src=http:\/\/ski.inmontanis.info\/d\/211232-3\/DSC00803.jpg \/><\/a><br \/>\n^ Kurve am KSSL Vargenliften. Vmtl. der einzige Grund, dass man den KSSL noch nicht ersetzt hat.<\/p>\n<p><a href='http:\/\/ski.inmontanis.info\/d\/211237-2\/DSC00804.jpg'><img src=http:\/\/ski.inmontanis.info\/d\/211236-3\/DSC00804.jpg \/><\/a><br \/>\n^ Blick zur PB-Strecke und dem Offpiste-Areal auf dieser Seite, das schon von einigen befahren wurde.<\/p>\n<p><a href='http:\/\/ski.inmontanis.info\/d\/211241-2\/DSC00806.jpg'><img src=http:\/\/ski.inmontanis.info\/d\/211240-3\/DSC00806.jpg \/><\/a><br \/>\n^ Bergstation der alten Standseilbahn namens Bergbanan<\/p>\n<p><a href='http:\/\/ski.inmontanis.info\/d\/211245-2\/DSC00810.jpg'><img src=http:\/\/ski.inmontanis.info\/d\/211244-3\/DSC00810.jpg \/><\/a><br \/>\n^ Talstation der PB<\/p>\n<p><a href='http:\/\/ski.inmontanis.info\/d\/211249-2\/DSC00813.jpg'><img src=http:\/\/ski.inmontanis.info\/d\/211248-3\/DSC00813.jpg \/><\/a><br \/>\n^ PB-Talstation, links die DSB Worldcup, die tats\u00e4chlich &#8211; trotz Schatten und eisigen Temperaturen &#8211; von einigen befahren wurde, links daneben KSB VM 6:an<\/p>\n<p><a href='http:\/\/ski.inmontanis.info\/d\/211253-2\/DSC00818.jpg'><img src=http:\/\/ski.inmontanis.info\/d\/211252-3\/DSC00818.jpg \/><\/a><br \/>\n^ PB, \u00c5re und See<\/p>\n<p><a href='http:\/\/ski.inmontanis.info\/d\/211257-2\/DSC00819.jpg'><img src=http:\/\/ski.inmontanis.info\/d\/211256-3\/DSC00819.jpg \/><\/a><br \/>\n^ Auf dem See gab es mehrere kuriose Spuren. Womit da wohl gefahren wird?<\/p>\n<p><a href='http:\/\/ski.inmontanis.info\/d\/211261-2\/DSC00825.jpg'><img src=http:\/\/ski.inmontanis.info\/d\/211260-3\/DSC00825.jpg \/><\/a><br \/>\n^ PB-St\u00fctze 2<\/p>\n<p><a href='http:\/\/ski.inmontanis.info\/d\/211265-2\/DSC00827.jpg'><img src=http:\/\/ski.inmontanis.info\/d\/211264-3\/DSC00827.jpg \/><\/a><br \/>\n^ PB-St\u00fctze 2 mit Gegenkabine<\/p>\n<p><a href='http:\/\/ski.inmontanis.info\/d\/211269-2\/DSC00835.jpg'><img src=http:\/\/ski.inmontanis.info\/d\/211268-3\/DSC00835.jpg \/><\/a><br \/>\n^ PB-St\u00fctze 3<\/p>\n<p><a href='http:\/\/ski.inmontanis.info\/d\/211273-2\/DSC00837.jpg'><img src=http:\/\/ski.inmontanis.info\/d\/211272-3\/DSC00837.jpg \/><\/a><br \/>\n^ DSB Talstation<\/p>\n<p><a href='http:\/\/ski.inmontanis.info\/d\/211277-2\/DSC00840.jpg'><img src=http:\/\/ski.inmontanis.info\/d\/211276-3\/DSC00840.jpg \/><\/a><br \/>\n^ Verkrustete PB-St\u00fctze 4<\/p>\n<p><a href='http:\/\/ski.inmontanis.info\/d\/211281-2\/DSC00846.jpg'><img src=http:\/\/ski.inmontanis.info\/d\/211280-3\/DSC00846.jpg \/><\/a><br \/>\n^ EUB und darunter Bergstation SL \u00d6vre Tv\u00e4r\u00e5valsliften<\/p>\n<p><a href='http:\/\/ski.inmontanis.info\/d\/211285-2\/DSC00847.jpg'><img src=http:\/\/ski.inmontanis.info\/d\/211284-3\/DSC00847.jpg \/><\/a><br \/>\n^ SL \u00d6vre Tv\u00e4r\u00e5valsliften, erst im Februar dann in Betrieb<\/p>\n<p><a href='http:\/\/ski.inmontanis.info\/d\/211289-2\/DSC00848.jpg'><img src=http:\/\/ski.inmontanis.info\/d\/211288-3\/DSC00848.jpg \/><\/a><br \/>\n^ Sonnenpano mit EUB<\/p>\n<p><a href='http:\/\/ski.inmontanis.info\/d\/211293-2\/DSC00849.jpg'><img src=http:\/\/ski.inmontanis.info\/d\/211292-3\/DSC00849.jpg \/><\/a><br \/>\n^ An dieser Kante hat die Beschneiung leider ein gro\u00dfes Blankeisfeld produziert. Nicht lustig.<\/p>\n<p><a href='http:\/\/ski.inmontanis.info\/d\/211297-2\/DSC00850.jpg'><img src=http:\/\/ski.inmontanis.info\/d\/211296-3\/DSC00850.jpg \/><\/a><br \/>\n^ Mittelstation Kombibahn VM 8:an und Gipfel-EUB<\/p>\n<p><a href='http:\/\/ski.inmontanis.info\/d\/211301-2\/DSC00851.jpg'><img src=http:\/\/ski.inmontanis.info\/d\/211300-3\/DSC00851.jpg \/><\/a><br \/>\n^ Gel\u00e4nde links der Gondolen-Bahn<\/p>\n<p><a href='http:\/\/ski.inmontanis.info\/d\/211305-2\/DSC00852.jpg'><img src=http:\/\/ski.inmontanis.info\/d\/211304-3\/DSC00852.jpg \/><\/a><br \/>\n^ SL R\u00f6dkulleliften mit ein paar netten Waldpisten, dir wir leider zeitlich nicht mehr alle fahren konnten<\/p>\n<p><a href='http:\/\/ski.inmontanis.info\/d\/211309-2\/DSC00855.jpg'><img src=http:\/\/ski.inmontanis.info\/d\/211308-3\/DSC00855.jpg \/><\/a><br \/>\n^ SL R\u00f6dkulleliften mit Blick richtung Gipfel, da oben zu sehen sein d\u00fcrfte die Bergstation vom SL Nedre Tv\u00e4r\u00e5valsliften<\/p>\n<p><a href='http:\/\/ski.inmontanis.info\/d\/211313-2\/DSC00857.jpg'><img src=http:\/\/ski.inmontanis.info\/d\/211312-3\/DSC00857.jpg \/><\/a><br \/>\n^ SL Ull\u00e5dalsliftarna, der rechte ist der l\u00e4ngere, aber heute auch noch nicht in ganzer L\u00e4nge ge\u00f6ffnet.<\/p>\n<p><a href='http:\/\/ski.inmontanis.info\/d\/211317-2\/DSC00858.jpg'><img src=http:\/\/ski.inmontanis.info\/d\/211316-3\/DSC00858.jpg \/><\/a><br \/>\n^ Rechter SL Ull\u00e5dal, dar\u00fcber wohl die Bergstation SL Nedre Tv\u00e4r\u00e5valsliften (auch leider erst ab Februar in Betrieb)<\/p>\n<p><a href='http:\/\/ski.inmontanis.info\/d\/211321-2\/DSC00860.jpg'><img src=http:\/\/ski.inmontanis.info\/d\/211320-3\/DSC00860.jpg \/><\/a><br \/>\n^ SL Br\u00e4ckeliften mit Funpark<\/p>\n<p>Fazit: Nach \u00c5re will ich nochmal zum Skifahren kommen, allerdings dann erst sp\u00e4ter in der Saison, wenn die Lifte um den Gipfel alle in Betrieb sind&#8230;<\/p>\n<p>Noch 2 Fotos vom Sommer 2006:<\/p>\n<p><a href='http:\/\/ski.inmontanis.info\/d\/2872-2\/P1090610.jpg'><img src=http:\/\/ski.inmontanis.info\/d\/2872-2\/P1090610.jpg \/><\/a><br \/>\n^ Anscheinend gab&#8217;s in \u00c5re mal einen Korblift..<\/p>\n<p><a href='http:\/\/ski.inmontanis.info\/d\/2905-2\/P1090629.jpg'><img src=http:\/\/ski.inmontanis.info\/d\/2905-2\/P1090629.jpg \/><\/a><br \/>\n^ SSB<\/p>\n<p>Trinc will morgen in Oslo sein, dorthin gibt es von hier aus einige Routenvarianten, ich entschied mich f\u00fcr die E45 durch Schweden in der Hoffnung auf einige \u00dcbernachtungsm\u00f6glichkeiten (und weniger Verkehr als auf der E6) &#8211; was dann doch eher nicht so einfach war. Wie schon gestern festgestellt, haben die meisten Hotels nur bis 20\/21\/22\/23 Uhr ge\u00f6ffnet und sind sehr teuer, nicht g\u00fcnstiger wie in Norwegen. Eine sch\u00f6ne &#8220;andere&#8221; Unterkunft wie gestern fanden wir leider nicht, das erste Hotel, das wir anfuhren, war schon geschlossen, das zweite sah uns dann doch etwas zu sch\u00e4big aus, also quartierten wir uns um 22 Uhr in ein Hotel in Mora ein, dass mit ca. 145,- \u20ac f\u00fcr&#8217;s Doppelzimmer im Bereich des hier \u00fcblichen liegt, aber daf\u00fcr zumindest 4 Sterne und eine 24h-Rezeption hat. Zwischendrin sank das Thermometer mal wieder auf -26\u00b0, so dass eine fr\u00fchere Hotelsuche auch keinen Sinn hatte&#8230;<\/p>\n<p>Die Zimmereinrichtung und Sauberkeit und der fehlende F\u00f6hn waren vielleicht nicht gerade 4-Sterne-m\u00e4\u00dfig, das Fr\u00fchst\u00fccks-Buffet aber gro\u00df und endlich mal wieder mit Kakao und Marmelade auf der Semmel :) Trotzdem dachten wir mit Wehmut an die g\u00fcnstigen Hotelpreise in Russland &#8230;<\/p>\n<p><a href='http:\/\/extra.inmontanis.info\/d\/34708-2\/DSC00864.jpg'><img src=http:\/\/extra.inmontanis.info\/d\/34707-3\/DSC00864.jpg \/><\/a><br \/>\n^ Auch in Schweden gibt es interessant designte Strommasten<\/p>\n<p><a href='http:\/\/extra.inmontanis.info\/d\/34712-2\/DSC00865.jpg'><img src=http:\/\/extra.inmontanis.info\/d\/34711-3\/DSC00865.jpg \/><\/a><br \/>\n^ E14 \u00f6stlich von \u00c5re (15:30 Uhr)<\/p>\n<p><a href='http:\/\/extra.inmontanis.info\/d\/34716-2\/DSC00868.jpg'><img src=http:\/\/extra.inmontanis.info\/d\/34715-3\/DSC00868.jpg \/><\/a><br \/>\n^ Abendd\u00e4mmerung (16 Uhr)<\/p>\n<p><a href='http:\/\/extra.inmontanis.info\/d\/34720-2\/IMG_2164.jpg'><img src=http:\/\/extra.inmontanis.info\/d\/34719-3\/IMG_2164.jpg \/><\/a><br \/>\n^ Hot-Dog mit Kartoffelp\u00fcree. Hatte irgendeinen ulkigen Namen, weshalb Trinc es bestellt hatte.<\/p>\n<p><a href='http:\/\/extra.inmontanis.info\/d\/34724-2\/IMG_2165.jpg'><img src=http:\/\/extra.inmontanis.info\/d\/34723-3\/IMG_2165.jpg \/><\/a><br \/>\n^ .. da bleib ich lieber bei den K\u00f6ttbullar, die es in diesem Frasses gibt (jeder Frasses hat immer so ein paar Bonus-Gerichte zu den \u00fcblichen Burgern). Was eine riesige Portion war, da ich ja auch noch den Laxburger essen wollte&#8230;<\/p>\n<p><a href='http:\/\/extra.inmontanis.info\/d\/34728-2\/IMG_2166.jpg'><img src=http:\/\/extra.inmontanis.info\/d\/34727-3\/IMG_2166.jpg \/><\/a><br \/>\n^ Nochmal -26\u00b0 hier so weit unten in Schweden, h\u00e4tte ich nicht mehr erwartet.<\/p>\n<p>Ein paar Dashcam-Sequenzen (noch Moskauer Zeit, also muss man 2h abziehen):<br \/>\n(Diesmal hab ich in der Tonspur mal einen Teil meines aktuellen Fl\u00f6tenstatus dokumentiert. Fehlerfrei geht wohl nix und vmtl. vorteilhaft, wenn man die St\u00fccke kennt&#8230;. Das ist ja auch mit ein Grund, warum ich mit den Berichten etwas l\u00e4nger gebraucht hab. Sinn oder Zweck gibt&#8217;s daf\u00fcr aber nicht wirklich ;) )<br \/>\n<object style=\"height: 500px; width: 900px\"><param name=\"movie\" value=\"http:\/\/www.youtube.com\/v\/t2zi3weMU7A\"><\/param><param name=\"wmode\" value=\"transparent\"><\/param><embed src=\"http:\/\/www.youtube.com\/v\/t2zi3weMU7A\" type=\"application\/x-shockwave-flash\" wmode=\"transparent\"  width=\"900\" height=\"480\"><\/embed><\/object><\/p>\n<p>(Fortsetzung folgt)<\/p>\n","protected":false},"excerpt":{"rendered":"<p>\u2206 56\u00b0 &#8211; Sehnsucht Russland: Tag 23 Fr, 22.1.2016 &#8211; \u00c5re <\/p>\n<p>Mein heutiger russischer Musik-Tipp, \u0420\u0430\u0437 \u0438 \u043d\u0430\u0432\u0441\u0435\u0433\u0434\u0430 von \u041a\u0440\u0438\u0441\u0442\u0438\u043d\u0430 \u041e\u0440\u0431\u0430\u043a\u0430\u0439\u0442\u0435: <\/p>\n<p>Um 3:15 Uhr standen wir bereits wieder auf, da wir ja noch in \u00c5re Skifahren wollten &#8211; und dahin waren es noch ca. 7 Stunden Fahrt. Leider war nichts interessantes n\u00e4her ge\u00f6ffnet: <a href=\"http:\/\/blog.inmontanis.info\/?p=3730\">[&#8230;]<\/a><\/p>\n","protected":false},"author":1,"featured_media":0,"comment_status":"closed","ping_status":"closed","sticky":false,"template":"","format":"standard","meta":{"footnotes":""},"categories":[150,696,18,19,27],"tags":[38,48,52,45,47],"class_list":["post-3730","post","type-post","status-publish","format-standard","hentry","category-2016-01-russland","category-are","category-norwegennorway","category-schwedensweden","category-skifahren-winterskiing-winter","tag-dsb","tag-kssl","tag-pb","tag-see","tag-sl","odd"],"_links":{"self":[{"href":"http:\/\/blog.inmontanis.info\/index.php?rest_route=\/wp\/v2\/posts\/3730","targetHints":{"allow":["GET"]}}],"collection":[{"href":"http:\/\/blog.inmontanis.info\/index.php?rest_route=\/wp\/v2\/posts"}],"about":[{"href":"http:\/\/blog.inmontanis.info\/index.php?rest_route=\/wp\/v2\/types\/post"}],"author":[{"embeddable":true,"href":"http:\/\/blog.inmontanis.info\/index.php?rest_route=\/wp\/v2\/users\/1"}],"replies":[{"embeddable":true,"href":"http:\/\/blog.inmontanis.info\/index.php?rest_route=%2Fwp%2Fv2%2Fcomments&post=3730"}],"version-history":[{"count":4,"href":"http:\/\/blog.inmontanis.info\/index.php?rest_route=\/wp\/v2\/posts\/3730\/revisions"}],"predecessor-version":[{"id":9139,"href":"http:\/\/blog.inmontanis.info\/index.php?rest_route=\/wp\/v2\/posts\/3730\/revisions\/9139"}],"wp:attachment":[{"href":"http:\/\/blog.inmontanis.info\/index.php?rest_route=%2Fwp%2Fv2%2Fmedia&parent=3730"}],"wp:term":[{"taxonomy":"category","embeddable":true,"href":"http:\/\/blog.inmontanis.info\/index.php?rest_route=%2Fwp%2Fv2%2Fcategories&post=3730"},{"taxonomy":"post_tag","embeddable":true,"href":"http:\/\/blog.inmontanis.info\/index.php?rest_route=%2Fwp%2Fv2%2Ftags&post=3730"}],"curies":[{"name":"wp","href":"https:\/\/api.w.org\/{rel}","templated":true}]}}