{"id":3596,"date":"2015-12-20T22:30:00","date_gmt":"2015-12-20T21:30:00","guid":{"rendered":"http:\/\/blog.inmontanis.info\/?p=3596"},"modified":"2023-08-06T08:45:24","modified_gmt":"2023-08-06T06:45:24","slug":"kappl-see-20-12-2015","status":"publish","type":"post","link":"http:\/\/blog.inmontanis.info\/?p=3596","title":{"rendered":"Kappl + See, 20.12.2015"},"content":{"rendered":"<p>Das beste an See? Dass man es gut mit Kappl kombinieren kann.<\/p>\n<p>Also ging&#8217;s heute erst mal nach Kappl. Warme Temperaturen, Sonnenschein, tolle (teils firnige) Pistenverh\u00e4ltnisse am Morgen, mit Ausnahme der Talabfahrt (insb. der untere Teil war auch Mittags noch im Schatten und somit etwas hart). Oben waren eine handvoll Abfahrten ge\u00f6ffnet, wenn auch die meisten Interessanten noch geschlossen waren. Insbesondere an der Verbindung der beiden 4KSBs war es zu Mittags dann schon aufgefahrener und auch voller.<\/p>\n<p>(Fotos anklicken zum Vergr\u00f6\u00dfern)<\/p>\n<p><a href='http:\/\/ski.inmontanis.info\/d\/206807-2\/DSC07561.jpg'><img src=http:\/\/ski.inmontanis.info\/d\/206806-3\/DSC07561.jpg \/><\/a><br \/>\n^ Obere 4KSB etwas schneearm, links noch keine Piste ge\u00f6ffnet, am SL wurde die Trasse wohl mit Schaufeln &#8220;beschneit&#8221;<\/p>\n<p><a href='http:\/\/ski.inmontanis.info\/d\/206811-2\/DSC07562.jpg'><img src=http:\/\/ski.inmontanis.info\/d\/206810-3\/DSC07562.jpg \/><\/a><br \/>\n^ Gratabfahrt<\/p>\n<p><a href='http:\/\/ski.inmontanis.info\/d\/206815-2\/DSC07564.jpg'><img src=http:\/\/ski.inmontanis.info\/d\/206814-3\/DSC07564.jpg \/><\/a><br \/>\n^ DSB und untere 4KSB; (talw\u00e4rts) links von der DSB ist derzeit nur 1 Abfahrt (schwarze) ge\u00f6ffnet.<\/p>\n<p><a href='http:\/\/ski.inmontanis.info\/d\/206819-2\/DSC07565.jpg'><img src=http:\/\/ski.inmontanis.info\/d\/206818-3\/DSC07565.jpg \/><\/a><br \/>\n^ Unterer SL leider noch geschlossen<\/p>\n<p><a href='http:\/\/ski.inmontanis.info\/d\/206823-2\/DSC07566.jpg'><img src=http:\/\/ski.inmontanis.info\/d\/206822-3\/DSC07566.jpg \/><\/a><br \/>\n^ Tolle Firnverh\u00e4ltnisse z.B. an der schwarzen Abfahrt<\/p>\n<p><a href='http:\/\/ski.inmontanis.info\/d\/206827-2\/DSC07569.jpg'><img src=http:\/\/ski.inmontanis.info\/d\/206826-3\/DSC07569.jpg \/><\/a><br \/>\n^ Talabfahrt.<\/p>\n<p><a href='http:\/\/ski.inmontanis.info\/d\/206831-2\/ge20151220a.jpg'><img src=http:\/\/ski.inmontanis.info\/d\/206830-3\/ge20151220a.jpg \/><\/a><br \/>\n^ GPS-Track und ge\u00f6ffnete Pisten (DSB bin ich nicht gefahren) 20.12.2015<\/p>\n<p>Weiter (oder zur\u00fcck) ging&#8217;s nach See, wo ich die f\u00fcr mich neue Versing-8EUB fahren wollte. Auch wenn es jetzt an den k\u00fcrzesten Tagen des Jahres sehr schattig in der Ecke ist und die Skirouten noch nicht ge\u00f6ffnet sind, ist das jetzt m.E. der sch\u00f6nste Teil von See (na gut, das war auch nicht all zu schwer :) ). Pisten waren zumeist recht gut, nur in den unteren St\u00fccken war&#8217;s hier und da etwas h\u00e4rter.<\/p>\n<p>Absolut unversch\u00e4mt war allerdings die Talabfahrt. Quasi Weltcup-vereist von oben bis unten, auch an den R\u00e4ndern keine Schneehaufen. Da h\u00e4tte man unbedingt &#8220;aufknollen&#8221; sollen &#8230; Man rutscht halt von einem Skiwegst\u00fcck zum n\u00e4chsten \u00fcber den jeweiligen Steilhang runter, ohne Chancen, stehenbleibeb zu k\u00f6nnen, was also auch nur dann halbwegs geht, wenn kein anderer im Weg ist.<\/p>\n<p><a href='http:\/\/ski.inmontanis.info\/d\/206835-2\/DSC07571.jpg'><img src=http:\/\/ski.inmontanis.info\/d\/206834-3\/DSC07571.jpg \/><\/a><br \/>\n^ 6KSB-SL-4SB ; die direkte Abfahrt an der 4SB war noch nicht ge\u00f6ffnet<\/p>\n<p><a href='http:\/\/ski.inmontanis.info\/d\/206839-2\/DSC07572.jpg'><img src=http:\/\/ski.inmontanis.info\/d\/206838-3\/DSC07572.jpg \/><\/a><br \/>\n^ (f\u00fcr mich) Neue 8EUB Versing, f\u00fcr mich jetzt der sch\u00f6nste Bereich in See, sp\u00e4testens dann in der sp\u00e4teren Saison, wenn etwas mehr Sonne ist und die Skirouten offen sind.<\/p>\n<p><a href='http:\/\/ski.inmontanis.info\/d\/206843-2\/DSC07573.jpg'><img src=http:\/\/ski.inmontanis.info\/d\/206842-3\/DSC07573.jpg \/><\/a><br \/>\n^ Abfahrt 8EUB Versing<\/p>\n<p><a href='http:\/\/ski.inmontanis.info\/d\/206847-2\/DSC07575.jpg'><img src=http:\/\/ski.inmontanis.info\/d\/206846-3\/DSC07575.jpg \/><\/a><br \/>\n^ Talstation 8EUB Versing<\/p>\n<p><a href='http:\/\/ski.inmontanis.info\/d\/206851-2\/DSC07576.jpg'><img src=http:\/\/ski.inmontanis.info\/d\/206850-3\/DSC07576.jpg \/><\/a><br \/>\n^ Mond vs. Gipfel<\/p>\n<p><a href='http:\/\/ski.inmontanis.info\/d\/206855-2\/DSC07578.jpg'><img src=http:\/\/ski.inmontanis.info\/d\/206854-3\/DSC07578.jpg \/><\/a><br \/>\n^ Mond vs. Gipfel<\/p>\n<p><a href='http:\/\/ski.inmontanis.info\/d\/206859-2\/DSC07580.jpg'><img src=http:\/\/ski.inmontanis.info\/d\/206858-3\/DSC07580.jpg \/><\/a><br \/>\n^ Die Talabfahrt war sp\u00e4testens ab hier bis ins Tal eisig, eisig, eisig. Nicht mal am Rand war an den Steilh\u00e4ngen genug Schnee. Durchfahren und nicht halten wollen.<\/p>\n<p><a href='http:\/\/ski.inmontanis.info\/d\/206863-2\/ge20151220b.jpg'><img src=http:\/\/ski.inmontanis.info\/d\/206862-3\/ge20151220b.jpg \/><\/a><br \/>\n^ GPS-Track und ge\u00f6ffnete Pisten 20.12.2015<\/p>\n","protected":false},"excerpt":{"rendered":"<p>Das beste an See? Dass man es gut mit Kappl kombinieren kann.<\/p>\n<p>Also ging&#8217;s heute erst mal nach Kappl. Warme Temperaturen, Sonnenschein, tolle (teils firnige) Pistenverh\u00e4ltnisse am Morgen, mit Ausnahme der Talabfahrt (insb. der untere Teil war auch Mittags noch im Schatten und somit etwas hart). Oben waren eine handvoll Abfahrten ge\u00f6ffnet, wenn auch die <a href=\"http:\/\/blog.inmontanis.info\/?p=3596\">[&#8230;]<\/a><\/p>\n","protected":false},"author":1,"featured_media":0,"comment_status":"closed","ping_status":"closed","sticky":false,"template":"","format":"standard","meta":{"footnotes":""},"categories":[866,25,13,844,27],"tags":[49,53,47],"class_list":["post-3596","post","type-post","status-publish","format-standard","hentry","category-kappl","category-noreport","category-austria","category-see-paznaun","category-skifahren-winterskiing-winter","tag-4sb","tag-8eub","tag-sl","odd"],"_links":{"self":[{"href":"http:\/\/blog.inmontanis.info\/index.php?rest_route=\/wp\/v2\/posts\/3596","targetHints":{"allow":["GET"]}}],"collection":[{"href":"http:\/\/blog.inmontanis.info\/index.php?rest_route=\/wp\/v2\/posts"}],"about":[{"href":"http:\/\/blog.inmontanis.info\/index.php?rest_route=\/wp\/v2\/types\/post"}],"author":[{"embeddable":true,"href":"http:\/\/blog.inmontanis.info\/index.php?rest_route=\/wp\/v2\/users\/1"}],"replies":[{"embeddable":true,"href":"http:\/\/blog.inmontanis.info\/index.php?rest_route=%2Fwp%2Fv2%2Fcomments&post=3596"}],"version-history":[{"count":2,"href":"http:\/\/blog.inmontanis.info\/index.php?rest_route=\/wp\/v2\/posts\/3596\/revisions"}],"predecessor-version":[{"id":3598,"href":"http:\/\/blog.inmontanis.info\/index.php?rest_route=\/wp\/v2\/posts\/3596\/revisions\/3598"}],"wp:attachment":[{"href":"http:\/\/blog.inmontanis.info\/index.php?rest_route=%2Fwp%2Fv2%2Fmedia&parent=3596"}],"wp:term":[{"taxonomy":"category","embeddable":true,"href":"http:\/\/blog.inmontanis.info\/index.php?rest_route=%2Fwp%2Fv2%2Fcategories&post=3596"},{"taxonomy":"post_tag","embeddable":true,"href":"http:\/\/blog.inmontanis.info\/index.php?rest_route=%2Fwp%2Fv2%2Ftags&post=3596"}],"curies":[{"name":"wp","href":"https:\/\/api.w.org\/{rel}","templated":true}]}}