{"id":3586,"date":"2015-12-13T20:30:40","date_gmt":"2015-12-13T19:30:40","guid":{"rendered":"http:\/\/blog.inmontanis.info\/?p=3586"},"modified":"2023-08-06T20:11:09","modified_gmt":"2023-08-06T18:11:09","slug":"serfaus-fiss-ladis-13-12-2015","status":"publish","type":"post","link":"http:\/\/blog.inmontanis.info\/?p=3586","title":{"rendered":"Serfaus-Fiss-Ladis, 13.12.2015"},"content":{"rendered":"<p>Aufgrund des angeblich recht gro\u00dfen Angebots fuhr ich heute nach Serfaus-Fiss-Ladis, war in Wirklichkeit aber doch stark gesch\u00f6nt und sp\u00fcrbar weniger als gestern in Kitzb\u00fchel, wo ich nicht alle Abfahrten fahren konnte, w\u00e4hrend ich heute einige doppelt fahren musste. Ok, ich war auch schneller unterwegs heute und hab mit 138,8 km genau gleich viel gemacht wie in der letzten Saison in Ischgl, weil ich oben einmal die Sch\u00f6ngampbahn auslassen hab um den SL nochmal zu fahren. Tja, Chance auf 140km vertan. <\/p>\n<p>Ansonsten war ziemlich was los heute, inkl. Wartezeiten hier und da. Und bei fast jeder Piste gab&#8217;s irgendwo Dreck oder Steine (insb. an der Fisser Nordseite; st\u00f6rt mich zwar nicht, aber andere, daher gesagt, auch im krassen Gegensatz zu Kitzb\u00fchel gestern und den Skigebieten letztes WE). Glatte Stellen und Eisplatten gibt&#8217;s auch hier und da, aber nicht schlimmer als gestern in Kitzb\u00fchel. Am schlimmsten war die Abfahrt von der Puinzbahn richtung Serfaus gleich am Vormittag, nach einer Kante braune Eisplatten. Und dann die Frommes am Nachmittag (die ich ein zweites Mal fahren musste, weil ich noch zu viel Zeit, wobei ich die schwarze Variante nicht gefahren bin, ebensowenig die rote an der Lawens, da mir die blaue schon zu glatt war, wie \u00fcblich halt.).<\/p>\n<p>Genervt war ich \u00fcber die mittlerweile \u00fcberall umgesetzten beschissenen Einstiege an den Gondelbahnen. Extrem schmal kanalisiert bis 1-2m vor der Gondel, jeweils die zweiten H\u00e4lften und Einzelspuren geschlossen, so dass man nirgends vorbei kommt um zuzusteigen. Die Folge, dass hier und da nur 3-5 in die 8er Gondeln einsteigen und man warten muss. Mich nervt dabei ja nicht die Tatsache an sich, dass ich nun 2-3 Gondeln warten muss, sondern die Tatsache, dass es vermeidbar w\u00e4re und fr\u00fcher an den gleichen Bahnen hier besser gel\u00f6st war. <\/p>\n<p><a href='http:\/\/ski.inmontanis.info\/d\/206611-2\/DSC07496.jpg'><img src=http:\/\/ski.inmontanis.info\/d\/206610-3\/DSC07496.jpg \/><\/a><br \/>\n^ Abfahrt Ladis<\/p>\n<p><a href='http:\/\/ski.inmontanis.info\/d\/206615-2\/DSC07497.jpg'><img src=http:\/\/ski.inmontanis.info\/d\/206614-3\/DSC07497.jpg \/><\/a><br \/>\n^ Nordseite<\/p>\n<p><a href='http:\/\/ski.inmontanis.info\/d\/206619-2\/DSC07498.jpg'><img src=http:\/\/ski.inmontanis.info\/d\/206618-3\/DSC07498.jpg \/><\/a><br \/>\n^ Nervige Einstiege an den Gondelbahnen (siehe Text oben)<\/p>\n<p><a href='http:\/\/ski.inmontanis.info\/d\/206623-2\/DSC07499.jpg'><img src=http:\/\/ski.inmontanis.info\/d\/206622-3\/DSC07499.jpg \/><\/a><br \/>\n^ Masner, jeweils nur 1 Abfahrt ge\u00f6ffnet. Wie mich das nervt, dass man diesen einst so genialen Skigebietsteil so mit diesen 6KSBs zerst\u00f6rt hat. Da hier am Masnerkopf ja auch nur 1 Abfahrt offen ist, die an einigen Stellen \u00fcber einen nur 1 Pistenraupe breiten Weg geht, brauchte ich diese Piste kein zweites Mal.<\/p>\n<p><a href='http:\/\/ski.inmontanis.info\/d\/206627-2\/DSC07500.jpg'><img src=http:\/\/ski.inmontanis.info\/d\/206626-3\/DSC07500.jpg \/><\/a><br \/>\n^ Komperdell bzw. Sattel\/Verbindungsabfahrten (Sattel-Bereich ist noch komplett geschlossen)<\/p>\n<p><a href='http:\/\/ski.inmontanis.info\/d\/206631-2\/DSC07501.jpg'><img src=http:\/\/ski.inmontanis.info\/d\/206630-3\/DSC07501.jpg \/><\/a><br \/>\n^ Komperdell \/ Plansegg, man sieht auch gut die alte Doppel-SL-Trasse<\/p>\n<p><a href='http:\/\/ski.inmontanis.info\/d\/206635-2\/DSC07503.jpg'><img src=http:\/\/ski.inmontanis.info\/d\/206634-3\/DSC07503.jpg \/><\/a><br \/>\n^ M\u00f6seralm &#8211; Sch\u00f6njoch<\/p>\n<p><a href='http:\/\/ski.inmontanis.info\/d\/206639-2\/DSC07505.jpg'><img src=http:\/\/ski.inmontanis.info\/d\/206638-3\/DSC07505.jpg \/><\/a><br \/>\n^ Almbahn \/ Holzgondel<\/p>\n<p><a href='http:\/\/ski.inmontanis.info\/d\/206643-2\/DSC07506.jpg'><img src=http:\/\/ski.inmontanis.info\/d\/206642-3\/DSC07506.jpg \/><\/a><br \/>\n^ An der Almbahn-Bergstation gibt es ein WC mit Ausblick<\/p>\n<p><a href='http:\/\/ski.inmontanis.info\/d\/206647-2\/DSC07507.jpg'><img src=http:\/\/ski.inmontanis.info\/d\/206646-3\/DSC07507.jpg \/><\/a><br \/>\n^ Fiss \/ Vom Sch\u00f6njoch<\/p>\n<p><a href='http:\/\/ski.inmontanis.info\/d\/206651-2\/GE20151213.jpg'><img src=http:\/\/ski.inmontanis.info\/d\/206650-3\/GE20151213.jpg \/><\/a><br \/>\n^ GPS-Track 13.12.2015 (138,8km), nicht gefahren: rote am Lawens, schwarze an der Frommes.<\/p>\n<p>Fazit: Skiwelt + Kitzb\u00fchel haben derzeit das bessere Angebot und evtl. auch die besseren Pistenverh\u00e4ltnisse.<\/p>\n","protected":false},"excerpt":{"rendered":"<p>Aufgrund des angeblich recht gro\u00dfen Angebots fuhr ich heute nach Serfaus-Fiss-Ladis, war in Wirklichkeit aber doch stark gesch\u00f6nt und sp\u00fcrbar weniger als gestern in Kitzb\u00fchel, wo ich nicht alle Abfahrten fahren konnte, w\u00e4hrend ich heute einige doppelt fahren musste. Ok, ich war auch schneller unterwegs heute und hab mit 138,8 km genau gleich viel gemacht <a href=\"http:\/\/blog.inmontanis.info\/?p=3586\">[&#8230;]<\/a><\/p>\n","protected":false},"author":1,"featured_media":0,"comment_status":"closed","ping_status":"closed","sticky":false,"template":"","format":"standard","meta":{"footnotes":""},"categories":[25,13,899,27],"tags":[39,53,57],"class_list":["post-3586","post","type-post","status-publish","format-standard","hentry","category-noreport","category-austria","category-serfaus-fiss-ladis","category-skifahren-winterskiing-winter","tag-6eub","tag-8eub","tag-8sb","odd"],"_links":{"self":[{"href":"http:\/\/blog.inmontanis.info\/index.php?rest_route=\/wp\/v2\/posts\/3586","targetHints":{"allow":["GET"]}}],"collection":[{"href":"http:\/\/blog.inmontanis.info\/index.php?rest_route=\/wp\/v2\/posts"}],"about":[{"href":"http:\/\/blog.inmontanis.info\/index.php?rest_route=\/wp\/v2\/types\/post"}],"author":[{"embeddable":true,"href":"http:\/\/blog.inmontanis.info\/index.php?rest_route=\/wp\/v2\/users\/1"}],"replies":[{"embeddable":true,"href":"http:\/\/blog.inmontanis.info\/index.php?rest_route=%2Fwp%2Fv2%2Fcomments&post=3586"}],"version-history":[{"count":4,"href":"http:\/\/blog.inmontanis.info\/index.php?rest_route=\/wp\/v2\/posts\/3586\/revisions"}],"predecessor-version":[{"id":3590,"href":"http:\/\/blog.inmontanis.info\/index.php?rest_route=\/wp\/v2\/posts\/3586\/revisions\/3590"}],"wp:attachment":[{"href":"http:\/\/blog.inmontanis.info\/index.php?rest_route=%2Fwp%2Fv2%2Fmedia&parent=3586"}],"wp:term":[{"taxonomy":"category","embeddable":true,"href":"http:\/\/blog.inmontanis.info\/index.php?rest_route=%2Fwp%2Fv2%2Fcategories&post=3586"},{"taxonomy":"post_tag","embeddable":true,"href":"http:\/\/blog.inmontanis.info\/index.php?rest_route=%2Fwp%2Fv2%2Ftags&post=3586"}],"curies":[{"name":"wp","href":"https:\/\/api.w.org\/{rel}","templated":true}]}}