{"id":3575,"date":"2015-12-06T19:34:50","date_gmt":"2015-12-06T18:34:50","guid":{"rendered":"http:\/\/blog.inmontanis.info\/?p=3575"},"modified":"2023-08-06T10:43:51","modified_gmt":"2023-08-06T08:43:51","slug":"mayrhofen-6-12-2015","status":"publish","type":"post","link":"http:\/\/blog.inmontanis.info\/?p=3575","title":{"rendered":"Mayrhofen, 6.12.2015"},"content":{"rendered":"<p>Heute ging&#8217;s nach Mayrhofen, das ebenfalls schon einen Gro\u00dfteil der Lifte in Betrieb hat. Bzw. genauer gesagt nach Finkenberg, wollte mal wieder mit der 4EUB fahren &#8211; und die Talabfahrt zur Horbergbahn geht ja eh noch nicht :)<\/p>\n<p>Da die meisten Pisten recht sonnig liegen, fand ich die Schneeverh\u00e4ltnisse im Gesamten besser als gestern in der Skiwelt, es gab viel weniger Pisten mit knolligen Verh\u00e4ltnissen. Bin aber heute nicht bis zum Schluss geblieben, da ich noch &#8216;was arbeiten musste &#8211; au\u00dferdem ist Dienstag ja auch noch ein Feiertag&#8230;<\/p>\n<p>(Fotos anklicken zum Vergr\u00f6\u00dfern)<\/p>\n<p><a href='http:\/\/ski.inmontanis.info\/d\/206387-2\/DSC07382.jpg'><img src=http:\/\/ski.inmontanis.info\/d\/206386-3\/DSC07382.jpg \/><\/a><br \/>\n^ Beschneite Talabfahrten Zell und Kaltenbach, beide noch geschlossen wg. L\u00fccken. Dito die anderen Talabfahrten im Zillertal (au\u00dfer vielleicht am Gletscher), wobei Spieljoch und Eggalm die gr\u00f6\u00dften L\u00fccken hatten.<\/p>\n<p><a href='http:\/\/ski.inmontanis.info\/d\/206391-2\/DSC07385.jpg'><img src=http:\/\/ski.inmontanis.info\/d\/206390-3\/DSC07385.jpg \/><\/a><br \/>\n^ Beschneiung Talabfahrt Zell<\/p>\n<p>Und von sp\u00e4ter:<br \/>\n<a href='http:\/\/ski.inmontanis.info\/d\/206395-2\/DSC07417.jpg'><img src=http:\/\/ski.inmontanis.info\/d\/206394-3\/DSC07417.jpg \/><\/a><br \/>\n^ Blick r\u00fcber ins Skigebiet Zell mit der neuen beschneiten Talabfahrt<\/p>\n<p><a href='http:\/\/ski.inmontanis.info\/d\/206399-2\/DSC07390.jpg'><img src=http:\/\/ski.inmontanis.info\/d\/206398-3\/DSC07390.jpg \/><\/a><br \/>\n^ 4EUB Finkenberg<\/p>\n<p><a href='http:\/\/ski.inmontanis.info\/d\/206403-2\/DSC07391.jpg'><img src=http:\/\/ski.inmontanis.info\/d\/206402-3\/DSC07391.jpg \/><\/a><br \/>\n^ Talstation 4EUB Finkenberg<\/p>\n<p><a href='http:\/\/ski.inmontanis.info\/d\/206407-2\/DSC07394.jpg'><img src=http:\/\/ski.inmontanis.info\/d\/206406-3\/DSC07394.jpg \/><\/a><br \/>\n^ 4EUB Finkenberg<\/p>\n<p><a href='http:\/\/ski.inmontanis.info\/d\/206411-2\/DSC07395.jpg'><img src=http:\/\/ski.inmontanis.info\/d\/206410-3\/DSC07395.jpg \/><\/a><br \/>\n^ Bergstation 4EUB Finkenberg<\/p>\n<p><a href='http:\/\/ski.inmontanis.info\/d\/206415-2\/DSC07398.jpg'><img src=http:\/\/ski.inmontanis.info\/d\/206414-3\/DSC07398.jpg \/><\/a><br \/>\n^ Eggalm (noch nicht ge\u00f6ffnet)<\/p>\n<p><a href='http:\/\/ski.inmontanis.info\/d\/206419-2\/DSC07400.jpg'><img src=http:\/\/ski.inmontanis.info\/d\/206418-3\/DSC07400.jpg \/><\/a><br \/>\n^ Sommerskifeeling an den Hasenmulden-SL<\/p>\n<p><a href='http:\/\/ski.inmontanis.info\/d\/206423-2\/DSC07402.jpg'><img src=http:\/\/ski.inmontanis.info\/d\/206422-3\/DSC07402.jpg \/><\/a><br \/>\n^ Sommerskifeeling an den Hasenmulden-SL<\/p>\n<p>(Es war warm und die Pisten waren fr\u00fchlingshaft\/sommerlich hart + griffig, das &#8220;Sommerskifeeling&#8221; hatte ich aber nur am Morgen bei der ersten Fahrt an diesem Tellerlift)<\/p>\n<p><a href='http:\/\/ski.inmontanis.info\/d\/206427-2\/DSC07403.jpg'><img src=http:\/\/ski.inmontanis.info\/d\/206426-3\/DSC07403.jpg \/><\/a><br \/>\n^ 6KSB Unterbergalm. <\/p>\n<p><a href='http:\/\/ski.inmontanis.info\/d\/206431-2\/DSC07404.jpg'><img src=http:\/\/ski.inmontanis.info\/d\/206430-3\/DSC07404.jpg \/><\/a><br \/>\n^ Penken mit neuer 3S-Bahn<\/p>\n<p><a href='http:\/\/ski.inmontanis.info\/d\/206435-2\/DSC07406.jpg'><img src=http:\/\/ski.inmontanis.info\/d\/206434-3\/DSC07406.jpg \/><\/a><br \/>\n^ Rastkogel<\/p>\n<p><a href='http:\/\/ski.inmontanis.info\/d\/206439-2\/DSC07407.jpg'><img src=http:\/\/ski.inmontanis.info\/d\/206438-3\/DSC07407.jpg \/><\/a><br \/>\n^ 6KSB + SL L\u00e4mmerbichl<\/p>\n<p><a href='http:\/\/ski.inmontanis.info\/d\/206443-2\/DSC07409.jpg'><img src=http:\/\/ski.inmontanis.info\/d\/206442-3\/DSC07409.jpg \/><\/a><br \/>\n^ 6KSB L\u00e4mmerbichl<\/p>\n<p><a href='http:\/\/ski.inmontanis.info\/d\/206447-2\/DSC07410.jpg'><img src=http:\/\/ski.inmontanis.info\/d\/206446-3\/DSC07410.jpg \/><\/a><br \/>\n^ Rastkogel<\/p>\n<p><a href='http:\/\/ski.inmontanis.info\/d\/206451-2\/DSC07411.jpg'><img src=http:\/\/ski.inmontanis.info\/d\/206450-3\/DSC07411.jpg \/><\/a><br \/>\n^ Der Vorteil an der geringen Schneeh\u00f6he: Man sieht auch mal im oberen Teil die Fundamente der ehemaligen Bergwerks-Materialseilbahn :) (Bildmitte)<\/p>\n<p><a href='http:\/\/ski.inmontanis.info\/d\/206455-2\/DSC07422.jpg'><img src=http:\/\/ski.inmontanis.info\/d\/206454-3\/DSC07422.jpg \/><\/a><br \/>\n^ 4EUB Finkenberg, steiles Teil<\/p>\n<p><a href='http:\/\/ski.inmontanis.info\/d\/206459-2\/DSC07428.jpg'><img src=http:\/\/ski.inmontanis.info\/d\/206458-3\/DSC07428.jpg \/><\/a><br \/>\n^ Mayrhofen liegt wohl sehr schattig &#8211; wie man an dem Dauerfrost trotz der momentan ansonsten recht warmen Temperaturen sehen kann&#8230;<\/p>\n","protected":false},"excerpt":{"rendered":"<p>Heute ging&#8217;s nach Mayrhofen, das ebenfalls schon einen Gro\u00dfteil der Lifte in Betrieb hat. Bzw. genauer gesagt nach Finkenberg, wollte mal wieder mit der 4EUB fahren &#8211; und die Talabfahrt zur Horbergbahn geht ja eh noch nicht :)<\/p>\n<p>Da die meisten Pisten recht sonnig liegen, fand ich die Schneeverh\u00e4ltnisse im Gesamten besser als gestern in <a href=\"http:\/\/blog.inmontanis.info\/?p=3575\">[&#8230;]<\/a><\/p>\n","protected":false},"author":1,"featured_media":0,"comment_status":"closed","ping_status":"closed","sticky":false,"template":"","format":"standard","meta":{"footnotes":""},"categories":[893,25,13,27],"tags":[42,56,47],"class_list":["post-3575","post","type-post","status-publish","format-standard","hentry","category-mayrhofen-rastkogel-eggalm","category-noreport","category-austria","category-skifahren-winterskiing-winter","tag-4eub","tag-6sb","tag-sl","odd"],"_links":{"self":[{"href":"http:\/\/blog.inmontanis.info\/index.php?rest_route=\/wp\/v2\/posts\/3575","targetHints":{"allow":["GET"]}}],"collection":[{"href":"http:\/\/blog.inmontanis.info\/index.php?rest_route=\/wp\/v2\/posts"}],"about":[{"href":"http:\/\/blog.inmontanis.info\/index.php?rest_route=\/wp\/v2\/types\/post"}],"author":[{"embeddable":true,"href":"http:\/\/blog.inmontanis.info\/index.php?rest_route=\/wp\/v2\/users\/1"}],"replies":[{"embeddable":true,"href":"http:\/\/blog.inmontanis.info\/index.php?rest_route=%2Fwp%2Fv2%2Fcomments&post=3575"}],"version-history":[{"count":2,"href":"http:\/\/blog.inmontanis.info\/index.php?rest_route=\/wp\/v2\/posts\/3575\/revisions"}],"predecessor-version":[{"id":3577,"href":"http:\/\/blog.inmontanis.info\/index.php?rest_route=\/wp\/v2\/posts\/3575\/revisions\/3577"}],"wp:attachment":[{"href":"http:\/\/blog.inmontanis.info\/index.php?rest_route=%2Fwp%2Fv2%2Fmedia&parent=3575"}],"wp:term":[{"taxonomy":"category","embeddable":true,"href":"http:\/\/blog.inmontanis.info\/index.php?rest_route=%2Fwp%2Fv2%2Fcategories&post=3575"},{"taxonomy":"post_tag","embeddable":true,"href":"http:\/\/blog.inmontanis.info\/index.php?rest_route=%2Fwp%2Fv2%2Ftags&post=3575"}],"curies":[{"name":"wp","href":"https:\/\/api.w.org\/{rel}","templated":true}]}}