{"id":3555,"date":"2015-11-01T23:32:36","date_gmt":"2015-11-01T22:32:36","guid":{"rendered":"http:\/\/blog.inmontanis.info\/?p=3555"},"modified":"2023-08-06T10:56:17","modified_gmt":"2023-08-06T08:56:17","slug":"stubaier-gltetscher-31-10-1-11-2015","status":"publish","type":"post","link":"http:\/\/blog.inmontanis.info\/?p=3555","title":{"rendered":"Stubaier Gletscher 31.10.+1.11.2015"},"content":{"rendered":"<p>Da ich dieses WE keine ganzen Tage Skifahren wollte, blieb ich beim n\u00e4hesten Ziel f\u00fcr jeweils ein paar Stunden, SA von 8:40-13:10 Uhr, SO von 11-14:30 Uhr.<\/p>\n<p>Am Samstag hatte ich einiges an Stau vorm Parkplatz, daf\u00fcr war an der Gamsgartenbahn fast nichts los (<2min). Eisjoch- und Rotadlbahn hatten vormittags ein bisschen l\u00e4ngere Wartezeiten (meine l\u00e4ngste waren ca. 4 Minuten an der Rotadlbahn, danach blieb ich am Fernau), Fernau und Mittelstation war wenig, ab Mittag war auch an den anderen KSBs nichts mehr los. Schaufeljochbahn fuhr windbedingt erst ab Mittag, daher vormittags noch gr\u00f6\u00dfere Wartezeiten am Eisjoch-SL als sonst; Daunferner-Lifte waren mir vormittags ebenfalls zu voll. Durch den Wind auch schon vormittags etliche Eisplatten auf den Pisten.\n\nObwohl ich ja erwartet h\u00e4tte, dass auch am SA weniger los w\u00e4re als letztes WE (Vgl. 2014+2009), war doch mehr los. Den Ersatzparkplatz in Volderau gibt's aber nicht mehr, stattdessen ist in Falbeson (vor dem Tunnel, der vor dem steilsten Stra\u00dfenst\u00fcck ist) einer.\n\nAm Sonntag war's dann aber - vgl. Allerheiligen 2014 und 2009 - doch leerer, der Ersatzparkplatz wurde nicht ben\u00f6tigt, ich durfte direkt an der Bushaltestelle am E-Parkplatz parken. Wartezeiten hatte ich oben ab Mittag logischerweise keine mehr, bin aber doch nicht zum Schluss geblieben, da die Pisten noch eisiger waren (und dort, wo's nich eisig war, war's knollig, gut ging's egtl. nirgends mehr), die Mittelstationsabfahrt war am Samstag wenigstens auf einer Seite noch halbwegs griffig, am Sonntag dagegen nur noch weite Eisplatten. Steine ja sowieso. Hatte mir 1x gereicht. Samstag bin ich sie \u00f6fters gefahren wg. den Wartezeiten oben.\n\nBis zum n\u00e4chsten Schneefall ist der Stubaier absolut nicht mehr zu empfehlen.\n\n(Fotos anklicken zum Vergr\u00f6\u00dfern)\n\n<a href='http:\/\/ski.inmontanis.info\/d\/205941-2\/DSC07203.jpg'><img src=http:\/\/ski.inmontanis.info\/d\/205940-3\/DSC07203.jpg \/><\/a><br \/>\n^ Bauweg<\/p>\n<p><a href='http:\/\/ski.inmontanis.info\/d\/205945-2\/DSC07204.jpg'><img src=http:\/\/ski.inmontanis.info\/d\/205944-3\/DSC07204.jpg \/><\/a><br \/>\n^ Bauweg, mittlerweile durchg\u00e4ngig, aber noch nicht ganz fertig.<\/p>\n<p><a href='http:\/\/ski.inmontanis.info\/d\/205949-2\/DSC07208.jpg'><img src=http:\/\/ski.inmontanis.info\/d\/205948-3\/DSC07208.jpg \/><\/a><br \/>\n^ Mit Schaufeln und Schneerutschen wurde richtung Mittelstation der Schnee auf die Abfahrt gebracht<\/p>\n<p><a href='http:\/\/ski.inmontanis.info\/d\/205953-2\/DSC07214.jpg'><img src=http:\/\/ski.inmontanis.info\/d\/205952-3\/DSC07214.jpg \/><\/a><br \/>\n^ Bauarbeiten 3S Mittelstation<\/p>\n<p><a href='http:\/\/ski.inmontanis.info\/d\/205957-2\/DSC07215.jpg'><img src=http:\/\/ski.inmontanis.info\/d\/205956-3\/DSC07215.jpg \/><\/a><br \/>\n^ Bauarbeiten 3S Mittelstation<\/p>\n<p><a href='http:\/\/ski.inmontanis.info\/d\/205961-2\/DSC07216.jpg'><img src=http:\/\/ski.inmontanis.info\/d\/205960-3\/DSC07216.jpg \/><\/a><br \/>\n^ Kaum ist 12 Uhr, schon ist der SL leer :) Nachmittags wird er aber nochmal ein bisschen voller<\/p>\n<p><a href='http:\/\/ski.inmontanis.info\/d\/205965-2\/DSC07218.jpg'><img src=http:\/\/ski.inmontanis.info\/d\/205964-3\/DSC07218.jpg \/><\/a><br \/>\n^ Zus\u00e4tzlicher Parkplatz Falbeson (Statt Volderau wie in den Vorjahren)<\/p>\n<p><a href='http:\/\/ski.inmontanis.info\/d\/205969-2\/DSC07224.jpg'><img src=http:\/\/ski.inmontanis.info\/d\/205968-3\/DSC07224.jpg \/><\/a><br \/>\n^ Mittelstation<\/p>\n<p><a href='http:\/\/ski.inmontanis.info\/d\/205973-2\/DSC07225.jpg'><img src=http:\/\/ski.inmontanis.info\/d\/205972-3\/DSC07225.jpg \/><\/a><br \/>\n^ Fernau (Trainingsareal, war heute Mittag noch die beste Ecke, wenn man denn die unteren H\u00e4nge nicht h\u00e4tte)<\/p>\n<p><a href='http:\/\/ski.inmontanis.info\/d\/205977-2\/DSC07227.jpg'><img src=http:\/\/ski.inmontanis.info\/d\/205976-3\/DSC07227.jpg \/><\/a><br \/>\n^ Parkpl\u00e4tze am 1.11. ausreichend; am D-Parkplatz hat man mittlerweile auch wieder ein paar Parkpl\u00e4tze zur Verf\u00fcgung gestellt<\/p>\n","protected":false},"excerpt":{"rendered":"<p>Da ich dieses WE keine ganzen Tage Skifahren wollte, blieb ich beim n\u00e4hesten Ziel f\u00fcr jeweils ein paar Stunden, SA von 8:40-13:10 Uhr, SO von 11-14:30 Uhr.<\/p>\n<p>Am Samstag hatte ich einiges an Stau vorm Parkplatz, daf\u00fcr war an der Gamsgartenbahn fast nichts los <a href=\"http:\/\/blog.inmontanis.info\/?p=3555\">[&#8230;]<\/a><\/p>\n","protected":false},"author":1,"featured_media":0,"comment_status":"closed","ping_status":"closed","sticky":false,"template":"","format":"standard","meta":{"footnotes":""},"categories":[25,13,27,895],"tags":[39,56,53,47],"class_list":["post-3555","post","type-post","status-publish","format-standard","hentry","category-noreport","category-austria","category-skifahren-winterskiing-winter","category-stubaier-gletscher","tag-6eub","tag-6sb","tag-8eub","tag-sl","odd"],"_links":{"self":[{"href":"http:\/\/blog.inmontanis.info\/index.php?rest_route=\/wp\/v2\/posts\/3555","targetHints":{"allow":["GET"]}}],"collection":[{"href":"http:\/\/blog.inmontanis.info\/index.php?rest_route=\/wp\/v2\/posts"}],"about":[{"href":"http:\/\/blog.inmontanis.info\/index.php?rest_route=\/wp\/v2\/types\/post"}],"author":[{"embeddable":true,"href":"http:\/\/blog.inmontanis.info\/index.php?rest_route=\/wp\/v2\/users\/1"}],"replies":[{"embeddable":true,"href":"http:\/\/blog.inmontanis.info\/index.php?rest_route=%2Fwp%2Fv2%2Fcomments&post=3555"}],"version-history":[{"count":3,"href":"http:\/\/blog.inmontanis.info\/index.php?rest_route=\/wp\/v2\/posts\/3555\/revisions"}],"predecessor-version":[{"id":3558,"href":"http:\/\/blog.inmontanis.info\/index.php?rest_route=\/wp\/v2\/posts\/3555\/revisions\/3558"}],"wp:attachment":[{"href":"http:\/\/blog.inmontanis.info\/index.php?rest_route=%2Fwp%2Fv2%2Fmedia&parent=3555"}],"wp:term":[{"taxonomy":"category","embeddable":true,"href":"http:\/\/blog.inmontanis.info\/index.php?rest_route=%2Fwp%2Fv2%2Fcategories&post=3555"},{"taxonomy":"post_tag","embeddable":true,"href":"http:\/\/blog.inmontanis.info\/index.php?rest_route=%2Fwp%2Fv2%2Ftags&post=3555"}],"curies":[{"name":"wp","href":"https:\/\/api.w.org\/{rel}","templated":true}]}}