{"id":3553,"date":"2015-10-26T23:30:15","date_gmt":"2015-10-26T22:30:15","guid":{"rendered":"http:\/\/blog.inmontanis.info\/?p=3553"},"modified":"2023-08-06T10:56:24","modified_gmt":"2023-08-06T08:56:24","slug":"stubaier-gletscher-26-10-2015","status":"publish","type":"post","link":"http:\/\/blog.inmontanis.info\/?p=3553","title":{"rendered":"Stubaier Gletscher, 26.10.2015"},"content":{"rendered":"<p>Am Nationalfeiertag ging&#8217;s heute &#8211; nach Kaunertaler und Kitzb\u00fchel die letzten beiden Tage &#8211; logischerweise auf den Stubaier. Schnee war im Allgemeinen schon schlechter als am Kaunertaler vorgestern, es gab an der Mittelstationsabfahrt mehr Steine (und die Talabfahrt am Kaunertaler alleingenommen ist doch interessanter) und es gab auch allgemein mehr Eisplatten, aber in Summe war es nat\u00fcrlich doch abwechslungsreicher am Stubaier.<\/p>\n<p>Da ich erst um 8:40 am Parkplatz war (und auf E parken musste, da ja der D-Parkplatz durch den 3S-Neubau wegf\u00e4llt) und es oben doch voller war als gedacht, musste ich auf die morgendliche SL Daunscharte &#8211; Fahrt verzichten, erst nach Mittag waren die Wartezeiten dort angenehmer. An den drei KSBs dagegen keine nennenswerten Wartezeiten (paar Sessel musste man warten, mehr nicht). SL Gai\u00dfkar war erst nach 15 Uhr leer, allerdings giftig angeforener Sulz.<\/p>\n<p>6SB Murmele + SL Kitz sind auch in Betrieb, fuhr ich aber nur einmal. Bei meiner ersten Mittelstationsabfahrt vor Mittag h\u00e4tte ich dort fast &#8216;ne Maus \u00fcberfahren, die auf der Piste umherirrte :)<\/p>\n<p>(Fotos anklicken zum Vergr\u00f6\u00dfern)<\/p>\n<p><a href='http:\/\/ski.inmontanis.info\/d\/205885-2\/DSC07157.jpg'><img src=http:\/\/ski.inmontanis.info\/d\/205884-3\/DSC07157.jpg \/><\/a><br \/>\n^ Die Wartezeiten an den 3 Daunferner-SL war mir vormittags zu gro\u00df, nachmittags war&#8217;s leerer (und die KSBs waren auch vormittags leerer)<\/p>\n<p><a href='http:\/\/ski.inmontanis.info\/d\/205889-2\/DSC07158.jpg'><img src=http:\/\/ski.inmontanis.info\/d\/205888-3\/DSC07158.jpg \/><\/a><br \/>\n^ Neuigkeit des Tages: Es gibt wieder einen WC-Container an der Talstation Fernau-KSB<\/p>\n<p><a href='http:\/\/ski.inmontanis.info\/d\/205893-2\/DSC07159.jpg'><img src=http:\/\/ski.inmontanis.info\/d\/205892-3\/DSC07159.jpg \/><\/a><br \/>\n^ Fernau-6KSB<\/p>\n<p><a href='http:\/\/ski.inmontanis.info\/d\/205897-2\/DSC07160.jpg'><img src=http:\/\/ski.inmontanis.info\/d\/205896-3\/DSC07160.jpg \/><\/a><br \/>\n^ Fernau-6KSB<\/p>\n<p><a href='http:\/\/ski.inmontanis.info\/d\/205905-2\/DSC07172.jpg'><img src=http:\/\/ski.inmontanis.info\/d\/205904-3\/DSC07172.jpg \/><\/a><br \/>\n^ Eisjoch-Rotadl<\/p>\n<p><a href='http:\/\/ski.inmontanis.info\/d\/205909-2\/DSC07175.jpg'><img src=http:\/\/ski.inmontanis.info\/d\/205908-3\/DSC07175.jpg \/><\/a><br \/>\n^ Der Abfahrtsstart an der Fernau-KSB war heute nicht nur steinig, sondern auch: mattig. Anscheinend ist das Entfernen der Matten zu anstrengend?! An mehreren Stellen, sogar noch im Hang nach dem Weg, kamen Mattenreste zum Vorschein.<\/p>\n<p><a href='http:\/\/ski.inmontanis.info\/d\/205913-2\/DSC07176.jpg'><img src=http:\/\/ski.inmontanis.info\/d\/205912-3\/DSC07176.jpg \/><\/a><br \/>\n^ Die Abfahrt zur Mittelstation war stellenweise ziemlich steinig<\/p>\n<p><a href='http:\/\/ski.inmontanis.info\/d\/205917-2\/DSC07181.jpg'><img src=http:\/\/ski.inmontanis.info\/d\/205916-3\/DSC07181.jpg \/><\/a><br \/>\n^ Mittelstation<\/p>\n<p><a href='http:\/\/ski.inmontanis.info\/d\/205933-3\/DSC07192.jpg'><img src=http:\/\/ski.inmontanis.info\/d\/205932-4\/DSC07192.jpg \/><\/a><br \/>\n^ SL Windach \/ SL Gai\u00dfkar  \/ Funpark<\/p>\n<p><a href='http:\/\/ski.inmontanis.info\/d\/205937-3\/DSC07195.jpg'><img src=http:\/\/ski.inmontanis.info\/d\/205936-4\/DSC07195.jpg \/><\/a><br \/>\n^ SL Windach und die beiden Trassen der DSB Wildspitze<\/p>\n<p>&#8212;<\/p>\n<p><a href='http:\/\/ski.inmontanis.info\/d\/205869-2\/DSC07148.jpg'><img src=http:\/\/ski.inmontanis.info\/d\/205868-3\/DSC07148.jpg \/><\/a><br \/>\n^ Zoom S\u00f6lden \/ Tiefenbachferner vom Stubaier. SL Panorama ist mittlerweile also auch ge\u00f6ffnet<\/p>\n<p><a href='http:\/\/ski.inmontanis.info\/d\/205873-2\/DSC07147.jpg'><img src=http:\/\/ski.inmontanis.info\/d\/205872-3\/DSC07147.jpg \/><\/a><br \/>\n^ Zoom Pitztaler vom Stubaier. Eine sehr interessante Sache gibt&#8217;s in dem Bild noch zu entdecken:<\/p>\n<p><a href='http:\/\/ski.inmontanis.info\/d\/205877-2\/DSC07147-2.jpg'><img src=http:\/\/ski.inmontanis.info\/d\/205876-3\/DSC07147-2.jpg \/><\/a><br \/>\n^ .. hier im Zoom: Wusstet ihr schon, dass die Wildspitz-EUB am Pitztaler eine 1. Sektion hat? :)<br \/>\n(L\u00f6sung: Unten ist die 8EUB Schwarze Schneide 1 (S\u00f6lden), in gleicher Linie wie die Wildspitz-EUB am Pitztaler (dar\u00fcber). Unten nebendran die parallele Rettenbachjoch-4KSB.)<\/p>\n<p>&#8212;<\/p>\n<p>So, nun noch ein paar Gletschervergleichsfotos:<\/p>\n<p><a href='http:\/\/ski.inmontanis.info\/d\/205901-2\/DSC07162.jpg'><img src=http:\/\/ski.inmontanis.info\/d\/205900-3\/DSC07162.jpg \/><\/a><br \/>\n^ SL Gai\u00dfkar von Bergstation Fernau-6KSB, 26.10.2015<\/p>\n<p>.. und am 23.11.2002:<br \/>\n<img src=http:\/\/ski.inmontanis.info\/alte\/20021130_StubaiGL\/StubaiGL20021123_GaiskarMitJochdohle.jpg \/><\/p>\n<p><a href='http:\/\/ski.inmontanis.info\/d\/205921-3\/DSC07185.jpg'><img src=http:\/\/ski.inmontanis.info\/d\/205920-4\/DSC07185.jpg \/><\/a><br \/>\n^ SL Gai\u00dfkar, 26.10.2015<\/p>\n<p>.. und am 11.10.2003:<br \/>\n<img src=http:\/\/ski.inmontanis.info\/d\/205540-4\/10110006.jpg \/><\/p>\n<p><a href='http:\/\/ski.inmontanis.info\/d\/205925-3\/DSC07186.jpg'><img src=http:\/\/ski.inmontanis.info\/d\/205924-4\/DSC07186.jpg \/><\/a><br \/>\n^ SL Gai\u00dfkar &#8211; 8EUB Schaufeljoch<\/p>\n<p>.. und am 11.10.2003:<br \/>\n<a href='http:\/\/ski.inmontanis.info\/d\/205881-3\/10110005.jpg'><img src=http:\/\/ski.inmontanis.info\/d\/205880-4\/10110005.jpg \/><\/a><\/p>\n<p><a href='http:\/\/ski.inmontanis.info\/d\/205929-3\/DSC07190.jpg'><img src=http:\/\/ski.inmontanis.info\/d\/205928-4\/DSC07190.jpg \/><\/a><br \/>\n^ Jochdohle und die 3 Lifte<\/p>\n<p>.. und am 4.10.2003:<br \/>\n<img src=http:\/\/ski.inmontanis.info\/d\/205532-4\/10040023.jpg \/><\/p>\n","protected":false},"excerpt":{"rendered":"<p>Am Nationalfeiertag ging&#8217;s heute &#8211; nach Kaunertaler und Kitzb\u00fchel die letzten beiden Tage &#8211; logischerweise auf den Stubaier. Schnee war im Allgemeinen schon schlechter als am Kaunertaler vorgestern, es gab an der Mittelstationsabfahrt mehr Steine (und die Talabfahrt am Kaunertaler alleingenommen ist doch interessanter) und es gab auch allgemein mehr Eisplatten, aber in Summe war <a href=\"http:\/\/blog.inmontanis.info\/?p=3553\">[&#8230;]<\/a><\/p>\n","protected":false},"author":1,"featured_media":0,"comment_status":"closed","ping_status":"closed","sticky":false,"template":"","format":"standard","meta":{"footnotes":""},"categories":[25,13,27,895],"tags":[39,56,54,47],"class_list":["post-3553","post","type-post","status-publish","format-standard","hentry","category-noreport","category-austria","category-skifahren-winterskiing-winter","category-stubaier-gletscher","tag-6eub","tag-6sb","tag-gletschervergleich","tag-sl","odd"],"_links":{"self":[{"href":"http:\/\/blog.inmontanis.info\/index.php?rest_route=\/wp\/v2\/posts\/3553","targetHints":{"allow":["GET"]}}],"collection":[{"href":"http:\/\/blog.inmontanis.info\/index.php?rest_route=\/wp\/v2\/posts"}],"about":[{"href":"http:\/\/blog.inmontanis.info\/index.php?rest_route=\/wp\/v2\/types\/post"}],"author":[{"embeddable":true,"href":"http:\/\/blog.inmontanis.info\/index.php?rest_route=\/wp\/v2\/users\/1"}],"replies":[{"embeddable":true,"href":"http:\/\/blog.inmontanis.info\/index.php?rest_route=%2Fwp%2Fv2%2Fcomments&post=3553"}],"version-history":[{"count":1,"href":"http:\/\/blog.inmontanis.info\/index.php?rest_route=\/wp\/v2\/posts\/3553\/revisions"}],"predecessor-version":[{"id":3554,"href":"http:\/\/blog.inmontanis.info\/index.php?rest_route=\/wp\/v2\/posts\/3553\/revisions\/3554"}],"wp:attachment":[{"href":"http:\/\/blog.inmontanis.info\/index.php?rest_route=%2Fwp%2Fv2%2Fmedia&parent=3553"}],"wp:term":[{"taxonomy":"category","embeddable":true,"href":"http:\/\/blog.inmontanis.info\/index.php?rest_route=%2Fwp%2Fv2%2Fcategories&post=3553"},{"taxonomy":"post_tag","embeddable":true,"href":"http:\/\/blog.inmontanis.info\/index.php?rest_route=%2Fwp%2Fv2%2Ftags&post=3553"}],"curies":[{"name":"wp","href":"https:\/\/api.w.org\/{rel}","templated":true}]}}