{"id":3549,"date":"2015-10-25T23:25:59","date_gmt":"2015-10-25T22:25:59","guid":{"rendered":"http:\/\/blog.inmontanis.info\/?p=3549"},"modified":"2023-08-08T20:29:02","modified_gmt":"2023-08-08T18:29:02","slug":"kitzbuhel-kufstein-25-10-2015","status":"publish","type":"post","link":"http:\/\/blog.inmontanis.info\/?p=3549","title":{"rendered":"Kitzb\u00fchel + Kufstein, 25.10.2015"},"content":{"rendered":"<p>Kitzb\u00fchel konnte dank eines gro\u00dfen Schneedepots ja gestern die Skisaison er\u00f6ffnen. Vom Wetter her war heute das Unterland bevorzugt, so dass ich dort ein paar Stunden skifahren wollte und danach noch den ESL in Kufstein, der ja ebenfalls mit der Snowcard fahrbar ist, mitnehmen.<\/p>\n<p>Um 9:20 war ich an der Mittelstation Panoramabahn und erst mal geschockt, wieviel Autos da waren. H\u00e4tte vielleicht doch erst Kufstein fahren sollen? Die passen doch nie und nimmer ohne Wartezeiten alle an die 4SB &#8230;.<\/p>\n<p>Oben angekommen, die ersten bereits in der H\u00fctte, Wartezeiten somit jeweils nur ein paar Sessel und absolut ertr\u00e4glich. Ge\u00f6ffnet waren beide Abfahrten, wobei die blaue den weicheren Schnee (und mehr Erde) hatte, somit mir wesentlich sympathischer. Leider war nach 7 Abfahrten kurz nach 11 Uhr f\u00fcr mich Schluss, denn die 4SB hatte ein technisches Problem. Die letzte Bergfahrt ging in Schleichfahrt und dauerte knapp eine halbe Stunde, sp\u00e4ter wurde der Dieselantrieb angeworfen und die 4SB fuhr etwas schneller die letzten Leute hinauf. Ich hab noch bis 12:40 Uhr gewartet, aber die Mitarbeiter hatten es bis dahin leider nicht geschafft, die 4SB wieder in Betrieb zu nehmen. Ob diejenigen, die eine Tageskarte (zum &#8220;g\u00fcnstigen Spezial-&#8221; Preis von 32,50 \u20ac) gekauft haben, eine R\u00fcckerstattung bekamen, wenn sie zu Mittag wieder runter sind?<\/p>\n<p>Lt. Webcam im Nachhinein h\u00e4tte ich wohl noch ca. 1-1,5 Stunden warten m\u00fcssen &#8211; damit w\u00e4re aber der Besuch in Kufstein nicht mehr m\u00f6glich gewesen. Naja, Schade. Falls in 2 Wochen weitere Lifte in Betrieb genommen werden (wenn genug beschneit werden kann), werd ich vielleicht nochmal herfahren.<\/p>\n<p>(Fotos anklicken zum Vergr\u00f6\u00dfern)<\/p>\n<p><a href='http:\/\/ski.inmontanis.info\/d\/205685-2\/DSC06979.jpg'><img src=http:\/\/ski.inmontanis.info\/d\/205684-3\/DSC06979.jpg \/><\/a><br \/>\n^ Betrieb wie \u00fcblich ab Mittelstation Panoramabahn, ziemlich viele Autos da f\u00fcr nur eine ge\u00f6ffnete 4SB &#8230;<\/p>\n<p><a href='http:\/\/ski.inmontanis.info\/d\/205689-2\/DSC06981.jpg'><img src=http:\/\/ski.inmontanis.info\/d\/205688-3\/DSC06981.jpg \/><\/a><br \/>\n^ Bergstation 4SB Resterkogel<\/p>\n<p><a href='http:\/\/ski.inmontanis.info\/d\/205693-2\/DSC06983.jpg'><img src=http:\/\/ski.inmontanis.info\/d\/205692-3\/DSC06983.jpg \/><\/a><br \/>\n^ Beide Abfahrten ge\u00f6ffnet, diese hier haupts\u00e4chlich dank des gro\u00dfen Schneedepots vom Vorwinter.<\/p>\n<p><a href='http:\/\/ski.inmontanis.info\/d\/205697-2\/DSC06984.jpg'><img src=http:\/\/ski.inmontanis.info\/d\/205696-3\/DSC06984.jpg \/><\/a><br \/>\n^ Die blaue Abfahrt war dankenswerterweise etwas weicher<\/p>\n<p><a href='http:\/\/ski.inmontanis.info\/d\/205701-2\/DSC06985.jpg'><img src=http:\/\/ski.inmontanis.info\/d\/205700-3\/DSC06985.jpg \/><\/a><br \/>\n^ Blaue Abfahrt. Falls die Woche nicht beschneit werden kann, wird sie n\u00e4chstes WE nicht mehr offen sein.<\/p>\n<p><a href='http:\/\/ski.inmontanis.info\/d\/205705-2\/DSC06986.jpg'><img src=http:\/\/ski.inmontanis.info\/d\/205704-3\/DSC06986.jpg \/><\/a><br \/>\n^ Blaue Abfahrt \/ Talstation 4SB, Wartezeiten waren OK.<\/p>\n<p><a href='http:\/\/ski.inmontanis.info\/d\/205709-2\/DSC06988.jpg'><img src=http:\/\/ski.inmontanis.info\/d\/205708-3\/DSC06988.jpg \/><\/a><br \/>\n^ Rote Abfahrt (oberer Teil), hatte ein paar eisigere St\u00fccke.<\/p>\n<p><a href='http:\/\/ski.inmontanis.info\/d\/205721-2\/DSC07000.jpg'><img src=http:\/\/ski.inmontanis.info\/d\/205720-3\/DSC07000.jpg \/><\/a><br \/>\n^ Abfahrten vs. Beschneiungs-See<\/p>\n<p><a href='http:\/\/ski.inmontanis.info\/d\/205725-2\/DSC07001.jpg'><img src=http:\/\/ski.inmontanis.info\/d\/205724-3\/DSC07001.jpg \/><\/a><br \/>\n^ F\u00f6rderband, 4SB, 8EUB und Glocknerpano<\/p>\n<p><a href='http:\/\/ski.inmontanis.info\/d\/205713-2\/DSC06991.jpg'><img src=http:\/\/ski.inmontanis.info\/d\/205712-3\/DSC06991.jpg \/><\/a><br \/>\n^ Untere Teile der roten und blauen Abfahrt<\/p>\n<p><a href='http:\/\/ski.inmontanis.info\/d\/205729-2\/DSC07004.jpg'><img src=http:\/\/ski.inmontanis.info\/d\/205728-3\/DSC07004.jpg \/><\/a><br \/>\n^ Allgemeine Ratlosigkeit vor der gesperrten Piste. Wann wird die 4SB wieder in Betrieb gehen?<\/p>\n<p><a href='http:\/\/ski.inmontanis.info\/d\/205733-2\/DSC07005.jpg'><img src=http:\/\/ski.inmontanis.info\/d\/205732-3\/DSC07005.jpg \/><\/a><br \/>\n^ Die letzten Skifahrer vormittags wurden mit dem Dieselantrieb hochgefahren<\/p>\n<p><a href='http:\/\/ski.inmontanis.info\/d\/205737-2\/DSC07011.jpg'><img src=http:\/\/ski.inmontanis.info\/d\/205736-3\/DSC07011.jpg \/><\/a><br \/>\n^ Panoramabahn<\/p>\n<p><a href='http:\/\/ski.inmontanis.info\/d\/205741-2\/DSC07015.jpg'><img src=http:\/\/ski.inmontanis.info\/d\/205740-3\/DSC07015.jpg \/><\/a><br \/>\n^ Panoramabahn vs. Gro\u00dfglockner<\/p>\n<p><a href='http:\/\/ski.inmontanis.info\/d\/205717-2\/DSC06996.jpg'><img src=http:\/\/ski.inmontanis.info\/d\/205716-3\/DSC06996.jpg \/><\/a><br \/>\n^ Abfahrtspano<\/p>\n<p><a href='http:\/\/ski.inmontanis.info\/d\/205745-2\/DSC07024.jpg'><img src=http:\/\/ski.inmontanis.info\/d\/205744-3\/DSC07024.jpg \/><\/a><br \/>\n^ Dauerte wohl so 2-3 Stunden, bis der Lift wieder repariert wurde &#8211; ich hab nicht so lang gewartet.<\/p>\n<p>Weiter also nach Kufstein, den neuen ESL fahren. Parkplatz kostet 2,50 \u20ac, aber die Liftfahrt dank Snowcard nichts. Fuhr allerdings sehr langsam und bei Ein- und Ausstiegen meist noch langsamer. Jedenfalls sehr bedauerlich, dass man hier nicht mehr Skifahren kann. Teile der Talabfahrt d\u00fcrften genau mein Style sein &#8230;<\/p>\n<p><img src=http:\/\/ski.inmontanis.info\/d\/17684-2\/P1100875.jpg \/><br \/>\n^ Altes Winter-Pano. (2006 fotografiert)<\/p>\n<p><a href='http:\/\/ski.inmontanis.info\/d\/205753-2\/DSC07027.jpg'><img src=http:\/\/ski.inmontanis.info\/d\/205752-3\/DSC07027.jpg \/><\/a><br \/>\n^ Sektion I<\/p>\n<p><a href='http:\/\/ski.inmontanis.info\/d\/205757-2\/DSC07031.jpg'><img src=http:\/\/ski.inmontanis.info\/d\/205756-3\/DSC07031.jpg \/><\/a><br \/>\n^ Sektion I mit querender Abfahrt und Fundamenten der ehemaligen Zwischenstation<\/p>\n<p><a href='http:\/\/ski.inmontanis.info\/d\/17824-2\/P1100975.jpg'><img src=http:\/\/ski.inmontanis.info\/d\/17824-2\/P1100975.jpg \/><\/a><br \/>\n^ 20.8.2006<\/p>\n<p><a href='http:\/\/ski.inmontanis.info\/d\/205761-2\/DSC07035.jpg'><img src=http:\/\/ski.inmontanis.info\/d\/205760-3\/DSC07035.jpg \/><\/a><br \/>\n^ Ex-Talabfahrt<\/p>\n<p><a href='http:\/\/ski.inmontanis.info\/d\/205765-2\/DSC07040.jpg'><img src=http:\/\/ski.inmontanis.info\/d\/205764-3\/DSC07040.jpg \/><\/a><br \/>\n^ Sektion I<\/p>\n<p><a href='http:\/\/ski.inmontanis.info\/d\/205769-2\/DSC07043.jpg'><img src=http:\/\/ski.inmontanis.info\/d\/205768-3\/DSC07043.jpg \/><\/a><br \/>\n^ ESL mit Hundesitz, auch ungew\u00f6hnlich<\/p>\n<p><a href='http:\/\/ski.inmontanis.info\/d\/205773-2\/DSC07047.jpg'><img src=http:\/\/ski.inmontanis.info\/d\/205772-3\/DSC07047.jpg \/><\/a><br \/>\n^ Ex-Talabfahrt. Menno, die w\u00e4r mein Style &#8230;<\/p>\n<p><a href='http:\/\/ski.inmontanis.info\/d\/205777-2\/DSC07053.jpg'><img src=http:\/\/ski.inmontanis.info\/d\/205776-3\/DSC07053.jpg \/><\/a><br \/>\n^ Mittelstation<\/p>\n<p><a href='http:\/\/ski.inmontanis.info\/d\/205781-2\/DSC07058.jpg'><img src=http:\/\/ski.inmontanis.info\/d\/205780-3\/DSC07058.jpg \/><\/a><br \/>\n^ Sektion II, Duxeralm<\/p>\n<p><a href='http:\/\/ski.inmontanis.info\/d\/205785-2\/DSC07061.jpg'><img src=http:\/\/ski.inmontanis.info\/d\/205784-3\/DSC07061.jpg \/><\/a><br \/>\n^ Sektion II<\/p>\n<p><a href='http:\/\/ski.inmontanis.info\/d\/205789-2\/DSC07071.jpg'><img src=http:\/\/ski.inmontanis.info\/d\/205788-3\/DSC07071.jpg \/><\/a><br \/>\n^ Sektion II, links die ehemalige schwarze Abfahrt &#8211; wiederaufgeforstet.<\/p>\n<p><a href='http:\/\/ski.inmontanis.info\/d\/205793-2\/DSC07080.jpg'><img src=http:\/\/ski.inmontanis.info\/d\/205792-3\/DSC07080.jpg \/><\/a><br \/>\n^ Ex-Ski-Abfahrten an der Sektion II und Blick ins Inntal \/ Bayern<\/p>\n<p><a href='http:\/\/ski.inmontanis.info\/d\/205797-2\/DSC07084.jpg'><img src=http:\/\/ski.inmontanis.info\/d\/205796-3\/DSC07084.jpg \/><\/a><br \/>\n^ St\u00fctze 35+36 und Bergstation<\/p>\n<p><a href='http:\/\/ski.inmontanis.info\/d\/205801-2\/DSC07087.jpg'><img src=http:\/\/ski.inmontanis.info\/d\/205800-3\/DSC07087.jpg \/><\/a><br \/>\n^ Bergstation<\/p>\n<p><a href='http:\/\/ski.inmontanis.info\/d\/205805-2\/DSC07091.jpg'><img src=http:\/\/ski.inmontanis.info\/d\/205804-3\/DSC07091.jpg \/><\/a><br \/>\n^ Blick ins ehemalige H\u00f6henskigebiet<\/p>\n<p><a href='http:\/\/ski.inmontanis.info\/d\/205809-2\/DSC07093.jpg'><img src=http:\/\/ski.inmontanis.info\/d\/205808-3\/DSC07093.jpg \/><\/a><br \/>\n^ Die beiden Endstationen des Verbindungs-ESL Brentenjoch stehen noch<\/p>\n<p><a href='http:\/\/ski.inmontanis.info\/d\/205813-2\/DSC07095.jpg'><img src=http:\/\/ski.inmontanis.info\/d\/205812-3\/DSC07095.jpg \/><\/a><br \/>\n^ Abfahrt des ehemaligen Poma-Kurven-KSSL. Die Bergstationslifth\u00fctte steht nicht mehr.<\/p>\n<p><a href='http:\/\/ski.inmontanis.info\/d\/205817-2\/DSC07100.jpg'><img src=http:\/\/ski.inmontanis.info\/d\/205816-3\/DSC07100.jpg \/><\/a><br \/>\n^ Gipfelpano<\/p>\n<p>.. hinten sichtbar:<\/p>\n<p><a href='http:\/\/ski.inmontanis.info\/d\/205749-2\/DSC07105.jpg'><img src=http:\/\/ski.inmontanis.info\/d\/205748-3\/DSC07105.jpg \/><\/a><br \/>\n^ Zoom Olperer \/ Skigebiet Hintertux von der Bergstation Kufstein \/ Kaiserlift<\/p>\n<p><a href='http:\/\/ski.inmontanis.info\/d\/205821-2\/DSC07101.jpg'><img src=http:\/\/ski.inmontanis.info\/d\/205820-3\/DSC07101.jpg \/><\/a><br \/>\n^ Gipfelpano<\/p>\n<p><a href='http:\/\/ski.inmontanis.info\/d\/205825-2\/DSC07103.jpg'><img src=http:\/\/ski.inmontanis.info\/d\/205824-3\/DSC07103.jpg \/><\/a><br \/>\n^ Blick ins ehemalige H\u00f6henskigebiet, vorne unten die Station des ehemaligen Verbindungs-ESL Brentenjoch<\/p>\n<p><a href='http:\/\/ski.inmontanis.info\/d\/205829-2\/DSC07115.jpg'><img src=http:\/\/ski.inmontanis.info\/d\/205828-3\/DSC07115.jpg \/><\/a><br \/>\n^ Sektion II und Mittelstation<\/p>\n<p><a href='http:\/\/ski.inmontanis.info\/d\/205833-2\/DSC07119.jpg'><img src=http:\/\/ski.inmontanis.info\/d\/205832-3\/DSC07119.jpg \/><\/a><br \/>\n^ Daten Sektion II<\/p>\n<p><a href='http:\/\/ski.inmontanis.info\/d\/205837-2\/DSC07120.jpg'><img src=http:\/\/ski.inmontanis.info\/d\/205836-3\/DSC07120.jpg \/><\/a><br \/>\n^ Mittelstation (Talstation Sektion II)<\/p>\n<p><a href='http:\/\/ski.inmontanis.info\/d\/205841-2\/DSC07122.jpg'><img src=http:\/\/ski.inmontanis.info\/d\/205840-3\/DSC07122.jpg \/><\/a><br \/>\n^ Ex-Abfahrt Sektion II<\/p>\n<p><a href='http:\/\/ski.inmontanis.info\/d\/205845-2\/DSC07124.jpg'><img src=http:\/\/ski.inmontanis.info\/d\/205844-3\/DSC07124.jpg \/><\/a><br \/>\n^ Ex-Abfahrt Sektion II. Glaub, da k\u00f6nnte man mal mit dem Rad o.\u00e4. runter &#8230;<\/p>\n<p><a href='http:\/\/ski.inmontanis.info\/d\/205849-2\/DSC07128.jpg'><img src=http:\/\/ski.inmontanis.info\/d\/205848-3\/DSC07128.jpg \/><\/a><br \/>\n^ Sektion I, war hier mal noch ein SL? Einbeinig?<\/p>\n<p><a href='http:\/\/ski.inmontanis.info\/d\/205853-2\/DSC07131.jpg'><img src=http:\/\/ski.inmontanis.info\/d\/205852-3\/DSC07131.jpg \/><\/a><br \/>\n^ Sektion I \/ Talabfahrt<\/p>\n<p><a href='http:\/\/ski.inmontanis.info\/d\/205857-2\/DSC07135.jpg'><img src=http:\/\/ski.inmontanis.info\/d\/205856-3\/DSC07135.jpg \/><\/a><br \/>\n^ Kufstein am gr\u00fcnen Inn<\/p>\n<p><a href='http:\/\/ski.inmontanis.info\/d\/205861-2\/DSC07141.jpg'><img src=http:\/\/ski.inmontanis.info\/d\/205860-3\/DSC07141.jpg \/><\/a><br \/>\n^ Talstation und Parkplatz (2,50 \u0080, Tagestarif)<\/p>\n<p><a href='http:\/\/ski.inmontanis.info\/d\/205865-2\/DSC07143.jpg'><img src=http:\/\/ski.inmontanis.info\/d\/205864-3\/DSC07143.jpg \/><\/a><br \/>\n^ Festung<\/p>\n","protected":false},"excerpt":{"rendered":"<p>Kitzb\u00fchel konnte dank eines gro\u00dfen Schneedepots ja gestern die Skisaison er\u00f6ffnen. Vom Wetter her war heute das Unterland bevorzugt, so dass ich dort ein paar Stunden skifahren wollte und danach noch den ESL in Kufstein, der ja ebenfalls mit der Snowcard fahrbar ist, mitnehmen.<\/p>\n<p>Um 9:20 war ich an der Mittelstation Panoramabahn und erst mal <a href=\"http:\/\/blog.inmontanis.info\/?p=3549\">[&#8230;]<\/a><\/p>\n","protected":false},"author":1,"featured_media":0,"comment_status":"closed","ping_status":"closed","sticky":false,"template":"","format":"standard","meta":{"footnotes":""},"categories":[904,910,25,13,28],"tags":[49,53,35,45],"class_list":["post-3549","post","type-post","status-publish","format-standard","hentry","category-kitzbuhel","category-kufstein","category-noreport","category-austria","category-skifahren-sommer","tag-4sb","tag-8eub","tag-esl","tag-see","odd"],"_links":{"self":[{"href":"http:\/\/blog.inmontanis.info\/index.php?rest_route=\/wp\/v2\/posts\/3549","targetHints":{"allow":["GET"]}}],"collection":[{"href":"http:\/\/blog.inmontanis.info\/index.php?rest_route=\/wp\/v2\/posts"}],"about":[{"href":"http:\/\/blog.inmontanis.info\/index.php?rest_route=\/wp\/v2\/types\/post"}],"author":[{"embeddable":true,"href":"http:\/\/blog.inmontanis.info\/index.php?rest_route=\/wp\/v2\/users\/1"}],"replies":[{"embeddable":true,"href":"http:\/\/blog.inmontanis.info\/index.php?rest_route=%2Fwp%2Fv2%2Fcomments&post=3549"}],"version-history":[{"count":1,"href":"http:\/\/blog.inmontanis.info\/index.php?rest_route=\/wp\/v2\/posts\/3549\/revisions"}],"predecessor-version":[{"id":3550,"href":"http:\/\/blog.inmontanis.info\/index.php?rest_route=\/wp\/v2\/posts\/3549\/revisions\/3550"}],"wp:attachment":[{"href":"http:\/\/blog.inmontanis.info\/index.php?rest_route=%2Fwp%2Fv2%2Fmedia&parent=3549"}],"wp:term":[{"taxonomy":"category","embeddable":true,"href":"http:\/\/blog.inmontanis.info\/index.php?rest_route=%2Fwp%2Fv2%2Fcategories&post=3549"},{"taxonomy":"post_tag","embeddable":true,"href":"http:\/\/blog.inmontanis.info\/index.php?rest_route=%2Fwp%2Fv2%2Ftags&post=3549"}],"curies":[{"name":"wp","href":"https:\/\/api.w.org\/{rel}","templated":true}]}}