{"id":3547,"date":"2015-10-24T23:24:12","date_gmt":"2015-10-24T21:24:12","guid":{"rendered":"http:\/\/blog.inmontanis.info\/?p=3547"},"modified":"2023-08-06T20:58:59","modified_gmt":"2023-08-06T18:58:59","slug":"kaunertaler-gletscher-24-10-2015","status":"publish","type":"post","link":"http:\/\/blog.inmontanis.info\/?p=3547","title":{"rendered":"Kaunertaler Gletscher 24.10.2015"},"content":{"rendered":"<p>Da heute am Kaunertaler die 4KSB in gesamter L\u00e4nge samt Talabfahrt in Betrieb ging (und ich ja die SnowCard hab), ging es heute endlich mal wieder auf den Kaunertaler.<\/p>\n<p>In Betrieb sind mittlerweile alle Lifte, wobei an der 8EUB bisher leider nur eine Abfahrt ge\u00f6ffnet ist. Einige Wartezeiten gab es vormittags (vielleicht wg. des einzigen Sonnenhangs) sogar an der 8EUB. Zudem quasi ganztags am SL Falgin (somit erst gegen 15:30 einmal gefahren) und mal mehr mal weniger am SL Wei\u00dfseeferner I+II, da die Funparks momentan nur dort sind.<\/p>\n<p>Somit kaum oder keine Wartezeiten am SL N\u00f6rderjoch I. Auch sch\u00f6n. Dort gab es nicht nur die besten Pistenabschnitte des Tages, sondern auch die steinigsten. Generell war der Schnee aber heute sehr gut, meist griffiger, harter Pulver, nur selten war es etwas eisiger.<\/p>\n<p>\u00dcbrigens, lt. GPS sind es 918 H\u00f6henmeter von der Bergstation 8EUB bis zur Talstation 4KSB. Am Stubaier zur Mittelstation waren es letztes WE 921m, die ist ja jetzt ebenfalls offiziell ge\u00f6ffnet. Somit gleiche Verh\u00e4ltnisse, was die fahrbaren H\u00f6henmeter angeht. Abwechslungsreicher und interessanter find ich die Abfahrt am Kaunertaler, mehr M\u00f6glichkeiten hat man im Gesamten aber nat\u00fcrlich am Stubaier.<\/p>\n<p>Ansonsten siehe Kommentare bei den Bildern.<\/p>\n<p>(Fotos anklicken zum Vergr\u00f6\u00dfern)<\/p>\n<p><a href='http:\/\/ski.inmontanis.info\/d\/205569-2\/DSC06917.jpg'><img src=http:\/\/ski.inmontanis.info\/d\/205568-3\/DSC06917.jpg \/><\/a><br \/>\n^ Ab heute Skibetrieb ab und bis Talstation<\/p>\n<p><a href='http:\/\/ski.inmontanis.info\/d\/205573-2\/DSC06919.jpg'><img src=http:\/\/ski.inmontanis.info\/d\/205572-3\/DSC06919.jpg \/><\/a><br \/>\n^ SL Wei\u00dfseeferner und 8EUB<\/p>\n<p><a href='http:\/\/ski.inmontanis.info\/d\/205577-2\/DSC06922.jpg'><img src=http:\/\/ski.inmontanis.info\/d\/205576-3\/DSC06922.jpg \/><\/a><br \/>\n^ Gletscher oberhalb N\u00f6rderjoch I (Hoher Zahn)<\/p>\n<p><a href='http:\/\/ski.inmontanis.info\/d\/205581-2\/DSC06923.jpg'><img src=http:\/\/ski.inmontanis.info\/d\/205580-3\/DSC06923.jpg \/><\/a><br \/>\n^ SL N\u00f6rderjoch 1 \/ Wei\u00dfseespitze, mittlerweile ohne durchgehenden Gletscher<\/p>\n<p><a href='http:\/\/ski.inmontanis.info\/d\/205585-2\/DSC06924.jpg'><img src=http:\/\/ski.inmontanis.info\/d\/205584-3\/DSC06924.jpg \/><\/a><br \/>\n^ Da der Park momentan am Wei\u00dfseeferner-SL ist, gab&#8217;s dort mehr Wartezeiten als am SL N\u00f6rderjoch<\/p>\n<p><a href='http:\/\/ski.inmontanis.info\/d\/205589-2\/DSC06927.jpg'><img src=http:\/\/ski.inmontanis.info\/d\/205588-3\/DSC06927.jpg \/><\/a><br \/>\n^ SL Falgin &#8211; hatte die l\u00e4ngsten Wartezeiten (langer Geh\u00e4ngeabstand, f\u00e4hrt langsam, da brauchts nicht viel Leute)<\/p>\n<p><a href='http:\/\/ski.inmontanis.info\/d\/205593-2\/DSC06928.jpg'><img src=http:\/\/ski.inmontanis.info\/d\/205592-3\/DSC06928.jpg \/><\/a><br \/>\n^ Br\u00fccke zur Talstation SL Falgin (war heuer im Fr\u00fchherbst via 8EUB in Betrieb, als der SL Wei\u00dfseeferner noch nicht lief)<\/p>\n<p><a href='http:\/\/ski.inmontanis.info\/d\/205597-2\/DSC06930.jpg'><img src=http:\/\/ski.inmontanis.info\/d\/205596-3\/DSC06930.jpg \/><\/a><br \/>\n^ Talabfahrt Ochsenalm I<\/p>\n<p><a href='http:\/\/ski.inmontanis.info\/d\/205601-2\/DSC06931.jpg'><img src=http:\/\/ski.inmontanis.info\/d\/205600-3\/DSC06931.jpg \/><\/a><br \/>\n^ Talabfahrten Ochsenalm I<\/p>\n<p><a href='http:\/\/ski.inmontanis.info\/d\/205605-2\/DSC06937.jpg'><img src=http:\/\/ski.inmontanis.info\/d\/205604-3\/DSC06937.jpg \/><\/a><br \/>\n^ Fluch und Segen der Vermattung: Funpark SL N\u00f6rderjoch.<\/p>\n<p><a href='http:\/\/ski.inmontanis.info\/d\/205609-2\/DSC06938.jpg'><img src=http:\/\/ski.inmontanis.info\/d\/205608-3\/DSC06938.jpg \/><\/a><br \/>\n^ SL N\u00f6rderjoch II hatte im Fr\u00fchjahr einen Lawinenschaden, bisher gibt es anscheinend noch kein b\u00fcrokratisches OK zum Wiederaufbau :-(<\/p>\n<p>Vergleichsfoto 1.11.2007:<br \/>\n<img src=http:\/\/ski.inmontanis.info\/d\/47750-3\/P1200714.JPG \/><\/p>\n<p>Vergleichsfoto 10.10.2004:<br \/>\n<img src=http:\/\/ski.inmontanis.info\/d\/8114-2\/10100004_G.jpg \/><\/p>\n<p><a href='http:\/\/ski.inmontanis.info\/d\/205613-2\/DSC06940.jpg'><img src=http:\/\/ski.inmontanis.info\/d\/205612-3\/DSC06940.jpg \/><\/a><br \/>\n^ Neben der Abfahrt am SL N\u00f6rderjoch<\/p>\n<p><a href='http:\/\/ski.inmontanis.info\/d\/205617-2\/DSC06943_001.jpg'><img src=http:\/\/ski.inmontanis.info\/d\/205616-3\/DSC06943_001.jpg \/><\/a><br \/>\n^ Viele gro\u00dfe Felsen am Gletscher<\/p>\n<p><a href='http:\/\/ski.inmontanis.info\/d\/205621-2\/DSC06944.jpg'><img src=http:\/\/ski.inmontanis.info\/d\/205620-3\/DSC06944.jpg \/><\/a><br \/>\n^ Vermattete Gletscherspalte\/Gletscherh\u00f6hle am N\u00f6rderjoch I<\/p>\n<p><a href='http:\/\/ski.inmontanis.info\/d\/205625-2\/DSC06945_001.jpg'><img src=http:\/\/ski.inmontanis.info\/d\/205624-3\/DSC06945_001.jpg \/><\/a><br \/>\n^ Vermattete Gletscherspalte\/Gletscherh\u00f6hle am N\u00f6rderjoch I bzw. deren \u00dcberreste &#8230;<\/p>\n<p><a href='http:\/\/ski.inmontanis.info\/d\/205629-2\/DSC06946.jpg'><img src=http:\/\/ski.inmontanis.info\/d\/205628-3\/DSC06946.jpg \/><\/a><br \/>\n^ Talstation SL N\u00f6rderjoch I. Vor 30-35 Jahren war der Gletscher hier in etwa auf H\u00f6he vom Parkplatz.<\/p>\n<p><a href='http:\/\/ski.inmontanis.info\/d\/205633-2\/DSC06947.jpg'><img src=http:\/\/ski.inmontanis.info\/d\/205632-3\/DSC06947.jpg \/><\/a><br \/>\n^ SL N\u00f6rderjoch<\/p>\n<p><a href='http:\/\/ski.inmontanis.info\/d\/205637-2\/DSC06950_001.jpg'><img src=http:\/\/ski.inmontanis.info\/d\/205636-3\/DSC06950_001.jpg \/><\/a><br \/>\n^ Kurioserweise ist der Zwischeneinstieg am linken SL Wei\u00dfseeferner zu hoch und es ben\u00f6tigte einen Liftb\u00fcgelrunterholer mt einem Haken :)<\/p>\n<p><a href='http:\/\/ski.inmontanis.info\/d\/205641-2\/DSC06952.jpg'><img src=http:\/\/ski.inmontanis.info\/d\/205640-3\/DSC06952.jpg \/><\/a><br \/>\n^ &#8220;Holst du mir mal einen runter?&#8221; &#8211; &#8220;Danke f\u00fcr&#8217;s Runterholen&#8221; &#8230; :)<\/p>\n<p><a href='http:\/\/ski.inmontanis.info\/d\/205645-2\/DSC06958_001.jpg'><img src=http:\/\/ski.inmontanis.info\/d\/205644-3\/DSC06958_001.jpg \/><\/a><br \/>\n^ Standard-Talblick<\/p>\n<p><a href='http:\/\/ski.inmontanis.info\/d\/205649-2\/DSC06961.jpg'><img src=http:\/\/ski.inmontanis.info\/d\/205648-3\/DSC06961.jpg \/><\/a><br \/>\n^ Spalten am SL Wei\u00dfseeferner<\/p>\n<p><a href='http:\/\/ski.inmontanis.info\/d\/205653-2\/DSC06964.jpg'><img src=http:\/\/ski.inmontanis.info\/d\/205652-3\/DSC06964.jpg \/><\/a><br \/>\n^ Matten \u00fcber den Spalten am SL Wei\u00dfseeferner<\/p>\n<p><a href='http:\/\/ski.inmontanis.info\/d\/205657-2\/DSC06966.jpg'><img src=http:\/\/ski.inmontanis.info\/d\/205656-3\/DSC06966.jpg \/><\/a><br \/>\n^ Spalten am SL Wei\u00dfseeferner<\/p>\n<p><a href='http:\/\/ski.inmontanis.info\/d\/205661-2\/DSC06971.jpg'><img src=http:\/\/ski.inmontanis.info\/d\/205660-3\/DSC06971.jpg \/><\/a><br \/>\n^ Nicht nur, dass es erstaunt, wie die B\u00e4ume in den Felsen wurzeln fassen k\u00f6nnen &#8211; es k\u00f6nnte auch gut sein, dass die Baumgrenze hier in den letzten 10 Jahren nach oben gewandert ist und es damals die kleinen B\u00e4umchen dort oben noch nicht gab &#8230; (Bereich 4KSB Ochsenalm I, derzeit bis etwas \u00fcber 2300 m)<\/p>\n<p><a href='http:\/\/ski.inmontanis.info\/d\/205665-2\/DSC06973.jpg'><img src=http:\/\/ski.inmontanis.info\/d\/205664-3\/DSC06973.jpg \/><\/a><br \/>\n^ 4KSB Ochsenalm II \/ SL N\u00f6rderjoch I \/ Wei\u00dfseespitze<\/p>\n<p><a href='http:\/\/ski.inmontanis.info\/d\/205669-2\/DSC06974.jpg'><img src=http:\/\/ski.inmontanis.info\/d\/205668-3\/DSC06974.jpg \/><\/a><br \/>\n^ SL N\u00f6rderjoch I \/ Wei\u00dfseespitze<\/p>\n","protected":false},"excerpt":{"rendered":"<p>Da heute am Kaunertaler die 4KSB in gesamter L\u00e4nge samt Talabfahrt in Betrieb ging (und ich ja die SnowCard hab), ging es heute endlich mal wieder auf den Kaunertaler.<\/p>\n<p>In Betrieb sind mittlerweile alle Lifte, wobei an der 8EUB bisher leider nur eine Abfahrt ge\u00f6ffnet ist. Einige Wartezeiten gab es vormittags (vielleicht wg. des einzigen <a href=\"http:\/\/blog.inmontanis.info\/?p=3547\">[&#8230;]<\/a><\/p>\n","protected":false},"author":1,"featured_media":0,"comment_status":"closed","ping_status":"closed","sticky":false,"template":"","format":"standard","meta":{"footnotes":""},"categories":[905,25,13,27],"tags":[49,47],"class_list":["post-3547","post","type-post","status-publish","format-standard","hentry","category-kaunertaler-gletscher","category-noreport","category-austria","category-skifahren-winterskiing-winter","tag-4sb","tag-sl","odd"],"_links":{"self":[{"href":"http:\/\/blog.inmontanis.info\/index.php?rest_route=\/wp\/v2\/posts\/3547","targetHints":{"allow":["GET"]}}],"collection":[{"href":"http:\/\/blog.inmontanis.info\/index.php?rest_route=\/wp\/v2\/posts"}],"about":[{"href":"http:\/\/blog.inmontanis.info\/index.php?rest_route=\/wp\/v2\/types\/post"}],"author":[{"embeddable":true,"href":"http:\/\/blog.inmontanis.info\/index.php?rest_route=\/wp\/v2\/users\/1"}],"replies":[{"embeddable":true,"href":"http:\/\/blog.inmontanis.info\/index.php?rest_route=%2Fwp%2Fv2%2Fcomments&post=3547"}],"version-history":[{"count":1,"href":"http:\/\/blog.inmontanis.info\/index.php?rest_route=\/wp\/v2\/posts\/3547\/revisions"}],"predecessor-version":[{"id":3548,"href":"http:\/\/blog.inmontanis.info\/index.php?rest_route=\/wp\/v2\/posts\/3547\/revisions\/3548"}],"wp:attachment":[{"href":"http:\/\/blog.inmontanis.info\/index.php?rest_route=%2Fwp%2Fv2%2Fmedia&parent=3547"}],"wp:term":[{"taxonomy":"category","embeddable":true,"href":"http:\/\/blog.inmontanis.info\/index.php?rest_route=%2Fwp%2Fv2%2Fcategories&post=3547"},{"taxonomy":"post_tag","embeddable":true,"href":"http:\/\/blog.inmontanis.info\/index.php?rest_route=%2Fwp%2Fv2%2Ftags&post=3547"}],"curies":[{"name":"wp","href":"https:\/\/api.w.org\/{rel}","templated":true}]}}