{"id":3545,"date":"2015-10-18T23:22:45","date_gmt":"2015-10-18T21:22:45","guid":{"rendered":"http:\/\/blog.inmontanis.info\/?p=3545"},"modified":"2023-08-06T10:56:28","modified_gmt":"2023-08-06T08:56:28","slug":"stubaier-gletscher-18-10-2015","status":"publish","type":"post","link":"http:\/\/blog.inmontanis.info\/?p=3545","title":{"rendered":"Stubaier Gletscher, 18.10.2015"},"content":{"rendered":"<p>Aufgrund des schlechteren Wetters blieb ich heute nur bis kurz nach Mittag, daf\u00fcr war ich um 8:20 schon da, zu der Zeit keine Wartezeiten an der Gamsgarten-EUB. Generell waren die Wartezeiten im Skigebiet geringer als gestern am Olperer + Kaserer in Tux, mehr los war wie \u00fcblich nur am SL Eisjoch, SL Daunferner kurz und SL Gai\u00dfkar (daher heute gar nicht gefahren). Hin und wieder war auch an der Schaufeljochbahn was los, da die Gondeln h\u00e4ufig nur mit 4-6 Personen besetzt wurden und die Eisjoch-6KSB nicht in Betrieb war. Trotzdem blieben auch die Wartezeiten an der Rotadl-8KSB ertr\u00e4glich (was f\u00fcr mich < 2 Minuten bedeutet).\n\nAlle Mittelstationsabfahrten wurden heute befahren, wobei ich mich mit 2 begn\u00fcgte, fand den Schnee doch eher schwierig heute. Kurz zur Erinnerung: Die Standard-Abfahrt fuhr ich zuletzt am 28.6., vom Gamsgarten aus am 4.6.\n\n(Fotos anklicken zum Vergr\u00f6\u00dfern)\n\n<a href='http:\/\/ski.inmontanis.info\/d\/205336-2\/DSC06907.jpg'><img src=http:\/\/ski.inmontanis.info\/d\/205335-3\/DSC06907.jpg \/><\/a><br \/>\n^ Manche Pisten waren etwas voller heute, aber Wartezeiten hielten sich in Grenzen bzw. waren am langen Daunferner SL und SL Daunscharte zeitweise nicht vorhanden.<\/p>\n<p><a href='http:\/\/ski.inmontanis.info\/d\/205340-2\/DSC06909.jpg'><img src=http:\/\/ski.inmontanis.info\/d\/205339-3\/DSC06909.jpg \/><\/a><br \/>\n^ Beide Abfahrten zum Gamsgarten ge\u00f6ffnet, allerdings nur die Rotadl-KSB in Betrieb. War von den Wartezeiten her aber OK. Daf\u00fcr war an der Schaufeljochbahn mehr los.<\/p>\n<p><a href='http:\/\/ski.inmontanis.info\/d\/205344-2\/DSC06910.jpg'><img src=http:\/\/ski.inmontanis.info\/d\/205343-3\/DSC06910.jpg \/><\/a><br \/>\n^ Gamsgarten-Abfahrt zur Mittelstation. Konnte man ohne Steinkontakt fahren, fand&#8217;s aber zumindest mit den heute gew\u00e4hlten Skiern (die alten Head meines Vaters, die wohl nur noch weniger als 1mm Belag haben) eher anstrengend.<\/p>\n<p><a href='http:\/\/ski.inmontanis.info\/d\/205348-2\/DSC06912.jpg'><img src=http:\/\/ski.inmontanis.info\/d\/205347-3\/DSC06912.jpg \/><\/a><br \/>\n^ Die Standard-Mittelstationsabfahrt wurde nicht nur beschneit, sondern auf ganzer Breite grundpr\u00e4pariert &#8211; geht n\u00e4chstes WE evtl. schon auf? Somit heute nicht gefahren.<\/p>\n<p><a href='http:\/\/ski.inmontanis.info\/d\/205352-2\/DSC06913.jpg'><img src=http:\/\/ski.inmontanis.info\/d\/205351-3\/DSC06913.jpg \/><\/a><br \/>\n^ Abfahrt Fernau war stellenweise gut pr\u00e4pariert.<\/p>\n<p><a href='http:\/\/ski.inmontanis.info\/d\/205356-2\/DSC06914.jpg'><img src=http:\/\/ski.inmontanis.info\/d\/205355-3\/DSC06914.jpg \/><\/a><br \/>\n^ Die mittlerere Mittelstationsabfahrt ging prinzipiell etwas besser, zumindest der nun folgende untere Hang. Von oben musste man mit mehr Steinkontakt rechnen und \u00fcber einen Bach \/ Graben r\u00fcber &#8211; hab ich nicht ausprobieren wollen ;)<\/p>\n<p><a href='http:\/\/ski.inmontanis.info\/d\/205360-2\/DSC06916.jpg'><img src=http:\/\/ski.inmontanis.info\/d\/205359-3\/DSC06916.jpg \/><\/a><br \/>\n^ Parkplatzsituation, die komplette D-Ebene ist momentan durch den Neubau belegt, n\u00e4chstes WE wird also vmtl. der Ausweichparkplatz Volderau ben\u00f6tigt.<\/p>\n","protected":false},"excerpt":{"rendered":"<p>Aufgrund des schlechteren Wetters blieb ich heute nur bis kurz nach Mittag, daf\u00fcr war ich um 8:20 schon da, zu der Zeit keine Wartezeiten an der Gamsgarten-EUB. Generell waren die Wartezeiten im Skigebiet geringer als gestern am Olperer + Kaserer in Tux, mehr los war wie \u00fcblich nur am SL Eisjoch, SL Daunferner kurz und <a href=\"http:\/\/blog.inmontanis.info\/?p=3545\">[&#8230;]<\/a><\/p>\n","protected":false},"author":1,"featured_media":0,"comment_status":"closed","ping_status":"closed","sticky":false,"template":"","format":"standard","meta":{"footnotes":""},"categories":[25,13,28,895],"tags":[39,57,47],"class_list":["post-3545","post","type-post","status-publish","format-standard","hentry","category-noreport","category-austria","category-skifahren-sommer","category-stubaier-gletscher","tag-6eub","tag-8sb","tag-sl","odd"],"_links":{"self":[{"href":"http:\/\/blog.inmontanis.info\/index.php?rest_route=\/wp\/v2\/posts\/3545","targetHints":{"allow":["GET"]}}],"collection":[{"href":"http:\/\/blog.inmontanis.info\/index.php?rest_route=\/wp\/v2\/posts"}],"about":[{"href":"http:\/\/blog.inmontanis.info\/index.php?rest_route=\/wp\/v2\/types\/post"}],"author":[{"embeddable":true,"href":"http:\/\/blog.inmontanis.info\/index.php?rest_route=\/wp\/v2\/users\/1"}],"replies":[{"embeddable":true,"href":"http:\/\/blog.inmontanis.info\/index.php?rest_route=%2Fwp%2Fv2%2Fcomments&post=3545"}],"version-history":[{"count":1,"href":"http:\/\/blog.inmontanis.info\/index.php?rest_route=\/wp\/v2\/posts\/3545\/revisions"}],"predecessor-version":[{"id":3546,"href":"http:\/\/blog.inmontanis.info\/index.php?rest_route=\/wp\/v2\/posts\/3545\/revisions\/3546"}],"wp:attachment":[{"href":"http:\/\/blog.inmontanis.info\/index.php?rest_route=%2Fwp%2Fv2%2Fmedia&parent=3545"}],"wp:term":[{"taxonomy":"category","embeddable":true,"href":"http:\/\/blog.inmontanis.info\/index.php?rest_route=%2Fwp%2Fv2%2Fcategories&post=3545"},{"taxonomy":"post_tag","embeddable":true,"href":"http:\/\/blog.inmontanis.info\/index.php?rest_route=%2Fwp%2Fv2%2Ftags&post=3545"}],"curies":[{"name":"wp","href":"https:\/\/api.w.org\/{rel}","templated":true}]}}