{"id":3542,"date":"2015-10-17T23:21:00","date_gmt":"2015-10-17T21:21:00","guid":{"rendered":"http:\/\/blog.inmontanis.info\/?p=3542"},"modified":"2023-07-01T20:57:34","modified_gmt":"2023-07-01T18:57:34","slug":"hintertux-17-10-2015","status":"publish","type":"post","link":"http:\/\/blog.inmontanis.info\/?p=3542","title":{"rendered":"Hintertux, 17.10.2015"},"content":{"rendered":"<p>Hintertux mag ich ja egtl. nur im Sommer (und bin dann die Abfahrten oft genug gefahren, dass ich sie im Herbst bei schlechterem Zustand und mehr Leuten nicht unbedingt brauch), aber durch die Snowcard wollt ich zumindest einen Herbsttag mal wieder mitnehmen. Bedingung war halbwegs brauchbares Wetter, m\u00f6glichst Gletscher-Vollbetrieb und nicht zu sp\u00e4t im Herbst.<\/p>\n<p>Nachdem die Schlegeis-3SB nun in Betrieb genommen wurde, sollte es also heute soweit sein. Ich war nicht ganz so fr\u00fch dran, hatte aber noch Gl\u00fcck, dass die 4EUB noch lief (auch nachmittags hatte ich sie netterweise erwischt). Zum Kaserer bin ich erst gegen 12 Uhr gefahren, da mir zuvor die Wartezeiten zu gro\u00df waren. Am 2er war ab da nix mehr los, aber am 1er doch nochmal ein bisschen mehr. Olperer bin ich vormittags einmal gefahren, 5 Minuten und Dr\u00e4ngler, das hab ich dann nicht mehr gebraucht. Erst um 15 Uhr noch 2 Fahrten gemacht, auf die letzten 2 wetterbedingt verzichtet und halt nicht alle Abfahrtsvarianten abgegrast. A propos Olperer &#8211; da sind anscheinend wieder viele hirnlose Deppen unterwegs. 105 Kippen hab ich auf der linken SL-Trasse nachmittags gez\u00e4hlt (man hat beim SL-Fahren ja Zeit). Und so lang her ist der letzte Schneefall ja nicht gewesen &#8230; Wenn das so weiterginge und sie niemand einsammeln w\u00fcrde, k\u00f6nnte ich im Sommer nicht auf Schnee oder Eis, sondern m\u00fcsste auf einem Zigarettenstummel-Teppich rauffahren.<\/p>\n<p>Keine Wartezeiten gab&#8217;s an den Sessel- und Gondelbahnen, meist bekam ich bei den 8er und 10er eine Kabine f\u00fcr mich (in der 4er sowieso). Verkehrte Welt :) Allerdings waren die Pisten an diesen Liften auch mit am schlechtesten. Stark verbuckelt durch den Neuschnee, hin und wieder Eisplatten (auch nichts ungew\u00f6hnliches im Herbst, auch aufgrund der steilen H\u00e4nge hier) &#8211; aber das konnte man \u00fcberall finden und kostete heute viel Kraft.<\/p>\n<p>(Fotos anklicken zum Vergr\u00f6\u00dfern)<\/p>\n<p><a href='http:\/\/ski.inmontanis.info\/d\/205238-2\/DSC06858.jpg'><img src=http:\/\/ski.inmontanis.info\/d\/205237-3\/DSC06858.jpg \/><\/a><br \/>\n^ Unter dem Nebel<\/p>\n<p><a href='http:\/\/ski.inmontanis.info\/d\/205242-2\/DSC06862.jpg'><img src=http:\/\/ski.inmontanis.info\/d\/205241-3\/DSC06862.jpg \/><\/a><br \/>\n^ Die 4EUB war morgens und nachmittags in Betrieb, so musste ich netterweise nicht den GB2 nehmen, sondern hatte meine eigene Kabine. Das ist das zweitsch\u00f6nste im Zillertal (nach der M\u00f6glichkeit, im Sommer skizufahren) &#8211; dass es noch 5 4EUBs gibt.<\/p>\n<p><a href='http:\/\/ski.inmontanis.info\/d\/205246-2\/DSC06864.jpg'><img src=http:\/\/ski.inmontanis.info\/d\/205245-3\/DSC06864.jpg \/><\/a><br \/>\n^ Zu lange Wartezeiten am Kaserer vormittags, erst zur Mittagszeit wurde es angenehmer.<\/p>\n<p><a href='http:\/\/ski.inmontanis.info\/d\/205250-2\/DSC06866.jpg'><img src=http:\/\/ski.inmontanis.info\/d\/205249-3\/DSC06866.jpg \/><\/a><br \/>\n^ 10EUB Bergstation vs. Kaserer bzw. schwarze Abfahrt von dort. Da fahren mal wieder ziemlich viele durch die Spalten &#8230; Nene, den Bereich heb ich mir f\u00fcr Mai bis Juli auf ;)<\/p>\n<p><a href='http:\/\/ski.inmontanis.info\/d\/205254-2\/DSC06871.jpg'><img src=http:\/\/ski.inmontanis.info\/d\/205253-3\/DSC06871.jpg \/><\/a><br \/>\n^ Schlegeis-Abfahrt.<\/p>\n<p><a href='http:\/\/ski.inmontanis.info\/d\/205258-2\/DSC06872.jpg'><img src=http:\/\/ski.inmontanis.info\/d\/205257-3\/DSC06872.jpg \/><\/a><br \/>\n^ L\u00e4ngere Wartezeiten am Olperer-SL (wurde erst am sp\u00e4teren Nachmittag angenehmer), wenig Wartezeiten am GW-SL<\/p>\n<p><a href='http:\/\/ski.inmontanis.info\/d\/205262-2\/DSC06873.jpg'><img src=http:\/\/ski.inmontanis.info\/d\/205261-3\/DSC06873.jpg \/><\/a><br \/>\n^ Olperer \/ GW &#8211; Standardfoto<\/p>\n<p><a href='http:\/\/ski.inmontanis.info\/d\/205266-2\/DSC06874.jpg'><img src=http:\/\/ski.inmontanis.info\/d\/205265-3\/DSC06874.jpg \/><\/a><br \/>\n^ Abfahrt 3SB Schlegeis. Talw\u00e4rts rechts war&#8217;s schnell sehr eisig.<\/p>\n<p><a href='http:\/\/ski.inmontanis.info\/d\/205270-2\/DSC06878.jpg'><img src=http:\/\/ski.inmontanis.info\/d\/205269-3\/DSC06878.jpg \/><\/a><br \/>\n^ Restgletscher rechts der 3SB Schlegeis, ehemalige schwarze Abfahrt<\/p>\n<p><a href='http:\/\/ski.inmontanis.info\/d\/205274-2\/DSC06879.jpg'><img src=http:\/\/ski.inmontanis.info\/d\/205273-3\/DSC06879.jpg \/><\/a><br \/>\n^ GW vs. Olperer<\/p>\n<p><a href='http:\/\/ski.inmontanis.info\/d\/205278-2\/DSC06880.jpg'><img src=http:\/\/ski.inmontanis.info\/d\/205277-3\/DSC06880.jpg \/><\/a><br \/>\n^ Der untere Kasererweg ist momentan unfahrbar, da muss erst mal der Bagger her und \u00fcber die Gletscherzunge dr\u00fcber. Aber schwer einzusch\u00e4tzen, ob da der Gletscher so abgeschmolzen ist oder ob das Schneeverwehungen sind.<\/p>\n<p><a href='http:\/\/ski.inmontanis.info\/d\/205282-2\/DSC06881.jpg'><img src=http:\/\/ski.inmontanis.info\/d\/205281-3\/DSC06881.jpg \/><\/a><br \/>\n^ Talstation neue KSB<\/p>\n<p><a href='http:\/\/ski.inmontanis.info\/d\/205286-2\/DSC06883.jpg'><img src=http:\/\/ski.inmontanis.info\/d\/205285-3\/DSC06883.jpg \/><\/a><br \/>\n^ Zwischeneinstieg Kaserer 2. Ein paar Volltrottel sind auf der ganz rechten Seite (offpiste) bis zur Talstation gefahren &#8211; wonach der Lift ein paar Minuten anhielt, zum Gl\u00fcck aber doch noch weiterfuhr und nicht gewartet hat, bis die raufgelaufen sind. Sonst w\u00e4ren die gesteinigt worden. Sp\u00e4ter hab ich dann nochmal welche rauflaufen sehen &#8230;<\/p>\n<p><a href='http:\/\/ski.inmontanis.info\/d\/205290-2\/DSC06884.jpg'><img src=http:\/\/ski.inmontanis.info\/d\/205289-3\/DSC06884.jpg \/><\/a><br \/>\n^ Kaserer 2<\/p>\n<p><a href='http:\/\/ski.inmontanis.info\/d\/205294-2\/DSC06889.jpg'><img src=http:\/\/ski.inmontanis.info\/d\/205293-3\/DSC06889.jpg \/><\/a><br \/>\n^ Talblick vom Kaserer 2, Winter pur, nix mit Herbst heute.<\/p>\n<p><a href='http:\/\/ski.inmontanis.info\/d\/205298-2\/DSC06890.jpg'><img src=http:\/\/ski.inmontanis.info\/d\/205297-3\/DSC06890.jpg \/><\/a><br \/>\n^ Stark verbuckelt waren die Abfahrten sp\u00e4testens ab Mittag fast alle, manchmal gab&#8217;s dazwischen auch Eisplatten. Insbesondere diese ging den Sommer \u00fcber somit besser als heute :)<\/p>\n<p><a href='http:\/\/ski.inmontanis.info\/d\/205302-2\/DSC06892.jpg'><img src=http:\/\/ski.inmontanis.info\/d\/205301-3\/DSC06892.jpg \/><\/a><br \/>\n^ Eisplatten<\/p>\n<p><a href='http:\/\/ski.inmontanis.info\/d\/205306-2\/DSC06894.jpg'><img src=http:\/\/ski.inmontanis.info\/d\/205305-3\/DSC06894.jpg \/><\/a><br \/>\n^ Schlegeis-Depot<\/p>\n<p><a href='http:\/\/ski.inmontanis.info\/d\/205310-2\/DSC06895.jpg'><img src=http:\/\/ski.inmontanis.info\/d\/205309-3\/DSC06895.jpg \/><\/a><br \/>\n^ 3SB Schlegeis. Mikrig, was von dem Gletscher noch \u00fcbrig ist ..<\/p>\n<p><a href='http:\/\/ski.inmontanis.info\/d\/205314-2\/DSC06898.jpg'><img src=http:\/\/ski.inmontanis.info\/d\/205313-3\/DSC06898.jpg \/><\/a><br \/>\n^ Schlegeis-Abfahrt und Gletscherreste links dar\u00fcber<\/p>\n<p><a href='http:\/\/ski.inmontanis.info\/d\/205318-2\/DSC06901.jpg'><img src=http:\/\/ski.inmontanis.info\/d\/205317-3\/DSC06901.jpg \/><\/a><br \/>\n^ Das Eck hier ist im Herbst schon mit dem bisherigen SL grauenhaft, wenn da auch noch die Leute mit der KSB raufkommen, wird das doch Chaos pur?! Mal gespannt, wie man das hier n\u00e4chsten Herbst entsch\u00e4rfen will. Evtl. streicht man diesen Hang hier am SL oder \u00f6ffnet endlich mal wieder den Starthang auf der anderen Seite des SL.<\/p>\n<p><a href='http:\/\/ski.inmontanis.info\/d\/205322-2\/DSC06903.jpg'><img src=http:\/\/ski.inmontanis.info\/d\/205321-3\/DSC06903.jpg \/><\/a><br \/>\n^ Bergstation neue 6KSB L\u00e4rmstange 2<\/p>\n<p><a href='http:\/\/ski.inmontanis.info\/d\/205328-2\/DSC06904.jpg'><img src=http:\/\/ski.inmontanis.info\/d\/205327-3\/DSC06904.jpg \/><\/a><br \/>\n^ Buckel und Eisplatten an den Zufahrten zu den beiden Kaserer-Liften. Die Abfahrten dar\u00fcber gingen aber gut genug, so dass man das in Kauf nahm.<\/p>\n<p><a href='http:\/\/ski.inmontanis.info\/d\/205332-2\/DSC06905.jpg'><img src=http:\/\/ski.inmontanis.info\/d\/205331-3\/DSC06905.jpg \/><\/a><br \/>\n^ Ich stand in der letzten Wald-Reihe links hinten, aber wie man sieht, war nicht nur die Wiese links daneben noch voll, auch die Stra\u00dfe entlang hat sich noch gef\u00fcllt.<\/p>\n<p>Fazit: War in Summe heute der schlechteste Skitag des bisherigen Oktobers<\/p>\n","protected":false},"excerpt":{"rendered":"<p>Hintertux mag ich ja egtl. nur im Sommer (und bin dann die Abfahrten oft genug gefahren, dass ich sie im Herbst bei schlechterem Zustand und mehr Leuten nicht unbedingt brauch), aber durch die Snowcard wollt ich zumindest einen Herbsttag mal wieder mitnehmen. Bedingung war halbwegs brauchbares Wetter, m\u00f6glichst Gletscher-Vollbetrieb und nicht zu sp\u00e4t im Herbst.<\/p>\n<p> <a href=\"http:\/\/blog.inmontanis.info\/?p=3542\">[&#8230;]<\/a><\/p>\n","protected":false},"author":1,"featured_media":0,"comment_status":"closed","ping_status":"closed","sticky":false,"template":"","format":"standard","meta":{"footnotes":""},"categories":[246,25,13,28],"tags":[55,42,47],"class_list":["post-3542","post","type-post","status-publish","format-standard","hentry","category-hintertux","category-noreport","category-austria","category-skifahren-sommer","tag-3sb","tag-4eub","tag-sl","odd"],"_links":{"self":[{"href":"http:\/\/blog.inmontanis.info\/index.php?rest_route=\/wp\/v2\/posts\/3542","targetHints":{"allow":["GET"]}}],"collection":[{"href":"http:\/\/blog.inmontanis.info\/index.php?rest_route=\/wp\/v2\/posts"}],"about":[{"href":"http:\/\/blog.inmontanis.info\/index.php?rest_route=\/wp\/v2\/types\/post"}],"author":[{"embeddable":true,"href":"http:\/\/blog.inmontanis.info\/index.php?rest_route=\/wp\/v2\/users\/1"}],"replies":[{"embeddable":true,"href":"http:\/\/blog.inmontanis.info\/index.php?rest_route=%2Fwp%2Fv2%2Fcomments&post=3542"}],"version-history":[{"count":2,"href":"http:\/\/blog.inmontanis.info\/index.php?rest_route=\/wp\/v2\/posts\/3542\/revisions"}],"predecessor-version":[{"id":3544,"href":"http:\/\/blog.inmontanis.info\/index.php?rest_route=\/wp\/v2\/posts\/3542\/revisions\/3544"}],"wp:attachment":[{"href":"http:\/\/blog.inmontanis.info\/index.php?rest_route=%2Fwp%2Fv2%2Fmedia&parent=3542"}],"wp:term":[{"taxonomy":"category","embeddable":true,"href":"http:\/\/blog.inmontanis.info\/index.php?rest_route=%2Fwp%2Fv2%2Fcategories&post=3542"},{"taxonomy":"post_tag","embeddable":true,"href":"http:\/\/blog.inmontanis.info\/index.php?rest_route=%2Fwp%2Fv2%2Ftags&post=3542"}],"curies":[{"name":"wp","href":"https:\/\/api.w.org\/{rel}","templated":true}]}}