{"id":3536,"date":"2015-10-04T23:15:23","date_gmt":"2015-10-04T21:15:23","guid":{"rendered":"http:\/\/blog.inmontanis.info\/?p=3536"},"modified":"2023-08-06T10:56:35","modified_gmt":"2023-08-06T08:56:35","slug":"stubaier-gletscher-4-10-2015","status":"publish","type":"post","link":"http:\/\/blog.inmontanis.info\/?p=3536","title":{"rendered":"Stubaier Gletscher, 4.10.2015"},"content":{"rendered":"<p>Die Wettervorhersagen waren f\u00fcr alle tiroler Gletscher eher mau heute, also bin ich nur f\u00fcr ein paar Stunden auf den Stubaier gefahren. Sicht- und Schneefallm\u00e4\u00dfig ging es, der Wind hat mich mehr gest\u00f6rt. Die linke Daunferner- und die rechte Eisjochpiste gingen allerdings sehr gut heute, um 12 bin ich wieder runter.<\/p>\n<p>SL Daunscharte schien vorbereitet zu sein und wird wohl mit SL Gai\u00dfkar bis zum n\u00e4chsten WE ge\u00f6ffnet sein, auch Gamsgarten sollte machbar sein.<\/p>\n<p><a href='http:\/\/ski.inmontanis.info\/d\/204672-2\/DSC06796.jpg'><img src=http:\/\/ski.inmontanis.info\/d\/204671-3\/DSC06796.jpg \/><\/a><br \/>\n^ Zwei Abschnitte des Bauwegs haben eine lange, steile Gerade. Kaum vorstellbar, dass der schmale Weg im Winter als Skiweg\/Skiroute ge\u00f6ffnet sein soll&#8230;<\/p>\n<p><a href='http:\/\/ski.inmontanis.info\/d\/204676-2\/DSC06811.jpg'><img src=http:\/\/ski.inmontanis.info\/d\/204675-3\/DSC06811.jpg \/><\/a><br \/>\n^ Bauweg<\/p>\n<p><a href='http:\/\/ski.inmontanis.info\/d\/204680-2\/DSC06805.jpg'><img src=http:\/\/ski.inmontanis.info\/d\/204679-3\/DSC06805.jpg \/><\/a><br \/>\n^ DSB Wildspitze, etwas verkrustet<\/p>\n<p><a href='http:\/\/ski.inmontanis.info\/d\/204684-2\/DSC06806.jpg'><img src=http:\/\/ski.inmontanis.info\/d\/204683-3\/DSC06806.jpg \/><\/a><br \/>\n^ Status Beschneiung Gamsgarten. K\u00f6nnte bis zum n\u00e4chsten WE offen sein<\/p>\n<p><a href='http:\/\/ski.inmontanis.info\/d\/204688-2\/DSC06809.jpg'><img src=http:\/\/ski.inmontanis.info\/d\/204687-3\/DSC06809.jpg \/><\/a><br \/>\n^ Da talw\u00e4rts der alte Zugang an der Mittelstation Eisgratbahn nicht mehr m\u00f6glich ist, wurde hier ein neuer Ein-\/Ausgang gemacht<\/p>\n<p><a href='http:\/\/ski.inmontanis.info\/d\/204692-2\/DSC06812.jpg'><img src=http:\/\/ski.inmontanis.info\/d\/204691-3\/DSC06812.jpg \/><\/a><br \/>\n^ Verbreiterung Talabfahrt Parkpl\u00e4tze<\/p>\n","protected":false},"excerpt":{"rendered":"<p>Die Wettervorhersagen waren f\u00fcr alle tiroler Gletscher eher mau heute, also bin ich nur f\u00fcr ein paar Stunden auf den Stubaier gefahren. Sicht- und Schneefallm\u00e4\u00dfig ging es, der Wind hat mich mehr gest\u00f6rt. Die linke Daunferner- und die rechte Eisjochpiste gingen allerdings sehr gut heute, um 12 bin ich wieder runter.<\/p>\n<p>SL Daunscharte schien vorbereitet <a href=\"http:\/\/blog.inmontanis.info\/?p=3536\">[&#8230;]<\/a><\/p>\n","protected":false},"author":1,"featured_media":0,"comment_status":"closed","ping_status":"closed","sticky":false,"template":"","format":"standard","meta":{"footnotes":""},"categories":[25,13,28,895],"tags":[38],"class_list":["post-3536","post","type-post","status-publish","format-standard","hentry","category-noreport","category-austria","category-skifahren-sommer","category-stubaier-gletscher","tag-dsb","odd"],"_links":{"self":[{"href":"http:\/\/blog.inmontanis.info\/index.php?rest_route=\/wp\/v2\/posts\/3536","targetHints":{"allow":["GET"]}}],"collection":[{"href":"http:\/\/blog.inmontanis.info\/index.php?rest_route=\/wp\/v2\/posts"}],"about":[{"href":"http:\/\/blog.inmontanis.info\/index.php?rest_route=\/wp\/v2\/types\/post"}],"author":[{"embeddable":true,"href":"http:\/\/blog.inmontanis.info\/index.php?rest_route=\/wp\/v2\/users\/1"}],"replies":[{"embeddable":true,"href":"http:\/\/blog.inmontanis.info\/index.php?rest_route=%2Fwp%2Fv2%2Fcomments&post=3536"}],"version-history":[{"count":1,"href":"http:\/\/blog.inmontanis.info\/index.php?rest_route=\/wp\/v2\/posts\/3536\/revisions"}],"predecessor-version":[{"id":3537,"href":"http:\/\/blog.inmontanis.info\/index.php?rest_route=\/wp\/v2\/posts\/3536\/revisions\/3537"}],"wp:attachment":[{"href":"http:\/\/blog.inmontanis.info\/index.php?rest_route=%2Fwp%2Fv2%2Fmedia&parent=3536"}],"wp:term":[{"taxonomy":"category","embeddable":true,"href":"http:\/\/blog.inmontanis.info\/index.php?rest_route=%2Fwp%2Fv2%2Fcategories&post=3536"},{"taxonomy":"post_tag","embeddable":true,"href":"http:\/\/blog.inmontanis.info\/index.php?rest_route=%2Fwp%2Fv2%2Ftags&post=3536"}],"curies":[{"name":"wp","href":"https:\/\/api.w.org\/{rel}","templated":true}]}}