{"id":3526,"date":"2015-09-20T23:14:52","date_gmt":"2015-09-20T21:14:52","guid":{"rendered":"http:\/\/blog.inmontanis.info\/?p=3526"},"modified":"2015-11-18T00:43:50","modified_gmt":"2015-11-17T23:43:50","slug":"norwegenschweden-heimfahrt-teil-3-20-9-2015","status":"publish","type":"post","link":"http:\/\/blog.inmontanis.info\/?p=3526","title":{"rendered":"Schweden-\u00d6sterreich (Heimfahrt Teil 3), 20.9.2015"},"content":{"rendered":"<p><strong>So, 20.9.2015 &#8211; Tag 17 (Ende) &#8211; km 12.305 (Diff. 1.597 km)<\/strong> &#8211; Heimw\u00e4rts Teil 3<\/p>\n<p>Heute Morgen also der gro\u00dfe R\u00fcckfahrtag. Fast 1.600 km &#8211; ich wei\u00df gar nicht, ob ich so eine Etappe schon jemals an einem Tag fahren musste. Ich legte mir aber sogar noch ein Zwischenziel ein, da es gut auf dem Weg lag &#8211; und ich sie noch nicht gefahren bin: Die PHB-4EUB Hahnenklee. H\u00e4tte ja problemlos funktioniert, wenn die Autobahnen in Deutschland nicht immer so viel Baustellen und Staus durch entweder Baustellen oder Unf\u00e4lle h\u00e4tten. Das nervt so derma\u00dfen&#8230;<\/p>\n<p>(Fotos anklicken zum Vergr\u00f6\u00dfern)<\/p>\n<p><a href='http:\/\/extra.inmontanis.info\/d\/29569-3\/ge-201509route5.jpg'><img src=http:\/\/extra.inmontanis.info\/d\/29568-4\/ge-201509route5.jpg \/><\/a><br \/>\nFahrstrecke heute: T\u00fcrkis ab n\u00e4he Kopenhagen (Schweden &#8211; D\u00e4nemark &#8211; Deutschland &#8211; Tschechei &#8211; Deutschland &#8211; \u00d6sterreich)<\/p>\n<p><a href='http:\/\/extra.inmontanis.info\/d\/32395-2\/DSC06423.jpg'><img src=http:\/\/extra.inmontanis.info\/d\/32394-3\/DSC06423.jpg \/><\/a><br \/>\n^ Also lt. Navi sollte ich noch genug Zeit f\u00fcr einen Seilbahnzwischenstopp haben ..<\/p>\n<p><a href='http:\/\/extra.inmontanis.info\/d\/32399-2\/DSC06428.jpg'><img src=http:\/\/extra.inmontanis.info\/d\/32398-3\/DSC06428.jpg \/><\/a><br \/>\n^ Maut \u00d6resund-Br\u00fccke<\/p>\n<p><a href='http:\/\/extra.inmontanis.info\/d\/32403-2\/DSC06429.jpg'><img src=http:\/\/extra.inmontanis.info\/d\/32402-3\/DSC06429.jpg \/><\/a><br \/>\n^ \u00d6resund-Br\u00fccke<\/p>\n<p><a href='http:\/\/extra.inmontanis.info\/d\/32407-2\/DSC06434.jpg'><img src=http:\/\/extra.inmontanis.info\/d\/32406-3\/DSC06434.jpg \/><\/a><br \/>\n^ \u00d6resund-Br\u00fccke<\/p>\n<p><a href='http:\/\/extra.inmontanis.info\/d\/32411-2\/DSC06441.jpg'><img src=http:\/\/extra.inmontanis.info\/d\/32410-3\/DSC06441.jpg \/><\/a><br \/>\n^ Immer wieder faszinierend, wie die Stra\u00dfe mitten im Meer zu enden scheint ..<\/p>\n<p><a href='http:\/\/extra.inmontanis.info\/d\/32415-2\/DSC06445.jpg'><img src=http:\/\/extra.inmontanis.info\/d\/32414-3\/DSC06445.jpg \/><\/a><br \/>\n^ \u00d6resund-Tunnel<\/p>\n<p><a href='http:\/\/extra.inmontanis.info\/d\/32419-2\/DSC06448.jpg'><img src=http:\/\/extra.inmontanis.info\/d\/32418-3\/DSC06448.jpg \/><\/a><br \/>\n^ Na, witzige Form f\u00fcr ein Geb\u00e4ude. Wie ein alter Computer, z.B. Commodore Pet 2001: -> <a href='http:\/\/www.oldcomputers.net\/pics\/pet2001-black.jpg'>http:\/\/www.oldcomputers.net\/pics\/pet2001-black.jpg<\/a><\/p>\n<p><a href='http:\/\/extra.inmontanis.info\/d\/32423-2\/DSC06451.jpg'><img src=http:\/\/extra.inmontanis.info\/d\/32422-3\/DSC06451.jpg \/><\/a><br \/>\n^ Storeb\u00e6ltsbroen \/ Gro\u00dfer-Belt-Br\u00fccke, die zweite Mautbr\u00fccke<\/p>\n<p><a href='http:\/\/extra.inmontanis.info\/d\/32427-2\/DSC06455.jpg'><img src=http:\/\/extra.inmontanis.info\/d\/32426-3\/DSC06455.jpg \/><\/a><br \/>\n^ Storeb\u00e6ltsbroen<\/p>\n<p><a href='http:\/\/extra.inmontanis.info\/d\/32431-2\/DSC06459.jpg'><img src=http:\/\/extra.inmontanis.info\/d\/32430-3\/DSC06459.jpg \/><\/a><br \/>\n^ Storeb\u00e6ltsbroen<\/p>\n<p><a href='http:\/\/extra.inmontanis.info\/d\/32435-2\/DSC06468.jpg'><img src=http:\/\/extra.inmontanis.info\/d\/32434-3\/DSC06468.jpg \/><\/a><br \/>\n^ Storeb\u00e6ltsbroen mit Mittelstationsinsel sozusagen &#8211; ab hier f\u00e4hrt nebendran auch der Zug<\/p>\n<p><a href='http:\/\/extra.inmontanis.info\/d\/32439-2\/DSC06476.jpg'><img src=http:\/\/extra.inmontanis.info\/d\/32438-3\/DSC06476.jpg \/><\/a><br \/>\n^ Storeb\u00e6ltsbroen<\/p>\n<p><a href='http:\/\/extra.inmontanis.info\/d\/32443-2\/DSC06478.jpg'><img src=http:\/\/extra.inmontanis.info\/d\/32442-3\/DSC06478.jpg \/><\/a><br \/>\n^ Storeb\u00e6ltsbroen<\/p>\n<p>Beide Br\u00fccken mit Kreditkartengeb\u00fchren hatten 78,80 \u20ac gekostet. Glaub, das war g\u00fcnstiger, als mit Euro bar zu zahlen.<\/p>\n<p><a href='http:\/\/extra.inmontanis.info\/d\/32447-2\/DSC06485.jpg'><img src=http:\/\/extra.inmontanis.info\/d\/32446-3\/DSC06485.jpg \/><\/a><br \/>\n^ Kaum \u00fcber die Grenze, schon wird das Wetter schlecht.<\/p>\n<p><a href='http:\/\/extra.inmontanis.info\/d\/32451-2\/DSC06494.jpg'><img src=http:\/\/extra.inmontanis.info\/d\/32450-3\/DSC06494.jpg \/><\/a><br \/>\n^ Viele Baustellen und Staus auf deutschen Autobahnen &#8230;<\/p>\n<p><a href='http:\/\/extra.inmontanis.info\/d\/32455-2\/DSC06506.jpg'><img src=http:\/\/extra.inmontanis.info\/d\/32454-3\/DSC06506.jpg \/><\/a><br \/>\n^ .. wer meint, nach dem Einf\u00e4deln in 600m wird&#8217;s besser, irrt leider. Bin dann irgendwann abgefahren<\/p>\n<p>Bl\u00f6derweise hatte auch das TMC bei meinem Navi nicht funktioniert. Nachdem ich ca. 2 Abfahrten lang im Stau stand und somit ein Besuch an der 4EUB nicht mehr wirklich in Frage kam, fuhr ich ab und \u00fcber Celle und Braunschweig auf die A9. In Braunschweig Zwischenhalt im vollen KFC, der aber auch nur erschwert erreicht werden konnte, weil auch hier Baustelle, Ausfahrt gesperrt, an der n\u00e4chste umkehren m\u00fcssen &#8230;<\/p>\n<p>Und kaum nach dem KFC wieder auf der Autobahn, schon war wieder Stau. Geplante Ankunfstzeit daheim nun 23 Uhr irgendwas.<\/p>\n<p><a href='http:\/\/extra.inmontanis.info\/d\/32459-2\/DSC06518.jpg'><img src=http:\/\/extra.inmontanis.info\/d\/32458-3\/DSC06518.jpg \/><\/a><br \/>\n^ Und auch hier, Baustelle und Stau.<\/p>\n<p>Auf der Karte fiel mir irgendwann auf, dass die A9 doch recht nah an der tschechischen Grenze vorbeilief und ich mir ja schon mal gedacht hatte, doch da das n\u00e4chste Mal einen Abstecher zum Einkaufen r\u00fcber zu nehmen, wenn ich mal wieder hier runter fahren w\u00fcrde. Im Navi also geschaut, was der k\u00fcrzeste Umweg zu einer Stadt nahe der Grenze w\u00e4re &#8211; und erstaunt festgestellt, dass es lediglich ca. 30 min Umweg w\u00e4ren (im Vgl. zur A9 via N\u00fcrnberg!), dank A72 und A93 (sehr kurvig im oberen Teil) kann man von der A9 bei Hof aus n\u00e4mlich die A9 bis Hallertau komplett auf Autobahnen umfahren. Das war mir noch gar nicht so bewusst, mein im Kopf befindliches Autobahn-Netz hinsichtlich Oberpfalz war noch so ungef\u00e4hr Stand 1980er ;)<\/p>\n<p>Damit und mit dem KFC-Besuch w\u00fcrde sich meine Ankunftszeit daheim auf 0 Uhr verlagern. Naja, ginge schon, aber wird um 20:10 dort in Asch in CZ denn noch was ge\u00f6ffnet sein? Ich gr\u00fcbelte und gr\u00fcbelte, l\u00f6schte das Ziel und f\u00fcgte es wieder ein. Schlussendlich zahlte ich die paar Cent Roaminggeb\u00fchren und ging ins Internet und stellte fest, dass ein Grenzshop auch Sonntags bis 21 Uhr ge\u00f6ffnet hat. Fein, Zwischenziel gesetzt. Einige Zeit sp\u00e4ter kam mir der Einfall, doch noch nach Superm\u00e4rkten in Asch im Navi zu suchen. Ohhh, ein Tesco!? Na, der k\u00f6nnte ja vielleicht sogar am Sonntag ge\u00f6ffnet sein und vielleicht sogar Sonntag sp\u00e4tabends? Generell sind die \u00d6ffnungszeiten der Superm\u00e4rkte in anderen L\u00e4ndern ja nicht so streng wie bei uns. Also diesen angefahren und YIPPIE &#8211; bis 22 Uhr t\u00e4glich ge\u00f6ffnet! Und ein gro\u00dfer noch dazu. Ein ganzer Einkaufskorb voll Naschsachen (und 3 gek\u00fchlte Fertiggerichte) somit eingekauft und froh gewesen, dass wenigstens das heute funktioniert hat!<\/p>\n<p><a href='http:\/\/extra.inmontanis.info\/d\/32463-2\/DSC06522.jpg'><img src=http:\/\/extra.inmontanis.info\/d\/32462-3\/DSC06522.jpg \/><\/a><br \/>\n^ Auferstanden aus Ruinen .. oder eher das Gegenteil &#8230;<\/p>\n<p><a href='http:\/\/extra.inmontanis.info\/d\/32467-2\/DSC06524.jpg'><img src=http:\/\/extra.inmontanis.info\/d\/32466-3\/DSC06524.jpg \/><\/a><br \/>\n^ Gro\u00dfer Windpark<\/p>\n<p><a href='http:\/\/extra.inmontanis.info\/d\/32471-2\/DSC06531.jpg'><img src=http:\/\/extra.inmontanis.info\/d\/32470-3\/DSC06531.jpg \/><\/a><br \/>\n^ Wer kommt denn bitte auf die Idee, eine Ortschaft Lederhose zu  nennen?!<\/p>\n<p><a href='http:\/\/extra.inmontanis.info\/d\/32475-2\/DSC06534.jpg'><img src=http:\/\/extra.inmontanis.info\/d\/32474-3\/DSC06534.jpg \/><\/a><br \/>\n^ Wir praktisch, die Umfahrung der A9 \u00fcber A72 und A93 &#8230;<\/p>\n<p><a href='http:\/\/extra.inmontanis.info\/d\/32479-2\/IMG_1593.jpg'><img src=http:\/\/extra.inmontanis.info\/d\/32478-3\/IMG_1593.jpg \/><\/a><br \/>\n^ Das beste des Tages: Wie geil, ein gro\u00dfer Tesco-Supermarkt in Asch, Tschechei, unweit der Grenze bei Selb &#8212; hat auch sonntags von 7-22 Uhr ge\u00f6ffnet!<\/p>\n<p><a href='http:\/\/extra.inmontanis.info\/d\/32483-2\/IMG_1594.jpg'><img src=http:\/\/extra.inmontanis.info\/d\/32482-3\/IMG_1594.jpg \/><\/a><br \/>\n^ Waffelriegelparadies im tschechischen Tesco. Konnte diesmal nicht 3 St\u00fcck von jeder Sorte mitnehmen :)<\/p>\n<p><a href='http:\/\/extra.inmontanis.info\/d\/32487-2\/IMG_1595.jpg'><img src=http:\/\/extra.inmontanis.info\/d\/32486-3\/IMG_1595.jpg \/><\/a><br \/>\n^ Ich hab noch nicht mal 2 pro jeder Sorte eingepackt. Aber jetzt reicht&#8217;s, der Korb ist voll :)<\/p>\n<p>Um 0:45 Uhr war ich schlie\u00dflich wieder daheim &#8211; noch schnell die Eink\u00e4ufe ausladen und die gek\u00fchlten Sachen in den K\u00fchlschrank &#8211; und ab ins Bett, morgen um 7:10 aufstehen und endlich wieder mal duschen und um 8 Uhr wieder arbeiten.<\/p>\n<p>## Ende ##<\/p>\n<p>&#8230; ok, nicht ganz, ein Bild fehlt noch:<\/p>\n<p><a href='http:\/\/extra.inmontanis.info\/d\/32491-2\/DSC06558.jpg'><img src=http:\/\/extra.inmontanis.info\/d\/32490-3\/DSC06558.jpg \/><\/a><br \/>\n^ Links der Mitte (Tunnbr\u00f6d\/Wasa-Brunost): Finnland+Schweden+Norwegen; rechts noch der heutige Sp\u00e4teinkauf in CZ (ohne dem w\u00e4re das Ergebnis mager gewesen) und unten rechts ein paar Souveniers vom Nordkapp.<\/p>\n<p>Die gek\u00fchlten Fertiggerichte aus CZ waren sehr lecker, die aus NO zumeist auch. Diesmal erstmals gekauft: Den schwedischen R\u00e4kost, also Garnelen-K\u00e4se aus der Tube, sowie norwegisches Pommes-Frittes-Gew\u00fcrz. Dazu eine gr\u00f6\u00dfere Menge von den Wasa-Brunost-Kn\u00e4ckebroten und 3 Packungen Braunk\u00e4se, 3 Packungen von den Tunnbr\u00f6d-Chips, leider etwas zu viel Tafeln Lakritz-Schokolade (hatte vergessen, dass ich bereits beim Rauffahren im Skandipark welche mitnahm), etwas weniger schwedisches Tunnbr\u00f6d als letztes Mal (gibt&#8217;s ja inzwischen wieder im Ikea), etliche Packungen in verschiedenen Geschmacksrichtungen von den leckeren L\u00e4ker\u00f6l-Pastillen, eine Erdnuss-Schokolade (immerhin besser als die, die ich zuletzt &#8211; ich glaub &#8211; aus UK mitnahm), links zwei gro\u00dfe Packungen von den leckeren Sourcream&#038;Oninon-Cashewn\u00fcssen, etwas mehr von den leckeren d\u00e4nischen Anthon Berg Marzipan-Riegel und die vielen leckeren tschechischen\/slowakischen Waffelriegel.. hach!<\/p>\n<p>Kurze Zeit nachdem ich wieder daheim war: K\u00fchler am Fahrzeug undicht, kaum noch Wasser drin. Na, da hatte ich ja noch mal Gl\u00fcck gehabt&#8230;<\/p>\n","protected":false},"excerpt":{"rendered":"<p>So, 20.9.2015 &#8211; Tag 17 (Ende) &#8211; km 12.305 (Diff. 1.597 km) &#8211; Heimw\u00e4rts Teil 3<\/p>\n<p>Heute Morgen also der gro\u00dfe R\u00fcckfahrtag. Fast 1.600 km &#8211; ich wei\u00df gar nicht, ob ich so eine Etappe schon jemals an einem Tag fahren musste. Ich legte mir aber sogar noch ein Zwischenziel ein, da es gut auf <a href=\"http:\/\/blog.inmontanis.info\/?p=3526\">[&#8230;]<\/a><\/p>\n","protected":false},"author":1,"featured_media":0,"comment_status":"closed","ping_status":"closed","sticky":false,"template":"","format":"standard","meta":{"footnotes":""},"categories":[148,18,19],"tags":[51,37],"class_list":["post-3526","post","type-post","status-publish","format-standard","hentry","category-2015-09-skandinavischer-spatsommer","category-norwegennorway","category-schwedensweden","tag-architektur","tag-meer","odd"],"_links":{"self":[{"href":"http:\/\/blog.inmontanis.info\/index.php?rest_route=\/wp\/v2\/posts\/3526","targetHints":{"allow":["GET"]}}],"collection":[{"href":"http:\/\/blog.inmontanis.info\/index.php?rest_route=\/wp\/v2\/posts"}],"about":[{"href":"http:\/\/blog.inmontanis.info\/index.php?rest_route=\/wp\/v2\/types\/post"}],"author":[{"embeddable":true,"href":"http:\/\/blog.inmontanis.info\/index.php?rest_route=\/wp\/v2\/users\/1"}],"replies":[{"embeddable":true,"href":"http:\/\/blog.inmontanis.info\/index.php?rest_route=%2Fwp%2Fv2%2Fcomments&post=3526"}],"version-history":[{"count":7,"href":"http:\/\/blog.inmontanis.info\/index.php?rest_route=\/wp\/v2\/posts\/3526\/revisions"}],"predecessor-version":[{"id":3533,"href":"http:\/\/blog.inmontanis.info\/index.php?rest_route=\/wp\/v2\/posts\/3526\/revisions\/3533"}],"wp:attachment":[{"href":"http:\/\/blog.inmontanis.info\/index.php?rest_route=%2Fwp%2Fv2%2Fmedia&parent=3526"}],"wp:term":[{"taxonomy":"category","embeddable":true,"href":"http:\/\/blog.inmontanis.info\/index.php?rest_route=%2Fwp%2Fv2%2Fcategories&post=3526"},{"taxonomy":"post_tag","embeddable":true,"href":"http:\/\/blog.inmontanis.info\/index.php?rest_route=%2Fwp%2Fv2%2Ftags&post=3526"}],"curies":[{"name":"wp","href":"https:\/\/api.w.org\/{rel}","templated":true}]}}