{"id":3517,"date":"2015-09-18T23:15:36","date_gmt":"2015-09-18T21:15:36","guid":{"rendered":"http:\/\/blog.inmontanis.info\/?p=3517"},"modified":"2023-08-05T12:55:31","modified_gmt":"2023-08-05T10:55:31","slug":"norwegenschweden-heimfahrt-teil-1-18-9-2015-scn2015-15","status":"publish","type":"post","link":"http:\/\/blog.inmontanis.info\/?p=3517","title":{"rendered":"Norwegen\/Schweden Heimfahrt Teil 1, 18.9.2015"},"content":{"rendered":"<p><strong>Fr, 18.9.2015 &#8211; Tag 15 &#8211; km 9.520 (Diff. 795 km)<\/strong> &#8211; Heimw\u00e4rts Teil 1<\/p>\n<p>Die Anzeige morgens an meinem Navi, dass ich heute, morgen und \u00fcbermorgen noch 3.500 km zu fahren habe, tat weh, bot aber trotzdem  zeitlich noch M\u00f6glichkeiten f\u00fcr Umwege, so dass ich mich dazu entschied, morgen nochmal kurz nach Norwegen zu fahren, bevor ich dann die Br\u00fccken heimw\u00e4rts nehme. Ich will ja noch ein paar gek\u00fchlte Sachen in NO einkaufen (zumindest den Braunk\u00e4se; dazu in NO oder SO evtl. noch Rentierschinken und Elchburger, au\u00dferdem in SE Tunnbr\u00f6d etc.), und da ich keine Zeit mehr f\u00fcr Umwege zu Restschneefeld-Stra\u00dfen hatte, musste ich die K\u00fchlbox elektrisch betreiben &#8211; daher also sinnvoller, das alles erst am Samstag einzukaufen.<\/p>\n<p>(Fotos anklicken zum Vergr\u00f6\u00dfern)<\/p>\n<p><a href='http:\/\/extra.inmontanis.info\/d\/29661-3\/ge-201509route8.jpg'><img src=http:\/\/extra.inmontanis.info\/d\/29660-4\/ge-201509route8.jpg \/><\/a><br \/>\nFahrstrecke heute: hellblau (oberstes St\u00fcck fehlt) mit<br \/>\nZ) Junkerdal<\/p>\n<p><a href='http:\/\/extra.inmontanis.info\/d\/32267-2\/DSC06227.jpg'><img src=http:\/\/extra.inmontanis.info\/d\/32266-3\/DSC06227.jpg \/><\/a><br \/>\n^ An der E6<\/p>\n<p>Erster fressalischer Zwischenhalt war an einer Shell, wo es zuf\u00e4llig (und exakt so auf Deutsch angeschrieben) eine &#8220;Oktoberfest Bratwurst&#8221; (als Hotdog) gab, um (nur) 69,- NOK mit Getr\u00e4nk. Das musste getestet werden:<\/p>\n<p><a href='http:\/\/extra.inmontanis.info\/d\/32271-2\/IMG_1578.jpg'><img src=http:\/\/extra.inmontanis.info\/d\/32270-3\/IMG_1578.jpg \/><\/a><br \/>\n^ Oktoberfest-Bratwurst-Hotdog<\/p>\n<p>\u00dcber eine Stra\u00dfe, die ich bisher noch nicht gefahren bin, ging&#8217;s nach Schweden, wobei an der Norwegisch-Schwedischen Grenze ein kurzer Skigebiets-Stopp sein musste&#8230;<\/p>\n<p><a href='http:\/\/extra.inmontanis.info\/d\/32275-2\/DSC06234.jpg'><img src=http:\/\/extra.inmontanis.info\/d\/32274-3\/DSC06234.jpg \/><\/a><br \/>\n^ E6 \/ Saltdalsfjord<\/p>\n<p><a href='http:\/\/extra.inmontanis.info\/d\/32279-2\/DSC06248.jpg'><img src=http:\/\/extra.inmontanis.info\/d\/32278-3\/DSC06248.jpg \/><\/a><br \/>\n^ 77 \/ vor Junkerdal<\/p>\n<p><a href='http:\/\/ski.inmontanis.info\/d\/206191-2\/DSC06252.jpg'><img src=http:\/\/ski.inmontanis.info\/d\/206189-3\/DSC06252.jpg \/><\/a><br \/>\n^ Junkerdal Turistsenter<\/p>\n<p><a href='http:\/\/ski.inmontanis.info\/d\/206195-2\/DSC06253.jpg'><img src=http:\/\/ski.inmontanis.info\/d\/206194-3\/DSC06253.jpg \/><\/a><br \/>\n^ Blick von dort richtung Skigebiet. Eine Pistenraupe zeigt den Weg ..<\/p>\n<p><a href='http:\/\/ski.inmontanis.info\/d\/206199-2\/DSC06256.jpg'><img src=http:\/\/ski.inmontanis.info\/d\/206198-3\/DSC06256.jpg \/><\/a><br \/>\n^ Das Skigebiet besteht bzw. bestand aus einem KSSL<\/p>\n<p><a href='http:\/\/ski.inmontanis.info\/d\/206203-2\/DSC06258.jpg'><img src=http:\/\/ski.inmontanis.info\/d\/206202-3\/DSC06258.jpg \/><\/a><br \/>\n^ Zoom richtung Bergstation<\/p>\n<p><a href='http:\/\/ski.inmontanis.info\/d\/206207-2\/DSC06264.jpg'><img src=http:\/\/ski.inmontanis.info\/d\/206206-3\/DSC06264.jpg \/><\/a><br \/>\n^ Preisaushang von 2013, kann also gut sein, dass der Lift nicht mehr in Betrieb ist &#8230;<\/p>\n<p><a href='http:\/\/ski.inmontanis.info\/d\/206211-2\/DSC06265.jpg'><img src=http:\/\/ski.inmontanis.info\/d\/206210-3\/DSC06265.jpg \/><\/a><br \/>\n^ F\u00fcr die Notstopp-Fetischisten im Alpinforum ,-)<\/p>\n<p><a href='http:\/\/ski.inmontanis.info\/d\/206215-2\/DSC06266.jpg'><img src=http:\/\/ski.inmontanis.info\/d\/206214-3\/DSC06266.jpg \/><\/a><br \/>\n^ KSSL-Strecke<\/p>\n<p><a href='http:\/\/ski.inmontanis.info\/d\/206219-2\/DSC06269.jpg'><img src=http:\/\/ski.inmontanis.info\/d\/206218-3\/DSC06269.jpg \/><\/a><br \/>\n^ Talstation<\/p>\n<p>Weiter nach Schweden, sch\u00f6ne Stra\u00dfe, bis nach Arvidsjaur, da ich nochmal einen Laxburger bei Frasses essen wollte. Und ausgerechnet hier hatte ich wieder meine verhasste Minim\u00fcckenplage. Zu Hunderten schwirrten sie am Ketchup-Zapfhahn umher, wobei das noch ein Gl\u00fcck war, da es dadurch auf den Tischen etwas ruhiger war. Nerv, trotzdem. <\/p>\n<p>Im Anschluss noch Einkaufen in SE, und zwar dort, wo es lt. Homepage die M\u00f6rsj\u00f6deli Tunnbr\u00f6dchips geben sollte &#8211; aber wieder nicht gab, inzwischen der 3. Markt, wo ich Pech hatte. Na super, dann muss ich morgen noch weiter suchen &#8211; als ob ich daf\u00fcr Zeit h\u00e4tte..<\/p>\n<p><a href='http:\/\/extra.inmontanis.info\/d\/32283-2\/DSC06276.jpg'><img src=http:\/\/extra.inmontanis.info\/d\/32282-3\/DSC06276.jpg \/><\/a><br \/>\n^ 77 \/ Reichsgrenze Norwegen-Schweden<\/p>\n<p><a href='http:\/\/extra.inmontanis.info\/d\/32287-2\/DSC06282.jpg'><img src=http:\/\/extra.inmontanis.info\/d\/32286-3\/DSC06282.jpg \/><\/a><br \/>\n^ 95 \/ Kurz nach der Grenze. Es gibt in Schweden wohl wenig Stra\u00dfen, die mit den Fjell-Stra\u00dfen Norwegens vergleichbar sind &#8211; aber diese hier ist sehr fotogen.<\/p>\n<p><a href='http:\/\/extra.inmontanis.info\/d\/32291-3\/DSC06296.jpg'><img src=http:\/\/extra.inmontanis.info\/d\/32290-3\/DSC06296.jpg \/><\/a><br \/>\n^ 95 \/ S\u00e4dvajaure<\/p>\n<p><a href='http:\/\/extra.inmontanis.info\/d\/32295-3\/DSC06311.jpg'><img src=http:\/\/extra.inmontanis.info\/d\/32294-3\/DSC06311.jpg \/><\/a><br \/>\n^ J\u00e4ckvik Fj\u00e4llcenter. Nur ein SL mit 2 Abfahrten.<\/p>\n<p><a href='http:\/\/extra.inmontanis.info\/d\/32299-3\/DSC06313.jpg'><img src=http:\/\/extra.inmontanis.info\/d\/32298-3\/DSC06313.jpg \/><\/a><br \/>\n^ J\u00e4ckvik Fj\u00e4llcenter<\/p>\n<p>Ins Bett ging ich heute etwas fr\u00fcher, wodurch mir f\u00fcr die n\u00e4chsten 2 Tage noch 2.700 km (!) Fahrt \u00fcbrig blieben. Na, das wird ein Spa\u00df &#8230; H\u00e4tte ich doch mal heute in NO alles N\u00f6tige eingekauft und w\u00e4re die schnellere Stra\u00dfe richtung S\u00fcden gefahren. Wobei die gew\u00e4hlte Stra\u00dfe in den meisten F\u00e4llen nicht schlecht war &#8211; nix los, lange Strecken durchgehend 90 oder 100, aber ich hatte wieder mehrere Zwischensst\u00fccke mit Asphaltarbeiten &#8211; 10-20 km lang, mal besser, mal schlechter, das kostet Zeit und Nerven.<\/p>\n<p><a href='http:\/\/extra.inmontanis.info\/d\/32303-3\/DSC06322.jpg'><img src=http:\/\/extra.inmontanis.info\/d\/32302-3\/DSC06322.jpg \/><\/a><br \/>\n^ Auch heute hatte in Schweden wieder etwas die Seuche, was die Stra\u00dfen angeht. Da wird kilometerlang der Asphalt entfernt und man muss anscheinend tage- oder wochenlang auf so einem Schotter fahren, bis endlich der Bautrupp kommt &#8211; warum diese lange Zeitdifferenz dazwischen?!<\/p>\n<p>(Fortsetzung folgt.)<\/p>\n","protected":false},"excerpt":{"rendered":"<p>Fr, 18.9.2015 &#8211; Tag 15 &#8211; km 9.520 (Diff. 795 km) &#8211; Heimw\u00e4rts Teil 1<\/p>\n<p>Die Anzeige morgens an meinem Navi, dass ich heute, morgen und \u00fcbermorgen noch 3.500 km zu fahren habe, tat weh, bot aber trotzdem zeitlich noch M\u00f6glichkeiten f\u00fcr Umwege, so dass ich mich dazu entschied, morgen nochmal kurz nach Norwegen zu <a href=\"http:\/\/blog.inmontanis.info\/?p=3517\">[&#8230;]<\/a><\/p>\n","protected":false},"author":1,"featured_media":0,"comment_status":"closed","ping_status":"closed","sticky":false,"template":"","format":"standard","meta":{"footnotes":""},"categories":[148,660,596,18,19],"tags":[48,45],"class_list":["post-3517","post","type-post","status-publish","format-standard","hentry","category-2015-09-skandinavischer-spatsommer","category-jackvik","category-junkerdal","category-norwegennorway","category-schwedensweden","tag-kssl","tag-see","odd"],"_links":{"self":[{"href":"http:\/\/blog.inmontanis.info\/index.php?rest_route=\/wp\/v2\/posts\/3517","targetHints":{"allow":["GET"]}}],"collection":[{"href":"http:\/\/blog.inmontanis.info\/index.php?rest_route=\/wp\/v2\/posts"}],"about":[{"href":"http:\/\/blog.inmontanis.info\/index.php?rest_route=\/wp\/v2\/types\/post"}],"author":[{"embeddable":true,"href":"http:\/\/blog.inmontanis.info\/index.php?rest_route=\/wp\/v2\/users\/1"}],"replies":[{"embeddable":true,"href":"http:\/\/blog.inmontanis.info\/index.php?rest_route=%2Fwp%2Fv2%2Fcomments&post=3517"}],"version-history":[{"count":6,"href":"http:\/\/blog.inmontanis.info\/index.php?rest_route=\/wp\/v2\/posts\/3517\/revisions"}],"predecessor-version":[{"id":9125,"href":"http:\/\/blog.inmontanis.info\/index.php?rest_route=\/wp\/v2\/posts\/3517\/revisions\/9125"}],"wp:attachment":[{"href":"http:\/\/blog.inmontanis.info\/index.php?rest_route=%2Fwp%2Fv2%2Fmedia&parent=3517"}],"wp:term":[{"taxonomy":"category","embeddable":true,"href":"http:\/\/blog.inmontanis.info\/index.php?rest_route=%2Fwp%2Fv2%2Fcategories&post=3517"},{"taxonomy":"post_tag","embeddable":true,"href":"http:\/\/blog.inmontanis.info\/index.php?rest_route=%2Fwp%2Fv2%2Ftags&post=3517"}],"curies":[{"name":"wp","href":"https:\/\/api.w.org\/{rel}","templated":true}]}}