{"id":3513,"date":"2015-09-17T22:39:24","date_gmt":"2015-09-17T20:39:24","guid":{"rendered":"http:\/\/blog.inmontanis.info\/?p=3513"},"modified":"2023-08-04T21:05:31","modified_gmt":"2023-08-04T19:05:31","slug":"vesteralen-17-9-2015-scn2015-14","status":"publish","type":"post","link":"http:\/\/blog.inmontanis.info\/?p=3513","title":{"rendered":"Vester\u00e5len, 17.9.2015 SCN2015.14"},"content":{"rendered":"<p><strong>Do, 17.9.2015 &#8211; Tag 14 &#8211; km 8.725 (Diff. 343 km)<\/strong> &#8211; Vester\u00e5len<\/p>\n<p>Mit der F\u00e4hre um 10:30 ging&#8217;s von Fiskeb\u00f8l nach Melbu, weiter nicht auf der Hauptstra\u00dfe, sondern etwas alternativ nach St\u00f8 bzw. Nyksund, um auf dem R\u00fcckweg etwas Abwechslung zu haben.<\/p>\n<p>(Fotos anklicken zum Vergr\u00f6\u00dfern)<\/p>\n<p><a href='http:\/\/extra.inmontanis.info\/d\/29665-3\/ge-201509route9.jpg'><img src=http:\/\/extra.inmontanis.info\/d\/29664-4\/ge-201509route9.jpg \/><\/a><br \/>\nFahrstrecke heute: Magenta links mit<br \/>\n(F\u00e4hre)<br \/>\nY) Lang\u00f8ya\/Nyksund<br \/>\n(F\u00e4hre)<\/p>\n<p><a href='http:\/\/extra.inmontanis.info\/d\/32207-2\/DSC05816.jpg'><img src=http:\/\/extra.inmontanis.info\/d\/32206-3\/DSC05816.jpg \/><\/a><br \/>\n^ Was mir heuer in Norwegen h\u00e4ufig aufgefallen ist, waren vermehrt elektrische Weideroste (oder wie ist die Mehrzahl?) &#8211; anstatt den \u00fcblichen Metallschienen<\/p>\n<p><a href='http:\/\/extra.inmontanis.info\/d\/32211-2\/DSC05818.jpg'><img src=http:\/\/extra.inmontanis.info\/d\/32210-3\/DSC05818.jpg \/><\/a><br \/>\n^ F\u00e4hre Fiskeb\u00f8l-Melbu<\/p>\n<p><a href='http:\/\/extra.inmontanis.info\/d\/32215-2\/DSC05825.jpg'><img src=http:\/\/extra.inmontanis.info\/d\/32214-3\/DSC05825.jpg \/><\/a><br \/>\n^ F\u00e4hre Fiskeb\u00f8l-Melbu<\/p>\n<p><a href='http:\/\/extra.inmontanis.info\/d\/32059-2\/DSC05830.jpg'><img src=http:\/\/extra.inmontanis.info\/d\/32057-3\/DSC05830.jpg \/><\/a><br \/>\n^ F\u00e4hre Fiskeb\u00f8l-Melbu<\/p>\n<p><a href='http:\/\/extra.inmontanis.info\/d\/32063-2\/DSC05847.jpg'><img src=http:\/\/extra.inmontanis.info\/d\/32062-3\/DSC05847.jpg \/><\/a><br \/>\n^ 82 \/ Stokmarknes \/ Lang\u00f8ysundet<\/p>\n<p><a href='http:\/\/extra.inmontanis.info\/d\/32067-2\/DSC05849.jpg'><img src=http:\/\/extra.inmontanis.info\/d\/32066-3\/DSC05849.jpg \/><\/a><br \/>\n^ 82 \/ Hadselfjord<\/p>\n<p><a href='http:\/\/extra.inmontanis.info\/d\/32071-2\/DSC05855.jpg'><img src=http:\/\/extra.inmontanis.info\/d\/32070-3\/DSC05855.jpg \/><\/a><br \/>\n^ 82 \/ Stokmarknes \/ Lang\u00f8ysundet<\/p>\n<p><a href='http:\/\/extra.inmontanis.info\/d\/29545-3\/DSC05865.jpg'><img src=http:\/\/extra.inmontanis.info\/d\/29544-4\/DSC05865.jpg \/><\/a><\/p>\n<p><a href='http:\/\/extra.inmontanis.info\/d\/32075-2\/DSC05868.jpg'><img src=http:\/\/extra.inmontanis.info\/d\/32074-3\/DSC05868.jpg \/><\/a><br \/>\n^ 885\/ Sandnes-Vik<\/p>\n<p><a href='http:\/\/extra.inmontanis.info\/d\/32079-2\/DSC05879.jpg'><img src=http:\/\/extra.inmontanis.info\/d\/32078-3\/DSC05879.jpg \/><\/a><br \/>\n^ 885\/ Eidsfjord<\/p>\n<p><a href='http:\/\/extra.inmontanis.info\/d\/32083-2\/DSC05886.jpg'><img src=http:\/\/extra.inmontanis.info\/d\/32082-3\/DSC05886.jpg \/><\/a><br \/>\n^ Eidsfjord<\/p>\n<p><a href='http:\/\/extra.inmontanis.info\/d\/32087-2\/DSC05912.jpg'><img src=http:\/\/extra.inmontanis.info\/d\/32086-3\/DSC05912.jpg \/><\/a><br \/>\n^ 821 \/ Steinlandsfjord<\/p>\n<p><a href='http:\/\/extra.inmontanis.info\/d\/32091-2\/DSC05914.jpg'><img src=http:\/\/extra.inmontanis.info\/d\/32090-3\/DSC05914.jpg \/><\/a><br \/>\n^ 821 \/ Steinlandsfjord<\/p>\n<p><a href='http:\/\/extra.inmontanis.info\/d\/32095-2\/DSC05927.jpg'><img src=http:\/\/extra.inmontanis.info\/d\/32094-3\/DSC05927.jpg \/><\/a><br \/>\n^ 821 \/ Steinlandsfjord-Myre<\/p>\n<p><a href='http:\/\/extra.inmontanis.info\/d\/32099-2\/DSC05930.jpg'><img src=http:\/\/extra.inmontanis.info\/d\/32098-3\/DSC05930.jpg \/><\/a><br \/>\n^ Zwischen Myre und Klo (Ja, es gibt hier eine Ortschaft, die so hei\u00dft :) )<\/p>\n<p><a href='http:\/\/extra.inmontanis.info\/d\/32103-2\/DSC05937.jpg'><img src=http:\/\/extra.inmontanis.info\/d\/32102-3\/DSC05937.jpg \/><\/a><br \/>\n^ Richtung Langenes<\/p>\n<p><a href='http:\/\/extra.inmontanis.info\/d\/32107-2\/DSC05950.jpg'><img src=http:\/\/extra.inmontanis.info\/d\/32106-3\/DSC05950.jpg \/><\/a><br \/>\n^ N\u00e4he Langenes<\/p>\n<p><a href='http:\/\/extra.inmontanis.info\/d\/32111-2\/DSC05951.jpg'><img src=http:\/\/extra.inmontanis.info\/d\/32110-3\/DSC05951.jpg \/><\/a><\/p>\n<p><a href='http:\/\/extra.inmontanis.info\/d\/32115-2\/DSC05952.jpg'><img src=http:\/\/extra.inmontanis.info\/d\/32114-3\/DSC05952.jpg \/><\/a><\/p>\n<p><a href='http:\/\/extra.inmontanis.info\/d\/32119-2\/DSC05953.jpg'><img src=http:\/\/extra.inmontanis.info\/d\/32118-3\/DSC05953.jpg \/><\/a><\/p>\n<p><a href='http:\/\/extra.inmontanis.info\/d\/32123-2\/DSC05958.jpg'><img src=http:\/\/extra.inmontanis.info\/d\/32122-3\/DSC05958.jpg \/><\/a><br \/>\n^ St\u00f8<\/p>\n<p><a href='http:\/\/extra.inmontanis.info\/d\/32127-2\/DSC05959.jpg'><img src=http:\/\/extra.inmontanis.info\/d\/32126-3\/DSC05959.jpg \/><\/a><br \/>\n^ St\u00f8<\/p>\n<p><a href='http:\/\/extra.inmontanis.info\/d\/32131-2\/DSC05976.jpg'><img src=http:\/\/extra.inmontanis.info\/d\/32130-3\/DSC05976.jpg \/><\/a><br \/>\n^ Klo-Strengelv\u00e5g<\/p>\n<p><a href='http:\/\/extra.inmontanis.info\/d\/32135-2\/DSC05978.jpg'><img src=http:\/\/extra.inmontanis.info\/d\/32134-3\/DSC05978.jpg \/><\/a><br \/>\n^ Klo-Strengelv\u00e5g \/ Alte Stra\u00dfe &#8211; die werd ich mal mit meinem Einrad abfahren. Damit ich&#8217;s nicht umsonst dabei hab.<\/p>\n<p><a href='http:\/\/extra.inmontanis.info\/d\/32139-2\/DSC05984.jpg'><img src=http:\/\/extra.inmontanis.info\/d\/32138-3\/DSC05984.jpg \/><\/a><br \/>\n^ Alte Stra\u00dfe, zweiter Teil &#8211; bin ich dann nicht mehr weiter.<\/p>\n<p><a href='http:\/\/extra.inmontanis.info\/d\/32143-2\/DSC05985.jpg'><img src=http:\/\/extra.inmontanis.info\/d\/32142-3\/DSC05985.jpg \/><\/a><\/p>\n<p><a href='http:\/\/extra.inmontanis.info\/d\/32147-2\/DSC05986.jpg'><img src=http:\/\/extra.inmontanis.info\/d\/32146-3\/DSC05986.jpg \/><\/a><br \/>\n^ Alte Stra\u00dfe, die Br\u00fccke wurde wohl mal erneuert<\/p>\n<p><a href='http:\/\/extra.inmontanis.info\/d\/32151-2\/DSC05990.jpg'><img src=http:\/\/extra.inmontanis.info\/d\/32150-3\/DSC05990.jpg \/><\/a><br \/>\n^ Strengelv\u00e5g<\/p>\n<p><a href='http:\/\/extra.inmontanis.info\/d\/32155-2\/DSC05999.jpg'><img src=http:\/\/extra.inmontanis.info\/d\/32154-3\/DSC05999.jpg \/><\/a><br \/>\n^ H\u00f8ydal-Nyksund<\/p>\n<p><a href='http:\/\/extra.inmontanis.info\/d\/32159-2\/DSC06018.jpg'><img src=http:\/\/extra.inmontanis.info\/d\/32158-3\/DSC06018.jpg \/><\/a><br \/>\n^ H\u00f8ydal-Nyksund. Auch wieder ein nettes K\u00fcstenstr\u00e4sschen (Erde\/Schotter).<\/p>\n<p><a href='http:\/\/extra.inmontanis.info\/d\/32163-2\/DSC06029.jpg'><img src=http:\/\/extra.inmontanis.info\/d\/32162-3\/DSC06029.jpg \/><\/a><br \/>\n^ H\u00f8ydal-Nyksund<\/p>\n<p><a href='http:\/\/extra.inmontanis.info\/d\/32167-2\/DSC06040.jpg'><img src=http:\/\/extra.inmontanis.info\/d\/32166-3\/DSC06040.jpg \/><\/a><br \/>\n^ H\u00f8ydal-Nyksund<\/p>\n<p>Mit den ganzen Erd-Schotterstra\u00dfen hatte ich mir irgendwann ein Quietschen bzw. Schleifger\u00e4usch eingefangen. Vermutlich irgendein Steinchen?! Ging irgendwann retour wieder vorbei.<\/p>\n<p><a href='http:\/\/extra.inmontanis.info\/d\/32171-2\/DSC06042.jpg'><img src=http:\/\/extra.inmontanis.info\/d\/32170-3\/DSC06042.jpg \/><\/a><br \/>\n^ Nyksund<\/p>\n<p><a href='http:\/\/extra.inmontanis.info\/d\/29549-3\/DSC06050.jpg'><img src=http:\/\/extra.inmontanis.info\/d\/29548-4\/DSC06050.jpg \/><\/a><br \/>\n^ Nyksund. Hier bin ich auch noch mit meinem Einrad raufgefahren, damit ich&#8217;s nicht umsonst dabei hatte :)<br \/>\n(\u00dcbrigens, in Yll\u00e4s gestern hab ich auch einen rumfahren sehen. In Innsbruck ein paar Wochen sp\u00e4ter auch mal einen.)<\/p>\n<p><a href='http:\/\/extra.inmontanis.info\/d\/32175-2\/DSC06053.jpg'><img src=http:\/\/extra.inmontanis.info\/d\/32174-3\/DSC06053.jpg \/><\/a><br \/>\n^ Nyksund. Damit h\u00e4tte ich nicht gerechnet, hier so einen gro\u00dfen Touristenort zu finden (viele Restaurants und Gesch\u00e4fte, aber keine Saison mehr).<\/p>\n<p><a href='http:\/\/extra.inmontanis.info\/d\/32179-2\/DSC06054.jpg'><img src=http:\/\/extra.inmontanis.info\/d\/32178-3\/DSC06054.jpg \/><\/a><br \/>\n^ Nyksund<\/p>\n<p><a href='http:\/\/extra.inmontanis.info\/d\/32183-2\/DSC06068.jpg'><img src=http:\/\/extra.inmontanis.info\/d\/32182-3\/DSC06068.jpg \/><\/a><br \/>\n^ H\u00f8ydal-Nyksund<\/p>\n<p><a href='http:\/\/extra.inmontanis.info\/d\/32187-2\/DSC06070.jpg'><img src=http:\/\/extra.inmontanis.info\/d\/32186-3\/DSC06070.jpg \/><\/a><br \/>\n^ Myre \/ Prestfjorden<\/p>\n<p><a href='http:\/\/extra.inmontanis.info\/d\/32191-2\/DSC06099.jpg'><img src=http:\/\/extra.inmontanis.info\/d\/32190-3\/DSC06099.jpg \/><\/a><br \/>\n^ 820 \/ Vikbotn<\/p>\n<p><a href='http:\/\/extra.inmontanis.info\/d\/32195-2\/DSC06104.jpg'><img src=http:\/\/extra.inmontanis.info\/d\/32194-3\/DSC06104.jpg \/><\/a><br \/>\n^ Sortland<\/p>\n<p><a href='http:\/\/extra.inmontanis.info\/d\/32203-2\/DSC06112.jpg'><img src=http:\/\/extra.inmontanis.info\/d\/32202-3\/DSC06112.jpg \/><\/a><br \/>\n^ 85 \/ Kjerringnes-Langvassbukta<\/p>\n<p>Mit der L\u00f6dingen-Bognes-Sonnenuntergangs-F\u00e4hre (208,- NOK) ging&#8217;s wieder retour auf&#8217;s Festland, vom gratis Wifi auf der F\u00e4hre hatte ich nicht viel, die eine Stunde Fahrzeit ging auch so schnell genug vorbei. K\u00f6nnte ja au\u00dferdem meine letzte F\u00e4hre dieses Urlaubs sein.<\/p>\n<p><a href='http:\/\/extra.inmontanis.info\/d\/32219-2\/DSC06121.jpg'><img src=http:\/\/extra.inmontanis.info\/d\/32218-3\/DSC06121.jpg \/><\/a><br \/>\n^ F\u00e4hre L\u00f8dingen-Bognes<\/p>\n<p><a href='http:\/\/extra.inmontanis.info\/d\/32223-2\/DSC06129.jpg'><img src=http:\/\/extra.inmontanis.info\/d\/32222-3\/DSC06129.jpg \/><\/a><br \/>\n^ F\u00e4hre L\u00f8dingen-Bognes<\/p>\n<p><a href='http:\/\/extra.inmontanis.info\/d\/32227-2\/DSC06137.jpg'><img src=http:\/\/extra.inmontanis.info\/d\/32226-3\/DSC06137.jpg \/><\/a><br \/>\n^ F\u00e4hre L\u00f8dingen-Bognes<\/p>\n<p><a href='http:\/\/extra.inmontanis.info\/d\/32231-2\/DSC06138.jpg'><img src=http:\/\/extra.inmontanis.info\/d\/32230-3\/DSC06138.jpg \/><\/a><br \/>\n^ F\u00e4hre L\u00f8dingen-Bognes, Sonnenuntergang<\/p>\n<p><a href='http:\/\/extra.inmontanis.info\/d\/32235-2\/DSC06150.jpg'><img src=http:\/\/extra.inmontanis.info\/d\/32234-3\/DSC06150.jpg \/><\/a><br \/>\n^ F\u00e4hre L\u00f8dingen-Bognes<\/p>\n<p><a href='http:\/\/extra.inmontanis.info\/d\/32239-2\/DSC06157.jpg'><img src=http:\/\/extra.inmontanis.info\/d\/32238-3\/DSC06157.jpg \/><\/a><br \/>\n^ F\u00e4hre L\u00f8dingen-Bognes<\/p>\n<p><a href='http:\/\/extra.inmontanis.info\/d\/32243-2\/DSC06163.jpg'><img src=http:\/\/extra.inmontanis.info\/d\/32242-3\/DSC06163.jpg \/><\/a><br \/>\n^ F\u00e4hre L\u00f8dingen-Bognes, Sonnenuntergang (18:12 Uhr)<\/p>\n<p><a href='http:\/\/extra.inmontanis.info\/d\/32247-2\/DSC06168.jpg'><img src=http:\/\/extra.inmontanis.info\/d\/32246-3\/DSC06168.jpg \/><\/a><br \/>\n^ F\u00e4hre L\u00f8dingen-Bognes<\/p>\n<p><a href='http:\/\/extra.inmontanis.info\/d\/29553-3\/DSC06176.jpg'><img src=http:\/\/extra.inmontanis.info\/d\/29552-4\/DSC06176.jpg \/><\/a><br \/>\n^ F\u00e4hre L\u00f8dingen-Bognes. Die Wolken waren tats\u00e4chlich so rot!<\/p>\n<p><a href='http:\/\/extra.inmontanis.info\/d\/32251-2\/DSC06179.jpg'><img src=http:\/\/extra.inmontanis.info\/d\/32250-3\/DSC06179.jpg \/><\/a><br \/>\n^ F\u00e4hre L\u00f8dingen-Bognes<\/p>\n<p><a href='http:\/\/extra.inmontanis.info\/d\/32255-2\/DSC06195.jpg'><img src=http:\/\/extra.inmontanis.info\/d\/32254-3\/DSC06195.jpg \/><\/a><br \/>\n^ Lofoten-Pano von der E6 n\u00e4he Nordkil (2 sek)<\/p>\n<p>Abends noch einen Abstecher zur K\u00fcste an einem Leuchtturm gemacht, endlich mal wieder Zeit um Bilder r\u00fcberzukopieren .. aber nicht wirklich, um sie durchzuschauen.<\/p>\n<p><a href='http:\/\/extra.inmontanis.info\/d\/32259-2\/DSC06197.jpg'><img src=http:\/\/extra.inmontanis.info\/d\/32258-3\/DSC06197.jpg \/><\/a><br \/>\n^ 81 \/ Lofotenpano &#8211; immer noch recht hell da oben (19:35 Uhr) (8 sek)<\/p>\n<p><a href='http:\/\/extra.inmontanis.info\/d\/32263-2\/DSC06201.jpg'><img src=http:\/\/extra.inmontanis.info\/d\/32262-3\/DSC06201.jpg \/><\/a><br \/>\n^ Lofoten-Pano von Tran\u00f8y (20:15 Uhr) (13 sek)<\/p>\n<p><a href='http:\/\/extra.inmontanis.info\/d\/29557-3\/DSC06202.jpg'><img src=http:\/\/extra.inmontanis.info\/d\/29556-4\/DSC06202.jpg \/><\/a><br \/>\n^ Leuchtturm bei Tran\u00f8y (20:15 Uhr) (13 sek)<\/p>\n<p>Es gab keine nennenswerte Nordlichtaktivit\u00e4t heute, aber der Himmel war ja eh gro\u00dfteils bedeckt bzw. gab sogar leichten Regen. <\/p>\n<p>Zu Essen gab&#8217;s heute: Braunk\u00e4sewaffel auf der ersten F\u00e4hre, ein Chicken-Roll (Hotdog-Format) bei einer Tankstelle und abends noch 2 kleine Pizzen (beim selben Frenchise-Unternehmen, Pizzabakeren, wie vor ein paar Tagen, da die kleinen Pizzen mit 20cm weniger als halb so viel kosten als die gro\u00dfen mit 30cm &#8211; und man so ja mehr Auswahl hat :) &#8211; und dann noche ein Eis auf der F\u00e4hre (gab&#8217;s zum halben Preis, warum auch immer?!)<\/p>\n<p><a href='http:\/\/extra.inmontanis.info\/d\/32199-2\/IMG_1576.jpg'><img src=http:\/\/extra.inmontanis.info\/d\/32198-3\/IMG_1576.jpg \/><\/a><br \/>\n^ Pizza (eine von den beiden)<\/p>\n<p>So langsam sollte man ja mal ans Heimfahren denken&#8230; Wobei wetterm\u00e4\u00dfig f\u00fcr die n\u00e4chsten Tage eh kein Blumentopf an den angedachten Zielen zu gewinnen ist, aber viel Spielraum f\u00fcr Zwischenziele hab ich eh nicht mehr. Ein bisschen Zeit zum Planen hatte ich heute Abend noch, auch um die F\u00e4hren nach D\u00e4nemark bzw. Deutschland zu checken. Die g\u00fcnstigen F\u00e4hren sind quasi nicht vern\u00fcnftig erreichbar, im Prinzip fahren alle saubl\u00f6d:<\/p>\n<p>Langesund-Hirtshals am SA um 14:30 &#8211; nicht mehr vern\u00fcnftig erreichbar.<br \/>\nVarberg-Grena SA um 19:45 w\u00fcrde gehen, ist aber halt gro\u00dfteils nachts, gibt&#8217;s evtl. nix mehr zu essen und bringt&#8217;s auch nicht wirklich.<br \/>\nLarvik-Hirtshals SA 17:30 ginge eventuell, aber mit 81,- \u20ac etwas teurer<br \/>\nTrelleborg-Rostock .. beide nix<br \/>\nTrelleborg-R\u00fcgen .. f\u00e4hrt SO leider erst um 9:45, Ankunft 14h in Rostock &#8211; bei 10h Fahrt nach Ibk lt. Planer auch arg knapp<br \/>\nDie beiden Br\u00fccken kosten mittlerweile zusammen ca. 85,- \u20ac &#8211; haben aber halt &#8220;leider&#8221; den Vorteil, dass man sie zu jeder Zeit befahren kann &#8230;<br \/>\n.. die Entscheidung wird vertagt.<\/p>\n<p>(Fortsetzung folgt.)<\/p>\n","protected":false},"excerpt":{"rendered":"<p>Do, 17.9.2015 &#8211; Tag 14 &#8211; km 8.725 (Diff. 343 km) &#8211; Vester\u00e5len<\/p>\n<p>Mit der F\u00e4hre um 10:30 ging&#8217;s von Fiskeb\u00f8l nach Melbu, weiter nicht auf der Hauptstra\u00dfe, sondern etwas alternativ nach St\u00f8 bzw. Nyksund, um auf dem R\u00fcckweg etwas Abwechslung zu haben.<\/p>\n<p>(Fotos anklicken zum Vergr\u00f6\u00dfern)<\/p>\n<p> Fahrstrecke heute: Magenta links mit (F\u00e4hre) Y) <a href=\"http:\/\/blog.inmontanis.info\/?p=3513\">[&#8230;]<\/a><\/p>\n","protected":false},"author":1,"featured_media":0,"comment_status":"closed","ping_status":"closed","sticky":false,"template":"","format":"standard","meta":{"footnotes":""},"categories":[148,601,18],"tags":[100,37,45],"class_list":["post-3513","post","type-post","status-publish","format-standard","hentry","category-2015-09-skandinavischer-spatsommer","category-lofoten","category-norwegennorway","tag-langzeitbelichtung","tag-meer","tag-see","odd"],"_links":{"self":[{"href":"http:\/\/blog.inmontanis.info\/index.php?rest_route=\/wp\/v2\/posts\/3513","targetHints":{"allow":["GET"]}}],"collection":[{"href":"http:\/\/blog.inmontanis.info\/index.php?rest_route=\/wp\/v2\/posts"}],"about":[{"href":"http:\/\/blog.inmontanis.info\/index.php?rest_route=\/wp\/v2\/types\/post"}],"author":[{"embeddable":true,"href":"http:\/\/blog.inmontanis.info\/index.php?rest_route=\/wp\/v2\/users\/1"}],"replies":[{"embeddable":true,"href":"http:\/\/blog.inmontanis.info\/index.php?rest_route=%2Fwp%2Fv2%2Fcomments&post=3513"}],"version-history":[{"count":2,"href":"http:\/\/blog.inmontanis.info\/index.php?rest_route=\/wp\/v2\/posts\/3513\/revisions"}],"predecessor-version":[{"id":3515,"href":"http:\/\/blog.inmontanis.info\/index.php?rest_route=\/wp\/v2\/posts\/3513\/revisions\/3515"}],"wp:attachment":[{"href":"http:\/\/blog.inmontanis.info\/index.php?rest_route=%2Fwp%2Fv2%2Fmedia&parent=3513"}],"wp:term":[{"taxonomy":"category","embeddable":true,"href":"http:\/\/blog.inmontanis.info\/index.php?rest_route=%2Fwp%2Fv2%2Fcategories&post=3513"},{"taxonomy":"post_tag","embeddable":true,"href":"http:\/\/blog.inmontanis.info\/index.php?rest_route=%2Fwp%2Fv2%2Ftags&post=3513"}],"curies":[{"name":"wp","href":"https:\/\/api.w.org\/{rel}","templated":true}]}}