{"id":3510,"date":"2015-09-16T23:32:30","date_gmt":"2015-09-16T21:32:30","guid":{"rendered":"http:\/\/blog.inmontanis.info\/?p=3510"},"modified":"2023-08-04T21:05:38","modified_gmt":"2023-08-04T19:05:38","slug":"yllas-lofoten-16-9-2015","status":"publish","type":"post","link":"http:\/\/blog.inmontanis.info\/?p=3510","title":{"rendered":"Yll\u00e4s &#8211; Lofoten, 16.9.2015"},"content":{"rendered":"<p><strong>Mi, 16.9.2015 &#8211; Tag 13 &#8211; km 8.382 (Diff. 668 km)<\/strong> &#8211; Yll\u00e4s &#8211; Lofoten<\/p>\n<p>Ich wei\u00df nicht mehr, ob es heute oder gestern war, aber die Strecken in Nordfinnland und Nordschweden sind schon sehr einsam. Hab an einer Strecke mal aufgepasst, 100 km\/h im Tempomat (keine Ortsdurchfahrten mit geringerer Geschwindigkeit) f\u00fcr 63 km bei nur 5 entgegenkommenden Fahrzeugen &#8230;<\/p>\n<p>In Yll\u00e4s angekommen war das Wetter mal wieder schlechter als gemeldet, egal, trotzdem mit der 8EUB raufgefahren und oben bei eisigem Wind den Rundweg um den Gipfel gemacht.<\/p>\n<p>(Fotos anklicken zum Vergr\u00f6\u00dfern)<\/p>\n<p><a href='http:\/\/extra.inmontanis.info\/d\/29665-3\/ge-201509route9.jpg'><img src=http:\/\/extra.inmontanis.info\/d\/29664-4\/ge-201509route9.jpg \/><\/a><br \/>\nFahrstrecke heute: Dunkelblau mit<br \/>\nW) Yll\u00e4s<br \/>\n(vorbei an Q, Abisko, war ich ja raufw\u00e4rts)<br \/>\nX) Raftsundet<\/p>\n<p><a href='http:\/\/ski.inmontanis.info\/d\/205983-2\/DSC05639.jpg'><img src=http:\/\/ski.inmontanis.info\/d\/205981-3\/DSC05639.jpg \/><\/a><br \/>\n^ Pistenplan. Auff\u00e4llig: Lift 15 ist nur ein SL, trotz Verbindungsfunktion.<\/p>\n<p><a href='http:\/\/ski.inmontanis.info\/d\/205987-2\/DSC05641.jpg'><img src=http:\/\/ski.inmontanis.info\/d\/205986-3\/DSC05641.jpg \/><\/a><br \/>\n^ 8EUB und Parkplatz<\/p>\n<p><a href='http:\/\/ski.inmontanis.info\/d\/205991-2\/DSC05644.jpg'><img src=http:\/\/ski.inmontanis.info\/d\/205990-3\/DSC05644.jpg \/><\/a><br \/>\n^ Parallel zur 8EUB sind kreuz und quer SL verteilt<\/p>\n<p><a href='http:\/\/ski.inmontanis.info\/d\/205995-2\/DSC05645.jpg'><img src=http:\/\/ski.inmontanis.info\/d\/205994-3\/DSC05645.jpg \/><\/a><br \/>\n^ Parkpl\u00e4tze an der 8EUB<\/p>\n<p><a href='http:\/\/ski.inmontanis.info\/d\/205999-2\/DSC05647.jpg'><img src=http:\/\/ski.inmontanis.info\/d\/205998-3\/DSC05647.jpg \/><\/a><br \/>\n^ 8EUB und ein weiterer Lift, der nur ein Teilst\u00fcck der 8EUB-Abfahrten erschlie\u00dft<\/p>\n<p><a href='http:\/\/ski.inmontanis.info\/d\/206003-2\/DSC05658.jpg'><img src=http:\/\/ski.inmontanis.info\/d\/206002-3\/DSC05658.jpg \/><\/a><br \/>\n^ Sehr ungew\u00f6hnlich im oberen Bereich die harte Trennung der Steinfarbe. Ich dachte ja, die w\u00e4ren angemalt, aber es ist tats\u00e4chlich Moos o.\u00e4.<\/p>\n<p><a href='http:\/\/ski.inmontanis.info\/d\/206007-2\/DSC05664.jpg'><img src=http:\/\/ski.inmontanis.info\/d\/206006-3\/DSC05664.jpg \/><\/a><br \/>\n^ Abfahrten 8EUB<\/p>\n<p><a href='http:\/\/ski.inmontanis.info\/d\/206011-2\/DSC05668.jpg'><img src=http:\/\/ski.inmontanis.info\/d\/206010-3\/DSC05668.jpg \/><\/a><br \/>\n^ 8EUB, SL und Ex-SL<\/p>\n<p><a href='http:\/\/ski.inmontanis.info\/d\/206015-2\/DSC05672.jpg'><img src=http:\/\/ski.inmontanis.info\/d\/206014-3\/DSC05672.jpg \/><\/a><br \/>\n^ Ein kleiner Rundweg um den Gipfel ist mit Geschichtstafeln des Gebiets versehen<\/p>\n<p><a href='http:\/\/ski.inmontanis.info\/d\/206019-2\/DSC05673.jpg'><img src=http:\/\/ski.inmontanis.info\/d\/206018-3\/DSC05673.jpg \/><\/a><br \/>\n^ Rundweg und Blick zum Verbindungs-SL<\/p>\n<p><a href='http:\/\/ski.inmontanis.info\/d\/206023-2\/DSC05680.jpg'><img src=http:\/\/ski.inmontanis.info\/d\/206022-3\/DSC05680.jpg \/><\/a><br \/>\n^ Blick zu einigen Liften auf der rechten Pistenplan-Seite<\/p>\n<p><a href='http:\/\/ski.inmontanis.info\/d\/206027-2\/DSC05681.jpg'><img src=http:\/\/ski.inmontanis.info\/d\/206026-3\/DSC05681.jpg \/><\/a><br \/>\n^ Gipfel mit 8EUB<\/p>\n<p><a href='http:\/\/ski.inmontanis.info\/d\/206031-2\/DSC05690.jpg'><img src=http:\/\/ski.inmontanis.info\/d\/206030-3\/DSC05690.jpg \/><\/a><br \/>\n^ 8EUB und Abfahrten und Talpano<\/p>\n<p><a href='http:\/\/ski.inmontanis.info\/d\/206035-2\/DSC05694.jpg'><img src=http:\/\/ski.inmontanis.info\/d\/206034-3\/DSC05694.jpg \/><\/a><br \/>\n^ Gipfel<\/p>\n<p><a href='http:\/\/ski.inmontanis.info\/d\/206039-2\/DSC05697.jpg'><img src=http:\/\/ski.inmontanis.info\/d\/206038-3\/DSC05697.jpg \/><\/a><br \/>\n^ 8EUB und Talpano<\/p>\n<p><a href='http:\/\/ski.inmontanis.info\/d\/206043-2\/DSC05701.jpg'><img src=http:\/\/ski.inmontanis.info\/d\/206042-3\/DSC05701.jpg \/><\/a><br \/>\n^ Diverse SL und die farbigen Steine<\/p>\n<p><a href='http:\/\/ski.inmontanis.info\/d\/206047-2\/DSC05706.jpg'><img src=http:\/\/ski.inmontanis.info\/d\/206046-3\/DSC05706.jpg \/><\/a><br \/>\n^ Diverse SL<\/p>\n<p><a href='http:\/\/ski.inmontanis.info\/d\/206051-2\/DSC05707.jpg'><img src=http:\/\/ski.inmontanis.info\/d\/206050-3\/DSC05707.jpg \/><\/a><br \/>\n^ Unterer Bereich 8EUB<\/p>\n<p><a href='http:\/\/ski.inmontanis.info\/d\/206055-2\/DSC05708.jpg'><img src=http:\/\/ski.inmontanis.info\/d\/206054-3\/DSC05708.jpg \/><\/a><br \/>\n^ Herbstpano<\/p>\n<p>Danach noch etwas Einkaufen in Finnland (g\u00fcnstiger als in NO\/SE, daher mehr Naschereien zur Auswahl), dann \u00fcber die Grenze nach Schweden in einen Frasses und endlich wieder einen leckeren Laxburger gegessen. Sooo schade, dass es das bei uns im McD oder BK nicht gibt.<\/p>\n<p><a href='http:\/\/extra.inmontanis.info\/d\/32013-2\/DSC05718.jpg'><img src=http:\/\/extra.inmontanis.info\/d\/32012-3\/DSC05718.jpg \/><\/a><br \/>\n^ Farbige Auflockerungen im Herbst<\/p>\n<p><a href='http:\/\/extra.inmontanis.info\/d\/32017-2\/DSC05728.jpg'><img src=http:\/\/extra.inmontanis.info\/d\/32016-3\/DSC05728.jpg \/><\/a><br \/>\n^ In Skandinavien gibt&#8217;s fast nichts, was es nicht auch mit Lakritz gibt. Hier: Himbeer-Lakritz-Kaugummi aus Finnland :-)<\/p>\n<p><a href='http:\/\/extra.inmontanis.info\/d\/32021-2\/IMG_1566.jpg'><img src=http:\/\/extra.inmontanis.info\/d\/32020-3\/IMG_1566.jpg \/><\/a><br \/>\n^ Typische Pommes-Pulver-Auswahl in Schweden. Salz, Paprika, K\u00e4se, Speck oder Sourcream&#038;Onion?<\/p>\n<p><a href='http:\/\/extra.inmontanis.info\/d\/32025-2\/IMG_1567.jpg'><img src=http:\/\/extra.inmontanis.info\/d\/32024-3\/IMG_1567.jpg \/><\/a><br \/>\n^ Leckerer Laxburger mit Pommes und Onion Rings im Frasses. Ich entschied mich auf den Pommes f\u00fcr das Bacon- und das Sourcream&amp;Onion &#8211; Pulver :)<\/p>\n<p><a href='http:\/\/extra.inmontanis.info\/d\/32029-2\/IMG_1568.jpg'><img src=http:\/\/extra.inmontanis.info\/d\/32028-3\/IMG_1568.jpg \/><\/a><br \/>\n^ Frasses Fastfoodkette. Ich kenn nur den Laxburger, da man so &#8216;was sonst ja nicht bekommt.<\/p>\n<p>Danach Wettercheck im Internet, Narvik heute Abend nun doch nicht mehr so wolkenlos, aber auch sonst nix wirklich astreines. Morgen generell  gr\u00f6\u00dftenteils bedeckt oder leichter Regen, au\u00dfer im Bereich Bod\u00f8-Lofoten-Vester\u00e5len. Freitag auch \u00fcberall eher bedeckt und leichter Regen. Also doch nochmal Narvik rauf, um morgen irgendwo an der K\u00fcste noch die letzten Sonnenstrahlen auszukosten? Macht doch irgendwie mehr Sinn, Umweg hin oder her&#8230; Auch wenn ich lieber noch 1-2 Tage in Finnland und Schweden verbracht h\u00e4tte und egtl. jetzt keine Lust mehr auf solche Umwege hab&#8230;<\/p>\n<p><a href='http:\/\/extra.inmontanis.info\/d\/32033-2\/DSC05731.jpg'><img src=http:\/\/extra.inmontanis.info\/d\/32032-3\/DSC05731.jpg \/><\/a><br \/>\n^ Ich hatte in NO und SE einige Baustellenbereiche, wo man in Kolonnen hinter einem F\u00fchrerfahrzeug f\u00e4hrt.<\/p>\n<p><a href='http:\/\/extra.inmontanis.info\/d\/32037-2\/DSC05733.jpg'><img src=http:\/\/extra.inmontanis.info\/d\/32036-3\/DSC05733.jpg \/><\/a><br \/>\n^ Leider heute in Schweden die falschen Stra\u00dfen gew\u00e4hlt. Kilometerweise Baustellen ohne Asphalt mit mal mehr mal weniger Schotter &#8211; tw. m\u00fchselig und langsam zu fahren.<\/p>\n<p><a href='http:\/\/extra.inmontanis.info\/d\/32041-2\/DSC05739.jpg'><img src=http:\/\/extra.inmontanis.info\/d\/32040-3\/DSC05739.jpg \/><\/a><br \/>\n^ Eine Stunde sp\u00e4ter, ohne wirklich viel bessere Stra\u00dfen &#8211; eher schlechter. So geht&#8217;s ja noch.<\/p>\n<p>Somit kam ich \u00fcber Kiruna und nochmal an Abisko vorbei. In Kiruna wollte ichzumindest nochmal eine Portion K\u00f6ttbulle in einem Sibylla mitnehmen.<\/p>\n<p><a href='http:\/\/extra.inmontanis.info\/d\/32045-2\/IMG_1570.jpg'><img src=http:\/\/extra.inmontanis.info\/d\/32044-3\/IMG_1570.jpg \/><\/a><br \/>\n^ K\u00f6ttbulle von Sibylla (mit Kartoffelp\u00fcree und Preiselbeeren)<\/p>\n<p>Was mir hier schon \u00f6fters aufgefallen ist im hohen Norden, nicht nur in Kiruna und nicht nur in Schweden, auch in Norwegen, der zum Teil gro\u00dfe Anteil an auch dunkelh\u00e4utigen Ausl\u00e4ndern (im Vgl. zum restlichen Skandinavien) &#8211; wie das wohl kommen mag?<\/p>\n<p>Danach wollte ich noch in Kiruna meinen Gro\u00dfeinkauf t\u00e4tigen &#8211; sowohl ICA wie auch Coop hatten beide kein gratis Kunden-WC (was bei den vielen herumlungernden Ausl\u00e4ndern \/ Bettlern etc. auch nicht weiter verwunderlich ist). Somit konnte und wollte ich meinen Gro\u00dfeinkauf hier nicht mehr machen. Nur Cola gekauft und lange an der Kasse gewartet. Muss ich halt die Woche nochmal nach Schweden. Das Tanken war nicht viel besser, bei der ersten ging mal wieder die Zapfs\u00e4ule nicht, bei der zweiten ging sie zwar, aber beim bezahlen mit Kreditkarte musste ich einen Ausweis vorzeigen (sollte mir die n\u00e4chsten Tage noch \u00f6fters, wenn auch nicht regelm\u00e4\u00dfig passieren) &#8211; also wieder ins Auto und selbigen holen, Mann! Und WC besetzt oder generell zu. Also Kiruna ist in meiner Liste der unbeliebtesten St\u00e4dte nun ganz weit oben und ich werd das in Zukunft ignorieren und versuchen, hier weder nochmal tanken noch einkaufen zu m\u00fcssen. Soll die Stadt doch im Boden versinken, mir wurscht. (Die Gefahr gibt&#8217;s aufgrund der vielen Minen \u00fcbrigens tats\u00e4chlich.)<\/p>\n<p>Oberhalb von Narvik nochmal die bl\u00f6de Mautstation f\u00fcr die neue Br\u00fccke \u00fcberqueren m\u00fcssen und weiter auf die Lofoten, Ziel f\u00fcr heute Abend war der Raftsundet, leider doch nicht so viel Nordlichtaktivit\u00e4t gewesen. Nachdem ich auf einem Bild ein helles Licht weiter hinten im Fjord erblickte, hatte ich mir gedacht, dass das die Hurtigruten sein k\u00f6nnte (von vor 2 Jahren hatte ich noch ungef\u00e4hr im Kopf, dass sie in die eine Richtung am Nachmittag und in die andere Richtung gegen Mitternacht vorbeif\u00e4hrt), also wartete ich noch fast eine Stunde, bis sie vorbei fuhr.<\/p>\n<p><a href='http:\/\/extra.inmontanis.info\/d\/32049-2\/DSC05754.jpg'><img src=http:\/\/extra.inmontanis.info\/d\/32048-3\/DSC05754.jpg \/><\/a><br \/>\n^ E10 \/ Br\u00fccke Tjeldsund (8sek)<\/p>\n<p><a href='http:\/\/extra.inmontanis.info\/d\/32053-2\/DSC05760.jpg'><img src=http:\/\/extra.inmontanis.info\/d\/32052-3\/DSC05760.jpg \/><\/a><br \/>\n^ 21 Uhr, E10 \/ Tjeldsund &#8211; leider nichts gr\u00fcnes am Himmel :-( (13sek)<\/p>\n<p><a href='http:\/\/extra.inmontanis.info\/d\/31969-2\/DSC05763.jpg'><img src=http:\/\/extra.inmontanis.info\/d\/31968-3\/DSC05763.jpg \/><\/a><br \/>\n^ 22:32 Uhr &#8211; ein wenig Gr\u00fcn (10 sek)<\/p>\n<p><a href='http:\/\/extra.inmontanis.info\/d\/31973-2\/DSC05766.jpg'><img src=http:\/\/extra.inmontanis.info\/d\/31972-3\/DSC05766.jpg \/><\/a><br \/>\n^ Raftsundet (10 sek)<\/p>\n<p><a href='http:\/\/extra.inmontanis.info\/d\/31977-2\/DSC05771.jpg'><img src=http:\/\/extra.inmontanis.info\/d\/31976-3\/DSC05771.jpg \/><\/a><br \/>\n^ 22:47 &#8211; Raftsundet &#8211; war ja klar, die Polarlichter sind mal wieder genau \u00fcber den Wolkenschleiern (und nebenbei viel zu schwach). (15 sek)<\/p>\n<p><a href='http:\/\/extra.inmontanis.info\/d\/31981-2\/DSC05772.jpg'><img src=http:\/\/extra.inmontanis.info\/d\/31980-3\/DSC05772.jpg \/><\/a><br \/>\n^ 22:48 Uhr (15 sek)<\/p>\n<p><a href='http:\/\/extra.inmontanis.info\/d\/31985-2\/DSC05791.jpg'><img src=http:\/\/extra.inmontanis.info\/d\/31984-3\/DSC05791.jpg \/><\/a><br \/>\n^ 23:31 Uhr, Raftsundet, mit Hurtigruten (15 sek) &#8211; leider nach wie vor die Wolkenschleier am falschen Platz<\/p>\n<p><a href='http:\/\/extra.inmontanis.info\/d\/31989-2\/DSC05793.jpg'><img src=http:\/\/extra.inmontanis.info\/d\/31988-3\/DSC05793.jpg \/><\/a><br \/>\n^ 23:33 Uhr, Raftsundet, mit Hurtigruten (20 sek) und leider geringer Nordlichtaktivit\u00e4t<\/p>\n<p><a href='http:\/\/extra.inmontanis.info\/d\/31993-2\/DSC05794.jpg'><img src=http:\/\/extra.inmontanis.info\/d\/31992-3\/DSC05794.jpg \/><\/a><br \/>\n^ 23:35 Uhr, Raftsundet, mit Hurtigruten (30 sek)<\/p>\n<p><a href='http:\/\/extra.inmontanis.info\/d\/31997-2\/DSC05798.jpg'><img src=http:\/\/extra.inmontanis.info\/d\/31996-3\/DSC05798.jpg \/><\/a><br \/>\n^ 0:28 Uhr \/ n\u00e4he Sanden (15 sek)<\/p>\n<p><a href='http:\/\/extra.inmontanis.info\/d\/32001-2\/DSC05800.jpg'><img src=http:\/\/extra.inmontanis.info\/d\/32000-3\/DSC05800.jpg \/><\/a><br \/>\n^ 0:53 Uhr (13 sek)<\/p>\n<p><a href='http:\/\/extra.inmontanis.info\/d\/32005-2\/DSC05802.jpg'><img src=http:\/\/extra.inmontanis.info\/d\/32004-3\/DSC05802.jpg \/><\/a><br \/>\n^ 01:07 Uhr &#8211; Lofoten &#8211; Hadselfjord &#8211; Vesteralen (13 sek)<\/p>\n<p><a href='http:\/\/extra.inmontanis.info\/d\/32009-2\/DSC05805.jpg'><img src=http:\/\/extra.inmontanis.info\/d\/32008-3\/DSC05805.jpg \/><\/a><br \/>\n^ 01:10 Uhr &#8211; n\u00e4he Straumnes (30 sek) &#8211; und mein letztes Nordlichtfoto dieses Urlaubs, am n\u00e4chsten Tag hatte ich n\u00e4mlich abends kein Gl\u00fcck mehr mit dem Himmelswetter. Aber heute war&#8217;s auch nicht so besonders.<\/p>\n<p>(Fortsetzung folgt.)<\/p>\n","protected":false},"excerpt":{"rendered":"<p>Mi, 16.9.2015 &#8211; Tag 13 &#8211; km 8.382 (Diff. 668 km) &#8211; Yll\u00e4s &#8211; Lofoten<\/p>\n<p>Ich wei\u00df nicht mehr, ob es heute oder gestern war, aber die Strecken in Nordfinnland und Nordschweden sind schon sehr einsam. Hab an einer Strecke mal aufgepasst, 100 km\/h im Tempomat (keine Ortsdurchfahrten mit geringerer Geschwindigkeit) f\u00fcr 63 km bei <a href=\"http:\/\/blog.inmontanis.info\/?p=3510\">[&#8230;]<\/a><\/p>\n","protected":false},"author":1,"featured_media":0,"comment_status":"closed","ping_status":"closed","sticky":false,"template":"","format":"standard","meta":{"footnotes":""},"categories":[148,20,601,18,19],"tags":[53,100,37,96,45,47],"class_list":["post-3510","post","type-post","status-publish","format-standard","hentry","category-2015-09-skandinavischer-spatsommer","category-finnlandfinland","category-lofoten","category-norwegennorway","category-schwedensweden","tag-8eub","tag-langzeitbelichtung","tag-meer","tag-polarlicht","tag-see","tag-sl","odd"],"_links":{"self":[{"href":"http:\/\/blog.inmontanis.info\/index.php?rest_route=\/wp\/v2\/posts\/3510","targetHints":{"allow":["GET"]}}],"collection":[{"href":"http:\/\/blog.inmontanis.info\/index.php?rest_route=\/wp\/v2\/posts"}],"about":[{"href":"http:\/\/blog.inmontanis.info\/index.php?rest_route=\/wp\/v2\/types\/post"}],"author":[{"embeddable":true,"href":"http:\/\/blog.inmontanis.info\/index.php?rest_route=\/wp\/v2\/users\/1"}],"replies":[{"embeddable":true,"href":"http:\/\/blog.inmontanis.info\/index.php?rest_route=%2Fwp%2Fv2%2Fcomments&post=3510"}],"version-history":[{"count":3,"href":"http:\/\/blog.inmontanis.info\/index.php?rest_route=\/wp\/v2\/posts\/3510\/revisions"}],"predecessor-version":[{"id":5013,"href":"http:\/\/blog.inmontanis.info\/index.php?rest_route=\/wp\/v2\/posts\/3510\/revisions\/5013"}],"wp:attachment":[{"href":"http:\/\/blog.inmontanis.info\/index.php?rest_route=%2Fwp%2Fv2%2Fmedia&parent=3510"}],"wp:term":[{"taxonomy":"category","embeddable":true,"href":"http:\/\/blog.inmontanis.info\/index.php?rest_route=%2Fwp%2Fv2%2Fcategories&post=3510"},{"taxonomy":"post_tag","embeddable":true,"href":"http:\/\/blog.inmontanis.info\/index.php?rest_route=%2Fwp%2Fv2%2Ftags&post=3510"}],"curies":[{"name":"wp","href":"https:\/\/api.w.org\/{rel}","templated":true}]}}