{"id":3505,"date":"2015-09-15T23:53:42","date_gmt":"2015-09-15T21:53:42","guid":{"rendered":"http:\/\/blog.inmontanis.info\/?p=3505"},"modified":"2015-11-02T11:59:24","modified_gmt":"2015-11-02T10:59:24","slug":"3505","status":"publish","type":"post","link":"http:\/\/blog.inmontanis.info\/?p=3505","title":{"rendered":"Vard\u00f8, 15.9.2015"},"content":{"rendered":"<p><strong>Di, 15.9.2015 &#8211; Tag 12 &#8211; km 7.714 (Diff. 769 km)<\/strong> &#8211; Vard\u00f8<\/p>\n<p>Die vergangene Nacht verlief unruhig, da ich kalte F\u00fc\u00dfe hatte, trotz doppelt gewickelter Wolldecke IM Schlafsack! Das hatte im Fr\u00fchjahr und letzten Herbst doch immer gereicht? <\/p>\n<p>Der Osten Norwegens hat grob gesagt drei Enden, den n\u00f6rdlichen Teil  der russichen Grenze bis Jakobselv bin ich ja vor 2 Jahren nachts gefahren, den s\u00fcdlichen Teil an der russischen Grenze wollte ich auch noch irgendwann fahren, aber heute entschied ich mich f\u00fcr Vard\u00f8, norwegens \u00f6stlichstes Gebiet (vergleichbar weit \u00f6stlich wie Antalya oder Kiew!). Richtig interessant war aber dann erst die Stra\u00dfe weiter nach Hamningberg! (Nein, nicht Haimingerberg ;-) )<\/p>\n<p>(Fotos anklicken zum Vergr\u00f6\u00dfern)<\/p>\n<p><a href='http:\/\/extra.inmontanis.info\/d\/29665-3\/ge-201509route9.jpg'><img src=http:\/\/extra.inmontanis.info\/d\/29664-4\/ge-201509route9.jpg \/><\/a><br \/>\nFahrstrecke heute: Magenta mit<br \/>\nU) Vard\u00f8<br \/>\nV) Levi (Finnland)<\/p>\n<p><a href='http:\/\/extra.inmontanis.info\/d\/31921-2\/IMG_1559.jpg'><img src=http:\/\/extra.inmontanis.info\/d\/31920-3\/IMG_1559.jpg \/><\/a><br \/>\n^ Lecker Rollerburger zum Fr\u00fchst\u00fcck<\/p>\n<p><a href='http:\/\/extra.inmontanis.info\/d\/31925-2\/DSC05222.jpg'><img src=http:\/\/extra.inmontanis.info\/d\/31924-3\/DSC05222.jpg \/><\/a><br \/>\n^ E6\/E75 Tana bru<\/p>\n<p><a href='http:\/\/extra.inmontanis.info\/d\/31929-2\/DSC05230.jpg'><img src=http:\/\/extra.inmontanis.info\/d\/31928-3\/DSC05230.jpg \/><\/a><br \/>\n^ E75 \/ nahe Mortensnes<\/p>\n<p><a href='http:\/\/extra.inmontanis.info\/d\/31933-2\/DSC05237.jpg'><img src=http:\/\/extra.inmontanis.info\/d\/31932-3\/DSC05237.jpg \/><\/a><br \/>\n^ E75 \/ nahe Annijoki. Sackgasse, 128 km bis Hamningberg und dann notgedrungen das ganze  auch wieder zur\u00fcck &#8211; warum tu ich mir das nur an?<\/p>\n<p><a href='http:\/\/extra.inmontanis.info\/d\/31937-2\/DSC05242.jpg'><img src=http:\/\/extra.inmontanis.info\/d\/31936-3\/DSC05242.jpg \/><\/a><br \/>\n^ E75 \/ Varangerfjorden<\/p>\n<p><a href='http:\/\/extra.inmontanis.info\/d\/31941-2\/DSC05247.jpg'><img src=http:\/\/extra.inmontanis.info\/d\/31940-3\/DSC05247.jpg \/><\/a><br \/>\n^ E75 \/ Varangerfjorden<\/p>\n<p><a href='http:\/\/extra.inmontanis.info\/d\/31945-2\/DSC05261.jpg'><img src=http:\/\/extra.inmontanis.info\/d\/31944-3\/DSC05261.jpg \/><\/a><br \/>\n^ E75 \/ Vads\u00f8-Vard\u00f8, da vorne gab&#8217;s den ganzen Tag Filmaufnahmen vom NRK, zum Gl\u00fcck konnte ich jeweils ohne zu warten durchfahren<\/p>\n<p><a href='http:\/\/extra.inmontanis.info\/d\/31949-2\/DSC05271.jpg'><img src=http:\/\/extra.inmontanis.info\/d\/31948-3\/DSC05271.jpg \/><\/a><br \/>\n^ E75 \/ Vads\u00f8-Vard\u00f8. Eine K\u00fcstenstra\u00dfe mit viel Blick auf&#8217;s Meer, aber trotzdem eher langweilig, da flach, keine Klippen etc.<\/p>\n<p><a href='http:\/\/extra.inmontanis.info\/d\/31721-2\/DSC05288.jpg'><img src=http:\/\/extra.inmontanis.info\/d\/31719-3\/DSC05288.jpg \/><\/a><br \/>\n^ E75 \/ Vard\u00f8, norwegens \u00f6stlichstes Gebiet. Liegt weit \u00f6stlich, vergleichbar mit St. Petersburg, Kiew\/Odessa und Antalya &#8211; hat aber unsere mitteleurop\u00e4ische Zeit.<\/p>\n<p><a href='http:\/\/extra.inmontanis.info\/d\/31725-2\/DSC05297.jpg'><img src=http:\/\/extra.inmontanis.info\/d\/31724-3\/DSC05297.jpg \/><\/a><br \/>\n^ Unter dem Meer geht&#8217;s durch den Vard\u00f8tunnel auf die Insel und ins Ortszentrum. <\/p>\n<p><a href='http:\/\/extra.inmontanis.info\/d\/31729-2\/DSC05298.jpg'><img src=http:\/\/extra.inmontanis.info\/d\/31728-3\/DSC05298.jpg \/><\/a><br \/>\n^ Vard\u00f8<\/p>\n<p><a href='http:\/\/extra.inmontanis.info\/d\/31733-2\/DSC05302.jpg'><img src=http:\/\/extra.inmontanis.info\/d\/31732-3\/DSC05302.jpg \/><\/a><br \/>\n^ Vard\u00f8<\/p>\n<p><a href='http:\/\/extra.inmontanis.info\/d\/31737-2\/DSC05305.jpg'><img src=http:\/\/extra.inmontanis.info\/d\/31736-3\/DSC05305.jpg \/><\/a><br \/>\n^ Vard\u00f8 Kino<\/p>\n<p><a href='http:\/\/extra.inmontanis.info\/d\/31741-2\/DSC05306.jpg'><img src=http:\/\/extra.inmontanis.info\/d\/31740-3\/DSC05306.jpg \/><\/a><br \/>\n^ Vard\u00f8, lecker Kringel (Donuts oder zumindest so \u00e4hnlich) in 3 verschiedenen Geschmacksrichtungen (natur, Zucker, Schokolade, jeweils 2 gekauft), war gut besucht, sah mir also nicht so aus, als ob der jeden Tag hier w\u00e4re. <\/p>\n<p><a href='http:\/\/extra.inmontanis.info\/d\/31745-2\/DSC05307.jpg'><img src=http:\/\/extra.inmontanis.info\/d\/31744-3\/DSC05307.jpg \/><\/a><br \/>\n^ Altes Fort in Vard\u00f8<\/p>\n<p><a href='http:\/\/extra.inmontanis.info\/d\/31749-2\/DSC05308.jpg'><img src=http:\/\/extra.inmontanis.info\/d\/31748-3\/DSC05308.jpg \/><\/a><br \/>\n^ Stern-Fort, angeblich die n\u00f6rdlichste Festung der Welt<\/p>\n<p><a href='http:\/\/extra.inmontanis.info\/d\/31753-2\/DSC05309.jpg'><img src=http:\/\/extra.inmontanis.info\/d\/31752-3\/DSC05309.jpg \/><\/a><br \/>\n^ <\/p>\n<p><a href='http:\/\/extra.inmontanis.info\/d\/31757-2\/DSC05314.jpg'><img src=http:\/\/extra.inmontanis.info\/d\/31756-3\/DSC05314.jpg \/><\/a><br \/>\n^ Jetzt in der Nachsaison ist der Souveniershop nicht besetzt, also wirft man sein Eintrittsgeld einfach in den Briefkasten. Der Umrechnungskurs passt aber gar nicht ;)<\/p>\n<p><a href='http:\/\/extra.inmontanis.info\/d\/31761-2\/DSC05318.jpg'><img src=http:\/\/extra.inmontanis.info\/d\/31760-3\/DSC05318.jpg \/><\/a><br \/>\n^ <\/p>\n<p><a href='http:\/\/extra.inmontanis.info\/d\/31765-2\/DSC05321.jpg'><img src=http:\/\/extra.inmontanis.info\/d\/31764-3\/DSC05321.jpg \/><\/a><br \/>\n^ Einige H\u00e4user wurden gerade renoviert, gut m\u00f6glich, dass man im Sommer mehr anschauen kann. Bei mir war nur das Haus da gegen\u00fcber mit 3 Eing\u00e4ngen und rechts as rote im Erdgeschoss ge\u00f6ffnet.<\/p>\n<p><a href='http:\/\/extra.inmontanis.info\/d\/31769-2\/DSC05330.jpg'><img src=http:\/\/extra.inmontanis.info\/d\/31768-3\/DSC05330.jpg \/><\/a><br \/>\n^ <\/p>\n<p><a href='http:\/\/extra.inmontanis.info\/d\/31773-2\/DSC05332.jpg'><img src=http:\/\/extra.inmontanis.info\/d\/31772-3\/DSC05332.jpg \/><\/a><br \/>\n^ <\/p>\n<p><a href='http:\/\/extra.inmontanis.info\/d\/31777-2\/DSC05341.jpg'><img src=http:\/\/extra.inmontanis.info\/d\/31776-3\/DSC05341.jpg \/><\/a><br \/>\n^ <\/p>\n<p><a href='http:\/\/extra.inmontanis.info\/d\/31781-2\/DSC05346.jpg'><img src=http:\/\/extra.inmontanis.info\/d\/31780-3\/DSC05346.jpg \/><\/a><br \/>\n^ <\/p>\n<p><a href='http:\/\/extra.inmontanis.info\/d\/31785-2\/DSC05348.jpg'><img src=http:\/\/extra.inmontanis.info\/d\/31784-3\/DSC05348.jpg \/><\/a><br \/>\n^ <\/p>\n<p><a href='http:\/\/extra.inmontanis.info\/d\/31789-2\/DSC05352.jpg'><img src=http:\/\/extra.inmontanis.info\/d\/31788-3\/DSC05352.jpg \/><\/a><br \/>\n^ <\/p>\n<p><a href='http:\/\/extra.inmontanis.info\/d\/31793-2\/DSC05355.jpg'><img src=http:\/\/extra.inmontanis.info\/d\/31792-3\/DSC05355.jpg \/><\/a><br \/>\n^ <\/p>\n<p><a href='http:\/\/extra.inmontanis.info\/d\/31797-2\/DSC05356.jpg'><img src=http:\/\/extra.inmontanis.info\/d\/31796-3\/DSC05356.jpg \/><\/a><br \/>\n^ <\/p>\n<p><a href='http:\/\/extra.inmontanis.info\/d\/31801-2\/DSC05360.jpg'><img src=http:\/\/extra.inmontanis.info\/d\/31800-3\/DSC05360.jpg \/><\/a><br \/>\n^ Sehr verwirrend, die unterschiedlichen Zahlen &#8230;<\/p>\n<p><a href='http:\/\/extra.inmontanis.info\/d\/31805-2\/DSC05365.jpg'><img src=http:\/\/extra.inmontanis.info\/d\/31804-3\/DSC05365.jpg \/><\/a><br \/>\n^ Kraftsuppe und Kakeblokker &#8230;<\/p>\n<p><a href='http:\/\/extra.inmontanis.info\/d\/31809-2\/DSC05367.jpg'><img src=http:\/\/extra.inmontanis.info\/d\/31808-3\/DSC05367.jpg \/><\/a><br \/>\n^ <\/p>\n<p><a href='http:\/\/extra.inmontanis.info\/d\/31813-2\/DSC05370.jpg'><img src=http:\/\/extra.inmontanis.info\/d\/31812-3\/DSC05370.jpg \/><\/a><br \/>\n^ K\u00f6nigsbalken, K\u00f6nig Christian IV., anno 1599<\/p>\n<p><a href='http:\/\/extra.inmontanis.info\/d\/31817-2\/DSC05380.jpg'><img src=http:\/\/extra.inmontanis.info\/d\/31816-3\/DSC05380.jpg \/><\/a><br \/>\n^ Nachdem die E75 bis Vard\u00f8 eher unspektakul\u00e4r war, ist die Stra\u00dfe von Vard\u00f8 nach Hamningberg umso genialer!<\/p>\n<p><a href='http:\/\/extra.inmontanis.info\/d\/31821-2\/DSC05385.jpg'><img src=http:\/\/extra.inmontanis.info\/d\/31820-3\/DSC05385.jpg \/><\/a><br \/>\n^ Vard\u00f8-Hamningberg<\/p>\n<p><a href='http:\/\/extra.inmontanis.info\/d\/31825-2\/DSC05389.jpg'><img src=http:\/\/extra.inmontanis.info\/d\/31824-3\/DSC05389.jpg \/><\/a><br \/>\n^ Vard\u00f8-Hamningberg. Kurios ist, dass in diesem Abschnitt sehr viele (Ferien-) H\u00e4user sind.<\/p>\n<p><a href='http:\/\/extra.inmontanis.info\/d\/31829-2\/DSC05393.jpg'><img src=http:\/\/extra.inmontanis.info\/d\/31828-3\/DSC05393.jpg \/><\/a><br \/>\n^ Vard\u00f8-Hamningberg<\/p>\n<p><a href='http:\/\/extra.inmontanis.info\/d\/31833-2\/DSC05401.jpg'><img src=http:\/\/extra.inmontanis.info\/d\/31832-3\/DSC05401.jpg \/><\/a><br \/>\n^ Vard\u00f8-Hamningberg<\/p>\n<p><a href='http:\/\/extra.inmontanis.info\/d\/31837-2\/DSC05410.jpg'><img src=http:\/\/extra.inmontanis.info\/d\/31836-3\/DSC05410.jpg \/><\/a><br \/>\n^ Vard\u00f8-Hamningberg<\/p>\n<p><a href='http:\/\/extra.inmontanis.info\/d\/31841-2\/DSC05424.jpg'><img src=http:\/\/extra.inmontanis.info\/d\/31840-3\/DSC05424.jpg \/><\/a><br \/>\n^ Vard\u00f8-Hamningberg<\/p>\n<p><a href='http:\/\/extra.inmontanis.info\/d\/31845-2\/DSC05428.jpg'><img src=http:\/\/extra.inmontanis.info\/d\/31844-3\/DSC05428.jpg \/><\/a><br \/>\n^ Vard\u00f8-Hamningberg<\/p>\n<p><a href='http:\/\/extra.inmontanis.info\/d\/31849-2\/DSC05429.jpg'><img src=http:\/\/extra.inmontanis.info\/d\/31848-3\/DSC05429.jpg \/><\/a><br \/>\n^ Vard\u00f8-Hamningberg<\/p>\n<p><a href='http:\/\/extra.inmontanis.info\/d\/29529-3\/DSC05433.jpg'><img src=http:\/\/extra.inmontanis.info\/d\/29528-4\/DSC05433.jpg \/><\/a><br \/>\n^ Vard\u00f8-Hamningberg<\/p>\n<p><a href='http:\/\/extra.inmontanis.info\/d\/31853-2\/DSC05442.jpg'><img src=http:\/\/extra.inmontanis.info\/d\/31852-3\/DSC05442.jpg \/><\/a><br \/>\n^ Vard\u00f8-Hamningberg<\/p>\n<p><a href='http:\/\/extra.inmontanis.info\/d\/31857-2\/DSC05447.jpg'><img src=http:\/\/extra.inmontanis.info\/d\/31856-3\/DSC05447.jpg \/><\/a><br \/>\n^ Hamningberg<\/p>\n<p><a href='http:\/\/extra.inmontanis.info\/d\/31861-2\/DSC05449.jpg'><img src=http:\/\/extra.inmontanis.info\/d\/31860-3\/DSC05449.jpg \/><\/a><br \/>\n^ Hamningberg<\/p>\n<p><a href='http:\/\/extra.inmontanis.info\/d\/31865-2\/DSC02416.jpg'><img src=http:\/\/extra.inmontanis.info\/d\/31864-3\/DSC02416.jpg \/><\/a><br \/>\n^ Infrarot<\/p>\n<p><a href='http:\/\/extra.inmontanis.info\/d\/31869-2\/DSC05452.jpg'><img src=http:\/\/extra.inmontanis.info\/d\/31868-3\/DSC05452.jpg \/><\/a><br \/>\n^ Hamningberg, alte Schiffsanlegestelle. Evtl. aus dem 2. WK?<\/p>\n<p><a href='http:\/\/extra.inmontanis.info\/d\/31873-2\/DSC05453.jpg'><img src=http:\/\/extra.inmontanis.info\/d\/31872-3\/DSC05453.jpg \/><\/a><br \/>\n^ Hamningberg<\/p>\n<p><a href='http:\/\/extra.inmontanis.info\/d\/31877-2\/DSC05458.jpg'><img src=http:\/\/extra.inmontanis.info\/d\/31876-3\/DSC05458.jpg \/><\/a><br \/>\n^ Hamningberg<\/p>\n<p><a href='http:\/\/extra.inmontanis.info\/d\/31881-2\/DSC05459.jpg'><img src=http:\/\/extra.inmontanis.info\/d\/31880-3\/DSC05459.jpg \/><\/a><br \/>\n^ .. zumindest steht unweit daneben ein altes halbverfallenes Haus mit einem Schie\u00dfstand wie andere in NO aus dem WK2<\/p>\n<p><a href='http:\/\/extra.inmontanis.info\/d\/31885-2\/DSC05461.jpg'><img src=http:\/\/extra.inmontanis.info\/d\/31884-3\/DSC05461.jpg \/><\/a><br \/>\n^ links das Haus, rechts der alte Hafen<\/p>\n<p><a href='http:\/\/extra.inmontanis.info\/d\/31889-2\/DSC05463.jpg'><img src=http:\/\/extra.inmontanis.info\/d\/31888-3\/DSC05463.jpg \/><\/a><br \/>\n^ Und dann das n\u00e4chste Kuriosum. Quasi rechteckige Felder mit solchen runden Felsen. Wieso \/ was ist das denn?<\/p>\n<p><a href='http:\/\/extra.inmontanis.info\/d\/31893-2\/DSC05467.jpg'><img src=http:\/\/extra.inmontanis.info\/d\/31892-3\/DSC05467.jpg \/><\/a><br \/>\n^ Hamningberg<\/p>\n<p><a href='http:\/\/extra.inmontanis.info\/d\/31897-2\/DSC05472.jpg'><img src=http:\/\/extra.inmontanis.info\/d\/31896-3\/DSC05472.jpg \/><\/a><br \/>\n^ Hamningberg<\/p>\n<p>So, ab sofort bin ich auf dem Heimweg. \u00dcber 3800 km von hier aus &#8211; ohne Umwege. Retour zog sich die heutige Fahrerei wie bef\u00fcrchtet aber extrem. Dazu kam ein sehr schlechter Stra\u00dfenzustand (E75), obwohl die Stra\u00dfen gut ausschauen, sind sie extrem unruhig und ein dauerndes Gewackel. Ich h\u00e4tte ein paar Stellen gefilmt, falls noch jemand ungl\u00e4ubiges Interesse hat. Teilweise bin ich nur noch 50 gefahren und hab an jeder Mulde noch mehr abgebremst, da ich es meinem Kopf nicht mehr zumuten konnte&#8230;<\/p>\n<p><a href='http:\/\/extra.inmontanis.info\/d\/31901-2\/DSC05478.jpg'><img src=http:\/\/extra.inmontanis.info\/d\/31900-3\/DSC05478.jpg \/><\/a><br \/>\n^ Vard\u00f8-Hamningberg, alte Br\u00fcckenfundamente<\/p>\n<p><a href='http:\/\/extra.inmontanis.info\/d\/31905-2\/DSC05484.jpg'><img src=http:\/\/extra.inmontanis.info\/d\/31904-3\/DSC05484.jpg \/><\/a><br \/>\n^ Vard\u00f8-Hamningberg<\/p>\n<p><a href='http:\/\/extra.inmontanis.info\/d\/31909-2\/DSC05506.jpg'><img src=http:\/\/extra.inmontanis.info\/d\/31908-3\/DSC05506.jpg \/><\/a><br \/>\n^ Vard\u00f8-Hamningberg<\/p>\n<p><a href='http:\/\/extra.inmontanis.info\/d\/31913-2\/DSC05515.jpg'><img src=http:\/\/extra.inmontanis.info\/d\/31912-3\/DSC05515.jpg \/><\/a><br \/>\n^ Vard\u00f8-Hamningberg<\/p>\n<p><a href='http:\/\/extra.inmontanis.info\/d\/31917-2\/DSC05517.jpg'><img src=http:\/\/extra.inmontanis.info\/d\/31916-3\/DSC05517.jpg \/><\/a><br \/>\n^ Vard\u00f8-Hamningberg<\/p>\n<p><a href='http:\/\/extra.inmontanis.info\/d\/31953-2\/DSC05563.jpg'><img src=http:\/\/extra.inmontanis.info\/d\/31952-3\/DSC05563.jpg \/><\/a><br \/>\n^ E75 \/ Gut m\u00f6glich, dass die K\u00fcste da hinten teilweise oder gro\u00dfteils oder ausschlie\u00dflich bereits Russland ist.<\/p>\n<p><a href='http:\/\/extra.inmontanis.info\/d\/31957-2\/DSC05573.jpg'><img src=http:\/\/extra.inmontanis.info\/d\/31956-3\/DSC05573.jpg \/><\/a><br \/>\n^ E75 \/ Varangerfjorden<\/p>\n<p><a href='http:\/\/extra.inmontanis.info\/d\/31961-2\/DSC05592.jpg'><img src=http:\/\/extra.inmontanis.info\/d\/31960-3\/DSC05592.jpg \/><\/a><br \/>\n^ E75 \/ Varangerfjorden<\/p>\n<p>Am fr\u00fchen Abend, immer noch auf dem R\u00fcckweg der heute vormittag gefahrenen Strecke, ein Wetter-Check im Internet. Yll\u00e4s f\u00fcr morgen bis Mittag brauchbar, abends nirgendwo in FI\/SE in der Gegend klares Wetter vorhergesagt, daher spasseshalber Narvik eingegeben &#8211; Sonne und nachts klar! Menno, muss ich jetzt nochmal bis nach Narvik rauffahren? Ich wollte doch gem\u00fctlich durch FI und SE weiter nach S\u00fcden zur\u00fcck, endlich mal wieder etwas mehr Zeit haben, Bilder von der Cam runterladen, evtl. am DO oder FR die PB in Aare fahren, wenns Wetter passt &#8230;.  und egtl. hab ich doch jetzt auch genug Polarlichter gesehen, oder?<\/p>\n<p>Andererseits, wenn man schon mal hier oben ist &#8211; und Zeit hab ich ja egtl. auch noch und so lang f\u00e4hrt man ja nicht &#8230;  <\/p>\n<p>Nach dem Rollerburger in der fr\u00fch und einem Bernerw\u00fcrstelhotdog im Tagesverlauf kam ich abends in Finnland zum tanken (ca. gleich teuer, sp\u00e4ter sogar teurer als in NO, ungew\u00f6hnlich) und zu einem kleinen Imbiss-Restaurant daneben. Da das Rentier-Kebap mit Salat+Pommes nur 9,50 \u20ac bzw. nur 3,- teurer als das normale war, probierte ich das. Schmeckte relativ neutral, also eher richtung Rind, aber schw\u00e4cher. D\u00fcrfte aber, wie Kebap in Norwegen meistens, eher p\u00fcriertes Fleisch gewesen sein. <\/p>\n<p><a href='http:\/\/extra.inmontanis.info\/d\/31965-2\/IMG_1565.jpg'><img src=http:\/\/extra.inmontanis.info\/d\/31964-3\/IMG_1565.jpg \/><\/a><br \/>\n^ Rentierkebap, leider mein einziges Rentierfleisch in diesem Urlaub<\/p>\n<p>Weiter ging&#8217;s noch bis ins Skigebiet Levi wg. Nordlichtern und weil ich von meinem Winterbesuch wusste, dass es eine Stra\u00dfe gibt, die relativ weit ins Skigebiet hinauff\u00fchrt. Auf dem Weg und auch dort wurde es aber wieder recht kalt, teilweise nur noch 3\u00b0 auf dem Auto-Au\u00dfenthermometer und sp\u00e4testens oben im Skigebiet war auch noch ein kalter Wind. <\/p>\n<p><a href='http:\/\/extra.inmontanis.info\/d\/31663-2\/DSC05614.jpg'><img src=http:\/\/extra.inmontanis.info\/d\/31662-3\/DSC05614.jpg \/><\/a><br \/>\n^ 22:11 Uhr &#8211; endlich ein bisschen Gr\u00fcn am Himmel (15 sek)<\/p>\n<p><a href='http:\/\/extra.inmontanis.info\/d\/31667-2\/DSC05616.jpg'><img src=http:\/\/extra.inmontanis.info\/d\/31666-3\/DSC05616.jpg \/><\/a><br \/>\n^ 22:25 Uhr \/ S\u00fcdlich von Inari (Finnland). Auch ein Wolkenhimmel kann bei Polarlichtern mal ganz nett sein (15 sek)<\/p>\n<p><a href='http:\/\/extra.inmontanis.info\/d\/31671-2\/DSC05617.jpg'><img src=http:\/\/extra.inmontanis.info\/d\/31670-3\/DSC05617.jpg \/><\/a><br \/>\n^ 22:26 Uhr (15 sek)<\/p>\n<p><a href='http:\/\/extra.inmontanis.info\/d\/31675-2\/DSC05619.jpg'><img src=http:\/\/extra.inmontanis.info\/d\/31674-3\/DSC05619.jpg \/><\/a><br \/>\n^ 22:45 \/ Mit und ohne Wolken (15 sek)<\/p>\n<p><a href='http:\/\/extra.inmontanis.info\/d\/31679-2\/DSC05621.jpg'><img src=http:\/\/extra.inmontanis.info\/d\/31678-3\/DSC05621.jpg \/><\/a><br \/>\n^ Leider sind die Motive hier etwas eint\u00f6niger (15 sek)<\/p>\n<p><a href='http:\/\/extra.inmontanis.info\/d\/31683-2\/DSC05622.jpg'><img src=http:\/\/extra.inmontanis.info\/d\/31682-3\/DSC05622.jpg \/><\/a><br \/>\n^ 23:09 Uhr \/ Kein Bild f\u00fcr Rot-Gr\u00fcn-Blinde &#8230; (15 sek)<\/p>\n<p><a href='http:\/\/extra.inmontanis.info\/d\/31687-2\/DSC05623.jpg'><img src=http:\/\/extra.inmontanis.info\/d\/31686-3\/DSC05623.jpg \/><\/a><br \/>\n^ 0:59 Uhr \/ Levi (15 sek)<\/p>\n<p><a href='http:\/\/extra.inmontanis.info\/d\/31691-2\/DSC05624.jpg'><img src=http:\/\/extra.inmontanis.info\/d\/31690-3\/DSC05624.jpg \/><\/a><br \/>\n^ 01:00 Uhr \/ Auffahrt ins Skigebiet Levi (15 sek)<\/p>\n<p><a href='http:\/\/extra.inmontanis.info\/d\/31695-2\/DSC05625.jpg'><img src=http:\/\/extra.inmontanis.info\/d\/31694-3\/DSC05625.jpg \/><\/a><br \/>\n^ 01:05 Uhr \/ SL im Skigebiet Levi (15 sek)<\/p>\n<p><a href='http:\/\/extra.inmontanis.info\/d\/31699-2\/DSC05626.jpg'><img src=http:\/\/extra.inmontanis.info\/d\/31698-3\/DSC05626.jpg \/><\/a><br \/>\n^ 01:06 Uhr \/ 15 sek<\/p>\n<p><a href='http:\/\/extra.inmontanis.info\/d\/31703-2\/DSC05628.jpg'><img src=http:\/\/extra.inmontanis.info\/d\/31702-3\/DSC05628.jpg \/><\/a><br \/>\n^ 01:08 Uhr \/ 15 sek<\/p>\n<p><a href='http:\/\/extra.inmontanis.info\/d\/31707-2\/DSC05629.jpg'><img src=http:\/\/extra.inmontanis.info\/d\/31706-3\/DSC05629.jpg \/><\/a><br \/>\n^ 01:09 Uhr \/ Skigebiet Levi (15 sek)<\/p>\n<p><a href='http:\/\/extra.inmontanis.info\/d\/31711-2\/DSC05630.jpg'><img src=http:\/\/extra.inmontanis.info\/d\/31710-3\/DSC05630.jpg \/><\/a><br \/>\n^ 01:11 Uhr \/ Levi (15 sek)<\/p>\n<p><a href='http:\/\/extra.inmontanis.info\/d\/31715-2\/DSC05631.jpg'><img src=http:\/\/extra.inmontanis.info\/d\/31714-3\/DSC05631.jpg \/><\/a><br \/>\n^ 01:12 Uhr \/ SL im Skigebiet Levi (15 sek)<\/p>\n<p>Wenn es nicht so kalt und windig gewesen w\u00e4re, h\u00e4tte ich wohl noch weitere Nordlichtfotos gemacht, aber so hatte ich keine Lust mehr und war wieder einmal zu m\u00fcde. Bin wieder runtergefahren und hab an einem kleinen Parkplatz neben der Stra\u00dfe ein paar Kilometer weiter zum morgigen Ziel gehalten.<\/p>\n<p>(Fortsetzung folgt.)<\/p>\n","protected":false},"excerpt":{"rendered":"<p>Di, 15.9.2015 &#8211; Tag 12 &#8211; km 7.714 (Diff. 769 km) &#8211; Vard\u00f8<\/p>\n<p>Die vergangene Nacht verlief unruhig, da ich kalte F\u00fc\u00dfe hatte, trotz doppelt gewickelter Wolldecke IM Schlafsack! Das hatte im Fr\u00fchjahr und letzten Herbst doch immer gereicht? <\/p>\n<p>Der Osten Norwegens hat grob gesagt drei Enden, den n\u00f6rdlichen Teil der russichen Grenze bis <a href=\"http:\/\/blog.inmontanis.info\/?p=3505\">[&#8230;]<\/a><\/p>\n","protected":false},"author":1,"featured_media":0,"comment_status":"closed","ping_status":"closed","sticky":false,"template":"","format":"standard","meta":{"footnotes":""},"categories":[148,20,18],"tags":[90,100,37,96,47],"class_list":["post-3505","post","type-post","status-publish","format-standard","hentry","category-2015-09-skandinavischer-spatsommer","category-finnlandfinland","category-norwegennorway","tag-infrarot","tag-langzeitbelichtung","tag-meer","tag-polarlicht","tag-sl","odd"],"_links":{"self":[{"href":"http:\/\/blog.inmontanis.info\/index.php?rest_route=\/wp\/v2\/posts\/3505","targetHints":{"allow":["GET"]}}],"collection":[{"href":"http:\/\/blog.inmontanis.info\/index.php?rest_route=\/wp\/v2\/posts"}],"about":[{"href":"http:\/\/blog.inmontanis.info\/index.php?rest_route=\/wp\/v2\/types\/post"}],"author":[{"embeddable":true,"href":"http:\/\/blog.inmontanis.info\/index.php?rest_route=\/wp\/v2\/users\/1"}],"replies":[{"embeddable":true,"href":"http:\/\/blog.inmontanis.info\/index.php?rest_route=%2Fwp%2Fv2%2Fcomments&post=3505"}],"version-history":[{"count":3,"href":"http:\/\/blog.inmontanis.info\/index.php?rest_route=\/wp\/v2\/posts\/3505\/revisions"}],"predecessor-version":[{"id":3508,"href":"http:\/\/blog.inmontanis.info\/index.php?rest_route=\/wp\/v2\/posts\/3505\/revisions\/3508"}],"wp:attachment":[{"href":"http:\/\/blog.inmontanis.info\/index.php?rest_route=%2Fwp%2Fv2%2Fmedia&parent=3505"}],"wp:term":[{"taxonomy":"category","embeddable":true,"href":"http:\/\/blog.inmontanis.info\/index.php?rest_route=%2Fwp%2Fv2%2Fcategories&post=3505"},{"taxonomy":"post_tag","embeddable":true,"href":"http:\/\/blog.inmontanis.info\/index.php?rest_route=%2Fwp%2Fv2%2Ftags&post=3505"}],"curies":[{"name":"wp","href":"https:\/\/api.w.org\/{rel}","templated":true}]}}