{"id":3502,"date":"2015-09-14T23:27:30","date_gmt":"2015-09-14T21:27:30","guid":{"rendered":"http:\/\/blog.inmontanis.info\/?p=3502"},"modified":"2018-05-25T17:34:52","modified_gmt":"2018-05-25T15:34:52","slug":"nordkapp-14-9-2015","status":"publish","type":"post","link":"http:\/\/blog.inmontanis.info\/?p=3502","title":{"rendered":"Nordkapp, 14.9.2015"},"content":{"rendered":"<p><strong>Mo, 14.9.2015 &#8211; Tag 11 &#8211; km 6.945 (Diff. 611 km)<\/strong> &#8211; Nordkapp<\/p>\n<p>Der Tag begann erst mal nervig, weil auf dem Parkplatz, wo ich \u00fcbernachtete, pl\u00f6tzlich ein LKW-K\u00fchlanh\u00e4nger stand. Und K\u00fchlaggregate sind so ziemlich das nervigste, was man beim Schlafen im Auto haben kann, da sie recht laut, aber nicht durchg\u00e4ngig in Betrieb sind.<\/p>\n<p>Wettervorhersagenm\u00e4\u00dfig w\u00fcrde ich wohl zu sp\u00e4t f\u00fcr Sonnenschein am Nordkapp kommen, aber den Wettervorhersagen der letzten Wochen nach ist Sonne am Nordkapp wohl eh recht selten zu dieser Jahreszeit, muss man halt nehmen, wie&#8217;s kommt. W\u00e4hrend der Fahrt den Porsangerfjord hinauf war jedenfalls bester Sonnenschein und die Stra\u00dfe hier war super, also selbst wenn das Nordkapp total bl\u00f6d w\u00e4re, die Stra\u00dfe hier rauf ist jedenfalls lohnenswert. Allerdings mit um oder \u00fcber 100 km auch eine recht langwierige Angelegenheit, die man auch wieder zur\u00fcck fahren muss. <\/p>\n<p>(Fotos anklicken zum Vergr\u00f6\u00dfern)<\/p>\n<p><a href='http:\/\/extra.inmontanis.info\/d\/29665-3\/ge-201509route9.jpg'><img src=http:\/\/extra.inmontanis.info\/d\/29664-4\/ge-201509route9.jpg \/><\/a><br \/>\nFahrstrecke heute: T\u00fcrkis mit<br \/>\nT) Nordkapp<\/p>\n<p><a href='http:\/\/extra.inmontanis.info\/d\/31635-2\/DSC04689.jpg'><img src=http:\/\/extra.inmontanis.info\/d\/31634-3\/DSC04689.jpg \/><\/a><br \/>\n^ E6 n\u00e4he Skaidi<\/p>\n<p><a href='http:\/\/extra.inmontanis.info\/d\/31347-2\/DSC04696.jpg'><img src=http:\/\/extra.inmontanis.info\/d\/31345-3\/DSC04696.jpg \/><\/a><br \/>\n^ E69 \/ Porsangerfjord. Bis zum Nordkapp muss man selbigen gut 100 km entlang fahren<\/p>\n<p><a href='http:\/\/extra.inmontanis.info\/d\/29513-3\/DSC04707.jpg'><img src=http:\/\/extra.inmontanis.info\/d\/29512-4\/DSC04707.jpg \/><\/a><br \/>\n^ ^ E69 \/ Porsangerfjord, sehr genial. Obwohl ich mittlerweile K\u00fcstenstra\u00dfen lieber fahre als Fjordstra\u00dfen, ist der Fjord hier so breit, dass man Meer-Feeling hat.<\/p>\n<p><a href='http:\/\/extra.inmontanis.info\/d\/31351-2\/DSC04709.jpg'><img src=http:\/\/extra.inmontanis.info\/d\/31350-3\/DSC04709.jpg \/><\/a><br \/>\n^ E69 \/ Porsangerfjord. Sehr interessante Gesteinsschichten, was war da denn los?<\/p>\n<p><a href='http:\/\/extra.inmontanis.info\/d\/31355-2\/DSC04710.jpg'><img src=http:\/\/extra.inmontanis.info\/d\/31354-3\/DSC04710.jpg \/><\/a><br \/>\n^ E69 \/ Porsangerfjord. Sehr interessante Gesteinsschichten, wie in einem Gletschereis helle und dunkle Schichten ..<\/p>\n<p><a href='http:\/\/extra.inmontanis.info\/d\/31359-2\/DSC04719.jpg'><img src=http:\/\/extra.inmontanis.info\/d\/31358-3\/DSC04719.jpg \/><\/a><br \/>\n^ E69 \/ Porsangerfjord<\/p>\n<p><a href='http:\/\/extra.inmontanis.info\/d\/31363-2\/DSC04723.jpg'><img src=http:\/\/extra.inmontanis.info\/d\/31362-3\/DSC04723.jpg \/><\/a><br \/>\n^ E69 \/ Porsangerfjord<\/p>\n<p><a href='http:\/\/extra.inmontanis.info\/d\/31367-2\/DSC04730.jpg'><img src=http:\/\/extra.inmontanis.info\/d\/31366-3\/DSC04730.jpg \/><\/a><br \/>\n^ E69 \/ Porsangerfjord<\/p>\n<p><a href='http:\/\/extra.inmontanis.info\/d\/31371-2\/DSC04766.jpg'><img src=http:\/\/extra.inmontanis.info\/d\/31370-3\/DSC04766.jpg \/><\/a><br \/>\n^ E69 \/ Zur Abwechslung mal ein St\u00fcck nicht an der K\u00fcste<\/p>\n<p><a href='http:\/\/extra.inmontanis.info\/d\/31375-2\/DSC04782.jpg'><img src=http:\/\/extra.inmontanis.info\/d\/31374-3\/DSC04782.jpg \/><\/a><br \/>\n^ Nordkapptunnelen auf die Insel Mager\u00f8ya, 6.870m lang und geht runter bis auf 212 m unter dem (bzw. das) Meer. Wei\u00df gar nicht, ob ich schon jemals so tief unten war?!<\/p>\n<p><a href='http:\/\/extra.inmontanis.info\/d\/31379-2\/DSC04787.jpg'><img src=http:\/\/extra.inmontanis.info\/d\/31378-3\/DSC04787.jpg \/><\/a><br \/>\n^ Nordkapptunnelen, tiefste Stelle<\/p>\n<p><a href='http:\/\/extra.inmontanis.info\/d\/31383-2\/DSC04796.jpg'><img src=http:\/\/extra.inmontanis.info\/d\/31382-3\/DSC04796.jpg \/><\/a><br \/>\n^ E69 \/ Mager\u00f8ya. Zum Nordkapp sind&#8217;s noch \u00fcber 40 km.<\/p>\n<p><a href='http:\/\/extra.inmontanis.info\/d\/31387-2\/DSC04815.jpg'><img src=http:\/\/extra.inmontanis.info\/d\/31386-3\/DSC04815.jpg \/><\/a><br \/>\n^ E69 \/ Abzweig Kam\u00f8yv\u00e6r<\/p>\n<p><a href='http:\/\/extra.inmontanis.info\/d\/31391-2\/DSC04829.jpg'><img src=http:\/\/extra.inmontanis.info\/d\/31390-3\/DSC04829.jpg \/><\/a><br \/>\n^ E69 \/ Die letzten 19 km zum Nordkapp<\/p>\n<p><a href='http:\/\/extra.inmontanis.info\/d\/31395-2\/DSC04833.jpg'><img src=http:\/\/extra.inmontanis.info\/d\/31394-3\/DSC04833.jpg \/><\/a><br \/>\n^ E69 \/ Ziel in Sicht (rechts der Bildmitte)<\/p>\n<p><a href='http:\/\/extra.inmontanis.info\/d\/31399-2\/DSC04844.jpg'><img src=http:\/\/extra.inmontanis.info\/d\/31398-3\/DSC04844.jpg \/><\/a><br \/>\n^ E69 \/ Anstieg Nordkapp<\/p>\n<p><a href='http:\/\/extra.inmontanis.info\/d\/31403-2\/DSC04852.jpg'><img src=http:\/\/extra.inmontanis.info\/d\/31402-3\/DSC04852.jpg \/><\/a><br \/>\n^ Hier auf der Insel gab&#8217;s ein paar Rentiere &#8211; ansonsten verlief die Tour heuer wieder einmal sehr ruhig, Schade.<\/p>\n<p><a href='http:\/\/extra.inmontanis.info\/d\/31407-2\/DSC04855.jpg'><img src=http:\/\/extra.inmontanis.info\/d\/31406-3\/DSC04855.jpg \/><\/a><br \/>\n^ E69 \/ nur noch wenige Kilometer zum Nordkapp<\/p>\n<p>Am Nordkapp angekommen schien weiterhin die Sonne, noch f\u00fcr ca. 2-3 Stunden, perfekt. Der Parkplatz\/Eintritt kostete 165,- NOK, aber immerhin muss man ja seit 2013 die Tunnelmaut nicht mehr bezahlen &#8211; er ist mittlerweile abbezahlt dank der hohen Mautgeb\u00fchren ;) Diese Kosten sind f\u00fcr 1 Eintritt und 12h Parkdauer. Es g\u00e4be dan noch die 255,- Karte mit beliebigen Ein\/Ausfahrten innerhalb 24 Stunden, sowie Film und irgendeine Ausstellung . Aber ich bin ja nicht zum Kinoschauen hier :) Wobei es mir sp\u00e4ter nicht ganz klar war, ob man nun die ganzen &#8220;Ausstellungen&#8221; in diesem Geb\u00e4ude anschauen darf oder nicht &#8211; kontrolliert wurde jedenfalls nirgends. Und auf dem Ticketbeleg steht eigentlich auch nur &#8220;ohne Film&#8221; und im Folder wird zu den unterschiedlichen Tickets gar nix erw\u00e4hnt. Also hab ich nur den Film auslassen und bin schnell durch die unteren Stockwerke gegangen &#8211; ehrlich gesagt, wenn ich das mit meinem Ticket nicht h\u00e4tte anschauen d\u00fcrfen, h\u00e4tte ich auch nichts wichtiges verpasst.<\/p>\n<p><a href='http:\/\/extra.inmontanis.info\/d\/31411-2\/DSC04868.jpg'><img src=http:\/\/extra.inmontanis.info\/d\/31410-3\/DSC04868.jpg \/><\/a><br \/>\n^ Check direkte Heimfahrt vom Nordkapp nach Innsbruck: 3523 km schnellste Route. Zum Vergleich, die schnellste Route von Ibk nach Gudauri im Kaukausus in Georgien, wo ich im Winter war: 3516 km, also fast exakt gleich lang.<\/p>\n<p><a href='http:\/\/extra.inmontanis.info\/d\/31639-2\/ge-201509route3.jpg'><img src=http:\/\/extra.inmontanis.info\/d\/31638-3\/ge-201509route3.jpg \/><\/a><br \/>\n^ Kurioserweise war auch meine jetzige Skandinavien-Sommerreise fast exakt gleich lang wie meine Hauptreise im letzten Winter (Balkan-T\u00fcrkei-Kaukasus), jeweils ca. 12.400 km<\/p>\n<p><a href='http:\/\/extra.inmontanis.info\/d\/29517-3\/DSC04876.jpg'><img src=http:\/\/extra.inmontanis.info\/d\/29516-4\/DSC04876.jpg \/><\/a><br \/>\n^ Nordkapp<\/p>\n<p><a href='http:\/\/extra.inmontanis.info\/d\/31415-2\/DSC04874.jpg'><img src=http:\/\/extra.inmontanis.info\/d\/31414-3\/DSC04874.jpg \/><\/a><br \/>\n^ Der Globus, das Symbol vom Nordkapp. Luftlinie von hier zum Nordpol sind \u00fcbrigens noch ca. 2.100 km, nach Berlin ca. 2.160 km, nach Innsbruck ca. 2.760 km<\/p>\n<p><a href='http:\/\/extra.inmontanis.info\/d\/31419-2\/DSC04883.jpg'><img src=http:\/\/extra.inmontanis.info\/d\/31418-3\/DSC04883.jpg \/><\/a><br \/>\n^ Die Wolken hielten sich zum Gl\u00fcck noch einige Zeit zur\u00fcck<\/p>\n<p><a href='http:\/\/extra.inmontanis.info\/d\/31423-2\/DSC04881.jpg'><img src=http:\/\/extra.inmontanis.info\/d\/31422-3\/DSC04881.jpg \/><\/a><br \/>\n^ <\/p>\n<p><a href='http:\/\/extra.inmontanis.info\/d\/31427-2\/DSC04884.jpg'><img src=http:\/\/extra.inmontanis.info\/d\/31426-3\/DSC04884.jpg \/><\/a><br \/>\n^ <\/p>\n<p><a href='http:\/\/extra.inmontanis.info\/d\/31431-2\/DSC02371.jpg'><img src=http:\/\/extra.inmontanis.info\/d\/31430-3\/DSC02371.jpg \/><\/a><br \/>\n^ (IR)<\/p>\n<p><a href='http:\/\/extra.inmontanis.info\/d\/31435-2\/DSC04890.jpg'><img src=http:\/\/extra.inmontanis.info\/d\/31434-3\/DSC04890.jpg \/><\/a><br \/>\n^ Muss man ausn\u00fctzen, wenn gerade mal keiner hier rumsteht :)<\/p>\n<p><a href='http:\/\/extra.inmontanis.info\/d\/31439-2\/DSC04891.jpg'><img src=http:\/\/extra.inmontanis.info\/d\/31438-3\/DSC04891.jpg \/><\/a><br \/>\n^ Nervigerweise ist das Areal weitr\u00e4umig eingez\u00e4unt, und der Zaun steht soweit von den Klippen weg, dass man von den Klippen egtl. gar nichts sieht.<\/p>\n<p><a href='http:\/\/extra.inmontanis.info\/d\/31443-2\/DSC04902.jpg'><img src=http:\/\/extra.inmontanis.info\/d\/31442-3\/DSC04902.jpg \/><\/a><br \/>\n^ .. aber zum Gl\u00fcck h\u00f6rt der Zaun irgendwann auf und man kann die Klippen besser fotografieren.<\/p>\n<p><a href='http:\/\/extra.inmontanis.info\/d\/31447-2\/DSC04905.jpg'><img src=http:\/\/extra.inmontanis.info\/d\/31446-3\/DSC04905.jpg \/><\/a><br \/>\n^ Steilklippen<\/p>\n<p><a href='http:\/\/extra.inmontanis.info\/d\/31451-2\/DSC04910.jpg'><img src=http:\/\/extra.inmontanis.info\/d\/31450-3\/DSC04910.jpg \/><\/a><br \/>\n^ Nordpano<\/p>\n<p><a href='http:\/\/extra.inmontanis.info\/d\/31455-2\/DSC04915.jpg'><img src=http:\/\/extra.inmontanis.info\/d\/31454-3\/DSC04915.jpg \/><\/a><br \/>\n^ Plateau am Nordkapp<\/p>\n<p>Wem das Plateau so untypisch norwegisch vorkommt und die Trolle \/ Steinm\u00e4nnchen vermisst: die sind hier explizit verboten!<\/p>\n<p>Lt. Info-Folder mit 5 Regeln: &#8220;1. Der Bau von Steinm\u00e4nnchen zerst\u00f6rt den Boden und die Vegetation und richtet somit gro\u00dfen Schaden an. Bitte, bauen Sie keine Steinm\u00e4nnchen&#8221;. Also, das hab ich ja noch nie geh\u00f6rt.<\/p>\n<p>Etwas fraglich ist auch die 5. Regel: &#8220;Wir raten dringend davon ab, die Nordkapklippe zu erklettern &#8230;. Es ist generell verboten, sich au\u00dferhalb des eingez\u00e4unten Gebiets aufzuhalten&#8221;. Nun geht der Zaun aber ja nicht rundherum, also denke ich, dass da nur der Bereich auf der direkten anderen Seite des Zauns gemeint ist, und dort, wo der Zaun endet, darf man dann schon ungehindert sein?!<\/p>\n<p><a href='http:\/\/extra.inmontanis.info\/d\/31459-2\/DSC04917.jpg'><img src=http:\/\/extra.inmontanis.info\/d\/31458-3\/DSC04917.jpg \/><\/a><br \/>\n^ Klippen und Meer sind sch\u00f6ner ;)<\/p>\n<p><a href='http:\/\/extra.inmontanis.info\/d\/31463-2\/DSC04934.jpg'><img src=http:\/\/extra.inmontanis.info\/d\/31462-3\/DSC04934.jpg \/><\/a><br \/>\n^ Fast an der Kante<\/p>\n<p><a href='http:\/\/extra.inmontanis.info\/d\/31467-2\/DSC04938.jpg'><img src=http:\/\/extra.inmontanis.info\/d\/31466-3\/DSC04938.jpg \/><\/a><br \/>\n^ <\/p>\n<p><a href='http:\/\/extra.inmontanis.info\/d\/31471-2\/DSC04946.jpg'><img src=http:\/\/extra.inmontanis.info\/d\/31470-3\/DSC04946.jpg \/><\/a><br \/>\n^ Ostpano<\/p>\n<p><a href='http:\/\/extra.inmontanis.info\/d\/31475-2\/DSC02387.jpg'><img src=http:\/\/extra.inmontanis.info\/d\/31474-3\/DSC02387.jpg \/><\/a><br \/>\n^ Ostpano (IR)<\/p>\n<p><a href='http:\/\/extra.inmontanis.info\/d\/31479-2\/DSC04951.jpg'><img src=http:\/\/extra.inmontanis.info\/d\/31478-3\/DSC04951.jpg \/><\/a><br \/>\n^ Links das Besucherzentrum und der Globus.<\/p>\n<p><a href='http:\/\/extra.inmontanis.info\/d\/31483-2\/DSC04960.jpg'><img src=http:\/\/extra.inmontanis.info\/d\/31482-3\/DSC04960.jpg \/><\/a><br \/>\n^ <\/p>\n<p><a href='http:\/\/extra.inmontanis.info\/d\/31487-2\/DSC04962.jpg'><img src=http:\/\/extra.inmontanis.info\/d\/31486-3\/DSC04962.jpg \/><\/a><br \/>\n^ Nachdem ein paar Busse gekommen sind, war etwas mehr los<\/p>\n<p><a href='http:\/\/extra.inmontanis.info\/d\/31491-2\/DSC04964.jpg'><img src=http:\/\/extra.inmontanis.info\/d\/31490-3\/DSC04964.jpg \/><\/a><br \/>\n^ Nordpano<\/p>\n<p><a href='http:\/\/extra.inmontanis.info\/d\/31495-2\/DSC04985.jpg'><img src=http:\/\/extra.inmontanis.info\/d\/31494-3\/DSC04985.jpg \/><\/a><br \/>\n^ Klippen vs. Globus<\/p>\n<p><a href='http:\/\/extra.inmontanis.info\/d\/31499-2\/DSC05004.jpg'><img src=http:\/\/extra.inmontanis.info\/d\/31498-3\/DSC05004.jpg \/><\/a><br \/>\n^ Gro\u00dfer Souvenier-Shop<\/p>\n<p><a href='http:\/\/extra.inmontanis.info\/d\/31503-2\/DSC05005.jpg'><img src=http:\/\/extra.inmontanis.info\/d\/31502-3\/DSC05005.jpg \/><\/a><br \/>\n^ Das Restaurant hat  im Winterhalbjahr wohl nicht ge\u00f6ffnet.<\/p>\n<p><a href='http:\/\/extra.inmontanis.info\/d\/31507-2\/DSC05007.jpg'><img src=http:\/\/extra.inmontanis.info\/d\/31506-3\/DSC05007.jpg \/><\/a><br \/>\n^ Ohne ein paar Tafeln zum 2. Weltkrieg geht&#8217;s in Norwegen nat\u00fcrlich nicht<\/p>\n<p><a href='http:\/\/extra.inmontanis.info\/d\/31511-2\/DSC05009.jpg'><img src=http:\/\/extra.inmontanis.info\/d\/31510-3\/DSC05009.jpg \/><\/a><br \/>\n^ V\u00f6gel-Ausstellung<\/p>\n<p><a href='http:\/\/extra.inmontanis.info\/d\/31515-2\/DSC05011.jpg'><img src=http:\/\/extra.inmontanis.info\/d\/31514-3\/DSC05011.jpg \/><\/a><br \/>\n^ <\/p>\n<p><a href='http:\/\/extra.inmontanis.info\/d\/31519-2\/DSC05013.jpg'><img src=http:\/\/extra.inmontanis.info\/d\/31518-3\/DSC05013.jpg \/><\/a><br \/>\n^ <\/p>\n<p><a href='http:\/\/extra.inmontanis.info\/d\/31523-2\/DSC05015.jpg'><img src=http:\/\/extra.inmontanis.info\/d\/31522-3\/DSC05015.jpg \/><\/a><br \/>\n^ <\/p>\n<p><a href='http:\/\/extra.inmontanis.info\/d\/31527-2\/DSC05027.jpg'><img src=http:\/\/extra.inmontanis.info\/d\/31526-3\/DSC05027.jpg \/><\/a><br \/>\n^ <\/p>\n<p><a href='http:\/\/extra.inmontanis.info\/d\/31531-2\/DSC05021.jpg'><img src=http:\/\/extra.inmontanis.info\/d\/31530-3\/DSC05021.jpg \/><\/a><br \/>\n^ kurz rein, wieder raus und f\u00fcr \u00fcberfl\u00fcssig empfunden<\/p>\n<p><a href='http:\/\/extra.inmontanis.info\/d\/31535-2\/DSC05026.jpg'><img src=http:\/\/extra.inmontanis.info\/d\/31534-3\/DSC05026.jpg \/><\/a><br \/>\n^ <\/p>\n<p>Ich verbrachte noch ca. 1 Stunde im riesigen Souveniershop und nahm auch ein paar kleinere Sachen mit. H\u00e4tte auch ein paar Socken mitgenommen, aber die gab&#8217;s leider nicht in meiner Gr\u00f6\u00dfe. Es gab 2 Gr\u00f6\u00dfen f\u00fcr ca. 5 Gr\u00f6\u00dfen. Also 36-40 und 41-45 oder so \u00e4hnlich. Was soll man da denn kaufen, wenn man Gr\u00f6\u00dfe 40-41 hat? Die einen werden zu klein, die anderen zu gro\u00df sein. Also dann keine. (Str\u00fcmpfe mit 3 Gr\u00f6\u00dfen sind ja schon nervig unpassend, aber 4-5 ??)<\/p>\n<p>Das Restaurant war leider nicht offen, nur das Cafe mit Kuchen, also gab&#8217;s leider erst sp\u00e4ter nach 16 Uhr in Honningsvag etwas kleines zu essen. Na zum Gl\u00fcck hatte ich gestern genug :)<\/p>\n<p>Bin dann noch die Abstecher-Stra\u00dfen nach G. und K. gefahren, auch nicht schlecht. <\/p>\n<p><a href='http:\/\/extra.inmontanis.info\/d\/31539-2\/DSC05045.jpg'><img src=http:\/\/extra.inmontanis.info\/d\/31538-3\/DSC05045.jpg \/><\/a><br \/>\n^ Stra\u00dfe nach Gjesv\u00e6r<\/p>\n<p><a href='http:\/\/extra.inmontanis.info\/d\/31543-2\/DSC05047.jpg'><img src=http:\/\/extra.inmontanis.info\/d\/31542-3\/DSC05047.jpg \/><\/a><br \/>\n^ Stra\u00dfe nach Gjesv\u00e6r, hat sich dann doch noch gelohnt<\/p>\n<p><a href='http:\/\/extra.inmontanis.info\/d\/31547-2\/DSC05051.jpg'><img src=http:\/\/extra.inmontanis.info\/d\/31546-3\/DSC05051.jpg \/><\/a><br \/>\n^ Stra\u00dfe nach Gjesv\u00e6r<\/p>\n<p><a href='http:\/\/extra.inmontanis.info\/d\/31551-2\/DSC02397.jpg'><img src=http:\/\/extra.inmontanis.info\/d\/31550-3\/DSC02397.jpg \/><\/a><br \/>\n^ Stra\u00dfe nach Gjesv\u00e6r (IR) &#8211; brauchte mal ein bisschen Farbe bei dem mittlerweile eint\u00f6nigen Wetter<\/p>\n<p><a href='http:\/\/extra.inmontanis.info\/d\/31555-2\/DSC05059.jpg'><img src=http:\/\/extra.inmontanis.info\/d\/31554-3\/DSC05059.jpg \/><\/a><br \/>\n^ Stra\u00dfe nach Gjesv\u00e6r<\/p>\n<p><a href='http:\/\/extra.inmontanis.info\/d\/31559-2\/DSC05061.jpg'><img src=http:\/\/extra.inmontanis.info\/d\/31558-3\/DSC05061.jpg \/><\/a><br \/>\n^ Gjesv\u00e6r &#8211; da kann man einmal rundherum fahren<\/p>\n<p><a href='http:\/\/extra.inmontanis.info\/d\/31563-2\/DSC05064.jpg'><img src=http:\/\/extra.inmontanis.info\/d\/31562-3\/DSC05064.jpg \/><\/a><br \/>\n^ Stra\u00dfe nach Gjesv\u00e6r<\/p>\n<p><a href='http:\/\/extra.inmontanis.info\/d\/31567-2\/DSC05089.jpg'><img src=http:\/\/extra.inmontanis.info\/d\/31566-3\/DSC05089.jpg \/><\/a><br \/>\n^ Bei Kam\u00f8yv\u00e6r<\/p>\n<p><a href='http:\/\/extra.inmontanis.info\/d\/31571-2\/DSC05097.jpg'><img src=http:\/\/extra.inmontanis.info\/d\/31570-3\/DSC05097.jpg \/><\/a><br \/>\n^ Bei Kam\u00f8yv\u00e6r<\/p>\n<p>Danach den Porsangerfjord wieder runter bis Lakselv, das zieht sich so ewig, war echt m\u00fchselig. \u00dcberhaupt wird die Fahrerei so langsam anstrengend, auch sind die norwegischen Stra\u00dfenverh\u00e4ltnisse immer recht zweifelhaft. Am Balkan sieht man die L\u00f6cher wenigstens, in Norwegen sind es dagegen Mulden, die man h\u00e4ufig zu sp\u00e4t sieht und st\u00e4rker bremst &#8211; denn die sind nicht weniger unsch\u00f6n als Schlagl\u00f6cher.<\/p>\n<p><a href='http:\/\/extra.inmontanis.info\/d\/31575-2\/DSC05121.jpg'><img src=http:\/\/extra.inmontanis.info\/d\/31574-3\/DSC05121.jpg \/><\/a><br \/>\n^ E69 \/ Porsangerfjord<\/p>\n<p><a href='http:\/\/extra.inmontanis.info\/d\/31579-2\/DSC05136.jpg'><img src=http:\/\/extra.inmontanis.info\/d\/31578-3\/DSC05136.jpg \/><\/a><br \/>\n^ E69 \/ Porsangerfjord<\/p>\n<p><a href='http:\/\/extra.inmontanis.info\/d\/31643-2\/DSC05161.jpg'><img src=http:\/\/extra.inmontanis.info\/d\/31642-3\/DSC05161.jpg \/><\/a><br \/>\n^ E6 \/ Porsangerfjord<\/p>\n<p><a href='http:\/\/extra.inmontanis.info\/d\/31647-2\/DSC05165.jpg'><img src=http:\/\/extra.inmontanis.info\/d\/31646-3\/DSC05165.jpg \/><\/a><br \/>\n^ Nach den ca. 100 km, die ich am Porsanger ja schon zur\u00fcck fahren musste (und die ich vormittags raufw\u00e4rts fuhr), folgten noch weitere ca. 100 km um den unteren Teil herum &#8211; gibt leider keine F\u00e4hre. Das zieht sich &#8230;<\/p>\n<p>Nach einigen Stunden in Lakselv angekommen wollte ich erst in einem Pizza-Grill-Caf\u00e9 essen, aber die waren hier wesentlich teurer als in den anderen Orten (Kebabtellerken 199,- oder so, also wohl noch nicht mal Meny mit Getr\u00e4nk), die eine Pizza, f\u00fcr die ich mich schlie\u00dflich entschied (160 Nok) gab&#8217;s nicht, also bin ich zur Statoil Tankstelle, Burger mit allem drum und dran und Pommes um 81,- Nok, das geht in Ordnung, viel g\u00fcnstiger kommt man bei uns beim McD\/BK\/KFC ja auch nicht mehr weg.<\/p>\n<p>Egtl. wollte ich noch ein sch\u00f6nes St\u00fcck weiter nach Osten fahren, aber da es hier doch halbwegs klar war und es heute evtl. die letzte klare Nacht geben k\u00f6nnte, blieb ich erst mal einige Zeit lang hier um auf Nordlichtschau zu gehen&#8230; Dauert halt immer recht lang hier oben, bis es dunkel wird, 2 Stunden nach Sonnenuntergang ist&#8217;s immer noch zu hell&#8230;<\/p>\n<p><a href='http:\/\/extra.inmontanis.info\/d\/31651-2\/DSC05167.jpg'><img src=http:\/\/extra.inmontanis.info\/d\/31650-3\/DSC05167.jpg \/><\/a><br \/>\n^ 19:55 Uhr \/ N\u00e4he Lakselv bzw. Nyby, s\u00fcdliches Ende des Porsangerfjord<\/p>\n<p><a href='http:\/\/extra.inmontanis.info\/d\/31655-2\/DSC05172.jpg'><img src=http:\/\/extra.inmontanis.info\/d\/31654-3\/DSC05172.jpg \/><\/a><br \/>\n^ 20:52 Uhr (also fast eine Stunde sp\u00e4ter zum vorherigen Foto!) an der 98 \/ Porsangerfjord (die andere Seite) (5 sek)<\/p>\n<p><a href='http:\/\/extra.inmontanis.info\/d\/31659-2\/DSC05174.jpg'><img src=http:\/\/extra.inmontanis.info\/d\/31658-3\/DSC05174.jpg \/><\/a><br \/>\n^ Porsanger (8sek)<\/p>\n<p>Bin dann doch wieder weiter gefahren, da ich keine Lust hatte, noch eine Stunde zu warten, bs es Richtung Westen dunkel genug war. Sp\u00e4ter gab es noch ein bisschen mehr und st\u00e4rkere Nordlichtaktivit\u00e4t als in den letzten Tagen, hab&#8217;s dann aber doch nicht mehr so weit geschafft wie egtl. gewollt.<\/p>\n<p><a href='http:\/\/extra.inmontanis.info\/d\/31583-2\/DSC05179.jpg'><img src=http:\/\/extra.inmontanis.info\/d\/31582-3\/DSC05179.jpg \/><\/a><br \/>\n^ 21:03 Uhr. An der 98 am Porsangerfjord, der Himmel ist noch zu hell, aber man konnte hier einen leichten gr\u00fcnen Nordlicht-Schleier erkennen. (8sek)<\/p>\n<p><a href='http:\/\/extra.inmontanis.info\/d\/29521-3\/DSC05184.jpg'><img src=http:\/\/extra.inmontanis.info\/d\/29520-4\/DSC05184.jpg \/><\/a><\/p>\n<p><a href='http:\/\/extra.inmontanis.info\/d\/31587-2\/DSC05192.jpg'><img src=http:\/\/extra.inmontanis.info\/d\/31586-3\/DSC05192.jpg \/><\/a><br \/>\n^ 22:11 Uhr &#8211; endlich dunkel und endlich etwas mehr Aktivit\u00e4t an der 98 (13 sek)<\/p>\n<p><a href='http:\/\/extra.inmontanis.info\/d\/31591-2\/DSC05196.jpg'><img src=http:\/\/extra.inmontanis.info\/d\/31590-3\/DSC05196.jpg \/><\/a><br \/>\n^ 22:33 Uhr (15 sek)<\/p>\n<p><a href='http:\/\/extra.inmontanis.info\/d\/31595-2\/DSC05197.jpg'><img src=http:\/\/extra.inmontanis.info\/d\/31594-3\/DSC05197.jpg \/><\/a><br \/>\n^ 22:39 Uhr \/ Laksefjorden (15 sek)<\/p>\n<p><a href='http:\/\/extra.inmontanis.info\/d\/31599-2\/DSC05199.jpg'><img src=http:\/\/extra.inmontanis.info\/d\/31598-3\/DSC05199.jpg \/><\/a><br \/>\n^ 22:49 Uhr \/ 98 \/ Laksefjorden (20 sek)<\/p>\n<p><a href='http:\/\/extra.inmontanis.info\/d\/31603-2\/DSC05204.jpg'><img src=http:\/\/extra.inmontanis.info\/d\/31602-3\/DSC05204.jpg \/><\/a><br \/>\n^ 22:57 Uhr \/ Laksefjorden (13 sek)<\/p>\n<p><a href='http:\/\/extra.inmontanis.info\/d\/31607-2\/DSC05205.jpg'><img src=http:\/\/extra.inmontanis.info\/d\/31606-3\/DSC05205.jpg \/><\/a><br \/>\n^ 23:03 Uhr  &#8211; heute fast mehr Lila als Gr\u00fcn (13 sek)<\/p>\n<p><a href='http:\/\/extra.inmontanis.info\/d\/31611-2\/DSC05209.jpg'><img src=http:\/\/extra.inmontanis.info\/d\/31610-3\/DSC05209.jpg \/><\/a><br \/>\n^ 23:43 Uhr \/ 98 \/ nach Ifjord \/ es geht los (25sek)<\/p>\n<p><a href='http:\/\/extra.inmontanis.info\/d\/31615-2\/DSC05210.jpg'><img src=http:\/\/extra.inmontanis.info\/d\/31614-3\/DSC05210.jpg \/><\/a><br \/>\n^ 23:44 Uhr (15 sek)<\/p>\n<p><a href='http:\/\/extra.inmontanis.info\/d\/31619-2\/DSC05212.jpg'><img src=http:\/\/extra.inmontanis.info\/d\/31618-3\/DSC05212.jpg \/><\/a><br \/>\n^ 23:55 Uhr &#8211; alles gr\u00fcn (10 sek)<\/p>\n<p><a href='http:\/\/extra.inmontanis.info\/d\/31623-2\/DSC05218.jpg'><img src=http:\/\/extra.inmontanis.info\/d\/31622-3\/DSC05218.jpg \/><\/a><br \/>\n^ 0:33 Uhr \/ Vestertana (15 sek)<\/p>\n<p><a href='http:\/\/extra.inmontanis.info\/d\/31627-2\/DSC05220.jpg'><img src=http:\/\/extra.inmontanis.info\/d\/31626-3\/DSC05220.jpg \/><\/a><br \/>\n^ 0:35 Uhr \/ Vestertana (15 sek)<\/p>\n<p><a href='http:\/\/extra.inmontanis.info\/d\/31631-2\/DSC05221.jpg'><img src=http:\/\/extra.inmontanis.info\/d\/31630-3\/DSC05221.jpg \/><\/a><br \/>\n^ 0:43 Uhr (15 sek)<\/p>\n<p>Gegen 1:30 Uhr war ich mal wieder hundem\u00fcde und hielt an einem Rastparkplatz (leider diesmal weder mit WC noch PC (Plumps-Clo :) ).<\/p>\n<p>(Fortsetzung folgt.)<\/p>\n","protected":false},"excerpt":{"rendered":"<p>Mo, 14.9.2015 &#8211; Tag 11 &#8211; km 6.945 (Diff. 611 km) &#8211; Nordkapp<\/p>\n<p>Der Tag begann erst mal nervig, weil auf dem Parkplatz, wo ich \u00fcbernachtete, pl\u00f6tzlich ein LKW-K\u00fchlanh\u00e4nger stand. Und K\u00fchlaggregate sind so ziemlich das nervigste, was man beim Schlafen im Auto haben kann, da sie recht laut, aber nicht durchg\u00e4ngig in Betrieb sind.<\/p>\n<p> <a href=\"http:\/\/blog.inmontanis.info\/?p=3502\">[&#8230;]<\/a><\/p>\n","protected":false},"author":1,"featured_media":0,"comment_status":"closed","ping_status":"closed","sticky":false,"template":"","format":"standard","meta":{"footnotes":""},"categories":[148,18],"tags":[90,100,37,96,45],"class_list":["post-3502","post","type-post","status-publish","format-standard","hentry","category-2015-09-skandinavischer-spatsommer","category-norwegennorway","tag-infrarot","tag-langzeitbelichtung","tag-meer","tag-polarlicht","tag-see","odd"],"_links":{"self":[{"href":"http:\/\/blog.inmontanis.info\/index.php?rest_route=\/wp\/v2\/posts\/3502","targetHints":{"allow":["GET"]}}],"collection":[{"href":"http:\/\/blog.inmontanis.info\/index.php?rest_route=\/wp\/v2\/posts"}],"about":[{"href":"http:\/\/blog.inmontanis.info\/index.php?rest_route=\/wp\/v2\/types\/post"}],"author":[{"embeddable":true,"href":"http:\/\/blog.inmontanis.info\/index.php?rest_route=\/wp\/v2\/users\/1"}],"replies":[{"embeddable":true,"href":"http:\/\/blog.inmontanis.info\/index.php?rest_route=%2Fwp%2Fv2%2Fcomments&post=3502"}],"version-history":[{"count":3,"href":"http:\/\/blog.inmontanis.info\/index.php?rest_route=\/wp\/v2\/posts\/3502\/revisions"}],"predecessor-version":[{"id":5014,"href":"http:\/\/blog.inmontanis.info\/index.php?rest_route=\/wp\/v2\/posts\/3502\/revisions\/5014"}],"wp:attachment":[{"href":"http:\/\/blog.inmontanis.info\/index.php?rest_route=%2Fwp%2Fv2%2Fmedia&parent=3502"}],"wp:term":[{"taxonomy":"category","embeddable":true,"href":"http:\/\/blog.inmontanis.info\/index.php?rest_route=%2Fwp%2Fv2%2Fcategories&post=3502"},{"taxonomy":"post_tag","embeddable":true,"href":"http:\/\/blog.inmontanis.info\/index.php?rest_route=%2Fwp%2Fv2%2Ftags&post=3502"}],"curies":[{"name":"wp","href":"https:\/\/api.w.org\/{rel}","templated":true}]}}