{"id":3497,"date":"2015-09-13T22:57:15","date_gmt":"2015-09-13T20:57:15","guid":{"rendered":"http:\/\/blog.inmontanis.info\/?p=3497"},"modified":"2023-08-04T20:51:00","modified_gmt":"2023-08-04T18:51:00","slug":"tromso-lyngen-alta-13-9-2015-scn2015-10","status":"publish","type":"post","link":"http:\/\/blog.inmontanis.info\/?p=3497","title":{"rendered":"Troms\u00f8-Lyngen-Alta, 13.9.2015"},"content":{"rendered":"<p><strong>So, 13.9.2015 &#8211; Tag 10 &#8211; km 6.334 (Diff. 594 km)<\/strong> &#8211; Troms\u00f8-Lyngen-Alta<\/p>\n<p><em>Einzeln betrachtet hat auch der heutige Tag wieder viele sch\u00f6ne Fotos gebracht. Im Gesamten betrachtet dagegen &#8211; \u00e4hnliche Fotos wie an den Vortagen und den n\u00e4chsten Tagen. Das tausendste Bild von einer Stra\u00dfe am Fjord oder am Meer. Das f\u00fcnfhundertste Bild von ein paar gr\u00fcnen Streifen am Himmel. Der Anteil an Fotos, die ich mache und online stelle, wird durch diese Betrachtungsweise immer geringer. Schaffe es aber dann doch lange nicht mich zu entscheiden, welches ich nun drin lass und welches nicht. Einerseits sind die Szenen \u00e4hnlich, andererseits \u00e4ndert sich die Perspektive auf den Stra\u00dfen immer schon nach nur wenigen Metern. Und trotz aller \u00c4hnlichkeiten und einem gewissen S\u00e4ttigungsgef\u00fchl scheint es laufend Motive zu geben, bei denen man sich denkt &#8220;och, sch\u00f6n&#8221; &#8211; und den Ausl\u00f6ser dr\u00fcckt. 10 Meter weiter. &#8220;och, sch\u00f6ner&#8221;. Klick. 10 Meter weiter. &#8220;och, auch nicht viel schlechter&#8221;. Klick. 1 Monat sp\u00e4ter. &#8220;Warum genau hab ich das Foto jetzt eigentlich gemacht?&#8221; Rot markiert, wird sp\u00e4ter gel\u00f6scht. &#8220;Welches von den beiden ist nun sch\u00e4rfer? Welches von den beiden sch\u00f6ner? Welches behalt ich, welches stell ich online, welches l\u00f6sch ich? Was, nur 150 von den 300 im ersten Durchgang entfernt? Das ist noch zu viel.&#8221; Zweiter Durchgang. Alle bearbeiten. Dritter Durchgang, es m\u00fcssen noch weniger werden. Vierter Durchgang, Beschreibung, mit Google-Earth-Unterst\u00fctzung: &#8220;Wo ist der Standort jedes Fotos?&#8221; Und vielleicht noch ein paar l\u00f6schen&#8230; 65? Ja, das passt. Glaub ich hab jetzt alle langweiligen gel\u00f6scht und nicht mehr zu viel eint\u00f6nige Fotos dabei :) <\/em><\/p>\n<p>Der Tag fing etwas vernebelt an &#8211; und es dauerte einige Zeit, bis ich auf der E6 eine ge\u00f6ffnete Tankstelle fand. Zur Abwechslung mal nur ein normales Hotdog &#8230; aber so langsam hab ich genug von Hotdogs und Hamburgern. Glaub ich werd n\u00e4chstes Mal einen Chickenburger nehmen :) H\u00e4tte Lust auf eine britische Portion Fish &#8216;n&#8217; Chips &#8230;<\/p>\n<p>Da der Wetterbericht recht sonnig meldete, fuhr ich heute also \u00fcber Troms\u00f8, nicht \u00fcber Finnland. Und wenn lt. Wetterbericht schon einer der seltenen Sonnentage in Troms\u00f8 sein soll (ca. 1 pro Woche im September, danach noch weniger), wollte ich die PB halt mal wieder fahren. Lt. Website sei sie ab 21.8. von 10 bis 22 Uhr in Betrieb. In Troms\u00f8 war erst mal alles nebelig (nur ein paar Meter \u00fcber dem Meer) &#8211; also sonnig ist das nicht. Egal, am Berg oben herrscht sicher sch\u00f6nster Sonnenschein. An der PB angekommen &#8211; viele Bauteile. Und ein Geschlossen-Schild von September bis M\u00e4rz. Na so ein Schei\u00df. H\u00e4tte man das nicht schon auf der Website bekannt machen k\u00f6nnen, als ich mir vor 2-3 Wochen die Betriebszeiten angeschaut hatte?!!<\/p>\n<p>(Fotos anklicken zum Vergr\u00f6\u00dfern)<\/p>\n<p><a href='http:\/\/extra.inmontanis.info\/d\/29665-3\/ge-201509route9.jpg'><img src=http:\/\/extra.inmontanis.info\/d\/29664-4\/ge-201509route9.jpg \/><\/a><br \/>\nFahrstrecke heute: Rot mit<br \/>\nR) Troms\u00f8<br \/>\n(F\u00e4hre)<br \/>\n(dazwischen die Lyngen Alps)<br \/>\n(F\u00e4hre)<br \/>\nS) Altafjord<\/p>\n<p><a href='http:\/\/extra.inmontanis.info\/d\/31137-2\/DSC04386.jpg'><img src=http:\/\/extra.inmontanis.info\/d\/31136-3\/DSC04386.jpg \/><\/a><br \/>\n^ 851 \/ See n\u00e4he Stj\u00f8vegan<\/p>\n<p><a href='http:\/\/extra.inmontanis.info\/d\/31141-2\/DSC04397.jpg'><img src=http:\/\/extra.inmontanis.info\/d\/31140-3\/DSC04397.jpg \/><\/a><br \/>\n^ Herbststimmung an der E6 vor Heia<\/p>\n<p><a href='http:\/\/extra.inmontanis.info\/d\/31145-2\/DSC04401.jpg'><img src=http:\/\/extra.inmontanis.info\/d\/31144-3\/DSC04401.jpg \/><\/a><br \/>\n^ E6 \/ Balsfjorden<\/p>\n<p><a href='http:\/\/extra.inmontanis.info\/d\/31149-2\/DSC04405.jpg'><img src=http:\/\/extra.inmontanis.info\/d\/31148-3\/DSC04405.jpg \/><\/a><br \/>\n^ E6 \/ Northern Lights Route<\/p>\n<p><a href='http:\/\/extra.inmontanis.info\/d\/31153-2\/DSC04413.jpg'><img src=http:\/\/extra.inmontanis.info\/d\/31152-3\/DSC04413.jpg \/><\/a><br \/>\n^ E8 \/ Balsfjorden<\/p>\n<p><a href='http:\/\/ski.inmontanis.info\/d\/205553-2\/DSC04420.jpg'><img src=http:\/\/ski.inmontanis.info\/d\/205552-3\/DSC04420.jpg \/><\/a><br \/>\n^ Jaja, soviel mal wieder zum Thema Wetterbericht &#8211; sehr sonnig in Troms\u00f8 &#8230;<\/p>\n<p><a href='http:\/\/ski.inmontanis.info\/d\/205557-2\/DSC04423.jpg'><img src=http:\/\/ski.inmontanis.info\/d\/205556-3\/DSC04423.jpg \/><\/a><br \/>\n^ Talstation PB. Wo soll ich da jetzt parken &#8230;<\/p>\n<p><a href='http:\/\/ski.inmontanis.info\/d\/205561-2\/DSC04424.jpg'><img src=http:\/\/ski.inmontanis.info\/d\/205560-3\/DSC04424.jpg \/><\/a><br \/>\n^ Alles voller Seilbahnteile. Die wollen die PB erneuern? Na gut, dass ich noch mal da bin ..<\/p>\n<p><a href='http:\/\/ski.inmontanis.info\/d\/205565-2\/DSC04425.jpg'><img src=http:\/\/ski.inmontanis.info\/d\/205564-3\/DSC04425.jpg \/><\/a><br \/>\n^ Wie jetzt .. geschlossen von September bis M\u00e4rz? So ein Mist!  W\u00e4r ich mal vor 2 Jahren gefahren! <\/p>\n<p>Immerhin bin ich sie 2006 gefahren:<br \/>\n<img src=http:\/\/ski.inmontanis.info\/d\/2248-2\/P1090057.jpg \/><br \/>\nweitere Fotos von 2006:<br \/>\n<a href='http:\/\/ski.inmontanis.info\/main.php?g2_albumId=2186&#038;g2_view=filterview.Filterview&#038;g2_date1=2006-06-23&#038;g2_date2=2006-06-24'>http:\/\/ski.inmontanis.info\/main.php?g2_albumId=2186&#038;g2_view=filterview.Filterview&#038;g2_date1=2006-06-23&#038;g2_date2=2006-06-24<\/a><\/p>\n<p>Um den Schlenker de E8\/E6 abzuk\u00fcrzen, schlugen meine Navis zwei F\u00e4hren vor (Siehe Fahrstrecke ganz oben). Fahrpl\u00e4ne hatte ich mir gestern schon runtergeladen, die erste F\u00e4hre war ohne viel Wartezeiten zu erreichen, die zweite w\u00fcrde dann gleich in Folge fahren. Bei der ersten war es leider komplett vernebelt (102,- NOK), die zweite (l\u00e4ngere, 134,- NOK) dagegen war schon sch\u00f6ner &#8211; vielleicht die letzte des Urlaubs? Zumindest die n\u00e4chsten Tage ist mal nichts mehr auf dem Weg. Weiter nach Alta, wobei ich erst &#8211; wenn ich in Troms\u00f8 mit der PB h\u00e4tte fahren k\u00f6nnen &#8211; \u00d8ksfjord als Nachtziel auserkoren hatte. Da ich aber ja nun fr\u00fcher dran war und ich auf der Karte eine Stra\u00dfe mit besserem, offenerem Pano gefunden hatte .. eben dort hin.<\/p>\n<p><a href='http:\/\/extra.inmontanis.info\/d\/31161-2\/DSC04426.jpg'><img src=http:\/\/extra.inmontanis.info\/d\/31160-3\/DSC04426.jpg \/><\/a><br \/>\n^ 91 \/ vor Breivikeidet<\/p>\n<p><a href='http:\/\/extra.inmontanis.info\/d\/31165-2\/DSC04429.jpg'><img src=http:\/\/extra.inmontanis.info\/d\/31164-3\/DSC04429.jpg \/><\/a><br \/>\n^ 91 \/ vor Breivikeidet. Br\u00fccken mit Holzboden sind doch immer eine nette Abwechslung &#8211; au\u00dfer in L\u00e4ndern wie z.B. Russland, wo dann die H\u00e4lfte des Bodens fehlt :)<\/p>\n<p><a href='http:\/\/extra.inmontanis.info\/d\/31169-2\/DSC04432.jpg'><img src=http:\/\/extra.inmontanis.info\/d\/31168-3\/DSC04432.jpg \/><\/a><br \/>\n^ 91 \/ F\u00e4hre Breidvik-Svensby &#8211; mit so viel Spuren h\u00e4tte ich hier nicht gerechnet.<\/p>\n<p><a href='http:\/\/extra.inmontanis.info\/d\/31173-2\/DSC04433.jpg'><img src=http:\/\/extra.inmontanis.info\/d\/31172-3\/DSC04433.jpg \/><\/a><br \/>\n^ F\u00e4hre Breidvik-Svensby. Nebel. Na die F\u00e4he bringt&#8217;s jetzt&#8230;<\/p>\n<p><a href='http:\/\/extra.inmontanis.info\/d\/31177-2\/DSC04441.jpg'><img src=http:\/\/extra.inmontanis.info\/d\/31176-3\/DSC04441.jpg \/><\/a><br \/>\n^ 91 \/ Kjosen<\/p>\n<p><a href='http:\/\/extra.inmontanis.info\/d\/31181-2\/DSC04451.jpg'><img src=http:\/\/extra.inmontanis.info\/d\/31180-3\/DSC04451.jpg \/><\/a><br \/>\n^ F\u00e4hre Lyngseidet -Olderdalen<\/p>\n<p><a href='http:\/\/extra.inmontanis.info\/d\/31185-2\/DSC04453.jpg'><img src=http:\/\/extra.inmontanis.info\/d\/31184-3\/DSC04453.jpg \/><\/a><br \/>\n^ Selten, dass man auf einer F\u00e4hre so nah beim Kapit\u00e4n sein kann.<\/p>\n<p><a href='http:\/\/extra.inmontanis.info\/d\/31189-2\/DSC04457.jpg'><img src=http:\/\/extra.inmontanis.info\/d\/31188-3\/DSC04457.jpg \/><\/a><br \/>\n^ Lyngen \/ F\u00e4hre Lyngseidet -Olderdalen<\/p>\n<p><a href='http:\/\/extra.inmontanis.info\/d\/31193-2\/DSC04459.jpg'><img src=http:\/\/extra.inmontanis.info\/d\/31192-3\/DSC04459.jpg \/><\/a><br \/>\n^ F\u00e4hre Lyngseidet -Olderdalen<\/p>\n<p><a href='http:\/\/extra.inmontanis.info\/d\/31197-2\/DSC04469.jpg'><img src=http:\/\/extra.inmontanis.info\/d\/31196-3\/DSC04469.jpg \/><\/a><br \/>\n^ F\u00e4hre Lyngseidet -Olderdalen<\/p>\n<p><a href='http:\/\/extra.inmontanis.info\/d\/31201-2\/DSC04473.jpg'><img src=http:\/\/extra.inmontanis.info\/d\/31200-3\/DSC04473.jpg \/><\/a><br \/>\n^ F\u00e4hre Lyngseidet -Olderdalen<\/p>\n<p><a href='http:\/\/extra.inmontanis.info\/d\/31205-2\/DSC04478_001.jpg'><img src=http:\/\/extra.inmontanis.info\/d\/31204-3\/DSC04478_001.jpg \/><\/a><br \/>\n^ Lyngseidet -Olderdalen \/ Lyngfjellan &#8211; oder auch (v\u00f6llig zurecht) Lyngen Alps, einem beliebten Skitourengebiet und auch im Sommer optisch sehr ansprechend.<\/p>\n<p><a href='http:\/\/extra.inmontanis.info\/d\/31209-2\/DSC02353.jpg'><img src=http:\/\/extra.inmontanis.info\/d\/31208-3\/DSC02353.jpg \/><\/a><br \/>\n^ Kleine Gletscher in den Lyngen Alps (IR)<\/p>\n<p><a href='http:\/\/extra.inmontanis.info\/d\/31213-2\/DSC02355.jpg'><img src=http:\/\/extra.inmontanis.info\/d\/31212-3\/DSC02355.jpg \/><\/a><br \/>\n^ Lyngen Alps (IR). Skitouren im Winter bis runter zum Fjord und auf dem Schiff \u00fcbernachten. <\/p>\n<p><a href='http:\/\/extra.inmontanis.info\/d\/31217-2\/DSC02356.jpg'><img src=http:\/\/extra.inmontanis.info\/d\/31216-3\/DSC02356.jpg \/><\/a><br \/>\n^ Weitere &#8220;Gletscherchen&#8221; in den Lyngen Alps nur knapp \u00fcber dem Meer (Fjord)<\/p>\n<p><a href='http:\/\/extra.inmontanis.info\/d\/31221-2\/DSC04481.jpg'><img src=http:\/\/extra.inmontanis.info\/d\/31220-3\/DSC04481.jpg \/><\/a><br \/>\n^ E6 \/ Lyngen<\/p>\n<p><a href='http:\/\/extra.inmontanis.info\/d\/31225-2\/DSC04484.jpg'><img src=http:\/\/extra.inmontanis.info\/d\/31224-3\/DSC04484.jpg \/><\/a><br \/>\n^ E6 \/ Lyngen \/ Lyngen Alps<\/p>\n<p><a href='http:\/\/extra.inmontanis.info\/d\/31229-2\/DSC04490.jpg'><img src=http:\/\/extra.inmontanis.info\/d\/31228-3\/DSC04490.jpg \/><\/a><br \/>\n^ E6 \/ bei Djupvik \/ Lyngen \/ Lyngen Alps<\/p>\n<p><a href='http:\/\/extra.inmontanis.info\/d\/31233-2\/DSC04492.jpg'><img src=http:\/\/extra.inmontanis.info\/d\/31232-3\/DSC04492.jpg \/><\/a><br \/>\n^ E6 \/ bei Djupvik \/ Lyngen \/ Lyngen Alps<\/p>\n<p><a href='http:\/\/extra.inmontanis.info\/d\/31237-2\/DSC04495.jpg'><img src=http:\/\/extra.inmontanis.info\/d\/31236-3\/DSC04495.jpg \/><\/a><br \/>\n^ E6 \/ Rotsundet<\/p>\n<p><a href='http:\/\/extra.inmontanis.info\/d\/31241-2\/DSC04499.jpg'><img src=http:\/\/extra.inmontanis.info\/d\/31240-3\/DSC04499.jpg \/><\/a><br \/>\n^ E6 \/ Rotsundet<\/p>\n<p><a href='http:\/\/extra.inmontanis.info\/d\/31245-2\/DSC04501.jpg'><img src=http:\/\/extra.inmontanis.info\/d\/31244-3\/DSC04501.jpg \/><\/a><br \/>\n^ E6 \/ richtung Storslett \/ Tunnelbaustelle, ein kleiner Pass wird damit in Zukunft umfahren &#8230;<\/p>\n<p><a href='http:\/\/extra.inmontanis.info\/d\/31249-2\/DSC04505.jpg'><img src=http:\/\/extra.inmontanis.info\/d\/31248-3\/DSC04505.jpg \/><\/a><br \/>\n^ .. der kleine Pass (auf ca. 200m), der mit dem Tunnel dann \u00fcberfl\u00fcssig wird ..<\/p>\n<p><a href='http:\/\/extra.inmontanis.info\/d\/31253-2\/DSC04507.jpg'><img src=http:\/\/extra.inmontanis.info\/d\/31252-3\/DSC04507.jpg \/><\/a><br \/>\n^ .. das Pano fehlt einem dann, wenn der Tunnel mal fertig ist&#8230;<\/p>\n<p><a href='http:\/\/extra.inmontanis.info\/d\/31257-2\/DSC04509.jpg'><img src=http:\/\/extra.inmontanis.info\/d\/31256-3\/DSC04509.jpg \/><\/a><br \/>\n^ E6 \/ Reisafjorden. Auch den Blick gibt&#8217;s nicht mehr, wenn der Tunnel fertig ist<\/p>\n<p><a href='http:\/\/extra.inmontanis.info\/d\/31261-2\/DSC04523.jpg'><img src=http:\/\/extra.inmontanis.info\/d\/31260-3\/DSC04523.jpg \/><\/a><br \/>\n^ E6 \/ Straumfjorden<\/p>\n<p><a href='http:\/\/extra.inmontanis.info\/d\/31265-2\/DSC04532.jpg'><img src=http:\/\/extra.inmontanis.info\/d\/31264-3\/DSC04532.jpg \/><\/a><br \/>\n^ E6 \/ nach Oksfjordhamn, kleiner Pass bis auf ca. 380m<\/p>\n<p><a href='http:\/\/extra.inmontanis.info\/d\/31269-2\/DSC04540.jpg'><img src=http:\/\/extra.inmontanis.info\/d\/31268-3\/DSC04540.jpg \/><\/a><br \/>\n^ Und das Pano hinter dem Pass .. E6 \/ Kv\u00e6nangen<\/p>\n<p><a href='http:\/\/extra.inmontanis.info\/d\/31273-2\/DSC02361_001.jpg'><img src=http:\/\/extra.inmontanis.info\/d\/31272-3\/DSC02361_001.jpg \/><\/a><br \/>\n^ Kv\u00e6nangen und zwei kleine Gletscher (IR)<\/p>\n<p><a href='http:\/\/extra.inmontanis.info\/d\/31277-2\/DSC02362.jpg'><img src=http:\/\/extra.inmontanis.info\/d\/31276-3\/DSC02362.jpg \/><\/a><br \/>\n^ Kv\u00e6nangen und Gletscher (IR)<\/p>\n<p><a href='http:\/\/extra.inmontanis.info\/d\/31281-2\/DSC04545.jpg'><img src=http:\/\/extra.inmontanis.info\/d\/31280-3\/DSC04545.jpg \/><\/a><br \/>\n^ E6 \/ Kv\u00e6nangen. Kann man blo\u00df hoffen, dass dieser Pass nicht auch durch einen Tunnel ersetzt wird.<\/p>\n<p><a href='http:\/\/extra.inmontanis.info\/d\/29505-3\/DSC04585.jpg'><img src=http:\/\/extra.inmontanis.info\/d\/29504-4\/DSC04585.jpg \/><\/a><\/p>\n<p><a href='http:\/\/extra.inmontanis.info\/d\/31285-2\/DSC04563.jpg'><img src=http:\/\/extra.inmontanis.info\/d\/31284-3\/DSC04563.jpg \/><\/a><br \/>\n^ E6 \/ n\u00e4he Burfjord<\/p>\n<p><a href='http:\/\/extra.inmontanis.info\/d\/31289-2\/DSC04564.jpg'><img src=http:\/\/extra.inmontanis.info\/d\/31288-3\/DSC04564.jpg \/><\/a><br \/>\n^ E6 \/ n\u00e4he Burfjord<\/p>\n<p><a href='http:\/\/extra.inmontanis.info\/d\/31293-2\/DSC04566.jpg'><img src=http:\/\/extra.inmontanis.info\/d\/31292-3\/DSC04566.jpg \/><\/a><br \/>\n^ E6 \/ n\u00e4he Burfjord<\/p>\n<p><a href='http:\/\/extra.inmontanis.info\/d\/31297-2\/DSC04571.jpg'><img src=http:\/\/extra.inmontanis.info\/d\/31296-3\/DSC04571.jpg \/><\/a><br \/>\n^ E6 \/ n\u00e4he Burfjord<\/p>\n<p><a href='http:\/\/extra.inmontanis.info\/d\/31301-2\/DSC04586.jpg'><img src=http:\/\/extra.inmontanis.info\/d\/31300-3\/DSC04586.jpg \/><\/a><br \/>\n^ E6 \/ n\u00e4he Ulvsv\u00e5g<\/p>\n<p><a href='http:\/\/extra.inmontanis.info\/d\/31305-2\/DSC04605.jpg'><img src=http:\/\/extra.inmontanis.info\/d\/31304-3\/DSC04605.jpg \/><\/a><br \/>\n^ Ein Teil der Neubaustrecke der E6 vor Alta ist mittlerweile fertig. Br\u00fccke und Tunnel zusammen 2,4 km lang vs. au\u00dfen um den Berg herum ca. 9,5 km &#8230; wenigstens muss man keine Maut zahlen.<\/p>\n<p>Die Fahrt durch Alta zog sich &#8211; auch, weil ich zum tanken und essen hielt. Weiter zum geplanten Ziel &#8211; verdammt geniales Gebiet hier, sternf\u00f6rmiger Fjord, wenn es da heute ein paar Nordlichter gibt, gibt das sicher ein paar tolle Bilder&#8230; \u00c4rger mich, diese Stra\u00dfe nicht im Winter 2011 gefahren zu sein &#8211; stattdessen bin ich damals richtung Finnland und aufgrund der vielen B\u00e4ume hatte ich kaum richtig Sicht zu den Nordlichtern. Jedenfalls musste ich heute wieder lange warten, bis was zu sehen war &#8211; und in Summe gab&#8217;s egtl. auch nur 2 st\u00e4rkere Aktivit\u00e4ten, wobei nur der zweite \u00fcber mich abging. Ich frag mch, ob man weiter im S\u00fcden heute mehr gesehen h\u00e4tte?! <\/p>\n<p><a href='http:\/\/extra.inmontanis.info\/d\/31313-2\/DSC04609.jpg'><img src=http:\/\/extra.inmontanis.info\/d\/31312-3\/DSC04609.jpg \/><\/a><br \/>\n^ E6 \/  Altafjord<\/p>\n<p><a href='http:\/\/extra.inmontanis.info\/d\/31317-2\/DSC04616.jpg'><img src=http:\/\/extra.inmontanis.info\/d\/31316-3\/DSC04616.jpg \/><\/a><br \/>\n^ 883 \/ Leirbotn \/ Altafjord usw.<\/p>\n<p><a href='http:\/\/extra.inmontanis.info\/d\/31321-2\/DSC04622.jpg'><img src=http:\/\/extra.inmontanis.info\/d\/31320-3\/DSC04622.jpg \/><\/a><br \/>\n^ Altafjord \/ Blick ins Zentrum von wo sich dann mehrere Fjorde sternf\u00f6rmig ausbreiten<br \/>\n(siehe dazu auch Karte \/ Sat-Bild am Anfang des heutigen Berichts)<\/p>\n<p><a href='http:\/\/extra.inmontanis.info\/d\/31325-2\/DSC04627.jpg'><img src=http:\/\/extra.inmontanis.info\/d\/31324-3\/DSC04627.jpg \/><\/a><br \/>\n^ 883 \/ Altafjord (oder vielleicht auch nicht) (5 sek)<\/p>\n<p><a href='http:\/\/extra.inmontanis.info\/d\/31329-2\/DSC04628.jpg'><img src=http:\/\/extra.inmontanis.info\/d\/31328-3\/DSC04628.jpg \/><\/a><br \/>\n^ Altafjord und die anderen ..fjorden und ..sundet, hier ist das Zentrum des Sterns (6 sek)<\/p>\n<p><a href='http:\/\/extra.inmontanis.info\/d\/31333-2\/DSC04630.jpg'><img src=http:\/\/extra.inmontanis.info\/d\/31332-3\/DSC04630.jpg \/><\/a><br \/>\n^ Korsfjorden (6 sek)<\/p>\n<p><a href='http:\/\/extra.inmontanis.info\/d\/31337-2\/DSC04635.jpg'><img src=http:\/\/extra.inmontanis.info\/d\/31336-3\/DSC04635.jpg \/><\/a><br \/>\n^ Altafjord \/ Sternsundet \/ Rognsundet (13 sek)<\/p>\n<p><a href='http:\/\/extra.inmontanis.info\/d\/31341-2\/DSC04640.jpg'><img src=http:\/\/extra.inmontanis.info\/d\/31340-3\/DSC04640.jpg \/><\/a><br \/>\n^ Storekorsnes. Leider noch kaum Gr\u00fcn im Himmel.. (13 sek)<\/p>\n<p><a href='http:\/\/extra.inmontanis.info\/d\/31109-2\/DSC04646.jpg'><img src=http:\/\/extra.inmontanis.info\/d\/31108-3\/DSC04646.jpg \/><\/a><br \/>\n^ 22:30 Uhr, etwas Nordlichtaktivit\u00e4t im Bereich Altafjord \/ Langfjorden\/Sternsundet \/ Rognsundet\/&#8230; Das Schiff k\u00f6nnte die Hurtigrute sein? H\u00e4tte ich dann vor ein paar Tagen schon mal nachts auf dem Bild gehabt &#8230; w\u00e4re ein ziemlicher Zufall, da die Schiffe pro Tag ja nur 1x in jede Richtung fahren. (20 sek)<\/p>\n<p><a href='http:\/\/extra.inmontanis.info\/d\/31113-2\/DSC04656.jpg'><img src=http:\/\/extra.inmontanis.info\/d\/31112-3\/DSC04656.jpg \/><\/a><br \/>\n^ 22:57 Uhr, endlich mehr Aktivit\u00e4t, Bereich Altafjord \/ Langfjorden \/ Sternsundet \/ Rognsundet (15 sek)<\/p>\n<p><a href='http:\/\/extra.inmontanis.info\/d\/31117-2\/DSC04659.jpg'><img src=http:\/\/extra.inmontanis.info\/d\/31116-3\/DSC04659.jpg \/><\/a><br \/>\n^ 23:02 Uhr, Bereich Altafjord \/ Langfjorden \/ Sternsundet \/ Rognsundet (25 sek)<\/p>\n<p><a href='http:\/\/extra.inmontanis.info\/d\/31121-2\/DSC04664.jpg'><img src=http:\/\/extra.inmontanis.info\/d\/31120-3\/DSC04664.jpg \/><\/a><br \/>\n^ 23:09 Uhr, Bereich Altafjord \/ Langfjorden \/ Sternsundet \/ Rognsundet (25 sek)<\/p>\n<p><a href='http:\/\/extra.inmontanis.info\/d\/31125-2\/DSC04670.jpg'><img src=http:\/\/extra.inmontanis.info\/d\/31124-3\/DSC04670.jpg \/><\/a><br \/>\n^ Bevor man gar nichts sieht, gibt&#8217;s dann doch oft noch so ein gr\u00fcnes, kaum sichtbares Band (25 sek)<\/p>\n<p><a href='http:\/\/extra.inmontanis.info\/d\/31129-2\/DSC04672.jpg'><img src=http:\/\/extra.inmontanis.info\/d\/31128-3\/DSC04672.jpg \/><\/a><br \/>\n^ 23:43 Uhr, endlich noch ein gr\u00f6\u00dferer Ausbruch, blo\u00df nicht gerade \u00fcber den vielen Fjorden&#8230; (15 sek)<\/p>\n<p><a href='http:\/\/extra.inmontanis.info\/d\/31133-2\/DSC04674.jpg'><img src=http:\/\/extra.inmontanis.info\/d\/31132-3\/DSC04674.jpg \/><\/a><br \/>\n^ 23:47 Uhr, war dann bald wieder vorbei.  (15 sek)<\/p>\n<p>Gegen Mitternacht war ich dann wieder einmal zu m\u00fcde und fuhr noch zur\u00fcck zur E6 und selbige ein paar km weiter gen Norden bis zu einem Parkplatz mit WC (seit einigen Tagen aber ohne &#8220;w&#8221;, also nur Plumpsklos). Auf dem Weg gab&#8217;s zwar duchaus ein bisschen Nordlicht-Aktivit\u00e4t, war aber leider zu m\u00fcde, um nochmal gro\u00df zu fotografieren oder zu warten..<\/p>\n<p>Und das Essen heute? Viel! Auf die Gefahr hin, heute Abend nichts mehr zu bekommen, gab&#8217;s morgens &#8211; wie schon gesagt &#8211; erst mal ein Hotdog,  dann in Troms\u00f8 an der Shell-Tankstelle so ein komisches Pita-Biffsnadder:<\/p>\n<p><a href='http:\/\/extra.inmontanis.info\/d\/31157-2\/IMG_1549.jpg'><img src=http:\/\/extra.inmontanis.info\/d\/31156-3\/IMG_1549.jpg \/><\/a><br \/>\n^ Curry-Biff-Snadder oder so. An sich gut, nur f\u00e4llt die H\u00e4lfte immer raus &#8230;<\/p>\n<p>5x fielen mir irgendwelche Fleischteile raus, einmal eine gr\u00f6\u00dfere Portion auf die Hose. Na super. Jetzt ist die blaue Jeans auch noch versaut. Die andere, braune Hose hab ich mir eh schon vor ein paar Tagen zerst\u00f6rt (abgewetzter Stoff im Schritt, bl\u00f6d mit dem Finger h\u00e4ngengeblieben und dann ein riesen Loch). Kurioserweise, wie schon 2006 bei einer anderen Hose, verschwand aber auch der Fleck nach ein paar Tagen von selbst. Ich frag mich, ob das an der salzigen Meeresluft liegt oder ob der Fettfleck einfach ausgeschwitzt wird, wenn man die Hose nur ein paar Tage lang anhat? Und ob das mit Hemden auch funktioniert? H\u00e4tte da ein paar Flecken, die mit normalen Waschen nicht rausgehen &#8230;. ;)<\/p>\n<p>Danach auf der ersten F\u00e4hre eine Braunk\u00e4sewaffel und abends in Alta hielt ich auch noch an einem (SB-) Grillcaf\u00e9 und hab minutenlang \u00fcberlegt, was ich nehmen soll &#8211; Pizza, Kebab oder irgendeinen Burger &#8211; oder doch was ganz anderes &#8211; und halt doch wieder bei einem Burger (Spesialburger) h\u00e4ngengeblieben.<\/p>\n<p><a href='http:\/\/extra.inmontanis.info\/d\/31309-2\/IMG_1555.jpg'><img src=http:\/\/extra.inmontanis.info\/d\/31308-3\/IMG_1555.jpg \/><\/a><br \/>\n^ Lecker Hamburger (mit Hamburger+Kebap) und  Pommes, noch bevor ich das in Norwegen \u00fcbliche Paprika-Pulver dr\u00fcbergestreut hatte.<\/p>\n<p>(Fortsetzung folgt. Am n\u00e4chsten Tag ging&#8217;s ans Nordkapp. Mit 570 Fotos der fotoreichste Tag &#8211; und die ersten Zeilen des heutigen Berichts wiederholen sich&#8230;)<\/p>\n","protected":false},"excerpt":{"rendered":"<p>So, 13.9.2015 &#8211; Tag 10 &#8211; km 6.334 (Diff. 594 km) &#8211; Troms\u00f8-Lyngen-Alta<\/p>\n<p>Einzeln betrachtet hat auch der heutige Tag wieder viele sch\u00f6ne Fotos gebracht. Im Gesamten betrachtet dagegen &#8211; \u00e4hnliche Fotos wie an den Vortagen und den n\u00e4chsten Tagen. Das tausendste Bild von einer Stra\u00dfe am Fjord oder am Meer. Das f\u00fcnfhundertste Bild von <a href=\"http:\/\/blog.inmontanis.info\/?p=3497\">[&#8230;]<\/a><\/p>\n","protected":false},"author":1,"featured_media":0,"comment_status":"closed","ping_status":"closed","sticky":false,"template":"","format":"standard","meta":{"footnotes":""},"categories":[148,594,18],"tags":[90,100,37,52,96,45],"class_list":["post-3497","post","type-post","status-publish","format-standard","hentry","category-2015-09-skandinavischer-spatsommer","category-alta","category-norwegennorway","tag-infrarot","tag-langzeitbelichtung","tag-meer","tag-pb","tag-polarlicht","tag-see","odd"],"_links":{"self":[{"href":"http:\/\/blog.inmontanis.info\/index.php?rest_route=\/wp\/v2\/posts\/3497","targetHints":{"allow":["GET"]}}],"collection":[{"href":"http:\/\/blog.inmontanis.info\/index.php?rest_route=\/wp\/v2\/posts"}],"about":[{"href":"http:\/\/blog.inmontanis.info\/index.php?rest_route=\/wp\/v2\/types\/post"}],"author":[{"embeddable":true,"href":"http:\/\/blog.inmontanis.info\/index.php?rest_route=\/wp\/v2\/users\/1"}],"replies":[{"embeddable":true,"href":"http:\/\/blog.inmontanis.info\/index.php?rest_route=%2Fwp%2Fv2%2Fcomments&post=3497"}],"version-history":[{"count":3,"href":"http:\/\/blog.inmontanis.info\/index.php?rest_route=\/wp\/v2\/posts\/3497\/revisions"}],"predecessor-version":[{"id":3500,"href":"http:\/\/blog.inmontanis.info\/index.php?rest_route=\/wp\/v2\/posts\/3497\/revisions\/3500"}],"wp:attachment":[{"href":"http:\/\/blog.inmontanis.info\/index.php?rest_route=%2Fwp%2Fv2%2Fmedia&parent=3497"}],"wp:term":[{"taxonomy":"category","embeddable":true,"href":"http:\/\/blog.inmontanis.info\/index.php?rest_route=%2Fwp%2Fv2%2Fcategories&post=3497"},{"taxonomy":"post_tag","embeddable":true,"href":"http:\/\/blog.inmontanis.info\/index.php?rest_route=%2Fwp%2Fv2%2Ftags&post=3497"}],"curies":[{"name":"wp","href":"https:\/\/api.w.org\/{rel}","templated":true}]}}