{"id":3493,"date":"2015-09-12T22:43:59","date_gmt":"2015-09-12T20:43:59","guid":{"rendered":"http:\/\/blog.inmontanis.info\/?p=3493"},"modified":"2023-08-05T13:36:57","modified_gmt":"2023-08-05T11:36:57","slug":"abisko-12-9-2015","status":"publish","type":"post","link":"http:\/\/blog.inmontanis.info\/?p=3493","title":{"rendered":"Abisko, 12.9.2015"},"content":{"rendered":"<p><strong>Sa, 12.9.2015 &#8211; Tag 9 &#8211; km 5.740 (Diff. 590 km)<\/strong> &#8211; Abisko<\/p>\n<p>Wieder einmal kam ich nur \u00e4u\u00dferst schwer aus dem Bett und musste dann feststellen, dass ich nur noch 10min Puffer f\u00fcr die 11:45-F\u00e4hre auf der E6 hab. Die n\u00e4chste fiel glaub ich aus (nur in der Hochsaison) und dann w\u00e4re erst wieder um 14:05 die n\u00e4chste gefahren &#8211; das erschien mir doch zu sp\u00e4t. Zeit zum Klogehen oder Fr\u00fchst\u00fccken hatte ich somit jedenfalls nicht, auch wenn ich bis zur F\u00e4hre noch weitere 10min gut machte. Wobei ich mir kurz vorher noch \u00fcberlegte, nicht doch die andere F\u00e4hre zu den Vesteralen zu nehmen, da es f\u00fcr den Bereich Narvik heute Nacht sonnig werden sollte. (Nochmal kurz zur Erinnerung: Es gibt nach wie vor keine reine Stra\u00dfenverbindung innerhalb Norwegens weiter in den Norden &#8211; man muss eine F\u00e4hre nehmen.)<\/p>\n<p>(Fotos anklicken zum Vergr\u00f6\u00dfern)<\/p>\n<p><a href='http:\/\/extra.inmontanis.info\/d\/29665-3\/ge-201509route9.jpg'><img src=http:\/\/extra.inmontanis.info\/d\/29664-4\/ge-201509route9.jpg \/><\/a><br \/>\nFahrstrecke heute: T\u00fcrkis von nahe P mit<br \/>\n(F\u00e4hre)<br \/>\nQ) Abisko<\/p>\n<p><a href='http:\/\/extra.inmontanis.info\/d\/30957-2\/DSC04124.jpg'><img src=http:\/\/extra.inmontanis.info\/d\/30956-3\/DSC04124.jpg \/><\/a><br \/>\n^ 17 \/ N\u00e4he Kj\u00f8pstad<\/p>\n<p><a href='http:\/\/extra.inmontanis.info\/d\/30961-2\/DSC04126.jpg'><img src=http:\/\/extra.inmontanis.info\/d\/30960-3\/DSC04126.jpg \/><\/a><br \/>\n^ 17 \/ N\u00e4he Salstraumen. Steile Br\u00fccke ..<\/p>\n<p><a href='http:\/\/extra.inmontanis.info\/d\/30965-2\/DSC04127.jpg'><img src=http:\/\/extra.inmontanis.info\/d\/30964-3\/DSC04127.jpg \/><\/a><br \/>\n^ .. der Grund f\u00fcr die Steigung: Sie geht noch weiter.<\/p>\n<p><a href='http:\/\/extra.inmontanis.info\/d\/30969-2\/DSC04133.jpg'><img src=http:\/\/extra.inmontanis.info\/d\/30968-3\/DSC04133.jpg \/><\/a><br \/>\n^ 17 \/ Salstraumen-L\u00f8ding, 22,- NOK Maut  &#8211; warum auch immer.<\/p>\n<p><a href='http:\/\/extra.inmontanis.info\/d\/30973-2\/DSC04134.jpg'><img src=http:\/\/extra.inmontanis.info\/d\/30972-3\/DSC04134.jpg \/><\/a><br \/>\n^ 17 \/ Salstraumen-L\u00f8ding<\/p>\n<p><a href='http:\/\/extra.inmontanis.info\/d\/30977-2\/DSC04137.jpg'><img src=http:\/\/extra.inmontanis.info\/d\/30976-3\/DSC04137.jpg \/><\/a><br \/>\n^ 80 \/ Bod\u00f8-Fauske. Schon wieder Maut?<\/p>\n<p><a href='http:\/\/extra.inmontanis.info\/d\/30981-2\/DSC04138.jpg'><img src=http:\/\/extra.inmontanis.info\/d\/30980-3\/DSC04138.jpg \/><\/a><br \/>\n^ Ok, der Grund f\u00fcr diese Maut ist wenigstens klar: Da wurde ein neuer Tunnel gebaut, der die Strecke gut abk\u00fcrzt<\/p>\n<p><a href='http:\/\/extra.inmontanis.info\/d\/30985-2\/DSC04141.jpg'><img src=http:\/\/extra.inmontanis.info\/d\/30984-3\/DSC04141.jpg \/><\/a><br \/>\n^ E6 \/ nahe Straumen<\/p>\n<p><a href='http:\/\/extra.inmontanis.info\/d\/30989-2\/DSC04151.jpg'><img src=http:\/\/extra.inmontanis.info\/d\/30988-3\/DSC04151.jpg \/><\/a><br \/>\n^ E6 \/ n\u00e4he M\u00f8rsvikbotn \/ in Folge teilweise Neutrassierung und neuer Tunnel<\/p>\n<p><a href='http:\/\/extra.inmontanis.info\/d\/30993-2\/DSC04155.jpg'><img src=http:\/\/extra.inmontanis.info\/d\/30992-3\/DSC04155.jpg \/><\/a><br \/>\n^ E6<\/p>\n<p><a href='http:\/\/extra.inmontanis.info\/d\/30997-2\/DSC04161.jpg'><img src=http:\/\/extra.inmontanis.info\/d\/30996-3\/DSC04161.jpg \/><\/a><br \/>\n^ E6 \/ F\u00e4hre Bognes-Skaberget<\/p>\n<p><a href='http:\/\/extra.inmontanis.info\/d\/31001-2\/DSC04165.jpg'><img src=http:\/\/extra.inmontanis.info\/d\/31000-3\/DSC04165.jpg \/><\/a><br \/>\n^ E6 \/ F\u00e4hre Bognes-Skaberget. Leider mal wieder eine F\u00e4hre ohne Zugang zu den oberen Decks. Interessant geformte Berge da hinten!<\/p>\n<p><a href='http:\/\/extra.inmontanis.info\/d\/31005-2\/DSC04166.jpg'><img src=http:\/\/extra.inmontanis.info\/d\/31004-3\/DSC04166.jpg \/><\/a><br \/>\n^ E6 \/ F\u00e4hre Bognes-Skaberget mit Blick zur F\u00e4hre gen Lofoten<\/p>\n<p><a href='http:\/\/extra.inmontanis.info\/d\/31009-2\/DSC04174.jpg'><img src=http:\/\/extra.inmontanis.info\/d\/31008-3\/DSC04174.jpg \/><\/a><br \/>\n^ E6 \/ n\u00e4he Kjerringvika. Sehr interessant geformte Berge.<\/p>\n<p><a href='http:\/\/extra.inmontanis.info\/d\/31013-2\/DSC04180.jpg'><img src=http:\/\/extra.inmontanis.info\/d\/31012-3\/DSC04180.jpg \/><\/a><br \/>\n^ E6 \/ Forsahavet<\/p>\n<p>Nach der F\u00e4hre hielt ich kurz an der Tanke f\u00fcr einen Rollerburger-Hotdog, denn viel Zeit hatte ich wieder nicht, wollte ich noch mit der DSB in Absiko fahren. Oder fahr ich doch nicht? Egal, um 15 Uhr war ich dort und doch froh, mit ihr gefahren zu sein, tolles Herbstpano und bestes Wetter. Auf dem Weg \u00fcber&#8217;s Bj\u00f8rnfjell (E10 Narvik-Riksgr\u00e4nsen) zerschlug ich allerdings meinen Plan, heute Nachmittag noch nach Kiruna zu fahren und dort auf Nordlichtjagd zu gehen, denn die Landschaft schien mir hier sehr geeignet und da der Wetterbericht auch f\u00fcr diesen Bereich eine klare Nacht versprach, fuhr ich nach Absiko halt wieder das St\u00fcck zur\u00fcck &#8230;<\/p>\n<p><a href='http:\/\/extra.inmontanis.info\/d\/31017-2\/DSC04189.jpg'><img src=http:\/\/extra.inmontanis.info\/d\/31016-3\/DSC04189.jpg \/><\/a><br \/>\n^ E6 \/ vor Narvik<\/p>\n<p><a href='http:\/\/ski.inmontanis.info\/d\/205509-2\/DSC04191.jpg'><img src=http:\/\/ski.inmontanis.info\/d\/205508-3\/DSC04191.jpg \/><\/a><br \/>\n^ Narvik mit Skigebiet (GUB hatte schon Saisonschluss)<\/p>\n<p><a href='http:\/\/extra.inmontanis.info\/d\/31021-2\/DSC04196.jpg'><img src=http:\/\/extra.inmontanis.info\/d\/31020-3\/DSC04196.jpg \/><\/a><br \/>\n^ E6 \/ Neue Br\u00fccke n\u00f6rdlich von Narvik, gerade einmal 10km westlich der alten. H\u00e4tte man die alte gleich an der richtigen Stelle gebaut! Aber kann dem Staat ja egal sein, wird durch Maut eh vom Auto- und LKW-Fahrer finanziert. Grrr.<\/p>\n<p><a href='http:\/\/extra.inmontanis.info\/d\/31025-2\/DSC04199.jpg'><img src=http:\/\/extra.inmontanis.info\/d\/31024-3\/DSC04199.jpg \/><\/a><br \/>\n^ E6 \/ Neue Br\u00fccke n\u00f6rdlich von Narvik<\/p>\n<p><a href='http:\/\/extra.inmontanis.info\/d\/31029-2\/DSC04201.jpg'><img src=http:\/\/extra.inmontanis.info\/d\/31028-3\/DSC04201.jpg \/><\/a><br \/>\n^ .. und das ist die aktuelle Br\u00fccke, keine 10km weiter \u00f6stlich.<\/p>\n<p><a href='http:\/\/extra.inmontanis.info\/d\/31033-2\/DSC04202.jpg'><img src=http:\/\/extra.inmontanis.info\/d\/31032-3\/DSC04202.jpg \/><\/a><br \/>\n^ Blick von der aktuelle Br\u00fccke zur zuk\u00fcnftigen<\/p>\n<p><a href='http:\/\/extra.inmontanis.info\/d\/31037-2\/DSC04203.jpg'><img src=http:\/\/extra.inmontanis.info\/d\/31036-3\/DSC04203.jpg \/><\/a><br \/>\n^ Die Fahrteinsparung mit der neuen Br\u00fccke wird gerade einmal ca. 15 km sein. Ok, werden dann ca. 15 Minuten sein, aber h\u00e4tte man die nicht gleich von Anfang an dort bauen k\u00f6nnen?<\/p>\n<p><a href='http:\/\/extra.inmontanis.info\/d\/31041-2\/DSC04205.jpg'><img src=http:\/\/extra.inmontanis.info\/d\/31040-3\/DSC04205.jpg \/><\/a><br \/>\n^ .. und nat\u00fcrlich wird man schon jetzt zur Kasse f\u00fcr die neue Br\u00fccke gebeten, au\u00dfer man f\u00e4hrt von hier nach Schweden. Nervig.<\/p>\n<p><a href='http:\/\/extra.inmontanis.info\/d\/31045-2\/DSC04214.jpg'><img src=http:\/\/extra.inmontanis.info\/d\/31044-3\/DSC04214.jpg \/><\/a><br \/>\n^ E10 \/ Narvik-Riksgr\u00e4nsen, Bj\u00f8rnfjell. Leider sonst kein Bild mehr \u00fcbrig geblieben, ist aber auch sehr sch\u00f6n dort oben.<\/p>\n<p><a href='http:\/\/ski.inmontanis.info\/d\/205501-2\/DSC04222.jpg'><img src=http:\/\/ski.inmontanis.info\/d\/205500-3\/DSC04222.jpg \/><\/a><br \/>\n^ E10 \/ Riksgr\u00e4nsen (Schweden) mit Skigebiet<\/p>\n<p><a href='http:\/\/ski.inmontanis.info\/d\/205505-2\/DSC04223.jpg'><img src=http:\/\/ski.inmontanis.info\/d\/205504-3\/DSC04223.jpg \/><\/a><br \/>\n^ Riksgr\u00e4nsen<\/p>\n<p><a href='http:\/\/extra.inmontanis.info\/d\/31049-2\/DSC04226.jpg'><img src=http:\/\/extra.inmontanis.info\/d\/31048-3\/DSC04226.jpg \/><\/a><br \/>\n^ E10 \/ n\u00e4he Riksgr\u00e4nsen<\/p>\n<p><a href='http:\/\/extra.inmontanis.info\/d\/31053-2\/DSC04236.jpg'><img src=http:\/\/extra.inmontanis.info\/d\/31052-3\/DSC04236.jpg \/><\/a><br \/>\n^ E10 \/ Riksgr\u00e4nsen &#8211; Bj\u00f6rkliden<\/p>\n<p><a href='http:\/\/ski.inmontanis.info\/d\/205364-2\/DSC04248.jpg'><img src=http:\/\/ski.inmontanis.info\/d\/205363-3\/DSC04248.jpg \/><\/a><br \/>\n^ Talstation DSB Nuolja \/ Abisko<\/p>\n<p><a href='http:\/\/ski.inmontanis.info\/d\/205368-2\/DSC04249.jpg'><img src=http:\/\/ski.inmontanis.info\/d\/205367-3\/DSC04249.jpg \/><\/a><br \/>\n^ St\u00fctze 2 und fast-komplette Strecke<\/p>\n<p><a href='http:\/\/ski.inmontanis.info\/d\/205372-2\/DSC04251.jpg'><img src=http:\/\/ski.inmontanis.info\/d\/205371-3\/DSC04251.jpg \/><\/a><br \/>\n^ Talstation. Im Sp\u00e4tsommer\/Herbst dank bunter B\u00e4ume einfach sch\u00f6ner als im Sommer. Und im Winter\/Fr\u00fchjahr? Da ist der See zugefroren und schneebedeckt.<\/p>\n<p><a href='http:\/\/ski.inmontanis.info\/d\/205376-2\/DSC04253.jpg'><img src=http:\/\/ski.inmontanis.info\/d\/205375-3\/DSC04253.jpg \/><\/a><br \/>\n^ Nicht die DSB ist so hoch, die B\u00e4ume sind so kurz :)<\/p>\n<p><a href='http:\/\/ski.inmontanis.info\/d\/205380-2\/DSC04264.jpg'><img src=http:\/\/ski.inmontanis.info\/d\/205379-3\/DSC04264.jpg \/><\/a><br \/>\n^ Sven Carlson (Br\u00e4ndle)<\/p>\n<p><a href='http:\/\/ski.inmontanis.info\/d\/205384-2\/DSC04267.jpg'><img src=http:\/\/ski.inmontanis.info\/d\/205383-3\/DSC04267.jpg \/><\/a><br \/>\n^ Unterer Streckenteil vs. Tornetr\u00e4sk, mit 330 km\u00b2 der siebtgr\u00f6\u00dfte See Schwedens (lt. Wikipedia)<\/p>\n<p><a href='http:\/\/ski.inmontanis.info\/d\/205388-2\/DSC04268.jpg'><img src=http:\/\/ski.inmontanis.info\/d\/205387-3\/DSC04268.jpg \/><\/a><br \/>\n^ Mittelstation (nur im Winter)<\/p>\n<p><a href='http:\/\/ski.inmontanis.info\/d\/205392-2\/DSC04270.jpg'><img src=http:\/\/ski.inmontanis.info\/d\/205391-3\/DSC04270.jpg \/><\/a><br \/>\n^ Mittelstation<\/p>\n<p><a href='http:\/\/ski.inmontanis.info\/d\/205396-2\/DSC04272.jpg'><img src=http:\/\/ski.inmontanis.info\/d\/205395-3\/DSC04272.jpg \/><\/a><br \/>\n^ Abisko Nationalpark<\/p>\n<p><a href='http:\/\/ski.inmontanis.info\/d\/205400-2\/DSC04276.jpg'><img src=http:\/\/ski.inmontanis.info\/d\/205399-3\/DSC04276.jpg \/><\/a><br \/>\n^ Tornetr\u00e4sk<\/p>\n<p><a href='http:\/\/ski.inmontanis.info\/d\/205404-2\/DSC04279.jpg'><img src=http:\/\/ski.inmontanis.info\/d\/205403-3\/DSC04279.jpg \/><\/a><br \/>\n^ Bergstation und kleines Restschneefeld darunter<\/p>\n<p><a href='http:\/\/ski.inmontanis.info\/d\/205408-2\/DSC04283.jpg'><img src=http:\/\/ski.inmontanis.info\/d\/205407-3\/DSC04283.jpg \/><\/a><br \/>\n^ Pisten- und Offpisteplan, wobei glaub ich auch die Piste N nicht pr\u00e4pariert wird.<\/p>\n<p><a href='http:\/\/ski.inmontanis.info\/d\/205412-2\/DSC04285.jpg'><img src=http:\/\/ski.inmontanis.info\/d\/205411-3\/DSC04285.jpg \/><\/a><br \/>\n^ Bergstation<\/p>\n<p><a href='http:\/\/ski.inmontanis.info\/d\/205416-2\/DSC04288.jpg'><img src=http:\/\/ski.inmontanis.info\/d\/205415-3\/DSC04288.jpg \/><\/a><br \/>\n^ DSB Bergstation und Tornetr\u00e4sk<\/p>\n<p><a href='http:\/\/ski.inmontanis.info\/d\/205420-2\/DSC02333.jpg'><img src=http:\/\/ski.inmontanis.info\/d\/205419-3\/DSC02333.jpg \/><\/a><br \/>\n^ DSB Bergstation und Tornetr\u00e4sk (IR)<\/p>\n<p><a href='http:\/\/ski.inmontanis.info\/d\/205424-2\/DSC04290.jpg'><img src=http:\/\/ski.inmontanis.info\/d\/205423-3\/DSC04290.jpg \/><\/a><br \/>\n^ DSB Bergstation und Tornetr\u00e4sk<\/p>\n<p><a href='http:\/\/ski.inmontanis.info\/d\/205428-2\/DSC04292.jpg'><img src=http:\/\/ski.inmontanis.info\/d\/205427-3\/DSC04292.jpg \/><\/a><br \/>\n^ Wanderm\u00f6glichkeiten am Berg<\/p>\n<p><a href='http:\/\/ski.inmontanis.info\/d\/205432-2\/DSC04293.jpg'><img src=http:\/\/ski.inmontanis.info\/d\/205431-3\/DSC04293.jpg \/><\/a><br \/>\n^ Pano mal ohne Tornetr\u00e4sk<\/p>\n<p><a href='http:\/\/ski.inmontanis.info\/d\/205436-2\/DSC04296.jpg'><img src=http:\/\/ski.inmontanis.info\/d\/205435-3\/DSC04296.jpg \/><\/a><br \/>\n^ Aussichtsturm. Die Treppe ist auch nicht ohne &#8230;<\/p>\n<p><a href='http:\/\/ski.inmontanis.info\/d\/205440-2\/DSC04297.jpg'><img src=http:\/\/ski.inmontanis.info\/d\/205439-3\/DSC04297.jpg \/><\/a><br \/>\n^ Pano mit Bergrestaurant<\/p>\n<p><a href='http:\/\/ski.inmontanis.info\/d\/205444-2\/DSC04298.jpg'><img src=http:\/\/ski.inmontanis.info\/d\/205443-3\/DSC04298.jpg \/><\/a><br \/>\n^ Talblick<\/p>\n<p><a href='http:\/\/ski.inmontanis.info\/d\/205448-2\/DSC04299.jpg'><img src=http:\/\/ski.inmontanis.info\/d\/205447-3\/DSC04299.jpg \/><\/a><br \/>\n^ DSB vs. See<\/p>\n<p><a href='http:\/\/ski.inmontanis.info\/d\/205497-2\/DSC04301.jpg'><img src=http:\/\/ski.inmontanis.info\/d\/205496-3\/DSC04301.jpg \/><\/a><br \/>\n^ Daten<\/p>\n<p><a href='http:\/\/ski.inmontanis.info\/d\/205453-2\/DSC04303.jpg'><img src=http:\/\/ski.inmontanis.info\/d\/205452-3\/DSC04303.jpg \/><\/a><br \/>\n^ Talfahrt<\/p>\n<p><a href='http:\/\/ski.inmontanis.info\/d\/205457-2\/DSC04307.jpg'><img src=http:\/\/ski.inmontanis.info\/d\/205456-3\/DSC04307.jpg \/><\/a><br \/>\n^ St\u00fctze<\/p>\n<p><a href='http:\/\/ski.inmontanis.info\/d\/205461-2\/DSC04315.jpg'><img src=http:\/\/ski.inmontanis.info\/d\/205460-3\/DSC04315.jpg \/><\/a><br \/>\n^ Doppelst\u00fctze<\/p>\n<p><a href='http:\/\/ski.inmontanis.info\/d\/205465-2\/DSC04323.jpg'><img src=http:\/\/ski.inmontanis.info\/d\/205464-3\/DSC04323.jpg \/><\/a><br \/>\n^ Viel Wald<\/p>\n<p><a href='http:\/\/ski.inmontanis.info\/d\/205469-2\/DSC04326.jpg'><img src=http:\/\/ski.inmontanis.info\/d\/205468-3\/DSC04326.jpg \/><\/a><br \/>\n^ <\/p>\n<p><a href='http:\/\/ski.inmontanis.info\/d\/205473-2\/DSC04329.jpg'><img src=http:\/\/ski.inmontanis.info\/d\/205472-3\/DSC04329.jpg \/><\/a><br \/>\n^ Evacuation Instruction<\/p>\n<p><a href='http:\/\/ski.inmontanis.info\/d\/205477-2\/DSC04334.jpg'><img src=http:\/\/ski.inmontanis.info\/d\/205476-3\/DSC04334.jpg \/><\/a><br \/>\n^ St\u00fctze 3<\/p>\n<p><a href='http:\/\/ski.inmontanis.info\/d\/205481-2\/DSC04335.jpg'><img src=http:\/\/ski.inmontanis.info\/d\/205480-3\/DSC04335.jpg \/><\/a><br \/>\n^ St\u00fctze 1<\/p>\n<p><a href='http:\/\/ski.inmontanis.info\/d\/205485-2\/DSC04336.jpg'><img src=http:\/\/ski.inmontanis.info\/d\/205484-3\/DSC04336.jpg \/><\/a><br \/>\n^ Talstation<\/p>\n<p><a href='http:\/\/ski.inmontanis.info\/d\/205489-2\/DSC04337.jpg'><img src=http:\/\/ski.inmontanis.info\/d\/205488-3\/DSC04337.jpg \/><\/a><br \/>\n^ Bahnhof<\/p>\n<p><a href='http:\/\/ski.inmontanis.info\/d\/205493-2\/DSC04338.jpg'><img src=http:\/\/ski.inmontanis.info\/d\/205492-3\/DSC04338.jpg \/><\/a><br \/>\n^ Bahn vs. DSB<\/p>\n<p>Paar Filmschnippsel:<br \/>\n<object style=\"height: 500px; width: 900px\"><param name=\"movie\" value=\"http:\/\/www.youtube.com\/v\/6A2kUSzst2U\"><\/param><param name=\"wmode\" value=\"transparent\"><\/param><embed src=\"http:\/\/www.youtube.com\/v\/6A2kUSzst2U\" type=\"application\/x-shockwave-flash\" wmode=\"transparent\"  width=\"900\" height=\"480\"><\/embed><\/object><\/p>\n<p>Noch kurz in Abisko zum Essen und Einkaufen gehalten &#8211; eine riiiiesige offene Theke mit Gummib\u00e4rchen und Schoko-Naschereien, im Nachhinein gesch\u00e4tzt sicher \u00fcber 100 verschiedene Sachen.<\/p>\n<p><a href='http:\/\/extra.inmontanis.info\/d\/31057-2\/DSC04339.jpg'><img src=http:\/\/extra.inmontanis.info\/d\/31056-3\/DSC04339.jpg \/><\/a><br \/>\n^ Nahe der Schwedisch-Norwegischen Grenze bei Riksgr\u00e4nsen<\/p>\n<p><a href='http:\/\/extra.inmontanis.info\/d\/31061-2\/DSC04346.jpg'><img src=http:\/\/extra.inmontanis.info\/d\/31060-3\/DSC04346.jpg \/><\/a><br \/>\n^ Nahe der Schwedisch-Norwegischen Grenze bei Riksgr\u00e4nsen<\/p>\n<p><a href='http:\/\/extra.inmontanis.info\/d\/31065-2\/DSC04349.jpg'><img src=http:\/\/extra.inmontanis.info\/d\/31064-3\/DSC04349.jpg \/><\/a><br \/>\n^ E10 \/ Riksgr\u00e4nsen &#8211; Narvik<\/p>\n<p><a href='http:\/\/extra.inmontanis.info\/d\/31069-2\/DSC04351.jpg'><img src=http:\/\/extra.inmontanis.info\/d\/31068-3\/DSC04351.jpg \/><\/a><br \/>\n^ E10 \/ Ofotfjord mit Blick zur Br\u00fcckenbaustelle<\/p>\n<p><a href='http:\/\/extra.inmontanis.info\/d\/31073-2\/DSC04352.jpg'><img src=http:\/\/extra.inmontanis.info\/d\/31072-3\/DSC04352.jpg \/><\/a><br \/>\n^ .. und eine Stunde sp\u00e4ter.<\/p>\n<p>Ich wartete also auf die Dunkelheit und auf Nordlichter, die Kurzzeitvorhersage blieb aber laufend bei St\u00e4rke 2 (statt 4). Das reicht zwar prinzipiell f\u00fcr diesen Bereich hier, aber viel war leider nicht los. Ich fuhr nochmal \u00fcber das Bj\u00f8rnfjell nach Riksgr\u00e4nsen und mich dann dazu entschlossen, weiter in Richtung des morgigen Ziels zu fahren &#8211; wg. der sonnigeren Vorhersage nun doch via Troms\u00f8 (anstatt Schweden\/Finnland) gen Nordkapp. Auf dem Weg noch ca. zwei Fjorde angefahren, nach dem ersten gab&#8217;s Nebel und um 1:40 Uhr hab ich mich hundem\u00fcde an einem Stadion- oder Kirchenparkplatz in einem kleinen Ort hingestellt. Hoffentlich gibt das morgen fr\u00fch (Sonntag) kein Problem :)<\/p>\n<p><a href='http:\/\/extra.inmontanis.info\/d\/31081-2\/DSC04355.jpg'><img src=http:\/\/extra.inmontanis.info\/d\/31080-3\/DSC04355.jpg \/><\/a><br \/>\n^ 22:22 Uhr &#8211; E10 nahe Riksgr\u00e4nsen, endlich mal ein bisschen gr\u00fcn (20 sek)<\/p>\n<p><a href='http:\/\/extra.inmontanis.info\/d\/31085-2\/DSC04363.jpg'><img src=http:\/\/extra.inmontanis.info\/d\/31084-3\/DSC04363.jpg \/><\/a><br \/>\n^ Nahe Riksgr\u00e4nsen. Die Parkpl\u00e4tze hier sind alle ziemlich gut besucht, die Nordlichtaktivit\u00e4t heute eher gering, Standorte mit guten Motiven selten (13 sek), insb. weil man die ganzen kleinen Parkpl\u00e4tze in der Nacht nicht sieht\/findet<\/p>\n<p><a href='http:\/\/extra.inmontanis.info\/d\/31077-2\/DSC04365.jpg'><img src=http:\/\/extra.inmontanis.info\/d\/31076-3\/DSC04365.jpg \/><\/a><br \/>\n^ Jedenfalls war mal wieder der Sternenhimmel &#8211; samt Milchstra\u00dfe &#8211; gut zu sehen. (25sek Iso 800)<\/p>\n<p><a href='http:\/\/extra.inmontanis.info\/d\/31089-2\/DSC04367.jpg'><img src=http:\/\/extra.inmontanis.info\/d\/31088-3\/DSC04367.jpg \/><\/a><br \/>\n^ Polarlichter nahe Riksgr\u00e4nsen (13 sek)<\/p>\n<p><a href='http:\/\/extra.inmontanis.info\/d\/31093-2\/DSC04368.jpg'><img src=http:\/\/extra.inmontanis.info\/d\/31092-3\/DSC04368.jpg \/><\/a><br \/>\n^ Nahe Riksgr\u00e4nsen (13 sek)<\/p>\n<p><a href='http:\/\/extra.inmontanis.info\/d\/31097-2\/DSC04373.jpg'><img src=http:\/\/extra.inmontanis.info\/d\/31096-3\/DSC04373.jpg \/><\/a><br \/>\n^ 23:29 Uhr, nahe Riksgr\u00e4nsen (20 sek).<\/p>\n<p><a href='http:\/\/extra.inmontanis.info\/d\/31101-2\/DSC04376.jpg'><img src=http:\/\/extra.inmontanis.info\/d\/31100-3\/DSC04376.jpg \/><\/a><br \/>\n^ 0:23 Uhr, E6-E10 \/ Bjerkvik, nur minimale Nordlichtaktivit\u00e4t, schade (15 sek)<\/p>\n<p><a href='http:\/\/extra.inmontanis.info\/d\/31105-2\/DSC04378.jpg'><img src=http:\/\/extra.inmontanis.info\/d\/31104-3\/DSC04378.jpg \/><\/a><br \/>\n^ 0:50 Uhr \/ E6 nahe Fjordbotn \/ nochmal aus dem Nebel rausgekommen und noch ein bisschen Gr\u00fcn im Himmel gefunden (15 sek)<\/p>\n<p>(Fortsetzung folgt.)<\/p>\n","protected":false},"excerpt":{"rendered":"<p>Sa, 12.9.2015 &#8211; Tag 9 &#8211; km 5.740 (Diff. 590 km) &#8211; Abisko<\/p>\n<p>Wieder einmal kam ich nur \u00e4u\u00dferst schwer aus dem Bett und musste dann feststellen, dass ich nur noch 10min Puffer f\u00fcr die 11:45-F\u00e4hre auf der E6 hab. Die n\u00e4chste fiel glaub ich aus (nur in der Hochsaison) und dann w\u00e4re erst wieder <a href=\"http:\/\/blog.inmontanis.info\/?p=3493\">[&#8230;]<\/a><\/p>\n","protected":false},"author":1,"featured_media":0,"comment_status":"closed","ping_status":"closed","sticky":false,"template":"","format":"standard","meta":{"footnotes":""},"categories":[148,695,18,59,19],"tags":[38,90,100,96,45],"class_list":["post-3493","post","type-post","status-publish","format-standard","hentry","category-2015-09-skandinavischer-spatsommer","category-abisko","category-norwegennorway","category-nostalgie","category-schwedensweden","tag-dsb","tag-infrarot","tag-langzeitbelichtung","tag-polarlicht","tag-see","odd"],"_links":{"self":[{"href":"http:\/\/blog.inmontanis.info\/index.php?rest_route=\/wp\/v2\/posts\/3493","targetHints":{"allow":["GET"]}}],"collection":[{"href":"http:\/\/blog.inmontanis.info\/index.php?rest_route=\/wp\/v2\/posts"}],"about":[{"href":"http:\/\/blog.inmontanis.info\/index.php?rest_route=\/wp\/v2\/types\/post"}],"author":[{"embeddable":true,"href":"http:\/\/blog.inmontanis.info\/index.php?rest_route=\/wp\/v2\/users\/1"}],"replies":[{"embeddable":true,"href":"http:\/\/blog.inmontanis.info\/index.php?rest_route=%2Fwp%2Fv2%2Fcomments&post=3493"}],"version-history":[{"count":3,"href":"http:\/\/blog.inmontanis.info\/index.php?rest_route=\/wp\/v2\/posts\/3493\/revisions"}],"predecessor-version":[{"id":3496,"href":"http:\/\/blog.inmontanis.info\/index.php?rest_route=\/wp\/v2\/posts\/3493\/revisions\/3496"}],"wp:attachment":[{"href":"http:\/\/blog.inmontanis.info\/index.php?rest_route=%2Fwp%2Fv2%2Fmedia&parent=3493"}],"wp:term":[{"taxonomy":"category","embeddable":true,"href":"http:\/\/blog.inmontanis.info\/index.php?rest_route=%2Fwp%2Fv2%2Fcategories&post=3493"},{"taxonomy":"post_tag","embeddable":true,"href":"http:\/\/blog.inmontanis.info\/index.php?rest_route=%2Fwp%2Fv2%2Ftags&post=3493"}],"curies":[{"name":"wp","href":"https:\/\/api.w.org\/{rel}","templated":true}]}}