{"id":3490,"date":"2015-09-11T22:28:15","date_gmt":"2015-09-11T20:28:15","guid":{"rendered":"http:\/\/blog.inmontanis.info\/?p=3490"},"modified":"2015-10-15T23:05:57","modified_gmt":"2015-10-15T21:05:57","slug":"kystriksveien-teil-2-nord-kustenfort-meersonnenuntergang-nordlichter-11-9-2015","status":"publish","type":"post","link":"http:\/\/blog.inmontanis.info\/?p=3490","title":{"rendered":"Kystriksveien Teil 2 (Nord) + K\u00fcstenfort + Meersonnenuntergang + Nordlichter, 11.9.2015"},"content":{"rendered":"<p><strong>Fr, 11.9.2015 &#8211; Tag 8 &#8211; km ca. 5.150 (Diff. ca. 360 km)<\/strong> &#8211; Kystriksveien Teil 2 \/ K\u00fcstenfort \/ Meersonnenuntergang \/ Nordlichter<\/p>\n<p>(Auch wenn ich eine ganze Woche lang Nordlichter fotografiert hab, heute gab es doch ein bisschen sch\u00f6nere Standorte + den Film, daher extra im Titel erw\u00e4hnt)<\/p>\n<p>Da eine der F\u00e4hren auf dem Fv 17 momentan zwischen 8:30 und 14:00 nicht f\u00e4hrt (die um 11:50 f\u00e4llt jetzt zu der Jahreszeit aus), hatte ich etwas Zeit. Vorsichtshalber gleich in der fr\u00fch in der Shell in Sandnessj\u00f8en getankt und ein Bernerw\u00fcrstel-Hotdog gegessen. Dann gleich zur ersten F\u00e4hre, in Folge hatte ich dann ca. 2-2,5h Zeitpuffer und ging es also gem\u00fctlich an, hielt an einem Fort der deutschen Wehrmacht aus dem WK 2 direkt neben der Stra\u00dfe ..<\/p>\n<p>.. und da konnte man ziemlich viel besichtigen, so dass die Zeit schnell verging, ein weiteres angedachtes Zwischenziel hab ich auslassen und bin zur 14h-F\u00e4hre.<\/p>\n<p>(Fotos anklicken zum Vergr\u00f6\u00dfern)<\/p>\n<p><a href='http:\/\/extra.inmontanis.info\/d\/29661-3\/ge-201509route8.jpg'><img src=http:\/\/extra.inmontanis.info\/d\/29660-4\/ge-201509route8.jpg \/><\/a><br \/>\nFahrstrecke heute: Rot mit<br \/>\n(F\u00e4hre)<br \/>\nO) Gr\u00f8nsvik Kystfort<br \/>\n(F\u00e4hre)<br \/>\n(F\u00e4hre)<br \/>\nP) Sandhorn\u00f8ya<\/p>\n<p><a href='http:\/\/extra.inmontanis.info\/d\/30649-2\/DSC03665.jpg'><img src=http:\/\/extra.inmontanis.info\/d\/30648-3\/DSC03665.jpg \/><\/a><br \/>\n^ F\u00e4hre Levang-Nesna<\/p>\n<p><a href='http:\/\/extra.inmontanis.info\/d\/30653-2\/DSC03667.jpg'><img src=http:\/\/extra.inmontanis.info\/d\/30652-3\/DSC03667.jpg \/><\/a><br \/>\n^ F\u00e4hre Levang-Nesna<\/p>\n<p><a href='http:\/\/extra.inmontanis.info\/d\/30657-2\/DSC03672.jpg'><img src=http:\/\/extra.inmontanis.info\/d\/30656-3\/DSC03672.jpg \/><\/a><br \/>\n^ 17 \/ n\u00e4he Nesna \/ Litlsjona<\/p>\n<p><a href='http:\/\/extra.inmontanis.info\/d\/30661-2\/DSC03679.jpg'><img src=http:\/\/extra.inmontanis.info\/d\/30660-3\/DSC03679.jpg \/><\/a><br \/>\n^ Sjona. Kleiner Aussichtsparkplatz am Fv. 17. Hier h\u00e4tte man auch sch\u00f6n \u00fcbernachten k\u00f6nnen, w\u00e4r vielleicht auch Nordlichtm\u00e4\u00dfig sch\u00f6ner gewesen als gestern. Sollte ich mir f\u00fcr die n\u00e4chste Sommerreise merken (Diesen Platz, wie auch das K\u00fcstenfort, kann man von Mo i Rana direkt, ohne F\u00e4hre, anfahren)<\/p>\n<p><a href='http:\/\/extra.inmontanis.info\/d\/30665-2\/DSC03681.jpg'><img src=http:\/\/extra.inmontanis.info\/d\/30664-3\/DSC03681.jpg \/><\/a><br \/>\n^ Sjona. Das Wasser schaut heute wie ein Gem\u00e4lde aus.<\/p>\n<p><a href='http:\/\/extra.inmontanis.info\/d\/30669-2\/DSC03700.jpg'><img src=http:\/\/extra.inmontanis.info\/d\/30668-3\/DSC03700.jpg \/><\/a><br \/>\n^ 17 \/ Sjona<\/p>\n<p><a href='http:\/\/extra.inmontanis.info\/d\/30673-2\/DSC03708.jpg'><img src=http:\/\/extra.inmontanis.info\/d\/30672-3\/DSC03708.jpg \/><\/a><br \/>\n^ 17 \/ Aussichtspunkt Kleivhalsen. Der ist kurz nach dem Fort, bin also die Kurve nochmal zur\u00fcck.<\/p>\n<p><a href='http:\/\/extra.inmontanis.info\/d\/30677-2\/DSC03710.jpg'><img src=http:\/\/extra.inmontanis.info\/d\/30676-3\/DSC03710.jpg \/><\/a><br \/>\n^ 17 \/ Aussichtspunkt Kleivhalsen<\/p>\n<p><a href='http:\/\/extra.inmontanis.info\/d\/30681-2\/DSC03711.jpg'><img src=http:\/\/extra.inmontanis.info\/d\/30680-3\/DSC03711.jpg \/><\/a><br \/>\n^ 17 \/ Aussichtspunkt Kleivhalsen<\/p>\n<p><a href='http:\/\/extra.inmontanis.info\/d\/30685-2\/DSC03716.jpg'><img src=http:\/\/extra.inmontanis.info\/d\/30684-3\/DSC03716.jpg \/><\/a><br \/>\n^ Gr\u00f8nsvik Kystfort. Netterweise sind fast alle T\u00fcren offen &#8211; nur die Lichter innen waren aus, es ist also zappenduster. Ich hatte nur mein iPhone dabei, aber die LED war hell genug. Etwas Angst hatte ich allerdings, dass irgendwan mal einer die T\u00fcren schlie\u00dfen und mich einsperren k\u00f6nnte&#8230;<\/p>\n<p>Ist zwar nicht so, dass ich mich sonderlich f\u00fcr Kriegsrelikte interssiere &#8211; da gibt&#8217;s andere alte Sachen, die mir mehr gefielen &#8211; aber f\u00fcr H\u00f6hlen und Bunker bin ich dann doch wieder zu haben.<\/p>\n<p><a href='http:\/\/extra.inmontanis.info\/d\/30689-2\/DSC03722.jpg'><img src=http:\/\/extra.inmontanis.info\/d\/30688-3\/DSC03722.jpg \/><\/a><\/p>\n<p><a href='http:\/\/extra.inmontanis.info\/d\/30693-2\/DSC03728.jpg'><img src=http:\/\/extra.inmontanis.info\/d\/30692-3\/DSC03728.jpg \/><\/a><br \/>\n^ Kanonenstellung<\/p>\n<p><a href='http:\/\/extra.inmontanis.info\/d\/30697-2\/DSC03729.jpg'><img src=http:\/\/extra.inmontanis.info\/d\/30696-3\/DSC03729.jpg \/><\/a><\/p>\n<p><a href='http:\/\/extra.inmontanis.info\/d\/30701-2\/DSC03734.jpg'><img src=http:\/\/extra.inmontanis.info\/d\/30700-3\/DSC03734.jpg \/><\/a><\/p>\n<p><a href='http:\/\/extra.inmontanis.info\/d\/30705-2\/DSC03735.jpg'><img src=http:\/\/extra.inmontanis.info\/d\/30704-3\/DSC03735.jpg \/><\/a><\/p>\n<p><a href='http:\/\/extra.inmontanis.info\/d\/30709-2\/DSC03741.jpg'><img src=http:\/\/extra.inmontanis.info\/d\/30708-3\/DSC03741.jpg \/><\/a><\/p>\n<p><a href='http:\/\/extra.inmontanis.info\/d\/30713-2\/DSC03744.jpg'><img src=http:\/\/extra.inmontanis.info\/d\/30712-3\/DSC03744.jpg \/><\/a><\/p>\n<p><a href='http:\/\/extra.inmontanis.info\/d\/30717-2\/DSC03750.jpg'><img src=http:\/\/extra.inmontanis.info\/d\/30716-3\/DSC03750.jpg \/><\/a><\/p>\n<p><a href='http:\/\/extra.inmontanis.info\/d\/30721-2\/DSC03752.jpg'><img src=http:\/\/extra.inmontanis.info\/d\/30720-3\/DSC03752.jpg \/><\/a><\/p>\n<p><a href='http:\/\/extra.inmontanis.info\/d\/30725-2\/DSC03754.jpg'><img src=http:\/\/extra.inmontanis.info\/d\/30724-3\/DSC03754.jpg \/><\/a><\/p>\n<p><a href='http:\/\/extra.inmontanis.info\/d\/30729-2\/DSC03756.jpg'><img src=http:\/\/extra.inmontanis.info\/d\/30728-3\/DSC03756.jpg \/><\/a><\/p>\n<p><a href='http:\/\/extra.inmontanis.info\/d\/30733-2\/DSC03758.jpg'><img src=http:\/\/extra.inmontanis.info\/d\/30732-3\/DSC03758.jpg \/><\/a><\/p>\n<p><a href='http:\/\/extra.inmontanis.info\/d\/30737-2\/DSC03760.jpg'><img src=http:\/\/extra.inmontanis.info\/d\/30736-3\/DSC03760.jpg \/><\/a><br \/>\n^ Bergoucnan &#8211; Reifen<\/p>\n<p><a href='http:\/\/extra.inmontanis.info\/d\/30741-2\/DSC03763.jpg'><img src=http:\/\/extra.inmontanis.info\/d\/30740-3\/DSC03763.jpg \/><\/a><\/p>\n<p><a href='http:\/\/extra.inmontanis.info\/d\/30745-2\/DSC03766.jpg'><img src=http:\/\/extra.inmontanis.info\/d\/30744-3\/DSC03766.jpg \/><\/a><\/p>\n<p><a href='http:\/\/extra.inmontanis.info\/d\/30749-2\/DSC03768.jpg'><img src=http:\/\/extra.inmontanis.info\/d\/30748-3\/DSC03768.jpg \/><\/a><\/p>\n<p><a href='http:\/\/extra.inmontanis.info\/d\/30753-2\/DSC03769.jpg'><img src=http:\/\/extra.inmontanis.info\/d\/30752-3\/DSC03769.jpg \/><\/a><\/p>\n<p><a href='http:\/\/extra.inmontanis.info\/d\/30757-2\/DSC03770.jpg'><img src=http:\/\/extra.inmontanis.info\/d\/30756-3\/DSC03770.jpg \/><\/a><\/p>\n<p><a href='http:\/\/extra.inmontanis.info\/d\/30761-2\/DSC03775.jpg'><img src=http:\/\/extra.inmontanis.info\/d\/30760-3\/DSC03775.jpg \/><\/a><br \/>\n^ Abgang Sanit\u00e4tsbunker, unten rechts &#8211; da wars dann mal komplett dunkel<\/p>\n<p><a href='http:\/\/extra.inmontanis.info\/d\/30765-2\/DSC03781.jpg'><img src=http:\/\/extra.inmontanis.info\/d\/30764-3\/DSC03781.jpg \/><\/a><br \/>\n^ Im Sanit\u00e4tsbunker. Puh .. bevor die T\u00fcr zugeht, eine schwarze Messe abgehalten wird und ich filetiert werde, geh ich den Gang lieber nicht mehr weiter, der Weg zur\u00fcck ist eh lang genug&#8230;<br \/>\n(0.5 sek, ISO 12800, handgehalten, nur mit iPhone-LED beleuchtet)<\/p>\n<p><a href='http:\/\/extra.inmontanis.info\/d\/30769-2\/DSC03791.jpg'><img src=http:\/\/extra.inmontanis.info\/d\/30768-3\/DSC03791.jpg \/><\/a><\/p>\n<p><a href='http:\/\/extra.inmontanis.info\/d\/30773-2\/DSC03792.jpg'><img src=http:\/\/extra.inmontanis.info\/d\/30772-3\/DSC03792.jpg \/><\/a><\/p>\n<p><a href='http:\/\/extra.inmontanis.info\/d\/30777-2\/DSC03802.jpg'><img src=http:\/\/extra.inmontanis.info\/d\/30776-3\/DSC03802.jpg \/><\/a><br \/>\n^ Ganz ohne Licht sollte man aufgrund der L\u00f6cher im Boden nicht unterwegs sein &#8230;<\/p>\n<p><a href='http:\/\/extra.inmontanis.info\/d\/30781-2\/DSC03806.jpg'><img src=http:\/\/extra.inmontanis.info\/d\/30780-3\/DSC03806.jpg \/><\/a><\/p>\n<p><a href='http:\/\/extra.inmontanis.info\/d\/30785-2\/DSC03809.jpg'><img src=http:\/\/extra.inmontanis.info\/d\/30784-3\/DSC03809.jpg \/><\/a><br \/>\n^ Mit einigen Abzweigungen und R\u00e4umen konnte man sich hier fast etwas verirren &#8211; noch dazu, weil&#8217;s ja komplett dunkel ist.<\/p>\n<p><a href='http:\/\/extra.inmontanis.info\/d\/30789-2\/DSC03811.jpg'><img src=http:\/\/extra.inmontanis.info\/d\/30788-3\/DSC03811.jpg \/><\/a><br \/>\n^ Vorne links die Musikbaracke. War heute \u00fcbrigens sehr warm, \u00fcber 20\u00b0<\/p>\n<p><a href='http:\/\/extra.inmontanis.info\/d\/30793-2\/DSC03816.jpg'><img src=http:\/\/extra.inmontanis.info\/d\/30792-3\/DSC03816.jpg \/><\/a><\/p>\n<p><a href='http:\/\/extra.inmontanis.info\/d\/30797-2\/DSC03813.jpg'><img src=http:\/\/extra.inmontanis.info\/d\/30796-3\/DSC03813.jpg \/><\/a><br \/>\n^ Unterer Eingang Sanit\u00e4tsbunker<\/p>\n<p><a href='http:\/\/extra.inmontanis.info\/d\/30801-2\/DSC03814.jpg'><img src=http:\/\/extra.inmontanis.info\/d\/30800-3\/DSC03814.jpg \/><\/a><br \/>\n^ Sanit\u00e4tsbunker<\/p>\n<p><a href='http:\/\/extra.inmontanis.info\/d\/30805-2\/DSC03820.jpg'><img src=http:\/\/extra.inmontanis.info\/d\/30804-3\/DSC03820.jpg \/><\/a><br \/>\n^ 17 \/ Aldersundet<\/p>\n<p><a href='http:\/\/extra.inmontanis.info\/d\/30809-2\/DSC03828.jpg'><img src=http:\/\/extra.inmontanis.info\/d\/30808-3\/DSC03828.jpg \/><\/a><\/p>\n<p><a href='http:\/\/extra.inmontanis.info\/d\/30813-2\/DSC03836.jpg'><img src=http:\/\/extra.inmontanis.info\/d\/30812-3\/DSC03836.jpg \/><\/a><br \/>\n^ F\u00e4hre Kilboghamn-Jektvik<\/p>\n<p>Auf dieser F\u00e4hre h\u00e4tte es sogar richtiges Essen gegeben, aber kein Hotdog, und  eine gr\u00f6\u00dfere Pause im Salon wollte ich trotz 1h F\u00e4hrfahrt auch nicht machen, somit nur einen skandinavischen Nusskuchen und eine Braunk\u00e4sewaffel. <\/p>\n<p><a href='http:\/\/extra.inmontanis.info\/d\/30817-2\/IMG_1538.jpg'><img src=http:\/\/extra.inmontanis.info\/d\/30816-3\/IMG_1538.jpg \/><\/a><br \/>\n^ Links der leckere skandinavische Schoko-Sahne-Nusskuchen, rechts die norwegische Waffel mit Braunk\u00e4se<\/p>\n<p><a href='http:\/\/extra.inmontanis.info\/d\/30821-2\/DSC03849.jpg'><img src=http:\/\/extra.inmontanis.info\/d\/30820-3\/DSC03849.jpg \/><\/a><br \/>\n^ F\u00e4hre Kilboghamn-Jektvik<\/p>\n<p><a href='http:\/\/extra.inmontanis.info\/d\/30825-2\/DSC03852.jpg'><img src=http:\/\/extra.inmontanis.info\/d\/30824-3\/DSC03852.jpg \/><\/a><br \/>\n^ F\u00e4hre Kilboghamn-Jektvik<\/p>\n<p><a href='http:\/\/extra.inmontanis.info\/d\/30829-2\/DSC03857.jpg'><img src=http:\/\/extra.inmontanis.info\/d\/30828-3\/DSC03857.jpg \/><\/a><br \/>\n^ F\u00e4hre Kilboghamn-Jektvik<\/p>\n<p><a href='http:\/\/extra.inmontanis.info\/d\/30833-2\/DSC03858.jpg'><img src=http:\/\/extra.inmontanis.info\/d\/30832-3\/DSC03858.jpg \/><\/a><br \/>\n^ F\u00e4hre Kilboghamn-Jektvik, kurz vor Ankunft<\/p>\n<p><a href='http:\/\/extra.inmontanis.info\/d\/30837-2\/DSC03865.jpg'><img src=http:\/\/extra.inmontanis.info\/d\/30836-3\/DSC03865.jpg \/><\/a><br \/>\n^ F\u00e4hre Kilboghamn-Jektvik<\/p>\n<p><a href='http:\/\/extra.inmontanis.info\/d\/30841-2\/DSC03869.jpg'><img src=http:\/\/extra.inmontanis.info\/d\/30840-3\/DSC03869.jpg \/><\/a><br \/>\n^ 17 \/ N\u00e4he Jektvik<\/p>\n<p>Die dritte F\u00e4hre war dann wieder ohne Zeitpuffer, so dass ich auf dem Zwischenweg nichts weiter ansah. Nach der dritten F\u00e4hre plante ich eine Zeit lang mit der Karte, wo ich heute noch hinfahren sollte. Erst hatte ich geplant, noch ein sch\u00f6nes St\u00fcck nach Norden zu fahren, dann aber, dass ich morgen wohl eh nur nach Abisko wollte und ich mir somit noch Zeit lassen k\u00f6nnte. Au\u00dferdem sagte die Wettervorhersage umso fr\u00fcher Wolken je weiter im Norden. Nur Bod\u00f8 sollte noch bis 22h wolkenlos sein. Ich blieb s\u00fcdlich und suchte mir eine Stra\u00dfe an der K\u00fcste mit m\u00f6glichst ungest\u00f6rtem Westblick f\u00fcr einen Sonnenuntergang. Leider bekam ich nun nichts mehr zu essen, au\u00dfer einem Eis bei einem Supermarkt, wodurch die einzige richtige Tankstelle mit Burgershop schon zu war (nur bis 18h offen, was soll das denn!) &#8211; f\u00fcr ein richtiges Restaurant hatte ich dann aber auch keine Zeit mehr (und wollte auch kein Geld locker machen und so wirklich gab&#8217;s ja egtl. auch nichts). <\/p>\n<p><a href='http:\/\/extra.inmontanis.info\/d\/30845-2\/DSC03882.jpg'><img src=http:\/\/extra.inmontanis.info\/d\/30844-3\/DSC03882.jpg \/><\/a><br \/>\n^ F\u00e4hre \u00c5gskardet-For\u00f8y<\/p>\n<p><a href='http:\/\/extra.inmontanis.info\/d\/30849-2\/DSC03883.jpg'><img src=http:\/\/extra.inmontanis.info\/d\/30848-3\/DSC03883.jpg \/><\/a><br \/>\n^ F\u00e4hre \u00c5gskardet-For\u00f8y mit Blick zum Svartisen-Gletscher<\/p>\n<p><a href='http:\/\/extra.inmontanis.info\/d\/30853-2\/DSC02328.jpg'><img src=http:\/\/extra.inmontanis.info\/d\/30852-3\/DSC02328.jpg \/><\/a><br \/>\n^ F\u00e4hre \u00c5gskardet-For\u00f8y mit Blick zum Svartisen-Gletscher (IR)<\/p>\n<p><a href='http:\/\/extra.inmontanis.info\/d\/30857-2\/DSC03896.jpg'><img src=http:\/\/extra.inmontanis.info\/d\/30856-3\/DSC03896.jpg \/><\/a><br \/>\n^ 17 \/ Svartisen-Gletscher, zweitgr\u00f6\u00dfter Gletscher Norwegens (ca. 370 km\u00b2, ca. 50% gr\u00f6\u00dfer als der Folgefonna, aber wie auch dieser in mehrere Teile geteilt).<\/p>\n<p><a href='http:\/\/extra.inmontanis.info\/d\/30861-2\/DSC03904.jpg'><img src=http:\/\/extra.inmontanis.info\/d\/30860-3\/DSC03904.jpg \/><\/a><br \/>\n^ 17 \/ Svartisen-Gletscher, diese Gletscherzunge (Engabreen) hier geht noch fast bis auf Meeresniveau (Holandsfjord).<\/p>\n<p><a href='http:\/\/extra.inmontanis.info\/d\/30865-2\/DSC03912.jpg'><img src=http:\/\/extra.inmontanis.info\/d\/30864-3\/DSC03912.jpg \/><\/a><br \/>\n^ 17 \/ Svartisen-Gletscher<\/p>\n<p><a href='http:\/\/extra.inmontanis.info\/d\/30869-2\/DSC03916.jpg'><img src=http:\/\/extra.inmontanis.info\/d\/30868-3\/DSC03916.jpg \/><\/a><br \/>\n^ 17 \/ Svartistunnelen<\/p>\n<p><a href='http:\/\/ski.inmontanis.info\/d\/205210-2\/DSC03920.jpg'><img src=http:\/\/ski.inmontanis.info\/d\/205209-3\/DSC03920.jpg \/><\/a><br \/>\n^ Skigebiet Glomfjord, links die DSB, rechts der KSSL<\/p>\n<p><a href='http:\/\/ski.inmontanis.info\/d\/205214-2\/DSC03924.jpg'><img src=http:\/\/ski.inmontanis.info\/d\/205213-3\/DSC03924.jpg \/><\/a><br \/>\n^ Glomfjord \/ DSB-Strecke. So wie es ausschaut, wurde die eine Pistenschneise wieder aufgeforstet?! Die DSB ist allerdings nach wie vor in Betrieb (aber nur im Winter)<\/p>\n<p><a href='http:\/\/ski.inmontanis.info\/d\/205218-2\/DSC03925.jpg'><img src=http:\/\/ski.inmontanis.info\/d\/205217-3\/DSC03925.jpg \/><\/a><br \/>\n^ Blick richtung KSSL-Hang<\/p>\n<p><a href='http:\/\/ski.inmontanis.info\/d\/205222-2\/DSC03926.jpg'><img src=http:\/\/ski.inmontanis.info\/d\/205221-3\/DSC03926.jpg \/><\/a><br \/>\n^ Glomfjord (Ort)<\/p>\n<p><a href='http:\/\/ski.inmontanis.info\/d\/205226-2\/DSC03928.jpg'><img src=http:\/\/ski.inmontanis.info\/d\/205225-3\/DSC03928.jpg \/><\/a><br \/>\n^ Die alte ESL-St\u00fctze steht netterweise auch noch am Ortseingang, hab ich ja schon 2006 ausgiebig fotografiert.<\/p>\n<p><a href='http:\/\/ski.inmontanis.info\/d\/205230-2\/DSC03930.jpg'><img src=http:\/\/ski.inmontanis.info\/d\/205229-3\/DSC03930.jpg \/><\/a><br \/>\n^ Ex-ESL-St\u00fctze. Lt. Homepage wurde die DSB anscheinend erst 2004 (gebraucht?) aufgestellt? Hei\u00dft das, der Holzst\u00fctzen-ESL war 2003 noch in Betrieb??<\/p>\n<p><a href='http:\/\/ski.inmontanis.info\/d\/205234-2\/DSC03933.jpg'><img src=http:\/\/ski.inmontanis.info\/d\/205233-3\/DSC03933.jpg \/><\/a><br \/>\n^ Ex-ESL-St\u00fctze. Will fahren<\/p>\n<p>Leider hab ich&#8217;s im Winter 2011 nicht hier her geschafft &#8211; Wetter oder Zeit oder Schneemangel oder nur am WE offen, irgendwas davon wird&#8217;s wohl gewesen sein..<\/p>\n<p><a href='http:\/\/extra.inmontanis.info\/d\/30873-2\/DSC03937.jpg'><img src=http:\/\/extra.inmontanis.info\/d\/30872-3\/DSC03937.jpg \/><\/a><br \/>\n^ 17 \/ Glomfjorden<\/p>\n<p><a href='http:\/\/extra.inmontanis.info\/d\/30877-2\/DSC03941.jpg'><img src=http:\/\/extra.inmontanis.info\/d\/30876-3\/DSC03941.jpg \/><\/a><br \/>\n^ 17 \/ N\u00e4he Reip\u00e5<\/p>\n<p><a href='http:\/\/extra.inmontanis.info\/d\/30881-2\/DSC03948.jpg'><img src=http:\/\/extra.inmontanis.info\/d\/30880-3\/DSC03948.jpg \/><\/a><br \/>\n^ 17 \/ N\u00e4he Reip\u00e5<\/p>\n<p><a href='http:\/\/extra.inmontanis.info\/d\/30885-2\/DSC03960.jpg'><img src=http:\/\/extra.inmontanis.info\/d\/30884-3\/DSC03960.jpg \/><\/a><br \/>\n^ Br\u00fccke bei Kj\u00f8pstad zur Insel Sandhorn\u00f8ya. Die letzten Bilder des Tages sind von der anderen Seite der Br\u00fccke gemacht worden.<\/p>\n<p>Am nach der F\u00e4hre ausgesuchten Punkt angelangt musste ich feststellen, dass das wirklich mal ein Gl\u00fcckstreffer war. Sogar ein gro\u00dfer Parkplatz hier am Badestrand, wo man \u00fcbernachten k\u00f6nnte. Auch der Sonnenuntergang war toll, wobei ich mir jetzt nicht ganz sicher war, ob ich nun &#8220;erster ungest\u00f6rter Sonnenuntergang\/aufgang im Meer&#8221; endlich abhaken kann oder nicht &#8211; sah mir jedenfalls etwas eigenartig aus.<\/p>\n<p><a href='http:\/\/extra.inmontanis.info\/d\/30889-2\/DSC03966.jpg'><img src=http:\/\/extra.inmontanis.info\/d\/30888-3\/DSC03966.jpg \/><\/a><br \/>\n^ Sandhorn\u00f8ya \/ Sandvika<\/p>\n<p><a href='http:\/\/extra.inmontanis.info\/d\/30893-2\/DSC03967.jpg'><img src=http:\/\/extra.inmontanis.info\/d\/30892-3\/DSC03967.jpg \/><\/a><br \/>\n^ Sandhorn\u00f8ya \/ Sandvika<\/p>\n<p><a href='http:\/\/extra.inmontanis.info\/d\/30897-2\/DSC03970.jpg'><img src=http:\/\/extra.inmontanis.info\/d\/30896-3\/DSC03970.jpg \/><\/a><br \/>\n^ 19:10 Uhr. Ich sch\u00e4tze mal, dass die Sonne im Meer untergehen wird &#8211; k\u00f6nnte f\u00fcr sp\u00e4ter also ein guter Platz sein<\/p>\n<p><a href='http:\/\/extra.inmontanis.info\/d\/30901-2\/DSC03971.jpg'><img src=http:\/\/extra.inmontanis.info\/d\/30900-3\/DSC03971.jpg \/><\/a><br \/>\n^ 19:14 Uhr. Hier dagegen st\u00f6ren die Inseln. Also wieder zur\u00fcck.<\/p>\n<p><a href='http:\/\/extra.inmontanis.info\/d\/30905-2\/DSC03975.jpg'><img src=http:\/\/extra.inmontanis.info\/d\/30904-3\/DSC03975.jpg \/><\/a><br \/>\n^ 19:25 Uhr. Hier im hohen Norden dauert ein Sonnenuntergang immer etwas l\u00e4nger als in den Alpen :-)<\/p>\n<p><a href='http:\/\/extra.inmontanis.info\/d\/30909-2\/DSC03979.jpg'><img src=http:\/\/extra.inmontanis.info\/d\/30908-3\/DSC03979.jpg \/><\/a><br \/>\n^ 19:29 Uhr<\/p>\n<p><a href='http:\/\/extra.inmontanis.info\/d\/30913-2\/DSC03991.jpg'><img src=http:\/\/extra.inmontanis.info\/d\/30912-3\/DSC03991.jpg \/><\/a><br \/>\n^ 19:38 Uhr<\/p>\n<p><a href='http:\/\/extra.inmontanis.info\/d\/30917-2\/DSC03998.jpg'><img src=http:\/\/extra.inmontanis.info\/d\/30916-3\/DSC03998.jpg \/><\/a><br \/>\n^ 19:42 Uhr. Was, was was ist denn jetzt? Wieso wird die Sonne pl\u00f6tzlich unrund?<\/p>\n<p><a href='http:\/\/extra.inmontanis.info\/d\/30921-2\/DSC04003.jpg'><img src=http:\/\/extra.inmontanis.info\/d\/30920-3\/DSC04003.jpg \/><\/a><br \/>\n^ 19:45<\/p>\n<p><a href='http:\/\/extra.inmontanis.info\/d\/30925-2\/DSC04004.jpg'><img src=http:\/\/extra.inmontanis.info\/d\/30924-3\/DSC04004.jpg \/><\/a><br \/>\n^ Sandhorn\u00f8ya \/ Sandvika. Au\u00dfer mir keiner da.<\/p>\n<p><a href='http:\/\/extra.inmontanis.info\/d\/30929-2\/DSC04005.jpg'><img src=http:\/\/extra.inmontanis.info\/d\/30928-3\/DSC04005.jpg \/><\/a><br \/>\n^ 19:46 Uhr<\/p>\n<p><a href='http:\/\/extra.inmontanis.info\/d\/30933-2\/DSC04012.jpg'><img src=http:\/\/extra.inmontanis.info\/d\/30932-3\/DSC04012.jpg \/><\/a><br \/>\n^ 19:48 Uhr. Tja, liegt das jetzt daran, dass wir hier so weit im Norden sind, oder hab ich wieder Pech und irgendwas st\u00f6rt da? Das schaut auf Fotos und im Fernsehen doch immer anders aus, wenn die Sonne im Meer versinkt&#8230;<\/p>\n<p><a href='http:\/\/extra.inmontanis.info\/d\/30937-2\/DSC04018.jpg'><img src=http:\/\/extra.inmontanis.info\/d\/30936-3\/DSC04018.jpg \/><\/a><br \/>\n^ 19:50 Uhr. Die Sonne wird immer unf\u00f6rmiger<\/p>\n<p><a href='http:\/\/extra.inmontanis.info\/d\/30941-2\/DSC04026.jpg'><img src=http:\/\/extra.inmontanis.info\/d\/30940-3\/DSC04026.jpg \/><\/a><br \/>\n^ 19:54 Uhr &#8211; bis sie irgendwann nur noch ein Strich ist.<\/p>\n<p><a href='http:\/\/extra.inmontanis.info\/d\/30945-2\/DSC04028.jpg'><img src=http:\/\/extra.inmontanis.info\/d\/30944-3\/DSC04028.jpg \/><\/a><br \/>\n^ 19:55 Uhr. Schaut auch schon wieder komisch aus, wird aber wohl einfach nur die Spiegelung am Meer sein?! Jedenfalls hab ich das noch nie gesehen &#8211; dass ein waagrechter Strich das letzte am Horizont ist, was ich von der Sonne sehe&#8230;<\/p>\n<p><a href='http:\/\/extra.inmontanis.info\/d\/30949-2\/DSC04041.jpg'><img src=http:\/\/extra.inmontanis.info\/d\/30948-3\/DSC04041.jpg \/><\/a><br \/>\n^ 20:29 Uhr. Nicht nur der Sonnenuntergang, auch die D\u00e4mmerungszeit hier im Norden ist wesentlich l\u00e4nger<\/p>\n<p><a href='http:\/\/extra.inmontanis.info\/d\/30953-2\/DSC04049.jpg'><img src=http:\/\/extra.inmontanis.info\/d\/30952-3\/DSC04049.jpg \/><\/a><br \/>\n^ Das Gerippe am Strand war mit laufenden LED-Lichtern beleuchtet, sah witzig aus, wie das Licht schnell kreuz und quer die Balken entlang raste (20:49 Uhr)<\/p>\n<p>Leider taugte der Platz hier nicht f\u00fcr Nordlichtfotos. Also per se schon, aber mir waren zuviel Stechm\u00fccken umher. Hab noch etwas weiter gesucht und einen s\u00fcdlicheren Platz angefahren &#8211; ob es hier nun Stechm\u00fccken gibt oder nicht, konnte ich aufgrund der Dunkelheit jedenfalls nicht mehr so gut erkennen ;) Es fehlte hier zwar leider die ungest\u00f6rte Sicht nach Westen, aber ein paar Parkbuchten auf dem Weg g\u00e4be es auch noch, je nachdem ob und wie es heute abgeht. Vorhergesagt w\u00e4re ja heute ein 3er, so dass ich hier durchaus noch in der hei\u00dfen Zone sein m\u00fcsste. Schlie\u00dflich war der neue Platz sogar die bessere Wahl.<\/p>\n<p><a href='http:\/\/extra.inmontanis.info\/d\/30569-2\/DSC04061.jpg'><img src=http:\/\/extra.inmontanis.info\/d\/30568-3\/DSC04061.jpg \/><\/a><br \/>\n^ Sandhorn\u00f8ya, 21:28 Uhr, die ersten Nordlichter. Diese wei\u00dfe einzelne Beleuchtung unten am Berg k\u00f6nnte dieses vorherige Ger\u00fcst am Strand mit der bewegten LED-Beleuchtung sein. Dort waren mir zu viel M\u00fccken vorhin, und wie sich zeigt, w\u00e4re es von den Polarlichtern dort auch nicht sinnvoll gewesen. (4 sek)<\/p>\n<p><a href='http:\/\/extra.inmontanis.info\/d\/30573-2\/DSC04064.jpg'><img src=http:\/\/extra.inmontanis.info\/d\/30572-3\/DSC04064.jpg \/><\/a><br \/>\n^ 21:31 Uhr. Die beleuchtete Stadt in Bildmitte ist \u00fcbrigens Bod\u00f8. (4 sek)<\/p>\n<p><a href='http:\/\/extra.inmontanis.info\/d\/30577-2\/DSC04068.jpg'><img src=http:\/\/extra.inmontanis.info\/d\/30576-3\/DSC04068.jpg \/><\/a><br \/>\n^ Irgendwie schon sch\u00f6ner, die Nordlichter, wenn der Himmel noch blau und nicht schon schwarz ist. (6 sek)<\/p>\n<p><a href='http:\/\/extra.inmontanis.info\/d\/30581-2\/DSC04071.jpg'><img src=http:\/\/extra.inmontanis.info\/d\/30580-3\/DSC04071.jpg \/><\/a><br \/>\n^ 21:46 Uhr. Ein Flugzeug ist in Bod\u00f8 gestartet. (25 sek)<\/p>\n<p><a href='http:\/\/extra.inmontanis.info\/d\/30585-2\/DSC04073.jpg'><img src=http:\/\/extra.inmontanis.info\/d\/30584-3\/DSC04073.jpg \/><\/a><br \/>\n^ 21:59 Uhr, bei Lekanger. Im (Nord-) Westen ist es 2 Stunden nach Sonnenuntergang fast immer noch zu hell f\u00fcr Nordlichter. (13 sek)<\/p>\n<p><a href='http:\/\/extra.inmontanis.info\/d\/30589-2\/DSC04076.jpg'><img src=http:\/\/extra.inmontanis.info\/d\/30588-3\/DSC04076.jpg \/><\/a><br \/>\n^ Nordlichter und Autolichter :) (20 sek)<\/p>\n<p><a href='http:\/\/extra.inmontanis.info\/d\/30593-2\/DSC04078.jpg'><img src=http:\/\/extra.inmontanis.info\/d\/30592-3\/DSC04078.jpg \/><\/a><br \/>\n^ 22:23 Uhr. Wieder am anderen Platz, Nordlichter und Bod\u00f8 (13 sek)<\/p>\n<p><a href='http:\/\/extra.inmontanis.info\/d\/30597-2\/DSC04079.jpg'><img src=http:\/\/extra.inmontanis.info\/d\/30596-3\/DSC04079.jpg \/><\/a><br \/>\n^ 22:24 Uhr. (13 sek)<\/p>\n<p><a href='http:\/\/extra.inmontanis.info\/d\/30601-2\/DSC04082.jpg'><img src=http:\/\/extra.inmontanis.info\/d\/30600-3\/DSC04082.jpg \/><\/a><br \/>\n^ 22:29 Uhr. Nordlichter und Bod\u00f8 (13 sek). Warum hab ich hier egtl. nicht auch gefilmt?!<\/p>\n<p><a href='http:\/\/extra.inmontanis.info\/d\/30605-2\/DSC04084.jpg'><img src=http:\/\/extra.inmontanis.info\/d\/30604-3\/DSC04084.jpg \/><\/a><br \/>\n^ 22:31 Uhr (13 sek)<\/p>\n<p><a href='http:\/\/extra.inmontanis.info\/d\/30609-2\/DSC04087.jpg'><img src=http:\/\/extra.inmontanis.info\/d\/30608-3\/DSC04087.jpg \/><\/a><br \/>\n^ Je schw\u00e4cher die Nordlichter, desto mehr Sterne sieht man &#8230;<\/p>\n<p><a href='http:\/\/extra.inmontanis.info\/d\/30613-2\/DSC04088.jpg'><img src=http:\/\/extra.inmontanis.info\/d\/30612-3\/DSC04088.jpg \/><\/a><br \/>\n^ Der Himmel war heute sehr sternenreich, kann mich gar nicht erinnern, das schon mal so extrem wie heute gesehen zu haben. (13 sek ISO 1000)<\/p>\n<p><a href='http:\/\/extra.inmontanis.info\/d\/30617-2\/DSC04089.jpg'><img src=http:\/\/extra.inmontanis.info\/d\/30616-3\/DSC04089.jpg \/><\/a><br \/>\n^ 22:40 Uhr, nach wie vor auf Sandhorn\u00f8ya, aber auf dem Weg retour<\/p>\n<p><a href='http:\/\/extra.inmontanis.info\/d\/30621-2\/DSC04098.jpg'><img src=http:\/\/extra.inmontanis.info\/d\/30620-3\/DSC04098.jpg \/><\/a><br \/>\n^ 23:24 Uhr, wieder in der N\u00e4he der Br\u00fccke (25 sek)<\/p>\n<p><a href='http:\/\/extra.inmontanis.info\/d\/30625-2\/DSC04100.jpg'><img src=http:\/\/extra.inmontanis.info\/d\/30624-3\/DSC04100.jpg \/><\/a><br \/>\n^ alles gr\u00fcn oder was.. (8 sek)<\/p>\n<p><a href='http:\/\/extra.inmontanis.info\/d\/30629-2\/DSC04103.jpg'><img src=http:\/\/extra.inmontanis.info\/d\/30628-3\/DSC04103.jpg \/><\/a><br \/>\n^ Sehr hell, aber etwas ung\u00fcnstiger Standort (2,5 sek)<\/p>\n<p><a href='http:\/\/extra.inmontanis.info\/d\/30633-2\/DSC04105.jpg'><img src=http:\/\/extra.inmontanis.info\/d\/30632-3\/DSC04105.jpg \/><\/a><br \/>\n^ 23:35 Uhr (5 sek)<\/p>\n<p><a href='http:\/\/extra.inmontanis.info\/d\/30637-2\/DSC04107.jpg'><img src=http:\/\/extra.inmontanis.info\/d\/30636-3\/DSC04107.jpg \/><\/a><br \/>\n^ 23:38 Uhr &#8211; gr\u00fcner Schnee (10 sek)<\/p>\n<p><a href='http:\/\/extra.inmontanis.info\/d\/30641-2\/DSC04119.jpg'><img src=http:\/\/extra.inmontanis.info\/d\/30640-3\/DSC04119.jpg \/><\/a><br \/>\n^ 0:09 Uhr, an der Br\u00fccke bei Kj\u00f8pstad (15 sek)<\/p>\n<p><a href='http:\/\/extra.inmontanis.info\/d\/30645-2\/DSC04122.jpg'><img src=http:\/\/extra.inmontanis.info\/d\/30644-3\/DSC04122.jpg \/><\/a><br \/>\n^ 0:13 Uhr, an der Br\u00fccke bei Kj\u00f8pstad (15 sek). Das Orange-Rosane da hinten wird wieder Bod\u00f8 sein.<\/p>\n<p>Nach den vielen Halten und Stativ-Raus-Rein, in den Himmel schauen usw. wird man nicht nur m\u00fcde, sondern kriegt auch &#8220;einen Kopf&#8221;, so dass ich keine Lust mehr hatte, noch l\u00e4nger aufzubleiben und \u00fcbernachtet am gro\u00dfen Parkplatz direkt vor der Br\u00fccke, wer wei\u00df, ob man noch was besseres findet. Von den ab 22 Uhr angek\u00fcndigten Wolken in Bod\u00f8 wurde ich jedenfalls verschont und ich hatte heute nicht nur gro\u00dfes Gl\u00fcck mit der gerade passenden Nordlichtintensit\u00e4t, sondern auch wieder einmal mit dem Wetter.<\/p>\n<p>An mehreren Tagen hatte ich auch versucht, die Nordlichter zu filmen, und zwar in Echtzeit, wenn auch vielleicht nicht immer zu einer sinnvollen Uhrzeit. Jedenfalls h\u00e4tte ich erwartet, mit meiner neuen Vollformatcam etwas bessere Filme zu machen &#8211; aber schlussendlich musste die Cam sie doch mit ISO 12800 aufnehmen und entsprechend verrauschen. Trotz Reduktion auf tw. nur ca. 13 fps und verringerter Belichtung (was sich im Nachhinein eher als Nachteil herausstellte). Gibt also viel bessere Filme auf youtube zu Echtzeit-Nordlichtern, aber ganz so schlecht ist es ja dann auch nicht geworden:<\/p>\n<p><object style=\"height: 500px; width: 900px\"><param name=\"movie\" value=\"http:\/\/www.youtube.com\/v\/zP1E_9JZGm8\"><\/param><param name=\"wmode\" value=\"transparent\"><\/param><embed src=\"http:\/\/www.youtube.com\/v\/zP1E_9JZGm8\" type=\"application\/x-shockwave-flash\" wmode=\"transparent\"  width=\"900\" height=\"480\"><\/embed><\/object><\/p>\n<p>(Fortsetzung folgt.)<\/p>\n","protected":false},"excerpt":{"rendered":"<p>Fr, 11.9.2015 &#8211; Tag 8 &#8211; km ca. 5.150 (Diff. ca. 360 km) &#8211; Kystriksveien Teil 2 \/ K\u00fcstenfort \/ Meersonnenuntergang \/ Nordlichter<\/p>\n<p>(Auch wenn ich eine ganze Woche lang Nordlichter fotografiert hab, heute gab es doch ein bisschen sch\u00f6nere Standorte + den Film, daher extra im Titel erw\u00e4hnt)<\/p>\n<p>Da eine der F\u00e4hren auf dem <a href=\"http:\/\/blog.inmontanis.info\/?p=3490\">[&#8230;]<\/a><\/p>\n","protected":false},"author":1,"featured_media":0,"comment_status":"closed","ping_status":"closed","sticky":false,"template":"","format":"standard","meta":{"footnotes":""},"categories":[148,18],"tags":[38,35,93,100,37,96,45],"class_list":["post-3490","post","type-post","status-publish","format-standard","hentry","category-2015-09-skandinavischer-spatsommer","category-norwegennorway","tag-dsb","tag-esl","tag-holzstutzen","tag-langzeitbelichtung","tag-meer","tag-polarlicht","tag-see","odd"],"_links":{"self":[{"href":"http:\/\/blog.inmontanis.info\/index.php?rest_route=\/wp\/v2\/posts\/3490","targetHints":{"allow":["GET"]}}],"collection":[{"href":"http:\/\/blog.inmontanis.info\/index.php?rest_route=\/wp\/v2\/posts"}],"about":[{"href":"http:\/\/blog.inmontanis.info\/index.php?rest_route=\/wp\/v2\/types\/post"}],"author":[{"embeddable":true,"href":"http:\/\/blog.inmontanis.info\/index.php?rest_route=\/wp\/v2\/users\/1"}],"replies":[{"embeddable":true,"href":"http:\/\/blog.inmontanis.info\/index.php?rest_route=%2Fwp%2Fv2%2Fcomments&post=3490"}],"version-history":[{"count":2,"href":"http:\/\/blog.inmontanis.info\/index.php?rest_route=\/wp\/v2\/posts\/3490\/revisions"}],"predecessor-version":[{"id":3492,"href":"http:\/\/blog.inmontanis.info\/index.php?rest_route=\/wp\/v2\/posts\/3490\/revisions\/3492"}],"wp:attachment":[{"href":"http:\/\/blog.inmontanis.info\/index.php?rest_route=%2Fwp%2Fv2%2Fmedia&parent=3490"}],"wp:term":[{"taxonomy":"category","embeddable":true,"href":"http:\/\/blog.inmontanis.info\/index.php?rest_route=%2Fwp%2Fv2%2Fcategories&post=3490"},{"taxonomy":"post_tag","embeddable":true,"href":"http:\/\/blog.inmontanis.info\/index.php?rest_route=%2Fwp%2Fv2%2Ftags&post=3490"}],"curies":[{"name":"wp","href":"https:\/\/api.w.org\/{rel}","templated":true}]}}