{"id":3486,"date":"2015-09-10T23:30:51","date_gmt":"2015-09-10T21:30:51","guid":{"rendered":"http:\/\/blog.inmontanis.info\/?p=3486"},"modified":"2015-10-12T23:45:27","modified_gmt":"2015-10-12T21:45:27","slug":"kystriksveien-teil-1-sud-torghatten-10-9-2015","status":"publish","type":"post","link":"http:\/\/blog.inmontanis.info\/?p=3486","title":{"rendered":"Kystriksveien Teil 1 (S\u00fcd) + Torghatten 10.9.2015"},"content":{"rendered":"<p><strong>Do, 10.9.2015 &#8211; Tag 7 &#8211; km 4.790 (Diff. 357 km)<\/strong> &#8211; Kystriksveien Teil 1 \/ Torghatten<\/p>\n<p>Aufgrund der sch\u00f6nen Wettervorhersage wollte ich mal wieder die K\u00fcstenstra\u00dfe Rv.17 fahren, wobei sie inzwischen vom Riksvei zum Fylkesvei abgestuft wurde, also mittlerweile Fv.17 ist und die ich zuletzt 2006 gefahren bin. Highlight der K\u00fcstenstra\u00dfe sind die 6 F\u00e4hren, die man nehmen muss.<\/p>\n<p>Um diesmal auch ein bisschen anzuhalten, machte ich heute einen  Zwischenstopp samt Wanderung am Torghatten, einem Berg mit Loch. Hatte mir auch laufend schwer \u00fcberlegt, wie weit ich noch fahren will und wie es die n\u00e4chsten Tage weitergehen soll, hab mich dann irgendwann dazu entschlossen, heute 3 und morgen die restlichen 3 F\u00e4hren zu nehmen.<\/p>\n<p>(Fotos anklicken zum Vergr\u00f6\u00dfern)<\/p>\n<p><a href='http:\/\/extra.inmontanis.info\/d\/29661-3\/ge-201509route8.jpg'><img src=http:\/\/extra.inmontanis.info\/d\/29660-4\/ge-201509route8.jpg \/><\/a><br \/>\nFahrstrecke heute: T\u00fcrkis mit<br \/>\n(F\u00e4hre)<br \/>\nN) Torghatten<br \/>\n(F\u00e4hre)<br \/>\n(F\u00e4hre)<\/p>\n<p><a href='http:\/\/extra.inmontanis.info\/d\/30441-2\/DSC03316.jpg'><img src=http:\/\/extra.inmontanis.info\/d\/30439-3\/DSC03316.jpg \/><\/a><br \/>\n^ Fv. 17 (Ex-Rv. 17) \/ Innerfolda<\/p>\n<p><a href='http:\/\/extra.inmontanis.info\/d\/30445-2\/DSC03321.jpg'><img src=http:\/\/extra.inmontanis.info\/d\/30444-3\/DSC03321.jpg \/><\/a><br \/>\n^ 17 \/ Foldabrua<\/p>\n<p><a href='http:\/\/extra.inmontanis.info\/d\/30449-2\/DSC03329.jpg'><img src=http:\/\/extra.inmontanis.info\/d\/30448-3\/DSC03329.jpg \/><\/a><br \/>\n^ Abzweigung 801<\/p>\n<p><a href='http:\/\/extra.inmontanis.info\/d\/30453-2\/DSC03335.jpg'><img src=http:\/\/extra.inmontanis.info\/d\/30452-3\/DSC03335.jpg \/><\/a><br \/>\n^ 17 \/ \u00c5rsand-Kjelda<\/p>\n<p><a href='http:\/\/extra.inmontanis.info\/d\/30457-2\/DSC03338.jpg'><img src=http:\/\/extra.inmontanis.info\/d\/30456-3\/DSC03338.jpg \/><\/a><br \/>\n^ 17 \/ \u00c5rsand-Kjelda<\/p>\n<p><a href='http:\/\/extra.inmontanis.info\/d\/30461-2\/DSC03354.jpg'><img src=http:\/\/extra.inmontanis.info\/d\/30460-3\/DSC03354.jpg \/><\/a><br \/>\n^ 17 \/ Kjelda, n\u00e4he Kveina<\/p>\n<p><a href='http:\/\/extra.inmontanis.info\/d\/30465-2\/DSC03362.jpg'><img src=http:\/\/extra.inmontanis.info\/d\/30464-3\/DSC03362.jpg \/><\/a><br \/>\n^ 17 \/ n\u00e4he Kveina<\/p>\n<p><a href='http:\/\/extra.inmontanis.info\/d\/30469-2\/DSC03370.jpg'><img src=http:\/\/extra.inmontanis.info\/d\/30468-3\/DSC03370.jpg \/><\/a><br \/>\n^ F\u00e4hre Holm-Vennesund<\/p>\n<p><a href='http:\/\/extra.inmontanis.info\/d\/30473-2\/DSC03377.jpg'><img src=http:\/\/extra.inmontanis.info\/d\/30472-3\/DSC03377.jpg \/><\/a><br \/>\n^ F\u00e4hre Holm-Vennesund<\/p>\n<p><a href='http:\/\/extra.inmontanis.info\/d\/30477-2\/DSC03381.jpg'><img src=http:\/\/extra.inmontanis.info\/d\/30476-3\/DSC03381.jpg \/><\/a><br \/>\n^ 17 \/ Vennesund<\/p>\n<p><a href='http:\/\/extra.inmontanis.info\/d\/30359-2\/DSC03385.jpg'><img src=http:\/\/extra.inmontanis.info\/d\/30357-3\/DSC03385.jpg \/><\/a><br \/>\n^ 17 \/ Blick zum Torghatten<\/p>\n<p><a href='http:\/\/extra.inmontanis.info\/d\/30481-2\/DSC03393.jpg'><img src=http:\/\/extra.inmontanis.info\/d\/30480-3\/DSC03393.jpg \/><\/a><br \/>\n^ 17 \/ n\u00e4he Br\u00f8nn\u00f8ysund<\/p>\n<p><a href='http:\/\/extra.inmontanis.info\/d\/30485-2\/DSC03398.jpg'><img src=http:\/\/extra.inmontanis.info\/d\/30484-3\/DSC03398.jpg \/><\/a><br \/>\n^ Br\u00fccke bei Br\u00f8nn\u00f8ysund<\/p>\n<p><a href='http:\/\/extra.inmontanis.info\/d\/30489-2\/DSC03405.jpg'><img src=http:\/\/extra.inmontanis.info\/d\/30488-3\/DSC03405.jpg \/><\/a><br \/>\n^ Zwischen Br\u00f8nn\u00f8ysund und Torghatten<\/p>\n<p><a href='http:\/\/extra.inmontanis.info\/d\/30363-2\/DSC03412.jpg'><img src=http:\/\/extra.inmontanis.info\/d\/30362-3\/DSC03412.jpg \/><\/a><br \/>\n^ Parkplatz am Torghatten<\/p>\n<p><a href='http:\/\/extra.inmontanis.info\/d\/30367-2\/DSC03414.jpg'><img src=http:\/\/extra.inmontanis.info\/d\/30366-3\/DSC03414.jpg \/><\/a><br \/>\n^ Eine der beiden Infotafeln, ich befinde mich am P, gehe den Weg 1 durch den Torghatten und  unten untenrum wieder zur\u00fcck. Lt. Beschreibung w\u00e4re der Weg auf der S\u00fcdseite wesentlich gef\u00e4hrlicher und schwieriger, ich hatte mich dann auch erst oben in der H\u00f6hle dazu entschieden, ihn zu gehen &#8211; zum einen, weil der Weg gut ausgetreten war, zum anderen, weil eine Gruppe M\u00e4nner aus Deutschland ihn auch gegangen sind und recht schnell unten waren.<\/p>\n<p><a href='http:\/\/extra.inmontanis.info\/d\/30371-2\/DSC03416.jpg'><img src=http:\/\/extra.inmontanis.info\/d\/30370-3\/DSC03416.jpg \/><\/a><br \/>\n^ Weg zum Torghatten<\/p>\n<p><a href='http:\/\/extra.inmontanis.info\/d\/30375-2\/DSC03418.jpg'><img src=http:\/\/extra.inmontanis.info\/d\/30374-3\/DSC03418.jpg \/><\/a><br \/>\n^ Weg zum Torghatten<\/p>\n<p><a href='http:\/\/extra.inmontanis.info\/d\/30379-2\/DSC03423.jpg'><img src=http:\/\/extra.inmontanis.info\/d\/30378-3\/DSC03423.jpg \/><\/a><br \/>\n^ Nordost-Eingang zur H\u00f6hle, durch die man hindurch gehen kann<\/p>\n<p><a href='http:\/\/extra.inmontanis.info\/d\/30383-2\/DSC03441.jpg'><img src=http:\/\/extra.inmontanis.info\/d\/30382-3\/DSC03441.jpg \/><\/a><br \/>\n^ Nordost-Pano (ri. Br\u00f8nn\u00f8ysund)<\/p>\n<p><a href='http:\/\/extra.inmontanis.info\/d\/30387-2\/DSC03437.jpg'><img src=http:\/\/extra.inmontanis.info\/d\/30386-3\/DSC03437.jpg \/><\/a><br \/>\n^ Ein- und Ausgang<\/p>\n<p><a href='http:\/\/extra.inmontanis.info\/d\/30391-2\/DSC03448.jpg'><img src=http:\/\/extra.inmontanis.info\/d\/30390-3\/DSC03448.jpg \/><\/a><br \/>\n^ Mittlerweile (?) kann man mit einer Treppe hinabsteigen<\/p>\n<p><a href='http:\/\/extra.inmontanis.info\/d\/30395-2\/DSC03452.jpg'><img src=http:\/\/extra.inmontanis.info\/d\/30394-3\/DSC03452.jpg \/><\/a><br \/>\n^ Die H\u00f6hle mit ihren gegen\u00fcberliegenden Eing\u00e4ngen im Panorama-Modus<\/p>\n<p><a href='http:\/\/extra.inmontanis.info\/d\/30399-2\/DSC03459.jpg'><img src=http:\/\/extra.inmontanis.info\/d\/30398-3\/DSC03459.jpg \/><\/a><br \/>\n^ Nordost-Eingang und Treppe<\/p>\n<p><a href='http:\/\/extra.inmontanis.info\/d\/30403-2\/DSC03463.jpg'><img src=http:\/\/extra.inmontanis.info\/d\/30402-3\/DSC03463.jpg \/><\/a><br \/>\n^ Decke<\/p>\n<p><a href='http:\/\/extra.inmontanis.info\/d\/30407-2\/DSC03469.jpg'><img src=http:\/\/extra.inmontanis.info\/d\/30406-3\/DSC03469.jpg \/><\/a><br \/>\n^ Blick vom Ausgang im S\u00fcdwesten zur\u00fcck<\/p>\n<p><a href='http:\/\/extra.inmontanis.info\/d\/30411-2\/DSC03475.jpg'><img src=http:\/\/extra.inmontanis.info\/d\/30410-3\/DSC03475.jpg \/><\/a><br \/>\n^ S\u00fcdwest-Pano<\/p>\n<p><a href='http:\/\/extra.inmontanis.info\/d\/30415-2\/DSC03487.jpg'><img src=http:\/\/extra.inmontanis.info\/d\/30414-3\/DSC03487.jpg \/><\/a><br \/>\n^ S\u00fcdwest-Pano<\/p>\n<p><a href='http:\/\/extra.inmontanis.info\/d\/30419-2\/DSC03489.jpg'><img src=http:\/\/extra.inmontanis.info\/d\/30418-3\/DSC03489.jpg \/><\/a><br \/>\n^ Der Abstieg im S\u00fcdwesten war nicht so schlimm wie auf der Infotafel angegeben, obschon etwas schwieriger als die andere Seite.<\/p>\n<p><a href='http:\/\/extra.inmontanis.info\/d\/30423-2\/DSC03499.jpg'><img src=http:\/\/extra.inmontanis.info\/d\/30422-3\/DSC03499.jpg \/><\/a><br \/>\n^ Zoom zur und durch die H\u00f6hle &#8211; erinnert an ein Kirchensymbol auf Stra\u00dfenschildern<\/p>\n<p><a href='http:\/\/extra.inmontanis.info\/d\/30427-2\/DSC03501.jpg'><img src=http:\/\/extra.inmontanis.info\/d\/30426-3\/DSC03501.jpg \/><\/a><br \/>\n^ Der Torghatten mit der H\u00f6hle<\/p>\n<p><a href='http:\/\/extra.inmontanis.info\/d\/30431-2\/DSC03502.jpg'><img src=http:\/\/extra.inmontanis.info\/d\/30430-3\/DSC03502.jpg \/><\/a><br \/>\n^ Der R\u00fcckweg an der S\u00fcdseite war allerdings weniger spannend<\/p>\n<p><a href='http:\/\/extra.inmontanis.info\/d\/30493-2\/DSC03510.jpg'><img src=http:\/\/extra.inmontanis.info\/d\/30492-3\/DSC03510.jpg \/><\/a><br \/>\n^ Pano auf der Br\u00fccke bei Br\u00f8nn\u00f8ysund<\/p>\n<p><a href='http:\/\/extra.inmontanis.info\/d\/30497-2\/DSC03511.jpg'><img src=http:\/\/extra.inmontanis.info\/d\/30496-3\/DSC03511.jpg \/><\/a><br \/>\n^ Br\u00fccke bei Br\u00f8nn\u00f8ysund<\/p>\n<p><a href='http:\/\/extra.inmontanis.info\/d\/30501-2\/DSC03518.jpg'><img src=http:\/\/extra.inmontanis.info\/d\/30500-3\/DSC03518.jpg \/><\/a><br \/>\n^ F\u00e4hre Horn-Anddalsv\u00e5g, die rechte. Leider durfte man nicht auf die oberen Decks gehen, nur auf das obere Auto-Seitendeck<\/p>\n<p><a href='http:\/\/extra.inmontanis.info\/d\/30505-2\/DSC03526.jpg'><img src=http:\/\/extra.inmontanis.info\/d\/30504-3\/DSC03526.jpg \/><\/a><br \/>\n^ F\u00e4hre Horn-Anddalsv\u00e5g (R\u00fcckblick)<\/p>\n<p><a href='http:\/\/extra.inmontanis.info\/d\/30509-2\/DSC03531.jpg'><img src=http:\/\/extra.inmontanis.info\/d\/30508-3\/DSC03531.jpg \/><\/a><br \/>\n^ F\u00e4hre Horn-Anddalsv\u00e5g<\/p>\n<p><a href='http:\/\/extra.inmontanis.info\/d\/30513-2\/DSC03542.jpg'><img src=http:\/\/extra.inmontanis.info\/d\/30512-3\/DSC03542.jpg \/><\/a><br \/>\n^ F\u00e4hre Forvik-Tj\u00f8tta, ca. 70 Minuten mit 4 Zwischenhalten<\/p>\n<p><a href='http:\/\/extra.inmontanis.info\/d\/30517-2\/DSC03544.jpg'><img src=http:\/\/extra.inmontanis.info\/d\/30516-3\/DSC03544.jpg \/><\/a><br \/>\n^ Forvik-Tj\u00f8tta, Zwischenhalt V\u00e5gsodden<\/p>\n<p><a href='http:\/\/extra.inmontanis.info\/d\/30521-2\/DSC03549.jpg'><img src=http:\/\/extra.inmontanis.info\/d\/30520-3\/DSC03549.jpg \/><\/a><br \/>\n^ F\u00e4hre Forvik-Tj\u00f8tta<\/p>\n<p><a href='http:\/\/extra.inmontanis.info\/d\/30525-2\/DSC03553.jpg'><img src=http:\/\/extra.inmontanis.info\/d\/30524-3\/DSC03553.jpg \/><\/a><br \/>\n^ F\u00e4hre Forvik-Tj\u00f8tta<\/p>\n<p><a href='http:\/\/extra.inmontanis.info\/d\/30529-2\/DSC03559.jpg'><img src=http:\/\/extra.inmontanis.info\/d\/30528-3\/DSC03559.jpg \/><\/a><br \/>\n^ Forvik-Tj\u00f8tta, Zwischenhalt Stokkasj\u00f8en<\/p>\n<p><a href='http:\/\/extra.inmontanis.info\/d\/30533-2\/DSC02322.jpg'><img src=http:\/\/extra.inmontanis.info\/d\/30532-3\/DSC02322.jpg \/><\/a><br \/>\n^ F\u00e4hre Forvik-Tj\u00f8tta (IR)<\/p>\n<p><a href='http:\/\/extra.inmontanis.info\/d\/30537-2\/DSC03574.jpg'><img src=http:\/\/extra.inmontanis.info\/d\/30536-3\/DSC03574.jpg \/><\/a><br \/>\n^ Forvik-Tj\u00f8tta, Zwischenhalt Tro<\/p>\n<p><a href='http:\/\/extra.inmontanis.info\/d\/30541-2\/DSC03579.jpg'><img src=http:\/\/extra.inmontanis.info\/d\/30540-3\/DSC03579.jpg \/><\/a><br \/>\n^ F\u00e4hre Forvik-Tj\u00f8tta &#8211;  zwischen den beiden Stangen in Bildmitte geht&#8217;s gleich durch!<\/p>\n<p><a href='http:\/\/extra.inmontanis.info\/d\/30545-2\/DSC03584.jpg'><img src=http:\/\/extra.inmontanis.info\/d\/30544-3\/DSC03584.jpg \/><\/a><br \/>\n^ Forvik-Tj\u00f8tta, Zwischenhalt Mindland<\/p>\n<p><a href='http:\/\/extra.inmontanis.info\/d\/30549-2\/DSC03589.jpg'><img src=http:\/\/extra.inmontanis.info\/d\/30548-3\/DSC03589.jpg \/><\/a><br \/>\n^ F\u00e4hre Forvik-Tj\u00f8tta \/ Blick zu den Sieben Schwestern<\/p>\n<p><a href='http:\/\/extra.inmontanis.info\/d\/30553-2\/DSC03590.jpg'><img src=http:\/\/extra.inmontanis.info\/d\/30552-3\/DSC03590.jpg \/><\/a><br \/>\n^ F\u00e4hre Forvik-Tj\u00f8tta<\/p>\n<p><a href='http:\/\/extra.inmontanis.info\/d\/30557-2\/DSC03597.jpg'><img src=http:\/\/extra.inmontanis.info\/d\/30556-3\/DSC03597.jpg \/><\/a><br \/>\n^ Forvik-Tj\u00f8tta, Ankunft in (auf) Tj\u00f8tta<\/p>\n<p>Trotz der langen Fahrzeit gibt&#8217;s Norweger, die finden F\u00e4hrfahrten anscheinend so langweilig, dass sie gleich im Auto sitzen bleiben und z.B. stricken &#8230;<\/p>\n<p><a href='http:\/\/extra.inmontanis.info\/d\/30561-2\/DSC03611.jpg'><img src=http:\/\/extra.inmontanis.info\/d\/30560-3\/DSC03611.jpg \/><\/a><br \/>\n^ 17 \/ n\u00e4he Sandnessj\u00f8en<\/p>\n<p><a href='http:\/\/extra.inmontanis.info\/d\/30565-2\/DSC03613.jpg'><img src=http:\/\/extra.inmontanis.info\/d\/30564-3\/DSC03613.jpg \/><\/a><br \/>\n^ 17 \/ Br\u00fccke bei Sandnessj\u00f8en &#8211; die fuhr ich aber erst morgen<\/p>\n<p>Die erste F\u00e4hre (ca. 20 min) hatte einen gro\u00dfen Kiosk mit Essen, die zweite F\u00e4hre nix, und die dritte (lange) nix mehr (evtl. nur in der Hochsaison?). In Sandnessj\u00f8en wollte ich abends dann endlich essen, irgendwie lief mir aber wieder einmal nix besonderes \u00fcber den Weg. Um nicht doch schon wieder an einer Tankstelle einen Hamburger kaufen zu m\u00fcssen, entdeckte ich an einem Supermarkt einen Pizza-Franchise mit sehr vielen Pizzen zur Auswahl (und einem automatischen Pizzaoffen mit F\u00f6rderband). Die 20cm-Pizzen kosteten halb so viel wie die 30cm-Pizzen, so dass ich mir nur eine kleine kaufte (mit Option auf eine zweite). War durchaus lecker, auch wenn der Boden dick war.<\/p>\n<p><a href='http:\/\/extra.inmontanis.info\/d\/30435-2\/IMG_1536.jpg'><img src=http:\/\/extra.inmontanis.info\/d\/30434-3\/IMG_1536.jpg \/><\/a><br \/>\n^ Kleine Pizza, mit ca. 6-7 \u20ac durchaus g\u00fcnstig, durch den dicken Teig war ich dann doch satt genug <\/p>\n<p>Danach noch nebenan etwas einkaufen &#8211; das macht in Norwegen keinen Spa\u00df. Bei umgerechnet 2-3 \u20ac f\u00fcr einen (!) Schokoriegel im Supermarkt &#8211; da muss man sich nicht ausrechnen, dass es da kaum Auswahl gibt. Sp\u00e4ter noch zur Tankstelle, ein Eis gekauft und einen Platz f\u00fcr Nordlichter gesucht.<\/p>\n<p><a href='http:\/\/extra.inmontanis.info\/d\/29481-3\/DSC03619.jpg'><img src=http:\/\/extra.inmontanis.info\/d\/29480-4\/DSC03619.jpg \/><\/a><br \/>\n^ Wieder am Parkplatz nahe der Br\u00fccke &#8211; warum ich dann aber doch nicht hier auf Nordlichter warten wollte, wei\u00df ich nicht mehr, evtl. war der Parkplatz beleuchtet oder (wohl eher) es lag an dem Damm, wo ich das Stativ nicht so toll aufstellen h\u00e4tte k\u00f6nnen, oder ich nahm an, dass die Ausrichtung (der Blick richtung Norden bzw. Nordwesten) nicht optimal sei.<\/p>\n<p>Ich fuhr also wieder zur\u00fcck und fand am Hafen s\u00fcdlich des Flugplatzes einen sch\u00f6nen Platz &#8211; w\u00e4re mir da die Beleuchtung des Hafengel\u00e4ndes nicht so st\u00f6rend gewesen&#8230;<\/p>\n<p><a href='http:\/\/extra.inmontanis.info\/d\/30317-2\/DSC03627.jpg'><img src=http:\/\/extra.inmontanis.info\/d\/30316-3\/DSC03627.jpg \/><\/a><br \/>\n^ 21:37 Uhr, S\u00fcdlich dem Flugplatz Sandnessj\u00f8en, bzw. genauer, am Hafen S\u00f8vik  &#8211; ein bissl Gr\u00fcn ist schon im Himmel. Dann geht es also mal wieder los. (13sek)<\/p>\n<p><a href='http:\/\/extra.inmontanis.info\/d\/30321-2\/DSC03628.jpg'><img src=http:\/\/extra.inmontanis.info\/d\/30320-3\/DSC03628.jpg \/><\/a><br \/>\n^ .. andere Blickrichtung, 2 Minuten sp\u00e4ter, minimal Gr\u00fcn (13sek)<\/p>\n<p><a href='http:\/\/extra.inmontanis.info\/d\/30325-2\/DSC03632.jpg'><img src=http:\/\/extra.inmontanis.info\/d\/30324-3\/DSC03632.jpg \/><\/a><br \/>\n^ 21:45, es tut sich etwas mehr (13sek)<\/p>\n<p><a href='http:\/\/extra.inmontanis.info\/d\/30329-2\/DSC03633.jpg'><img src=http:\/\/extra.inmontanis.info\/d\/30328-3\/DSC03633.jpg \/><\/a><br \/>\n^ 21:46, Blick wieder richtung Flugplatz Sandnessj\u00f8en (8sek)<\/p>\n<p><a href='http:\/\/extra.inmontanis.info\/d\/30333-2\/DSC03638.jpg'><img src=http:\/\/extra.inmontanis.info\/d\/30332-3\/DSC03638.jpg \/><\/a><br \/>\n^ 21:58 Uhr \/ Ein Flugzeug kommt, leider gerade kaum Nordlichter (13sek)<\/p>\n<p><a href='http:\/\/extra.inmontanis.info\/d\/30337-2\/DSC03639.jpg'><img src=http:\/\/extra.inmontanis.info\/d\/30336-3\/DSC03639.jpg \/><\/a><br \/>\n^ Das Flugzeug landet (13sek)<\/p>\n<p>Wie gesagt, war es mir hier am Hafen doch zu beleuchtet, hatte aber auch nicht mehr viel Alternativen hier, wollte auch nicht wieder die paar km zur Br\u00fccke vor und entschied mich, einen der 7-Schwestern-Parkpl\u00e4tze anzufahren, an einem hatte ich schon 2006 \u00fcbernachtet (war damals aber glaub ich eher im Wald). <\/p>\n<p>Kaum angekommen, die Fenster verschlossen, ein paar Worte zum heutigen Tag geschrieben und die Bilder runtergeladen, merkte ich, dass es wieder einen st\u00e4rkeren Nordlichteinfall gibt. <\/p>\n<p><a href='http:\/\/extra.inmontanis.info\/d\/30341-2\/DSC03644.jpg'><img src=http:\/\/extra.inmontanis.info\/d\/30340-3\/DSC03644.jpg \/><\/a><br \/>\n^ 22:42 Uhr &#8211; bin auf dem Parkplatz, wo ich schlafen wil und keine Lust mehr, wo anders hinzufahren &#8211; jetzt geht&#8217;s mal wieder richtig los. (13sek)<\/p>\n<p><a href='http:\/\/extra.inmontanis.info\/d\/30345-2\/DSC03647.jpg'><img src=http:\/\/extra.inmontanis.info\/d\/30344-3\/DSC03647.jpg \/><\/a><br \/>\n^ 22:48, 13sek<\/p>\n<p><a href='http:\/\/extra.inmontanis.info\/d\/30349-2\/DSC03648.jpg'><img src=http:\/\/extra.inmontanis.info\/d\/30348-3\/DSC03648.jpg \/><\/a><br \/>\n^ 22:49, 13sek &#8211; jetzt wieder direkt \u00fcber mir<\/p>\n<p><a href='http:\/\/extra.inmontanis.info\/d\/30353-2\/DSC03649.jpg'><img src=http:\/\/extra.inmontanis.info\/d\/30352-3\/DSC03649.jpg \/><\/a><br \/>\n^ 22:51, 13 sek<\/p>\n<p>Obwohls ja heute Abend nicht soo kalt war, man friert doch schnell drau\u00dfen jetzt in der Nacht&#8230; Und nachdem ich die n\u00e4chsten Tage hoffentlich auch noch mal die eine oder andere klare Nacht haben werde und nebenbei recht m\u00fcde war, hatte ich (leider) keine Lust mehr, noch gro\u00dfartig wo hinzufahren &#8230;<\/p>\n<p>(Fortsetzung folgt.)<\/p>\n","protected":false},"excerpt":{"rendered":"<p>Do, 10.9.2015 &#8211; Tag 7 &#8211; km 4.790 (Diff. 357 km) &#8211; Kystriksveien Teil 1 \/ Torghatten<\/p>\n<p>Aufgrund der sch\u00f6nen Wettervorhersage wollte ich mal wieder die K\u00fcstenstra\u00dfe Rv.17 fahren, wobei sie inzwischen vom Riksvei zum Fylkesvei abgestuft wurde, also mittlerweile Fv.17 ist und die ich zuletzt 2006 gefahren bin. Highlight der K\u00fcstenstra\u00dfe sind die 6 <a href=\"http:\/\/blog.inmontanis.info\/?p=3486\">[&#8230;]<\/a><\/p>\n","protected":false},"author":1,"featured_media":0,"comment_status":"closed","ping_status":"closed","sticky":false,"template":"","format":"standard","meta":{"footnotes":""},"categories":[148,18,30],"tags":[134,90,100,37,96,45],"class_list":["post-3486","post","type-post","status-publish","format-standard","hentry","category-2015-09-skandinavischer-spatsommer","category-norwegennorway","category-wandern","tag-hohlecave","tag-infrarot","tag-langzeitbelichtung","tag-meer","tag-polarlicht","tag-see","odd"],"_links":{"self":[{"href":"http:\/\/blog.inmontanis.info\/index.php?rest_route=\/wp\/v2\/posts\/3486","targetHints":{"allow":["GET"]}}],"collection":[{"href":"http:\/\/blog.inmontanis.info\/index.php?rest_route=\/wp\/v2\/posts"}],"about":[{"href":"http:\/\/blog.inmontanis.info\/index.php?rest_route=\/wp\/v2\/types\/post"}],"author":[{"embeddable":true,"href":"http:\/\/blog.inmontanis.info\/index.php?rest_route=\/wp\/v2\/users\/1"}],"replies":[{"embeddable":true,"href":"http:\/\/blog.inmontanis.info\/index.php?rest_route=%2Fwp%2Fv2%2Fcomments&post=3486"}],"version-history":[{"count":2,"href":"http:\/\/blog.inmontanis.info\/index.php?rest_route=\/wp\/v2\/posts\/3486\/revisions"}],"predecessor-version":[{"id":3488,"href":"http:\/\/blog.inmontanis.info\/index.php?rest_route=\/wp\/v2\/posts\/3486\/revisions\/3488"}],"wp:attachment":[{"href":"http:\/\/blog.inmontanis.info\/index.php?rest_route=%2Fwp%2Fv2%2Fmedia&parent=3486"}],"wp:term":[{"taxonomy":"category","embeddable":true,"href":"http:\/\/blog.inmontanis.info\/index.php?rest_route=%2Fwp%2Fv2%2Fcategories&post=3486"},{"taxonomy":"post_tag","embeddable":true,"href":"http:\/\/blog.inmontanis.info\/index.php?rest_route=%2Fwp%2Fv2%2Ftags&post=3486"}],"curies":[{"name":"wp","href":"https:\/\/api.w.org\/{rel}","templated":true}]}}