{"id":3480,"date":"2015-09-09T23:43:40","date_gmt":"2015-09-09T21:43:40","guid":{"rendered":"http:\/\/blog.inmontanis.info\/?p=3480"},"modified":"2023-08-04T20:45:55","modified_gmt":"2023-08-04T18:45:55","slug":"galdhopiggen-ski-nordlichter-9-9-2015","status":"publish","type":"post","link":"http:\/\/blog.inmontanis.info\/?p=3480","title":{"rendered":"Galdh\u00f8piggen Ski (+ Nordlichter), 9.9.2015"},"content":{"rendered":"<p><strong>Mi, 9.9.2015 &#8211; Tag 6 &#8211; km 4.433 (Diff. 595 km)<\/strong> &#8211; Galdh\u00f8piggen Ski<\/p>\n<p>Heute stand also &#8220;Notgedrungen&#8221; schon wieder ein Skitag auf dem Plan. Wetterm\u00e4\u00dfig sollte ich mich auf dem Weg in den Norden machen, so dass ich keinen Zwischentag mehr &#8220;hier unten&#8221; einlegen wollte. Es lag auf dem Weg, das Wetter war sch\u00f6n &#8211; auch hier war ich zuletzt 2006. Auf dem Weg dorthin durfte ich aber erst mal wieder \u00fcber die sch\u00f6ne Sognefjell-Stra\u00dfe fahren, die ich bereits 2006 in diese Richtung und 2013 in Gegenrichtung (aber mit einem anderen Ende) fuhr.<\/p>\n<p>(Fotos anklicken zum Vergr\u00f6\u00dfern)<\/p>\n<p><a href='http:\/\/extra.inmontanis.info\/d\/29657-2\/ge-201509route7.jpg'><img src=http:\/\/extra.inmontanis.info\/d\/29656-3\/ge-201509route7.jpg \/><\/a><br \/>\nFahrstrecke heute: Dunkelblau mit<br \/>\nM) Galdh\u00f8piggen (Ski)<\/p>\n<p><a href='http:\/\/extra.inmontanis.info\/d\/30209-2\/DSC03052.jpg'><img src=http:\/\/extra.inmontanis.info\/d\/30208-3\/DSC03052.jpg \/><\/a><br \/>\n^ Lustrafjord<\/p>\n<p><a href='http:\/\/ski.inmontanis.info\/d\/205134-2\/DSC03055.jpg'><img src=http:\/\/ski.inmontanis.info\/d\/205133-3\/DSC03055.jpg \/><\/a><br \/>\n^ Ex-PB Luster. Wurde seit 2006 leidet etwas zur\u00fcckgebaut<\/p>\n<p>2006:<br \/>\n<a href='http:\/\/ski.inmontanis.info\/d\/1017-2\/P1060811.jpg'><img src=http:\/\/ski.inmontanis.info\/d\/1017-2\/P1060811.jpg \/><\/a><\/p>\n<p>Weitere Fotos von 2006:<br \/>\n<a href='http:\/\/ski.inmontanis.info\/main.php?g2_albumId=1003&#038;g2_view=filterview.Filterview&#038;g2_date1=2006-06-14'>http:\/\/ski.inmontanis.info\/main.php?g2_albumId=1003&#038;g2_view=filterview.Filterview&#038;g2_date1=2006-06-14<\/a><\/p>\n<p><a href='http:\/\/extra.inmontanis.info\/d\/30213-2\/DSC03064.jpg'><img src=http:\/\/extra.inmontanis.info\/d\/30212-3\/DSC03064.jpg \/><\/a><br \/>\n^ 55 \/ Auffahrt Sognefjell<\/p>\n<p><a href='http:\/\/extra.inmontanis.info\/d\/30217-2\/DSC03068.jpg'><img src=http:\/\/extra.inmontanis.info\/d\/30216-3\/DSC03068.jpg \/><\/a><br \/>\n^ 55 \/ Auffahrt Sognefjell<\/p>\n<p><a href='http:\/\/extra.inmontanis.info\/d\/30221-2\/DSC03072.jpg'><img src=http:\/\/extra.inmontanis.info\/d\/30220-3\/DSC03072.jpg \/><\/a><br \/>\n^ 55 \/ Sognefjell-Stra\u00dfe mit Spiegelsee<\/p>\n<p><a href='http:\/\/extra.inmontanis.info\/d\/30225-2\/DSC03075.jpg'><img src=http:\/\/extra.inmontanis.info\/d\/30224-3\/DSC03075.jpg \/><\/a><br \/>\n^ 55 \/ Sognefjell-Stra\u00dfe<\/p>\n<p><a href='http:\/\/extra.inmontanis.info\/d\/30229-2\/DSC03078.jpg'><img src=http:\/\/extra.inmontanis.info\/d\/30228-3\/DSC03078.jpg \/><\/a><br \/>\n^ 55 \/ Sognefjell-Stra\u00dfe. Immer wieder sch\u00f6n.<\/p>\n<p><a href='http:\/\/extra.inmontanis.info\/d\/30233-2\/DSC03080.jpg'><img src=http:\/\/extra.inmontanis.info\/d\/30232-3\/DSC03080.jpg \/><\/a><br \/>\n^ 55 \/ Sognefjell-Stra\u00dfe<\/p>\n<p><a href='http:\/\/extra.inmontanis.info\/d\/30237-2\/DSC03086.jpg'><img src=http:\/\/extra.inmontanis.info\/d\/30236-3\/DSC03086.jpg \/><\/a><br \/>\n^ 55 \/ Sognefjell-Stra\u00dfe. Den Spiegelsee fand ich so genial, dass ich anhalten musste.<\/p>\n<p><a href='http:\/\/extra.inmontanis.info\/d\/30241-2\/DSC03088.jpg'><img src=http:\/\/extra.inmontanis.info\/d\/30240-3\/DSC03088.jpg \/><\/a><br \/>\n^ Toller Spiegelsee an der Sognefjell-Stra\u00dfe<\/p>\n<p><a href='http:\/\/extra.inmontanis.info\/d\/30245-2\/DSC03089.jpg'><img src=http:\/\/extra.inmontanis.info\/d\/30244-3\/DSC03089.jpg \/><\/a><br \/>\n^ Tja, das war&#8217;s dann wohl, das sch\u00f6nste Foto dieser Reise. Das war mir in dem Moment klar, als ich es ein paar Sekunden sp\u00e4ter am Display der Cam angeschaut hatte.<\/p>\n<p><a href='http:\/\/extra.inmontanis.info\/d\/30249-2\/DSC03100_001.jpg'><img src=http:\/\/extra.inmontanis.info\/d\/30248-3\/DSC03100_001.jpg \/><\/a><br \/>\n^ Spiegelsee an der Sognefjell-Stra\u00dfe<\/p>\n<p><a href='http:\/\/extra.inmontanis.info\/d\/30253-2\/DSC03099.jpg'><img src=http:\/\/extra.inmontanis.info\/d\/30252-3\/DSC03099.jpg \/><\/a><br \/>\n^ 55 \/ Sognefjell-Stra\u00dfe (Blick R\u00fcckw\u00e4rts, bzw. in diese Richtung bin ich ja vor 2 Jahren gefahren)<\/p>\n<p><a href='http:\/\/extra.inmontanis.info\/d\/30257-2\/DSC03103.jpg'><img src=http:\/\/extra.inmontanis.info\/d\/30256-3\/DSC03103.jpg \/><\/a><br \/>\n^ 55 \/ Sognefjell-Stra\u00dfe. Bevor man zum Sommerskigebiet rauffahren kann, muss man erst nochmal ein St\u00fcck runter.<\/p>\n<p><a href='http:\/\/ski.inmontanis.info\/d\/204954-2\/DSC03114.jpg'><img src=http:\/\/ski.inmontanis.info\/d\/204953-3\/DSC03114.jpg \/><\/a><br \/>\n^ Auffahrt zum Galdh\u00f8piggen-Skigebiet &#8211; der Sonne entgegen<\/p>\n<p><a href='http:\/\/ski.inmontanis.info\/d\/204958-2\/DSC03117.jpg'><img src=http:\/\/ski.inmontanis.info\/d\/204957-3\/DSC03117.jpg \/><\/a><br \/>\n^ Auffahrt zum Galdh\u00f8piggen-Skigebiet<\/p>\n<p><a href='http:\/\/ski.inmontanis.info\/d\/204962-2\/DSC03123.jpg'><img src=http:\/\/ski.inmontanis.info\/d\/204961-3\/DSC03123.jpg \/><\/a><br \/>\n^ Sommerskilift und Juvvatnet<\/p>\n<p><a href='http:\/\/ski.inmontanis.info\/d\/204966-2\/DSC03126.jpg'><img src=http:\/\/ski.inmontanis.info\/d\/204965-3\/DSC03126.jpg \/><\/a><br \/>\n^ Das quasi komplette Sommerskigebiet<\/p>\n<p>Vergleich 2006:<br \/>\n<img src=http:\/\/ski.inmontanis.info\/d\/1307-2\/P1060931.jpg \/><br \/>\n^ Juni 2006<\/p>\n<p>Der Skipass (den man leider immer noch umst\u00e4ndlich im Restaurant oberhalb des Parkplatzes kaufen musss) kostet gleich wie gestern (370,- NOK), die Maut ist mit 100,- allerdings um 20,- teurer als am Folgefonna. Macht umgerechnet also knapp 50,- \u20ac. Wobei ich mir noch ein Schinken-K\u00e4se-Baguette im Restaurant gekauft hatte, da ich heute Morgen zu keinem Hotdog kam. War zwar sehr aufgeweicht, aber preislich mit 4,80 \u20ac im Vergleich durchaus OK.<\/p>\n<p>Es war doch einiges mehr los heute, auch die Rennmannschaften blieben l\u00e4nger (und waren per se st\u00f6render). Durch die Osth\u00e4nge ist der Schnee von der fr\u00fch weg etwas weicher, au\u00dfer auf den gesalzenen Rennpisten. Allerdings war auch der Offpiste-Schnee hier und da etwas giftig, muss wohl vor ein paar Tagen ein paar cm geschneit haben.<\/p>\n<p><a href='http:\/\/ski.inmontanis.info\/d\/204974-2\/DSC03131.jpg'><img src=http:\/\/ski.inmontanis.info\/d\/204973-3\/DSC03131.jpg \/><\/a><br \/>\n^ Abfahrt mit SL und See<\/p>\n<p><a href='http:\/\/ski.inmontanis.info\/d\/204970-2\/DSC02287.jpg'><img src=http:\/\/ski.inmontanis.info\/d\/204969-3\/DSC02287.jpg \/><\/a><br \/>\n^ IR-Pano<\/p>\n<p><a href='http:\/\/ski.inmontanis.info\/d\/204978-2\/DSC03132.jpg'><img src=http:\/\/ski.inmontanis.info\/d\/204977-3\/DSC03132.jpg \/><\/a><br \/>\n^ Wanderung<\/p>\n<p><a href='http:\/\/ski.inmontanis.info\/d\/204982-2\/DSC03133.jpg'><img src=http:\/\/ski.inmontanis.info\/d\/204981-3\/DSC03133.jpg \/><\/a><br \/>\n^ Talstation SL, Parkplatz und dar\u00fcber das Restaurant, wo man den Skipass kaufen muss. Glaub die w\u00fcrden mehr Gesch\u00e4ft machen, w\u00e4ren sie n\u00e4her am Lift.<\/p>\n<p><a href='http:\/\/ski.inmontanis.info\/d\/204986-2\/DSC03134.jpg'><img src=http:\/\/ski.inmontanis.info\/d\/204985-3\/DSC03134.jpg \/><\/a><br \/>\n^ SL und See<\/p>\n<p><a href='http:\/\/ski.inmontanis.info\/d\/204990-2\/DSC03135.jpg'><img src=http:\/\/ski.inmontanis.info\/d\/204989-3\/DSC03135.jpg \/><\/a><br \/>\n^ Na sowas. Beschneiung &#8211; und das im h\u00f6chsten Skigebiet Norwegens auf 1900m.<\/p>\n<p><a href='http:\/\/ski.inmontanis.info\/d\/204994-2\/DSC03136.jpg'><img src=http:\/\/ski.inmontanis.info\/d\/204993-3\/DSC03136.jpg \/><\/a><br \/>\n^ Man sieht schon &#8211; es hat weniger Schnee als am Folgefonna, trotz der H\u00f6he.<\/p>\n<p><a href='http:\/\/ski.inmontanis.info\/d\/204998-2\/DSC03142.jpg'><img src=http:\/\/ski.inmontanis.info\/d\/204997-3\/DSC03142.jpg \/><\/a><br \/>\n^ Abfahrtspano<\/p>\n<p><a href='http:\/\/ski.inmontanis.info\/d\/205002-2\/DSC03145.jpg'><img src=http:\/\/ski.inmontanis.info\/d\/205001-3\/DSC03145.jpg \/><\/a><br \/>\n^ Ehemalige SL-Bergstation (Vorg\u00e4ngerlift oder 2. Lift)<\/p>\n<p><a href='http:\/\/ski.inmontanis.info\/d\/205006-2\/DSC03150.jpg'><img src=http:\/\/ski.inmontanis.info\/d\/205005-3\/DSC03150.jpg \/><\/a><br \/>\n^ Funpark und Schneekanone<\/p>\n<p><a href='http:\/\/ski.inmontanis.info\/d\/205010-2\/DSC02290.jpg'><img src=http:\/\/ski.inmontanis.info\/d\/205009-3\/DSC02290.jpg \/><\/a><br \/>\n^ IR-Pano mit Funpark, SL und See<\/p>\n<p><a href='http:\/\/ski.inmontanis.info\/d\/205014-2\/DSC03155.jpg'><img src=http:\/\/ski.inmontanis.info\/d\/205013-3\/DSC03155.jpg \/><\/a><br \/>\n^ Aufstieg. \u00dcber dem SL gibt&#8217;s keinen Gletscher.<\/p>\n<p><a href='http:\/\/ski.inmontanis.info\/d\/205018-2\/DSC03156.jpg'><img src=http:\/\/ski.inmontanis.info\/d\/205017-3\/DSC03156.jpg \/><\/a><br \/>\n^ SL Bergstation<\/p>\n<p><a href='http:\/\/ski.inmontanis.info\/d\/205022-2\/DSC03158.jpg'><img src=http:\/\/ski.inmontanis.info\/d\/205021-3\/DSC03158.jpg \/><\/a><br \/>\n^ Da spitzt er, der Gipfel des namensgebenden Galdh\u00f8piggen<\/p>\n<p><a href='http:\/\/ski.inmontanis.info\/d\/205026-2\/DSC03160.jpg'><img src=http:\/\/ski.inmontanis.info\/d\/205025-3\/DSC03160.jpg \/><\/a><br \/>\n^ Pano mit SL-Bergstation. Ich hab meine Ski geschultert, aber da einen Weg durch die Steine zu finden, wird auch nicht einfach &#8230;<\/p>\n<p><a href='http:\/\/ski.inmontanis.info\/d\/205030-2\/DSC03161.jpg'><img src=http:\/\/ski.inmontanis.info\/d\/205029-3\/DSC03161.jpg \/><\/a><br \/>\n^ .. man k\u00f6nnte hier noch weit umhergehen auf diesem Hochplateau &#8230;<\/p>\n<p><a href='http:\/\/ski.inmontanis.info\/d\/205034-2\/DSC03165.jpg'><img src=http:\/\/ski.inmontanis.info\/d\/205033-3\/DSC03165.jpg \/><\/a><br \/>\n^ .. irgendwann hab ich&#8217;s dann gelassen &#8211; quasi das R\u00fcckseitenpano. Die Berge zur linken m\u00fcssten auch die sein, die  von der umgekehrten Seite auf den Spiegelsee-Bildern drauf sind.<\/p>\n<p><a href='http:\/\/ski.inmontanis.info\/d\/205038-2\/DSC03166.jpg'><img src=http:\/\/ski.inmontanis.info\/d\/205037-3\/DSC03166.jpg \/><\/a><br \/>\n^ So, fahr ich jetzt von hier ab oder geh ich noch zu  Fu\u00df zu dem n\u00e4chsten Gipfel?<\/p>\n<p><a href='http:\/\/ski.inmontanis.info\/d\/205042-2\/DSC03167.jpg'><img src=http:\/\/ski.inmontanis.info\/d\/205041-3\/DSC03167.jpg \/><\/a><br \/>\n^ .. ich entschied mich f\u00fcr vorsichtiges Queren .. um dann aber doch irgendwann wieder abzuschnallen und \u00fcber ein Ger\u00f6llfeld etwas abzusteigen. Der Weg bis zu dem anderen Gipfel war mir dann doch zu weit, will den Skipass noch etwas ausn\u00fctzen :)<\/p>\n<p><a href='http:\/\/ski.inmontanis.info\/d\/205046-2\/DSC03170.jpg'><img src=http:\/\/ski.inmontanis.info\/d\/205045-3\/DSC03170.jpg \/><\/a><br \/>\n^ Auf der linken Seite des SL gab&#8217;s am Rand der Felsen den besten Schnee, stellenweise sch\u00f6n firnig.<\/p>\n<p><a href='http:\/\/ski.inmontanis.info\/d\/205050-2\/DSC03177.jpg'><img src=http:\/\/ski.inmontanis.info\/d\/205049-3\/DSC03177.jpg \/><\/a><br \/>\n^ Skigebiet<\/p>\n<p><a href='http:\/\/ski.inmontanis.info\/d\/205054-2\/DSC03179.jpg'><img src=http:\/\/ski.inmontanis.info\/d\/205053-3\/DSC03179.jpg \/><\/a><br \/>\n^ SL in fast kompletter L\u00e4nge<\/p>\n<p><a href='http:\/\/ski.inmontanis.info\/d\/205058-2\/DSC03180.jpg'><img src=http:\/\/ski.inmontanis.info\/d\/205057-3\/DSC03180.jpg \/><\/a><br \/>\n^ Die Schneefelder links waren mir heute am liebsten. Im Juni hat man nat\u00fcrlich ein bissl mehr M\u00f6glichkeiten dort.<\/p>\n<p><a href='http:\/\/ski.inmontanis.info\/d\/205062-2\/DSC03181.jpg'><img src=http:\/\/ski.inmontanis.info\/d\/205061-3\/DSC03181.jpg \/><\/a><br \/>\n^ Talstation und See. Das ist jetzt nat\u00fcrlich definitiv sch\u00f6ner als im Juni, wenn der See noch gefroren ist.<\/p>\n<p><a href='http:\/\/ski.inmontanis.info\/d\/205066-2\/DSC03182.jpg'><img src=http:\/\/ski.inmontanis.info\/d\/205065-3\/DSC03182.jpg \/><\/a><br \/>\n^ Parkplatz und See<\/p>\n<p><a href='http:\/\/ski.inmontanis.info\/d\/205070-2\/DSC03184.jpg'><img src=http:\/\/ski.inmontanis.info\/d\/205069-3\/DSC03184.jpg \/><\/a><br \/>\n^ Offpiste rechts des SL, war heute leider nicht der beste Schnee.<\/p>\n<p><a href='http:\/\/ski.inmontanis.info\/d\/205074-2\/DSC03185.jpg'><img src=http:\/\/ski.inmontanis.info\/d\/205073-3\/DSC03185.jpg \/><\/a><br \/>\n^ Talstation SL vs. See<\/p>\n<p><a href='http:\/\/ski.inmontanis.info\/d\/205078-2\/DSC03187.jpg'><img src=http:\/\/ski.inmontanis.info\/d\/205077-3\/DSC03187.jpg \/><\/a><br \/>\n^ SL unterer Bereich<\/p>\n<p><a href='http:\/\/ski.inmontanis.info\/d\/205082-2\/DSC03189.jpg'><img src=http:\/\/ski.inmontanis.info\/d\/205081-3\/DSC03189.jpg \/><\/a><br \/>\n^ Die St\u00fctzen sind etwas un\u00fcblicher als die gew\u00f6hnlichen bei uns &#8211; ein rundes Rohr verbindet die zwei Seiten (das System gibt&#8217;s am Stubaier \/ Hintertuxer zwar auch, dort aber mit eckigem Profil)<\/p>\n<p><a href='http:\/\/ski.inmontanis.info\/d\/205086-2\/DSC03190.jpg'><img src=http:\/\/ski.inmontanis.info\/d\/205085-3\/DSC03190.jpg \/><\/a><br \/>\n^ Offpiste rechts des SL, ganz am Rand war&#8217;s auch hier ganz nett.<\/p>\n<p><a href='http:\/\/ski.inmontanis.info\/d\/205090-2\/DSC03195.jpg'><img src=http:\/\/ski.inmontanis.info\/d\/205089-3\/DSC03195.jpg \/><\/a><br \/>\n^ Beschneiung<\/p>\n<p><a href='http:\/\/ski.inmontanis.info\/d\/205094-2\/DSC03197.jpg'><img src=http:\/\/ski.inmontanis.info\/d\/205093-3\/DSC03197.jpg \/><\/a><br \/>\n^ Bergstation SL, der Ausstieg war heute etwas unterhalb als 2006 &#8211; vielleicht weil im oberen St\u00fcck schon etwas zu wenig Schnee lag.<\/p>\n<p><a href='http:\/\/ski.inmontanis.info\/d\/205098-2\/DSC03198.jpg'><img src=http:\/\/ski.inmontanis.info\/d\/205097-3\/DSC03198.jpg \/><\/a><br \/>\n^ SL-Ausstieg<\/p>\n<p><a href='http:\/\/ski.inmontanis.info\/d\/205102-2\/DSC02314.jpg'><img src=http:\/\/ski.inmontanis.info\/d\/205101-3\/DSC02314.jpg \/><\/a><br \/>\n^ IR-Pano<\/p>\n<p><a href='http:\/\/ski.inmontanis.info\/d\/205106-2\/DSC03201.jpg'><img src=http:\/\/ski.inmontanis.info\/d\/205105-3\/DSC03201.jpg \/><\/a><br \/>\n^ Juvvatnet. Blaue Seen mit schwimmenden Schnee- oder Gletscherst\u00fcckchen sind doch immer sch\u00f6n.<\/p>\n<p><a href='http:\/\/ski.inmontanis.info\/d\/205110-2\/DSC03202.jpg'><img src=http:\/\/ski.inmontanis.info\/d\/205109-3\/DSC03202.jpg \/><\/a><br \/>\n^ Juvvatnet<\/p>\n<p><a href='http:\/\/ski.inmontanis.info\/d\/205114-2\/DSC03207.jpg'><img src=http:\/\/ski.inmontanis.info\/d\/205113-3\/DSC03207.jpg \/><\/a><br \/>\n^ Gesamtes Skigebiet \/ SL in kompletter L\u00e4nge<\/p>\n<p><a href='http:\/\/ski.inmontanis.info\/d\/205118-2\/ge20150909b.jpg'><img src=http:\/\/ski.inmontanis.info\/d\/205117-3\/ge20150909b.jpg \/><\/a><br \/>\n^ GPS-Track, blau 2015, grau Juni 2006 mit dem etwas h\u00f6heren Ausstieg und mehr M\u00f6glichkeiten links<\/p>\n<p><a href='http:\/\/ski.inmontanis.info\/d\/205122-2\/DSC03206.jpg'><img src=http:\/\/ski.inmontanis.info\/d\/205121-3\/DSC03206.jpg \/><\/a><br \/>\n^ Anscheinend wurde hier eine Gletscherh\u00f6hle gemacht, der Pfad f\u00fchrt dort hin. Ich hatte leider keine Zeit mehr, mir das n\u00e4her anzusehen, ob das \u00f6ffentlich ist, ob es was kostet, etc.<\/p>\n<p><a href='http:\/\/ski.inmontanis.info\/d\/205126-2\/DSC03208.jpg'><img src=http:\/\/ski.inmontanis.info\/d\/205125-3\/DSC03208.jpg \/><\/a><br \/>\n^ Pfad zur Gletscherh\u00f6hle<\/p>\n<p><a href='http:\/\/ski.inmontanis.info\/d\/205130-2\/DSC03221.jpg'><img src=http:\/\/ski.inmontanis.info\/d\/205129-3\/DSC03221.jpg \/><\/a><br \/>\n^ Zufahrtsstra\u00dfe, dort bei den H\u00e4usern beginnt und endet die Mautstra\u00dfe<\/p>\n<p>Fazit: Im Gesamten &#8211; mag auch etwas an der Reihenfolge gelegen haben &#8211; fand ich den Folgefonna gestern etwas besser.<\/p>\n<p>Galdh\u00f8piggen:<br \/>\n+ genialer Seeblick, Talstation direkt am See<br \/>\n+ Pano nach Aufstieg<br \/>\n+ wirkt vielleicht etwas &#8220;arktischer&#8221; bzw. &#8220;entr\u00fcckter&#8221;<\/p>\n<p>Folgefonna:<br \/>\n+ genialere Stra\u00dfe<br \/>\n+ abwechslungreichere H\u00e4nge (auch von der Steilheit, links viel steiler, rechts gem\u00e4\u00dfigter, w\u00e4hrend am Gh. der Hang relativ gleichm\u00e4\u00dfig und weniger steil ist)<br \/>\n+ Fjord-  &#038; Meerpano (aber der Seeblick in Gh. ist fotogener)<br \/>\n+ Fernblick (Weite)<br \/>\n+ trotz tats\u00e4chlich geringerer H\u00f6he gef\u00fchlt mehr H\u00f6he (weil Sicht bis auf Meeresh\u00f6he, ein besseres &#8220;Top-of-the-world&#8221;-Feeling)<\/p>\n<p>Und noch ein Filmchen inkl. ein paar Abfahrten:<br \/>\n<object style=\"height: 500px; width: 900px\"><param name=\"movie\" value=\"http:\/\/www.youtube.com\/v\/FH7OC7_Owec\"><\/param><param name=\"wmode\" value=\"transparent\"><\/param><embed src=\"http:\/\/www.youtube.com\/v\/FH7OC7_Owec\" type=\"application\/x-shockwave-flash\" wmode=\"transparent\"  width=\"900\" height=\"480\"><\/embed><\/object><\/p>\n<p>Weiter ging&#8217;s \u00fcber die befahrenere E6 bis nach Trondheim. Auf dem Weg dorthin fiel mir ein, dass ich zwischen Oppdal und Trondheim eine schmackhafte Imbiss-H\u00fctte kennen m\u00fcsste, nicht direkt an der E6, hinter einer Tankstelle, wo ich im Winter 2011 schon mal a\u00df. Ich z\u00fcgelte mich also, nicht gleich nach dem Skifahren an einer Tankstelle etwas zu essen, lotete einige Tankstellen aus, zweifelte schon an meinen Erinnerungen und fuhr irgendwann mal, als es schon dunkel wurde, von der E6 ab, wo es mir am m\u00f6glichsten schien &#8211; Bingo, die H\u00fctte gibt&#8217;s noch.<\/p>\n<p><a href='http:\/\/extra.inmontanis.info\/d\/30261-2\/DSC03226.jpg'><img src=http:\/\/extra.inmontanis.info\/d\/30260-3\/DSC03226.jpg \/><\/a><br \/>\n^ 55 \/ Richtung Lom<\/p>\n<p><a href='http:\/\/extra.inmontanis.info\/d\/30265-2\/DSC03231.jpg'><img src=http:\/\/extra.inmontanis.info\/d\/30264-3\/DSC03231.jpg \/><\/a><br \/>\n^ 15 \/ n\u00e4he Tessand<\/p>\n<p><a href='http:\/\/extra.inmontanis.info\/d\/30269-2\/DSC03235.jpg'><img src=http:\/\/extra.inmontanis.info\/d\/30268-3\/DSC03235.jpg \/><\/a><br \/>\n^ E6 \/ richtung Dovre<\/p>\n<p><a href='http:\/\/extra.inmontanis.info\/d\/30273-2\/DSC03241.jpg'><img src=http:\/\/extra.inmontanis.info\/d\/30272-3\/DSC03241.jpg \/><\/a><br \/>\n^ E6 \/ richtung Dovre, Bauarbeiten (diesmal ohne extra Maut)<\/p>\n<p><a href='http:\/\/extra.inmontanis.info\/d\/30277-2\/DSC03248.jpg'><img src=http:\/\/extra.inmontanis.info\/d\/30276-3\/DSC03248.jpg \/><\/a><br \/>\n^ E6 \/ hinter Domb\u00e5s<\/p>\n<p><a href='http:\/\/extra.inmontanis.info\/d\/30281-2\/IMG_1519.jpg'><img src=http:\/\/extra.inmontanis.info\/d\/30280-3\/IMG_1519.jpg \/><\/a><br \/>\n^ Wie \u00fcblich in Norwegen &#8211; ein frisch gemachter und sehr leckerer Bacon-Hamburger mit Pommes, diesmal an einem kleinen Imbiss-Restaurant (mit gro\u00dfer Speisekarte)<\/p>\n<p>Weiter ging&#8217;s \u00fcber die E6 bis nach Trondheim, wo ich diesmal mautfrei die E6 umfahren wollte. Da ich nicht wusste, ob man das einfach durch die Stadt machen k\u00f6nnte (oder ob es da wieder eine City Maut wie in Bergen gibt oder ein Durchfahrverbot oder etc.) &#8211; h\u00e4tte ich egtl. die F\u00e4hrvariante westlich nehmen wollten. Ging sich zeitm\u00e4\u00dfig aber nicht vern\u00fcnftig aus, so nahm ich die H\u00fcgel-Variante im S\u00fcden. <\/p>\n<p>Das schlugen mir beide Navis von Haus aus aber gar nicht vor &#8211; da musste ich schon den einen oder anderen Wegpunkt setzen. Ein paar ungeteerte Abschnitte sind dabei, aber derartige Stra\u00dfen sind in Skaninavien ja meist problemloser zu fahren als manche geteerte Stra\u00dfen in Bulgarien oder Georgien\/Armenien :) Und selbst in Norwegen sind manchmal geteerte Stra\u00dfen unebener und nerviger als ungeteerte. <\/p>\n<p><a href='http:\/\/extra.inmontanis.info\/d\/30285-2\/DSC03258.jpg'><img src=http:\/\/extra.inmontanis.info\/d\/30284-3\/DSC03258.jpg \/><\/a><br \/>\n^ Das kommt davon, wenn man mautfreie Nebenstra\u00dfen bevorzugt, ungeteert und mit Elch-Verkehr<\/p>\n<p>Bei dieser Umfahrung kam ich auch an Seen vorbei, wodurch die Stra\u00dfe tags\u00fcber sicher auch sch\u00f6ner w\u00e4re. Allerdings sah ich dort pl\u00f6tzlich zwei Leute mit St\u00e4nder! Also mit Stativ und Fotokameras. Nan\u00fc? Heut ist doch nur ein 2er vorhergesagt, die werden doch nicht auf Nordlichter warten? Wissen die was, was ich nicht wei\u00df? Bis ich nebenbei im Internet mir die aktuellen Prognosen geladen hatte w\u00e4r ich fast wieder unten gewesen, aber als ich gerade einen 5er (&#8220;high&#8221;) las, blickte ich sogleich aus dem Fenster &#8211; und tats\u00e4chlich, Nordlichter, \u00fcber mir! (Die St\u00e4rke 5 ist nicht so selten, gibt&#8217;s \u00fcblicherweise mehrmals im Monat)<\/p>\n<p><a href='http:\/\/extra.inmontanis.info\/d\/30289-2\/DSC03266.jpg'><img src=http:\/\/extra.inmontanis.info\/d\/30288-3\/DSC03266.jpg \/><\/a><br \/>\n^ Schon vor Trondheim \u00fcberraschte mich heuer das erste Nordlicht. Und zwar direkt \u00fcber mir!<\/p>\n<p><a href='http:\/\/extra.inmontanis.info\/d\/30293-2\/DSC03276.jpg'><img src=http:\/\/extra.inmontanis.info\/d\/30292-3\/DSC03276.jpg \/><\/a><br \/>\n^ Nordlichter vor Trondheim<\/p>\n<p>Nach ein paar Fotos ohne Stativ bin ich noch etwas weiter n\u00f6rdlich gefahren, hatte auf einen Panoplatz mit Blick auf den Trondheimfjord gehofft, war aber alles nur mittelpr\u00e4chtig. Sp\u00e4ter auf einem Parkplatz hatte ich auch nochmal etwas mehr Aktivit\u00e4t, da war es tats\u00e4chlich fast direkt \u00fcber mir und kam runtergeregnet. Damit h\u00e4tte ich ja heute gar nicht gerechnet. Und h\u00e4tte ich die Leute an dieser Umfahrung nicht gesehen, h\u00e4tte ich&#8217;s vielleicht gar nicht bemerkt. Na hoffentlich wird das nicht das letzte Mal f\u00fcr diese Tour gewesen sein &#8230;<br \/>\n<em>(Nein, war es nicht, hatte jede Nacht noch mehr oder weniger Nordlichter gesehen, aber nicht mehr mit so einer starken Aktivit\u00e4t wie heute.)<\/em><\/p>\n<p><a href='http:\/\/extra.inmontanis.info\/d\/30297-2\/DSC03280.jpg'><img src=http:\/\/extra.inmontanis.info\/d\/30296-3\/DSC03280.jpg \/><\/a><br \/>\n^ Nordlicht und Sterne (2s)<\/p>\n<p><a href='http:\/\/extra.inmontanis.info\/d\/30301-2\/DSC03285.jpg'><img src=http:\/\/extra.inmontanis.info\/d\/30300-3\/DSC03285.jpg \/><\/a><br \/>\n^ Nordlichter n\u00e4he Stj\u00f8rdal (8s)<\/p>\n<p><a href='http:\/\/extra.inmontanis.info\/d\/30305-2\/DSC03292.jpg'><img src=http:\/\/extra.inmontanis.info\/d\/30304-3\/DSC03292.jpg \/><\/a><br \/>\n^ Nordlicht und Sterne (8s)<\/p>\n<p><a href='http:\/\/extra.inmontanis.info\/d\/30309-2\/DSC03295.jpg'><img src=http:\/\/extra.inmontanis.info\/d\/30308-3\/DSC03295.jpg \/><\/a><br \/>\n^ Nordlicht wieder direkt \u00fcber mir \/ n\u00e4he \u00c5sen, etwas n\u00f6rdlich von Trondheim (8s)<\/p>\n<p><a href='http:\/\/extra.inmontanis.info\/d\/30313-2\/DSC03299.jpg'><img src=http:\/\/extra.inmontanis.info\/d\/30312-3\/DSC03299.jpg \/><\/a><br \/>\n^ Nordlicht-Inferno (8s)<\/p>\n<p>(Fortsetzung folgt.)<\/p>\n","protected":false},"excerpt":{"rendered":"<p>Mi, 9.9.2015 &#8211; Tag 6 &#8211; km 4.433 (Diff. 595 km) &#8211; Galdh\u00f8piggen Ski<\/p>\n<p>Heute stand also &#8220;Notgedrungen&#8221; schon wieder ein Skitag auf dem Plan. Wetterm\u00e4\u00dfig sollte ich mich auf dem Weg in den Norden machen, so dass ich keinen Zwischentag mehr &#8220;hier unten&#8221; einlegen wollte. Es lag auf dem Weg, das Wetter war sch\u00f6n <a href=\"http:\/\/blog.inmontanis.info\/?p=3480\">[&#8230;]<\/a><\/p>\n","protected":false},"author":1,"featured_media":0,"comment_status":"closed","ping_status":"closed","sticky":false,"template":"","format":"standard","meta":{"footnotes":""},"categories":[148,589,18,28],"tags":[90,100,96,45,47],"class_list":["post-3480","post","type-post","status-publish","format-standard","hentry","category-2015-09-skandinavischer-spatsommer","category-galdhopiggen","category-norwegennorway","category-skifahren-sommer","tag-infrarot","tag-langzeitbelichtung","tag-polarlicht","tag-see","tag-sl","odd"],"_links":{"self":[{"href":"http:\/\/blog.inmontanis.info\/index.php?rest_route=\/wp\/v2\/posts\/3480","targetHints":{"allow":["GET"]}}],"collection":[{"href":"http:\/\/blog.inmontanis.info\/index.php?rest_route=\/wp\/v2\/posts"}],"about":[{"href":"http:\/\/blog.inmontanis.info\/index.php?rest_route=\/wp\/v2\/types\/post"}],"author":[{"embeddable":true,"href":"http:\/\/blog.inmontanis.info\/index.php?rest_route=\/wp\/v2\/users\/1"}],"replies":[{"embeddable":true,"href":"http:\/\/blog.inmontanis.info\/index.php?rest_route=%2Fwp%2Fv2%2Fcomments&post=3480"}],"version-history":[{"count":4,"href":"http:\/\/blog.inmontanis.info\/index.php?rest_route=\/wp\/v2\/posts\/3480\/revisions"}],"predecessor-version":[{"id":3485,"href":"http:\/\/blog.inmontanis.info\/index.php?rest_route=\/wp\/v2\/posts\/3480\/revisions\/3485"}],"wp:attachment":[{"href":"http:\/\/blog.inmontanis.info\/index.php?rest_route=%2Fwp%2Fv2%2Fmedia&parent=3480"}],"wp:term":[{"taxonomy":"category","embeddable":true,"href":"http:\/\/blog.inmontanis.info\/index.php?rest_route=%2Fwp%2Fv2%2Fcategories&post=3480"},{"taxonomy":"post_tag","embeddable":true,"href":"http:\/\/blog.inmontanis.info\/index.php?rest_route=%2Fwp%2Fv2%2Ftags&post=3480"}],"curies":[{"name":"wp","href":"https:\/\/api.w.org\/{rel}","templated":true}]}}