{"id":3470,"date":"2015-09-07T23:18:46","date_gmt":"2015-09-07T21:18:46","guid":{"rendered":"http:\/\/blog.inmontanis.info\/?p=3470"},"modified":"2023-08-04T20:59:08","modified_gmt":"2023-08-04T18:59:08","slug":"rjukan-7-9-2015","status":"publish","type":"post","link":"http:\/\/blog.inmontanis.info\/?p=3470","title":{"rendered":"Rjukan, 7.9.2015"},"content":{"rendered":"<p><strong>Mo, 7.9.2015 &#8211; Tag 4 &#8211; km 3.457 (Diff. 598 km)<\/strong> &#8211; Rjukan<\/p>\n<p>Der Morgen begann mit Nebel und leichtem Regen &#8211; na gut, dass ich die F\u00e4hre letzte Nacht noch fuhr. Egtl. h\u00e4tte ich erst mal die 13 Richtung Voss fahren wollen, da noch nicht gefahren. Machte bei dem Wetter aber keinen Sinn &#8211; also die alternative 5 und sp\u00e4ter \u00fcber eine noch nicht gefahrene Fjellstrecke und weiter \u00fcber Geilo und die vor 2 Jahren gesperrte Imingfjell-Stra\u00dfe nach Rjukan.<\/p>\n<p>(Fotos anklicken zum Vergr\u00f6\u00dfern)<\/p>\n<p><a href='http:\/\/extra.inmontanis.info\/d\/29657-2\/ge-201509route7.jpg'><img src=http:\/\/extra.inmontanis.info\/d\/29656-3\/ge-201509route7.jpg \/><\/a><br \/>\nFahrstrecke heute: T\u00fcrkis mit<br \/>\n(F\u00e4hre)<br \/>\nG) Imingfjell<br \/>\nH) Rjukan<br \/>\nI) R\u00f8ldal<\/p>\n<p><a href='http:\/\/extra.inmontanis.info\/d\/29913-2\/DSC02330.jpg'><img src=http:\/\/extra.inmontanis.info\/d\/29912-3\/DSC02330.jpg \/><\/a><br \/>\n^ Na sieh mal einer an &#8211; da war es ja tats\u00e4chlich auch vom Wetter her gar nicht verkehrt, noch gestern Abend um 23 Uhr mit der F\u00e4hre r\u00fcber gefahren zu sein &#8230;<\/p>\n<p><a href='http:\/\/extra.inmontanis.info\/d\/29917-2\/DSC02341.jpg'><img src=http:\/\/extra.inmontanis.info\/d\/29916-3\/DSC02341.jpg \/><\/a><br \/>\n^ Restschneeflecken auf 200 m H\u00f6he &#8211; und wenig sp\u00e4ter sogar noch tiefer! Hei\u00dft allerdings nicht gleichzeitig, dass auf 1000m viel mehr liegt.<\/p>\n<p><a href='http:\/\/extra.inmontanis.info\/d\/29921-2\/DSC02352.jpg'><img src=http:\/\/extra.inmontanis.info\/d\/29920-3\/DSC02352.jpg \/><\/a><br \/>\n^ Rv. 5 \/ Fj\u00e6rlandsfjorden<\/p>\n<p><a href='http:\/\/extra.inmontanis.info\/d\/29925-2\/DSC02361.jpg'><img src=http:\/\/extra.inmontanis.info\/d\/29924-3\/DSC02361.jpg \/><\/a><br \/>\n^ Rv. 5 \/ Dalavatnet, schwierig zu erkennen, aber: ein Spiegelsee<\/p>\n<p><a href='http:\/\/extra.inmontanis.info\/d\/29929-2\/DSC02366.jpg'><img src=http:\/\/extra.inmontanis.info\/d\/29928-3\/DSC02366.jpg \/><\/a><br \/>\n^ Rv. 5 \/ Dalavatnet, Spiegelsee<\/p>\n<p><a href='http:\/\/extra.inmontanis.info\/d\/29933-2\/DSC02376.jpg'><img src=http:\/\/extra.inmontanis.info\/d\/29932-3\/DSC02376.jpg \/><\/a><br \/>\n^ F\u00e4hre Mannheller-Fodnes, die Wartespuren reichen bis in den Tunnel hinein.<\/p>\n<p><a href='http:\/\/extra.inmontanis.info\/d\/29937-2\/DSC02382.jpg'><img src=http:\/\/extra.inmontanis.info\/d\/29936-3\/DSC02382.jpg \/><\/a><br \/>\n^ F\u00e4hre Mannheller-Fodnes<\/p>\n<p><a href='http:\/\/extra.inmontanis.info\/d\/29941-2\/DSC02383.jpg'><img src=http:\/\/extra.inmontanis.info\/d\/29940-3\/DSC02383.jpg \/><\/a><br \/>\n^ F\u00e4hre Mannheller-Fodnes<\/p>\n<p><a href='http:\/\/extra.inmontanis.info\/d\/29945-2\/IMG_1511.jpg'><img src=http:\/\/extra.inmontanis.info\/d\/29944-3\/IMG_1511.jpg \/><\/a><br \/>\n^ Rollerburger von der Tankstelle, sp\u00e4ter gab&#8217;s noch irgendwo eine Brunost-Waffel und abends einen Kebap-Teller in Rjukan<\/p>\n<p><a href='http:\/\/extra.inmontanis.info\/d\/29949-2\/DSC02387.jpg'><img src=http:\/\/extra.inmontanis.info\/d\/29948-3\/DSC02387.jpg \/><\/a><br \/>\n^ N\u00e4he L\u00e6rdal<\/p>\n<p><a href='http:\/\/extra.inmontanis.info\/d\/29953-2\/DSC02404.jpg'><img src=http:\/\/extra.inmontanis.info\/d\/29952-3\/DSC02404.jpg \/><\/a><br \/>\n^ Rv. 52, richtung Hemsedal<\/p>\n<p><a href='http:\/\/extra.inmontanis.info\/d\/29957-2\/DSC02412.jpg'><img src=http:\/\/extra.inmontanis.info\/d\/29956-3\/DSC02412.jpg \/><\/a><br \/>\n^ Rv. 52 \/ Eldrevatn<\/p>\n<p><a href='http:\/\/extra.inmontanis.info\/d\/29961-2\/DSC02416.jpg'><img src=http:\/\/extra.inmontanis.info\/d\/29960-3\/DSC02416.jpg \/><\/a><br \/>\n^ Rv. 52, vor Hemsedal<\/p>\n<p><a href='http:\/\/ski.inmontanis.info\/d\/204668-2\/DSC02424.jpg'><img src=http:\/\/ski.inmontanis.info\/d\/204666-3\/DSC02424.jpg \/><\/a><br \/>\n^ Skigebiet Hemsedal. M\u00f6chte ich (wg. des oberen Liftes) durchaus irgendwann mal im Winter besuchen.<\/p>\n<p><a href='http:\/\/extra.inmontanis.info\/d\/29965-2\/DSC02428.jpg'><img src=http:\/\/extra.inmontanis.info\/d\/29964-3\/DSC02428.jpg \/><\/a><br \/>\n^ Rv.52, bei Hemsedal<\/p>\n<p><a href='http:\/\/ski.inmontanis.info\/d\/204658-2\/DSC02442.jpg'><img src=http:\/\/ski.inmontanis.info\/d\/204657-3\/DSC02442.jpg \/><\/a><br \/>\n^ In Geilo hat man neuerdings Schneedepots im Skigebiet<\/p>\n<p><a href='http:\/\/ski.inmontanis.info\/d\/204662-2\/DSC02444.jpg'><img src=http:\/\/ski.inmontanis.info\/d\/204661-3\/DSC02444.jpg \/><\/a><br \/>\n^ Auch auf der anderen Seite von Geilo sind zwei Schneedepots? Oder zumindest irgendwelche Vermattungen&#8230;<\/p>\n<p><a href='http:\/\/ski.inmontanis.info\/d\/204654-2\/DSC02449.jpg'><img src=http:\/\/ski.inmontanis.info\/d\/204653-3\/DSC02449.jpg \/><\/a><br \/>\n^ Rv. 40 \/ Dagali \/ Skigebiet Uvdal<\/p>\n<p><a href='http:\/\/extra.inmontanis.info\/d\/29969-2\/DSC02452.jpg'><img src=http:\/\/extra.inmontanis.info\/d\/29968-3\/DSC02452.jpg \/><\/a><br \/>\n^ Imingfjell-Stra\u00dfe. Hier musste ich vor 2 Jahren umkehren, da die Stra\u00dfe \u00fcber die Staumauer gesperrt war<\/p>\n<p><a href='http:\/\/extra.inmontanis.info\/d\/29973-2\/DSC02455.jpg'><img src=http:\/\/extra.inmontanis.info\/d\/29972-3\/DSC02455.jpg \/><\/a><br \/>\n^ Imingfjell \/ S\u00f8nstevatn<\/p>\n<p><a href='http:\/\/extra.inmontanis.info\/d\/29977-2\/DSC02457.jpg'><img src=http:\/\/extra.inmontanis.info\/d\/29976-3\/DSC02457.jpg \/><\/a><br \/>\n^ Imingfjell<\/p>\n<p><a href='http:\/\/extra.inmontanis.info\/d\/29981-2\/DSC02460.jpg'><img src=http:\/\/extra.inmontanis.info\/d\/29980-3\/DSC02460.jpg \/><\/a><br \/>\n^ S\u00f8nstevatn<\/p>\n<p><a href='http:\/\/extra.inmontanis.info\/d\/29985-2\/DSC02467.jpg'><img src=http:\/\/extra.inmontanis.info\/d\/29984-3\/DSC02467.jpg \/><\/a><br \/>\n^ Imingfjell<\/p>\n<p><a href='http:\/\/extra.inmontanis.info\/d\/29989-2\/DSC02478.jpg'><img src=http:\/\/extra.inmontanis.info\/d\/29988-3\/DSC02478.jpg \/><\/a><br \/>\n^ 364 \/ Vor Rjukan<\/p>\n<p>2006 war ich in Rjukan wg. der Krossobanen, 2011 im Winter \u00fcbernachtete ich (wg. Skifahren in den 3 Rauland-Gebieten), 2013 fuhr ich die krassen Tunnelbahnen zum Gaustatoppen, und jetzt war die Krossobanen wieder dran. Die PB war wie 2006 wieder ein 1-Mann-Betrieb, im Gegensatz zu 2006 \u00fcbernahm er aber nicht mehr die Kasse &#8211; das macht jetzt ein Automat. Ansonsten, wenn jemand talw\u00e4rts fahren will, das alte Telefon wurde auch mit einer etwas neueren Gegensprechanlage ersetzt, im Prinzip aber wie damals, erst mal muss der Kabinenf\u00fchrer hinauffahren um die G\u00e4ste dann runterfahren zu k\u00f6nnen. Bei Mehrbetrieb werden vmtl. 2 Personen anwesend sein &#8230;. <\/p>\n<p>Die Berg- und Talfahrt kostete jeweils 60,- NOK, also zusammen 120,- NOK, ca. 13,- \u20ac. Die Bahn f\u00e4hrt t\u00e4glich, bis 20 Uhr. Diesmal machte ich oben eine kleine Wanderung, wobei es auf den offenen Fl\u00e4chen der Hardangervidda einen starken Wind gab &#8230;<\/p>\n<p><a href='http:\/\/ski.inmontanis.info\/d\/204470-3\/DSC02481.jpg'><img src=http:\/\/ski.inmontanis.info\/d\/204469-3\/DSC02481.jpg \/><\/a><br \/>\n^ Talstation mit der blauen Kabine<\/p>\n<p><a href='http:\/\/ski.inmontanis.info\/d\/204474-3\/DSC02482.jpg'><img src=http:\/\/ski.inmontanis.info\/d\/204473-3\/DSC02482.jpg \/><\/a><br \/>\n^ Talstation mit der roten Kabine<\/p>\n<p><a href='http:\/\/ski.inmontanis.info\/d\/204478-3\/DSC02483.jpg'><img src=http:\/\/ski.inmontanis.info\/d\/204477-3\/DSC02483.jpg \/><\/a><br \/>\n^ Talstation. Erbaut von Adolf Bleichert, Leipzig, 1928. Und vmtl. sind einige Dinge noch Original&#8230;<\/p>\n<p><a href='http:\/\/ski.inmontanis.info\/d\/204482-3\/DSC02484.jpg'><img src=http:\/\/ski.inmontanis.info\/d\/204481-3\/DSC02484.jpg \/><\/a><br \/>\n^ Technische Daten, neuerdings an der Talstation und auch in Englisch<\/p>\n<p><a href='http:\/\/ski.inmontanis.info\/d\/204486-2\/DSC02485.jpg'><img src=http:\/\/ski.inmontanis.info\/d\/204485-3\/DSC02485.jpg \/><\/a><br \/>\n^ Strecke<\/p>\n<p><a href='http:\/\/ski.inmontanis.info\/d\/204490-2\/DSC02486.jpg'><img src=http:\/\/ski.inmontanis.info\/d\/204489-3\/DSC02486.jpg \/><\/a><br \/>\n^ Eingangshalle mit kleinem Museum, alten Fotos und links dem Fahrkartenautomat (nur Bank\/Kreditkarte), meine Bankomatkarte hatte zum Gl\u00fcck funktioniert. Bei Tankautomaten ist das ja in Skandinavien eher selten&#8230;<\/p>\n<p><a href='http:\/\/ski.inmontanis.info\/d\/204494-2\/DSC02488.jpg'><img src=http:\/\/ski.inmontanis.info\/d\/204493-3\/DSC02488.jpg \/><\/a><br \/>\n^ <\/p>\n<p><a href='http:\/\/ski.inmontanis.info\/d\/204498-2\/DSC02490.jpg'><img src=http:\/\/ski.inmontanis.info\/d\/204497-3\/DSC02490.jpg \/><\/a><br \/>\n^ <\/p>\n<p><a href='http:\/\/ski.inmontanis.info\/d\/204502-2\/DSC02492.jpg'><img src=http:\/\/ski.inmontanis.info\/d\/204501-3\/DSC02492.jpg \/><\/a><br \/>\n^ Rechter Bahnsteig in Treppenform. Fr\u00fcher gang und gebe, heute leider eine absolute Seltenheit.<\/p>\n<p><a href='http:\/\/ski.inmontanis.info\/d\/204506-2\/DSC02495.jpg'><img src=http:\/\/ski.inmontanis.info\/d\/204505-3\/DSC02495.jpg \/><\/a><br \/>\n^ Blaue Seite<\/p>\n<p><a href='http:\/\/ski.inmontanis.info\/d\/204510-2\/DSC02496.jpg'><img src=http:\/\/ski.inmontanis.info\/d\/204509-3\/DSC02496.jpg \/><\/a><br \/>\n^ Rote Seite<\/p>\n<p><a href='http:\/\/ski.inmontanis.info\/d\/204514-2\/DSC02497.jpg'><img src=http:\/\/ski.inmontanis.info\/d\/204513-3\/DSC02497.jpg \/><\/a><br \/>\n^ Steuerung, oder zumindest der Technikraum zwischen den Bahnsteigen<\/p>\n<p><a href='http:\/\/ski.inmontanis.info\/d\/204518-2\/DSC02501.jpg'><img src=http:\/\/ski.inmontanis.info\/d\/204517-3\/DSC02501.jpg \/><\/a><br \/>\n^ Aufgang zur Kabine<\/p>\n<p><a href='http:\/\/ski.inmontanis.info\/d\/204522-2\/DSC02502.jpg'><img src=http:\/\/ski.inmontanis.info\/d\/204521-3\/DSC02502.jpg \/><\/a><br \/>\n^ Kabine<\/p>\n<p><a href='http:\/\/ski.inmontanis.info\/d\/204526-2\/DSC02504.jpg'><img src=http:\/\/ski.inmontanis.info\/d\/204525-3\/DSC02504.jpg \/><\/a><br \/>\n^ Streckenmitte<\/p>\n<p><a href='http:\/\/ski.inmontanis.info\/d\/204530-2\/DSC02507.jpg'><img src=http:\/\/ski.inmontanis.info\/d\/204529-3\/DSC02507.jpg \/><\/a><br \/>\n^ Bergstation. Wollte wie \u00fcblich erst mal nach unten laufen, hab&#8217;s mir aufgrund des fehlenden Gel\u00e4nders und des steilen Abgangs dann aber doch \u00fcberlegt &#8230;<\/p>\n<p><a href='http:\/\/ski.inmontanis.info\/d\/204534-2\/DSC02509.jpg'><img src=http:\/\/ski.inmontanis.info\/d\/204533-3\/DSC02509.jpg \/><\/a><br \/>\n^ Bergstation<\/p>\n<p><a href='http:\/\/ski.inmontanis.info\/d\/204538-2\/DSC02510.jpg'><img src=http:\/\/ski.inmontanis.info\/d\/204537-3\/DSC02510.jpg \/><\/a><br \/>\n^ Neues Caf\u00e9 direkt an der Bergstation, heute geschlossen<\/p>\n<p><a href='http:\/\/ski.inmontanis.info\/d\/204542-2\/DSC02512.jpg'><img src=http:\/\/ski.inmontanis.info\/d\/204541-3\/DSC02512.jpg \/><\/a><br \/>\n^ Rote Kabine vor der Bergstation<\/p>\n<p><a href='http:\/\/ski.inmontanis.info\/d\/204546-2\/DSC02513.jpg'><img src=http:\/\/ski.inmontanis.info\/d\/204545-3\/DSC02513.jpg \/><\/a><br \/>\n^ Rote Kabine vor der St\u00fctze (gibt nur diese eine)<\/p>\n<p><a href='http:\/\/ski.inmontanis.info\/d\/204550-2\/DSC02517.jpg'><img src=http:\/\/ski.inmontanis.info\/d\/204549-3\/DSC02517.jpg \/><\/a><br \/>\n^ Rjukan und der Gaustatoppen, den ich ja 2013 besucht hatte (mit den beiden alten kuriosen Tunnelbahnen)<\/p>\n<p><a href='http:\/\/ski.inmontanis.info\/d\/204554-2\/DSC02521.jpg'><img src=http:\/\/ski.inmontanis.info\/d\/204553-3\/DSC02521.jpg \/><\/a><br \/>\n^ St\u00fctze und Talstation im Zoom<\/p>\n<p><a href='http:\/\/ski.inmontanis.info\/d\/204558-2\/DSC02524.jpg'><img src=http:\/\/ski.inmontanis.info\/d\/204557-3\/DSC02524.jpg \/><\/a><br \/>\n^ Rote Kabine an der St\u00fctze<\/p>\n<p><a href='http:\/\/ski.inmontanis.info\/d\/204562-2\/DSC02527.jpg'><img src=http:\/\/ski.inmontanis.info\/d\/204561-3\/DSC02527.jpg \/><\/a><br \/>\n^ Das kleine Museum an der Bergstation gibt&#8217;s auch noch, wurde aber nat\u00fcrlich etwas ver\u00e4ndert, u.a. sind auch die Bilder etwas anders<\/p>\n<p><a href='http:\/\/ski.inmontanis.info\/d\/204566-2\/DSC02540.jpg'><img src=http:\/\/ski.inmontanis.info\/d\/204565-3\/DSC02540.jpg \/><\/a><br \/>\n^ Nun ist es wohl keine Seltenheit, dass es bei Seilbahnen einen F\u00fchrerraum gibt, aber in einem kleinen Museumsraum, in dem es auch um den WK2 und die deutsche Besatzung dieser Bahn geht, ist so ein F\u00f6rerrom (wohlgemerkt mit \u00f6 und nicht mit \u00f8) aber nat\u00fcrlich etwas pikanter :) &#8220;An jeederr Seilbahnstation hat es einen F\u00f6rerraum zu geben!&#8221;<\/p>\n<p><a href='http:\/\/ski.inmontanis.info\/d\/204570-2\/DSC02528.jpg'><img src=http:\/\/ski.inmontanis.info\/d\/204569-3\/DSC02528.jpg \/><\/a><br \/>\n^ Geschichte<\/p>\n<p><a href='http:\/\/ski.inmontanis.info\/d\/204574-2\/DSC02530.jpg'><img src=http:\/\/ski.inmontanis.info\/d\/204573-3\/DSC02530.jpg \/><\/a><br \/>\n^ Alte Fotos<\/p>\n<p><a href='http:\/\/ski.inmontanis.info\/d\/204578-2\/DSC02533.jpg'><img src=http:\/\/ski.inmontanis.info\/d\/204577-3\/DSC02533.jpg \/><\/a><br \/>\n^ Alte Fotos<\/p>\n<p><a href='http:\/\/ski.inmontanis.info\/d\/204582-2\/DSC02534.jpg'><img src=http:\/\/ski.inmontanis.info\/d\/204581-3\/DSC02534.jpg \/><\/a><br \/>\n^ Geschichte (1987 wurde der Betrieb eingestellt, 1991 wieder aufgenommen)<\/p>\n<p><a href='http:\/\/ski.inmontanis.info\/d\/204586-2\/DSC02535.jpg'><img src=http:\/\/ski.inmontanis.info\/d\/204585-3\/DSC02535.jpg \/><\/a><br \/>\n^ Alte Fotos<\/p>\n<p><a href='http:\/\/ski.inmontanis.info\/d\/204590-2\/DSC02536.jpg'><img src=http:\/\/ski.inmontanis.info\/d\/204589-3\/DSC02536.jpg \/><\/a><br \/>\n^ Alte Fotos<\/p>\n<p><a href='http:\/\/ski.inmontanis.info\/d\/204594-2\/DSC02537.jpg'><img src=http:\/\/ski.inmontanis.info\/d\/204593-3\/DSC02537.jpg \/><\/a><br \/>\n^ Alte Fotos<\/p>\n<p><a href='http:\/\/ski.inmontanis.info\/d\/204598-2\/DSC02541.jpg'><img src=http:\/\/ski.inmontanis.info\/d\/204597-3\/DSC02541.jpg \/><\/a><br \/>\n^ Wanderungen. Ich ging die Solstien-Rundwanderung<\/p>\n<p><a href='http:\/\/ski.inmontanis.info\/d\/204602-2\/DSC02545.jpg'><img src=http:\/\/ski.inmontanis.info\/d\/204601-3\/DSC02545.jpg \/><\/a><br \/>\n^ Nachdem einige Zeit der Schotterstra\u00dfe gefolgt ist, folgte als zweite Abzweigung dann der richtige Weg, der zum Teil von Sherpas aus Nepal mit Steintreppen gebaut wurde<\/p>\n<p><a href='http:\/\/ski.inmontanis.info\/d\/204606-2\/DSC02553.jpg'><img src=http:\/\/ski.inmontanis.info\/d\/204605-3\/DSC02553.jpg \/><\/a><br \/>\n^ .. weiter oben ..<\/p>\n<p><a href='http:\/\/ski.inmontanis.info\/d\/204610-2\/DSC02559.jpg'><img src=http:\/\/ski.inmontanis.info\/d\/204609-3\/DSC02559.jpg \/><\/a><br \/>\n^ .. und an der Kanonenstellung angekommen.<\/p>\n<p><a href='http:\/\/ski.inmontanis.info\/d\/204614-2\/DSC02560.jpg'><img src=http:\/\/ski.inmontanis.info\/d\/204613-3\/DSC02560.jpg \/><\/a><br \/>\n^ Am Rand der Hardangervidda, Europas gr\u00f6\u00dftes Hochebene\/Hochplateau, mit ca. 8.000 qkm. <\/p>\n<p>Allerdings frag ich mich immer, wieviel H\u00fcgel bzw. wie steile Berge so eine Hochebene haben darf, um noch als Hochebene durchzugehen. Hab das Wort Hochebene und Plateau etc. schon so h\u00e4ufig gelesen und manches Mal gezweifelt, dass dies oder jenes noch als Ebene durchgehen soll&#8230;<\/p>\n<p><a href='http:\/\/ski.inmontanis.info\/d\/204618-2\/DSC02561.jpg'><img src=http:\/\/ski.inmontanis.info\/d\/204617-3\/DSC02561.jpg \/><\/a><br \/>\n^ Solstien \/ Kanonenstellung \/ Hardangervidda<\/p>\n<p><a href='http:\/\/ski.inmontanis.info\/d\/204622-2\/DSC02563.jpg'><img src=http:\/\/ski.inmontanis.info\/d\/204621-3\/DSC02563.jpg \/><\/a><br \/>\n^ Eines der Kanonenfundamente<\/p>\n<p><a href='http:\/\/ski.inmontanis.info\/d\/204626-2\/DSC02564.jpg'><img src=http:\/\/ski.inmontanis.info\/d\/204625-3\/DSC02564.jpg \/><\/a><br \/>\n^ Wieder abw\u00e4rts, mit Blick zum Gaustatoppen<\/p>\n<p><a href='http:\/\/ski.inmontanis.info\/d\/204630-2\/DSC02565.jpg'><img src=http:\/\/ski.inmontanis.info\/d\/204629-3\/DSC02565.jpg \/><\/a><br \/>\n^ Hardangervidda<\/p>\n<p><a href='http:\/\/ski.inmontanis.info\/d\/204634-2\/DSC02573.jpg'><img src=http:\/\/ski.inmontanis.info\/d\/204633-3\/DSC02573.jpg \/><\/a><br \/>\n^ Bergstation Krossobanen mit Gaustatoppen<\/p>\n<p><a href='http:\/\/ski.inmontanis.info\/d\/204638-2\/DSC02578.jpg'><img src=http:\/\/ski.inmontanis.info\/d\/204637-3\/DSC02578.jpg \/><\/a><br \/>\n^ Im Inneren der PB-Kabine<\/p>\n<p><a href='http:\/\/ski.inmontanis.info\/d\/204642-2\/DSC02579.jpg'><img src=http:\/\/ski.inmontanis.info\/d\/204641-3\/DSC02579.jpg \/><\/a><br \/>\n^ Im Inneren der PB-Kabine<\/p>\n<p><a href='http:\/\/ski.inmontanis.info\/d\/204646-2\/DSC02580.jpg'><img src=http:\/\/ski.inmontanis.info\/d\/204645-3\/DSC02580.jpg \/><\/a><br \/>\n^ Ausgang. Welche Teile der Kabine, der Treppe etc. wohl noch im Original und somit 87 Jahre alt sind?<\/p>\n<p><a href='http:\/\/ski.inmontanis.info\/d\/204650-2\/DSC02583.jpg'><img src=http:\/\/ski.inmontanis.info\/d\/204649-3\/DSC02583.jpg \/><\/a><br \/>\n^ Talstation<\/p>\n<p>Kleines Video:<br \/>\n<object style=\"height: 500px; width: 900px\"><param name=\"movie\" value=\"http:\/\/www.youtube.com\/v\/yerYsdDIeEA\"><\/param><param name=\"wmode\" value=\"transparent\"><\/param><embed src=\"http:\/\/www.youtube.com\/v\/yerYsdDIeEA\" type=\"application\/x-shockwave-flash\" wmode=\"transparent\"  width=\"900\" height=\"480\"><\/embed><\/object><\/p>\n<p>Dannach in Rjukan noch in den Imbissladen zum Essen (wo ich 2011 auch war), Kebaptallerken um 99,- NOK plus 0,5er Cola um 20,- &#8211; das geht preislich alles, beim aktuellen Kurs :) Obwohl es eine &#8220;kleine&#8221; Portion war, war es sehr viel, pappsatt. Inkl. Salat, Pommes, Pita-Brot. Aber irgendwie schmeckt das Kebap in Norwegen etwas anders. Irgendein indisches Gew\u00fcrz vielleicht? Keine Ahnung. Gegen\u00fcber noch kurz am Supermarkt ein bisschen was eingekauft und dann wieder das leidige Thema Routenplanung. Die Stra\u00dfe von heute vormittag retour und dann die Hardangervidda-Stra\u00dfe, die ich mir vorgemerkt h\u00e4tte? Ober \u00fcber die bekannte Strecke Rauland und Haukelifjell? Zeitlich entschied ich mich f\u00fcr letzteres.<\/p>\n<p><a href='http:\/\/extra.inmontanis.info\/d\/29993-2\/DSC02588.jpg'><img src=http:\/\/extra.inmontanis.info\/d\/29992-3\/DSC02588.jpg \/><\/a><br \/>\n^ M\u00f8svatnet<\/p>\n<p><a href='http:\/\/ski.inmontanis.info\/d\/204458-3\/DSC02592.jpg'><img src=http:\/\/ski.inmontanis.info\/d\/204457-4\/DSC02592.jpg \/><\/a><br \/>\n^ Zwischen Rjukan und den 3 Rauland-Skigebieten gibt&#8217;s noch einen kleinen, eigenst\u00e4ndigen Lift, M\u00f8svatn, mit Campingplatz. S\u00e4he ja ganz nett aus.<\/p>\n<p><a href='http:\/\/extra.inmontanis.info\/d\/29997-2\/DSC02606.jpg'><img src=http:\/\/extra.inmontanis.info\/d\/29996-3\/DSC02606.jpg \/><\/a><br \/>\n^ 37 \/ Rauland<\/p>\n<p><a href='http:\/\/extra.inmontanis.info\/d\/29441-3\/DSC02612.jpg'><img src=http:\/\/extra.inmontanis.info\/d\/29440-4\/DSC02612.jpg \/><\/a><\/p>\n<p><a href='http:\/\/extra.inmontanis.info\/d\/30001-2\/DSC02614.jpg'><img src=http:\/\/extra.inmontanis.info\/d\/30000-3\/DSC02614.jpg \/><\/a><br \/>\n^ Totak &#8211; See<\/p>\n<p>Durch eine Stra\u00dfensperre musste ich zwischen Rauland und Haukelifjell aber einen Umweg einlegen; jedenfalls war ich sp\u00e4testens damit zu sp\u00e4t f\u00fcr die Haukelifjellstra\u00dfen, also insb. f\u00fcr diejenigen, die die Tunnel umgehen und die ich mir zur Abwechslung vorgenommen hatte. Leider bekam ich nirgends einen brauchbaren Parkplatz, so dass ich von meinem Vorhaben, m\u00f6glichst viele Tunnels auf den alten Stra\u00dfen zu umfahren, Abstand nehmen musste. Lediglich die Scheitelstrecke ganz oben erwischte ich zuf\u00e4llig &#8211; und auch hier sehr schade, dass es nachts war.  Aber selbst dort war nirgends eine sinnvolle Schlafm\u00f6glichkeit. Jedenfalls verst\u00e4ndlich, warum die Tunnel gebaut wurden &#8211; die Stra\u00dfe w\u00e4re zu schmal f\u00fcr LKW-Verkehr. Wo ist die Undo-Taste?<\/p>\n<p><a href='http:\/\/extra.inmontanis.info\/d\/30005-2\/DSC02619.jpg'><img src=http:\/\/extra.inmontanis.info\/d\/30004-3\/DSC02619.jpg \/><\/a><br \/>\n^ E 134 Haukelifjell \/ Alte Stra\u00dfe statt Haukelitunnelen. Man kann wohl s\u00e4mtliche Tunnels hier noch auf den alten Stra\u00dfen umfahren, hab leider nur immer den Abzweig verpasst, au\u00dfer bei dieser hier. Leider war ich nur nachts da, d\u00fcrfte sehr interessant sein, die Tunnel zu umfahren.<\/p>\n<p>Tanken h\u00e4tte ich auch noch wollen, aber die Esso vor dem Fjell hatte nur Kartenzahlung &#8211; und das bei einer Esso mit noch ge\u00f6ffnetem Shop &#8211; das nervt. Zudem mit dem teuersten Sprit der bisherigen Reise (\u00fcber 13,- NOK, die letzten Tage (und die zuk\u00fcnftigen) meist um die 12-13,- und am ersten Tag nur 10,50 NOK. 2006 tankte ich um 10,72- was damals ca. 1,38 \u20ac entsprach. Aktuell sind 10,72 nur noch 1,14 \u20ac &#8211; somit waren einige Tankstellen in Norwegen f\u00fcr mich g\u00fcnstiger als manche in Deutschland!! Aber sp\u00e4ter musste ich dann eben doch um 12,20-13,60 tanken, letzteres ca. 1,45 \u20ac.<\/p>\n<p>Heute \u00fcbernachtet hab ich schlussendlich am Parkplatz des Skigebiets von R\u00f8ldal, liegt zwar auch direkt neben der von LKW befahrenen E134 &#8211; aber was will man machen. Ob ich morgen die alte Stra\u00dfe hier (R\u00f8ldalfjell) fahren will, wei\u00df ich noch nicht &#8211; nur bis 3,5 to ge\u00f6ffnet und max. 2m Autobreite. Was das hier fr\u00fcher im Gesamten mal f\u00fcr eine krasse Strecke gewesen sein muss, bevor die ganzen Tunnel gebaut wurden! Ich frag mich, warum ich 2006 diese ganzen alten Stra\u00dfen nicht gefahren bin &#8230;<\/p>\n<p>(Fortsetzung folgt.)<\/p>\n","protected":false},"excerpt":{"rendered":"<p>Mo, 7.9.2015 &#8211; Tag 4 &#8211; km 3.457 (Diff. 598 km) &#8211; Rjukan<\/p>\n<p>Der Morgen begann mit Nebel und leichtem Regen &#8211; na gut, dass ich die F\u00e4hre letzte Nacht noch fuhr. Egtl. h\u00e4tte ich erst mal die 13 Richtung Voss fahren wollen, da noch nicht gefahren. Machte bei dem Wetter aber keinen Sinn &#8211; <a href=\"http:\/\/blog.inmontanis.info\/?p=3470\">[&#8230;]<\/a><\/p>\n","protected":false},"author":1,"featured_media":0,"comment_status":"closed","ping_status":"closed","sticky":false,"template":"","format":"standard","meta":{"footnotes":""},"categories":[148,588,18,59,598,30],"tags":[52,45],"class_list":["post-3470","post","type-post","status-publish","format-standard","hentry","category-2015-09-skandinavischer-spatsommer","category-geilo","category-norwegennorway","category-nostalgie","category-rjukan-gausta","category-wandern","tag-pb","tag-see","odd"],"_links":{"self":[{"href":"http:\/\/blog.inmontanis.info\/index.php?rest_route=\/wp\/v2\/posts\/3470","targetHints":{"allow":["GET"]}}],"collection":[{"href":"http:\/\/blog.inmontanis.info\/index.php?rest_route=\/wp\/v2\/posts"}],"about":[{"href":"http:\/\/blog.inmontanis.info\/index.php?rest_route=\/wp\/v2\/types\/post"}],"author":[{"embeddable":true,"href":"http:\/\/blog.inmontanis.info\/index.php?rest_route=\/wp\/v2\/users\/1"}],"replies":[{"embeddable":true,"href":"http:\/\/blog.inmontanis.info\/index.php?rest_route=%2Fwp%2Fv2%2Fcomments&post=3470"}],"version-history":[{"count":4,"href":"http:\/\/blog.inmontanis.info\/index.php?rest_route=\/wp\/v2\/posts\/3470\/revisions"}],"predecessor-version":[{"id":3474,"href":"http:\/\/blog.inmontanis.info\/index.php?rest_route=\/wp\/v2\/posts\/3470\/revisions\/3474"}],"wp:attachment":[{"href":"http:\/\/blog.inmontanis.info\/index.php?rest_route=%2Fwp%2Fv2%2Fmedia&parent=3470"}],"wp:term":[{"taxonomy":"category","embeddable":true,"href":"http:\/\/blog.inmontanis.info\/index.php?rest_route=%2Fwp%2Fv2%2Fcategories&post=3470"},{"taxonomy":"post_tag","embeddable":true,"href":"http:\/\/blog.inmontanis.info\/index.php?rest_route=%2Fwp%2Fv2%2Ftags&post=3470"}],"curies":[{"name":"wp","href":"https:\/\/api.w.org\/{rel}","templated":true}]}}