{"id":3465,"date":"2015-09-06T23:31:41","date_gmt":"2015-09-06T21:31:41","guid":{"rendered":"http:\/\/blog.inmontanis.info\/?p=3465"},"modified":"2023-08-04T19:48:55","modified_gmt":"2023-08-04T17:48:55","slug":"trollstigen-spjelkavik-vestkapp-6-9-2015","status":"publish","type":"post","link":"http:\/\/blog.inmontanis.info\/?p=3465","title":{"rendered":"Trollstigen &#8211; Spjelkavik &#8211; Vestkapp, 6.9.2015"},"content":{"rendered":"<p><strong>So, 6.9.2015 &#8211; Tag 3 &#8211; km 2.859 (Diff. 526 km)<\/strong> &#8211; Trollstigen \/ Spjelkavik \/ Vestkapp<\/p>\n<p>Hauptziel des heutigen Tages war die alte (m.E. M\u00fcller-) DSB in Spjelkavik, die ich auch bereits 2 anzufahren versuchte, aber jeweils Pech hatte. Aktuell scheint die DSB nur noch als Liebhaberei im Sommer ge\u00f6ffnet zu haben, nur Sonntags im Juni, August, September und Oktober.<\/p>\n<p>Auf den Weg dorthin hatte ich mir evtl. \u00fcberlegt, \u00fcber den Aursj\u00f8vegen zu fahren, eine angeblich eher abenteuerliche, ungeteerte Stra\u00dfe (die nach den ersten Schneef\u00e4llen geschlossen wird) &#8211; die ich aber aufgrund des Regens der letzten Tage und des eher schlechten Wetters heute morgen doch nicht fahren wollte.<\/p>\n<p>So begn\u00fcgte ich mich mit dem Trollstigen (Zeit- und KM-m\u00e4\u00dfig ziemlich gleich zur Stra\u00dfe am Fjord entlang), den ich 2006 schon von S\u00fcd nach Nord gefahren bin, diesmal allerdings die interessantere Richtung von Nord nach S\u00fcd:<\/p>\n<p>(Fotos anklicken zum Vergr\u00f6\u00dfern)<\/p>\n<p><a href='http:\/\/extra.inmontanis.info\/d\/29657-2\/ge-201509route7.jpg'><img src=http:\/\/extra.inmontanis.info\/d\/29656-3\/ge-201509route7.jpg \/><\/a><br \/>\nFahrstrecke heute: Rot mit<br \/>\nD) Trollstigen<br \/>\nE) Spjelkavik DSB<br \/>\n(F\u00e4hre)<br \/>\n(F\u00e4hre)<br \/>\nF) Vestkapp<br \/>\n(F\u00e4hre)<br \/>\n<em>(zum Verst\u00e4ndnis des Textes zum Schluss: H=Rjukan, J=Folgefonna Ski, M=Galdh\u00f8piggen Ski)<\/em><\/p>\n<p><a href='http:\/\/extra.inmontanis.info\/d\/29841-2\/DSC01877.jpg'><img src=http:\/\/extra.inmontanis.info\/d\/29840-3\/DSC01877.jpg \/><\/a><br \/>\n^ Seitenblick an der 70<\/p>\n<p><a href='http:\/\/extra.inmontanis.info\/d\/29845-2\/DSC01890.jpg'><img src=http:\/\/extra.inmontanis.info\/d\/29844-3\/DSC01890.jpg \/><\/a><br \/>\n^ Langfjorden \/ n\u00e4he Eidsv\u00e5g<\/p>\n<p><a href='http:\/\/extra.inmontanis.info\/d\/29849-2\/DSC01907.jpg'><img src=http:\/\/extra.inmontanis.info\/d\/29848-3\/DSC01907.jpg \/><\/a><br \/>\n^ Fina-Tankstelle<\/p>\n<p><a href='http:\/\/extra.inmontanis.info\/d\/29853-2\/DSC01921.jpg'><img src=http:\/\/extra.inmontanis.info\/d\/29852-3\/DSC01921.jpg \/><\/a><br \/>\n^ 64 \/ N\u00e4he \u00c5ndalsnes<\/p>\n<p><a href='http:\/\/extra.inmontanis.info\/d\/29857-2\/DSC01924.jpg'><img src=http:\/\/extra.inmontanis.info\/d\/29856-3\/DSC01924.jpg \/><\/a><br \/>\n^ 64 \/ N\u00e4he \u00c5ndalsnes, Mini-Skigebiet bei Isfjorden<\/p>\n<p><a href='http:\/\/extra.inmontanis.info\/d\/29715-2\/DSC01932.jpg'><img src=http:\/\/extra.inmontanis.info\/d\/29713-3\/DSC01932.jpg \/><\/a><br \/>\n^ Nord-Anfahrt zum Trollstigen<\/p>\n<p><a href='http:\/\/extra.inmontanis.info\/d\/29719-2\/DSC01940.jpg'><img src=http:\/\/extra.inmontanis.info\/d\/29718-3\/DSC01940.jpg \/><\/a><br \/>\n^ Trollstigen-Stra\u00dfe mit der Br\u00fccke \u00fcber den Wasserfall<\/p>\n<p><a href='http:\/\/extra.inmontanis.info\/d\/29723-2\/DSC01949.jpg'><img src=http:\/\/extra.inmontanis.info\/d\/29722-3\/DSC01949.jpg \/><\/a><br \/>\n^ Wasserfall, oben mit Aussichtssteg<\/p>\n<p><a href='http:\/\/extra.inmontanis.info\/d\/29727-2\/DSC01952.jpg'><img src=http:\/\/extra.inmontanis.info\/d\/29726-3\/DSC01952.jpg \/><\/a><br \/>\n^ Der andere, kleinere Wasserfall<\/p>\n<p><a href='http:\/\/extra.inmontanis.info\/d\/29731-2\/DSC01955.jpg'><img src=http:\/\/extra.inmontanis.info\/d\/29730-3\/DSC01955.jpg \/><\/a><br \/>\n^ Stege zu den Aussichtsplattformen<\/p>\n<p><a href='http:\/\/extra.inmontanis.info\/d\/29735-2\/DSC01958.jpg'><img src=http:\/\/extra.inmontanis.info\/d\/29734-3\/DSC01958.jpg \/><\/a><br \/>\n^ Info-Zentrum<\/p>\n<p><a href='http:\/\/extra.inmontanis.info\/d\/29739-2\/DSC01960.jpg'><img src=http:\/\/extra.inmontanis.info\/d\/29738-3\/DSC01960.jpg \/><\/a><br \/>\n^ Info-Zentrum und Stege<\/p>\n<p><a href='http:\/\/extra.inmontanis.info\/d\/29743-2\/DSC01965.jpg'><img src=http:\/\/extra.inmontanis.info\/d\/29742-3\/DSC01965.jpg \/><\/a><br \/>\n^ Weg zu den Aussichtsplattformen<\/p>\n<p><a href='http:\/\/extra.inmontanis.info\/d\/29747-2\/DSC01968.jpg'><img src=http:\/\/extra.inmontanis.info\/d\/29746-3\/DSC01968.jpg \/><\/a><br \/>\n^ Naja, ob das hier alles n\u00f6tig war &#8230;<\/p>\n<p><a href='http:\/\/extra.inmontanis.info\/d\/29751-2\/DSC01970.jpg'><img src=http:\/\/extra.inmontanis.info\/d\/29750-3\/DSC01970.jpg \/><\/a><br \/>\n^ Trollstigen-Stra\u00dfe<\/p>\n<p><a href='http:\/\/extra.inmontanis.info\/d\/29755-2\/DSC01972.jpg'><img src=http:\/\/extra.inmontanis.info\/d\/29754-3\/DSC01972.jpg \/><\/a><br \/>\n^ Trollstigen-Stra\u00dfe<\/p>\n<p><a href='http:\/\/extra.inmontanis.info\/d\/29759-2\/DSC01979.jpg'><img src=http:\/\/extra.inmontanis.info\/d\/29758-3\/DSC01979.jpg \/><\/a><br \/>\n^ Plattform und Trollstigen-Stra\u00dfe<\/p>\n<p><a href='http:\/\/extra.inmontanis.info\/d\/29763-2\/DSC01980.jpg'><img src=http:\/\/extra.inmontanis.info\/d\/29762-3\/DSC01980.jpg \/><\/a><br \/>\n^ Wieder zur\u00fcck, mit dem Wasserfall im oberen Teil, wo es ebenfalls eine kleine Plattform gibt<\/p>\n<p><a href='http:\/\/extra.inmontanis.info\/d\/29767-2\/DSC01981.jpg'><img src=http:\/\/extra.inmontanis.info\/d\/29766-3\/DSC01981.jpg \/><\/a><br \/>\n^ Man kann auch diagonal abk\u00fcrzen ;-)<\/p>\n<p><a href='http:\/\/extra.inmontanis.info\/d\/29771-2\/DSC01988.jpg'><img src=http:\/\/extra.inmontanis.info\/d\/29770-3\/DSC01988.jpg \/><\/a><br \/>\n^ Passstra\u00dfe am Trollstigen<\/p>\n<p>In Spjelkavik angekommen &#8211; werde ich heuer Gl\u00fcck haben und die DSB mit diesen markanten &#8220;Arschloch-Sesseln&#8221;, die ich noch nirgends bisher gefahren bin und unbedingt endlich mal fahren wollte, in Betrieb sein? Jawoll, wie auch gestern in Gesundaberget &#8211; beim 3. Versuch sollte ich endlich Gl\u00fcck haben.<\/p>\n<p>&#8220;Arschloch-Sessel&#8221;? Ja sorry, ist nicht negativ gemeint, aber da ist nun einmal &#8230;<\/p>\n<p><a href='http:\/\/ski.inmontanis.info\/d\/132632-3\/DSC03455.jpg'><img src=http:\/\/ski.inmontanis.info\/d\/132631-4\/DSC03455.jpg \/><\/a><br \/>\n^ ein gro\u00dfes Loch am Arsch des Sessels (Bild von 2011)<\/p>\n<p>Das Hin&#038;Retour-Ticket kostete g\u00fcnstige 50,- NOK (ca. 5,30 \u20ac) und die DSB h\u00e4lt bei jedem Ein- und Ausstieg an der Tal- und Bergstation. Na, da hat man wenigstens was von der Auffahrt :) Grund ist, dass die Sessel relativ hoch sind und man schon etwas rauf- und runterklettern muss. Oben bin ich noch ein St\u00fcck den Berg hinauf gegangen. In Summe war&#8217;s leider bei weitem nicht so sonnig wie gemeldet &#8211; aber endlich mal fahren k\u00f6nnen. Im Winter hier skizufahren w\u00e4re aber schon auch nett gewesen &#8230;<\/p>\n<p><a href='http:\/\/ski.inmontanis.info\/d\/204196-2\/DSC02014.jpg'><img src=http:\/\/ski.inmontanis.info\/d\/204195-3\/DSC02014.jpg \/><\/a><br \/>\n^ Blick zur DSB in Spjelkavik<\/p>\n<p><a href='http:\/\/ski.inmontanis.info\/d\/204200-2\/DSC02026.jpg'><img src=http:\/\/ski.inmontanis.info\/d\/204199-3\/DSC02026.jpg \/><\/a><br \/>\n^ Auffahrt<\/p>\n<p><a href='http:\/\/ski.inmontanis.info\/d\/204204-2\/DSC02030.jpg'><img src=http:\/\/ski.inmontanis.info\/d\/204203-3\/DSC02030.jpg \/><\/a><br \/>\n^ Schlie\u00dfmechanismus, man braucht da ganz sch\u00f6n Kraft, um den B\u00fcgel hochzuheben und zu \u00f6ffnen<\/p>\n<p><a href='http:\/\/ski.inmontanis.info\/d\/204208-2\/DSC02032.jpg'><img src=http:\/\/ski.inmontanis.info\/d\/204207-3\/DSC02032.jpg \/><\/a><br \/>\n^ DSB-Strecke oberer Teil mit Skiabfahrt<\/p>\n<p><a href='http:\/\/ski.inmontanis.info\/d\/204212-2\/DSC02034.jpg'><img src=http:\/\/ski.inmontanis.info\/d\/204211-3\/DSC02034.jpg \/><\/a><br \/>\n^ DSB-St\u00fctze<\/p>\n<p><a href='http:\/\/ski.inmontanis.info\/d\/204216-2\/DSC02036.jpg'><img src=http:\/\/ski.inmontanis.info\/d\/204215-3\/DSC02036.jpg \/><\/a><br \/>\n^ Mittlerer Teil<\/p>\n<p><a href='http:\/\/ski.inmontanis.info\/d\/204220-2\/DSC02037.jpg'><img src=http:\/\/ski.inmontanis.info\/d\/204219-3\/DSC02037.jpg \/><\/a><br \/>\n^ DSB-St\u00fctze<\/p>\n<p><a href='http:\/\/ski.inmontanis.info\/d\/204224-2\/DSC02040.jpg'><img src=http:\/\/ski.inmontanis.info\/d\/204223-3\/DSC02040.jpg \/><\/a><br \/>\n^ DSB-St\u00fctze<\/p>\n<p><a href='http:\/\/ski.inmontanis.info\/d\/204228-2\/DSC02043.jpg'><img src=http:\/\/ski.inmontanis.info\/d\/204227-3\/DSC02043.jpg \/><\/a><br \/>\n^ DSB vs. \u00c5lesund und Meer<\/p>\n<p><a href='http:\/\/ski.inmontanis.info\/d\/204232-2\/DSC02051.jpg'><img src=http:\/\/ski.inmontanis.info\/d\/204231-3\/DSC02051.jpg \/><\/a><br \/>\n^ Bergstation fast erreicht<\/p>\n<p><a href='http:\/\/ski.inmontanis.info\/d\/204236-2\/DSC02053.jpg'><img src=http:\/\/ski.inmontanis.info\/d\/204235-3\/DSC02053.jpg \/><\/a><br \/>\n^ Bergstation \/ Umlenkung<\/p>\n<p><a href='http:\/\/ski.inmontanis.info\/d\/204240-2\/DSC02054.jpg'><img src=http:\/\/ski.inmontanis.info\/d\/204239-3\/DSC02054.jpg \/><\/a><br \/>\n^ Bergstation \/ Meer-Pano<\/p>\n<p><a href='http:\/\/ski.inmontanis.info\/d\/204244-2\/DSC02055.jpg'><img src=http:\/\/ski.inmontanis.info\/d\/204243-3\/DSC02055.jpg \/><\/a><br \/>\n^ Bergstation \/ Ausstieg. Die DSB h\u00e4lt bei jedem Ein- und Ausstieg an der Tal- und Bergstation an.<\/p>\n<p><a href='http:\/\/ski.inmontanis.info\/d\/204248-2\/DSC02198.jpg'><img src=http:\/\/ski.inmontanis.info\/d\/204247-3\/DSC02198.jpg \/><\/a><br \/>\n^ DSB vs. \u00c5lesund und Meer in IR<\/p>\n<p><a href='http:\/\/ski.inmontanis.info\/d\/204252-2\/DSC02199.jpg'><img src=http:\/\/ski.inmontanis.info\/d\/204251-3\/DSC02199.jpg \/><\/a><br \/>\n^ DSB vs. Meer in IR<\/p>\n<p><a href='http:\/\/ski.inmontanis.info\/d\/204256-2\/DSC02059.jpg'><img src=http:\/\/ski.inmontanis.info\/d\/204255-3\/DSC02059.jpg \/><\/a><br \/>\n^ St\u00fctze<\/p>\n<p><a href='http:\/\/ski.inmontanis.info\/d\/204260-2\/DSC02060.jpg'><img src=http:\/\/ski.inmontanis.info\/d\/204259-3\/DSC02060.jpg \/><\/a><br \/>\n^ St\u00fctze<\/p>\n<p><a href='http:\/\/ski.inmontanis.info\/d\/204264-2\/DSC02069.jpg'><img src=http:\/\/ski.inmontanis.info\/d\/204263-3\/DSC02069.jpg \/><\/a><br \/>\n^ Bergstation<\/p>\n<p><a href='http:\/\/ski.inmontanis.info\/d\/204268-2\/DSC02075.jpg'><img src=http:\/\/ski.inmontanis.info\/d\/204267-3\/DSC02075.jpg \/><\/a><br \/>\n^ DSB vs. Spjelkavik\/\u00c5lesund\/Meer<\/p>\n<p><a href='http:\/\/ski.inmontanis.info\/d\/204272-2\/DSC02085.jpg'><img src=http:\/\/ski.inmontanis.info\/d\/204271-3\/DSC02085.jpg \/><\/a><br \/>\n^ Pano von etwas weiter oberhalb<\/p>\n<p><a href='http:\/\/ski.inmontanis.info\/d\/204276-2\/DSC02089.jpg'><img src=http:\/\/ski.inmontanis.info\/d\/204275-3\/DSC02089.jpg \/><\/a><br \/>\n^ Pano von etwas weiter oberhalb<\/p>\n<p><a href='http:\/\/ski.inmontanis.info\/d\/204280-2\/DSC02207.jpg'><img src=http:\/\/ski.inmontanis.info\/d\/204279-3\/DSC02207.jpg \/><\/a><br \/>\n^ IR-Pano<\/p>\n<p><a href='http:\/\/ski.inmontanis.info\/d\/204284-2\/DSC02091.jpg'><img src=http:\/\/ski.inmontanis.info\/d\/204283-3\/DSC02091.jpg \/><\/a><br \/>\n^ Pano in die gegens\u00e4tzliche Richtung<\/p>\n<p><a href='http:\/\/ski.inmontanis.info\/d\/204288-2\/DSC02092.jpg'><img src=http:\/\/ski.inmontanis.info\/d\/204287-3\/DSC02092.jpg \/><\/a><br \/>\n^ Blick in Richtung Talstation \/ Spjelkavik<\/p>\n<p><a href='http:\/\/ski.inmontanis.info\/d\/204292-2\/DSC02210.jpg'><img src=http:\/\/ski.inmontanis.info\/d\/204291-3\/DSC02210.jpg \/><\/a><br \/>\n^ Meer-Pano mit DSB (IR)<\/p>\n<p><a href='http:\/\/ski.inmontanis.info\/d\/204296-2\/DSC02102.jpg'><img src=http:\/\/ski.inmontanis.info\/d\/204295-3\/DSC02102.jpg \/><\/a><br \/>\n^ DSB und Meer<\/p>\n<p><a href='http:\/\/ski.inmontanis.info\/d\/204300-2\/DSC02108.jpg'><img src=http:\/\/ski.inmontanis.info\/d\/204299-3\/DSC02108.jpg \/><\/a><br \/>\n^ Pano und Abfahrtsstart, ein kurzes St\u00fcck w\u00fcrde man direkt in diese Richtung abfahren.<\/p>\n<p><a href='http:\/\/ski.inmontanis.info\/d\/204304-2\/DSC02111.jpg'><img src=http:\/\/ski.inmontanis.info\/d\/204303-3\/DSC02111.jpg \/><\/a><br \/>\n^ Bergstation<\/p>\n<p><a href='http:\/\/ski.inmontanis.info\/d\/204308-2\/DSC02115.jpg'><img src=http:\/\/ski.inmontanis.info\/d\/204307-3\/DSC02115.jpg \/><\/a><br \/>\n^ Talfahrt<\/p>\n<p><a href='http:\/\/ski.inmontanis.info\/d\/204312-2\/DSC02129.jpg'><img src=http:\/\/ski.inmontanis.info\/d\/204311-3\/DSC02129.jpg \/><\/a><br \/>\n^ Talfahrt; hier macht die Skiabfahrt einen Knicks zur Seite<\/p>\n<p><a href='http:\/\/ski.inmontanis.info\/d\/204316-2\/DSC02133.jpg'><img src=http:\/\/ski.inmontanis.info\/d\/204315-3\/DSC02133.jpg \/><\/a><br \/>\n^ Talstation und Parkplatz. Der Tisch neben dem Einstieg ist der Fahrkartenverkauf<\/p>\n<p><a href='http:\/\/ski.inmontanis.info\/d\/204320-2\/DSC02135.jpg'><img src=http:\/\/ski.inmontanis.info\/d\/204319-3\/DSC02135.jpg \/><\/a><br \/>\n^ Talstation<\/p>\n<p>Hier noch ein kleines Filmchen:<br \/>\n<object style=\"height: 500px; width: 900px\"><param name=\"movie\" value=\"http:\/\/www.youtube.com\/v\/3uuGRLCCdSQ\"><\/param><param name=\"wmode\" value=\"transparent\"><\/param><embed src=\"http:\/\/www.youtube.com\/v\/3uuGRLCCdSQ\" type=\"application\/x-shockwave-flash\" wmode=\"transparent\"  width=\"900\" height=\"480\"><\/embed><\/object><\/p>\n<p>Danach wollte ich noch zum Vestkapp, wo es ja auch h\u00e4tte sonnig sein sollen. Dorthin f\u00fchrten einige Stra\u00dfenvarianten mit mehr oder weniger F\u00e4hren und mehr oder weniger Umweg. Ich nahm die vom Navi vorgeschlagene mit 2 F\u00e4hren, deren Abfahrtszeiten ich mir ja bereits gestern Abend im Internet rausgesucht hatte. Generell kosten solche  Fjord-F\u00e4hren zumeist um die 80-120,- NOK, also um die 10,- \u20ac, was ja noch relativ g\u00fcnstig ist. Die l\u00e4ngeren F\u00e4hren, die ich im Laufe des Urlaubs noch hatte, waren aber auch mal ca. doppelt so teurer.<\/p>\n<p><a href='http:\/\/extra.inmontanis.info\/d\/29861-2\/DSC02148.jpg'><img src=http:\/\/extra.inmontanis.info\/d\/29860-3\/DSC02148.jpg \/><\/a><br \/>\n^ F\u00e4hre Sulesund-Hareid<\/p>\n<p><a href='http:\/\/extra.inmontanis.info\/d\/29865-2\/DSC02151.jpg'><img src=http:\/\/extra.inmontanis.info\/d\/29864-3\/DSC02151.jpg \/><\/a><br \/>\n^ F\u00e4hre Sulesund-Hareid<\/p>\n<p><a href='http:\/\/extra.inmontanis.info\/d\/29869-2\/DSC02153.jpg'><img src=http:\/\/extra.inmontanis.info\/d\/29868-3\/DSC02153.jpg \/><\/a><br \/>\n^ F\u00e4hre Sulesund-Hareid. Obwohl etwas l\u00e4nger, gibt&#8217;s hier kein Au\u00dfendeck (und ich glaub, auch keinen Kiosk), also blieb ich bei den oberen Auto-Decks<\/p>\n<p><a href='http:\/\/extra.inmontanis.info\/d\/29873-2\/DSC02186.jpg'><img src=http:\/\/extra.inmontanis.info\/d\/29872-3\/DSC02186.jpg \/><\/a><br \/>\n^ 61 \/ Vor Larsnes<\/p>\n<p><a href='http:\/\/extra.inmontanis.info\/d\/29877-2\/DSC02190.jpg'><img src=http:\/\/extra.inmontanis.info\/d\/29876-3\/DSC02190.jpg \/><\/a><br \/>\n^ F\u00e4hre \u00c5rvik-Koparnes<\/p>\n<p><a href='http:\/\/extra.inmontanis.info\/d\/29881-2\/DSC02192.jpg'><img src=http:\/\/extra.inmontanis.info\/d\/29880-3\/DSC02192.jpg \/><\/a><br \/>\n^ F\u00e4hre \u00c5rvik-Koparnes<\/p>\n<p><a href='http:\/\/extra.inmontanis.info\/d\/29885-2\/DSC02194.jpg'><img src=http:\/\/extra.inmontanis.info\/d\/29884-3\/DSC02194.jpg \/><\/a><br \/>\n^ F\u00e4hre \u00c5rvik-Koparnes<\/p>\n<p><a href='http:\/\/extra.inmontanis.info\/d\/29889-2\/DSC02215.jpg'><img src=http:\/\/extra.inmontanis.info\/d\/29888-3\/DSC02215.jpg \/><\/a><br \/>\n^ F\u00e4hre \u00c5rvik-Koparnes (IR)<\/p>\n<p><a href='http:\/\/extra.inmontanis.info\/d\/29893-2\/DSC02217.jpg'><img src=http:\/\/extra.inmontanis.info\/d\/29892-3\/DSC02217.jpg \/><\/a><br \/>\n^ 620 \/ Richtung Vestkapp<\/p>\n<p><a href='http:\/\/extra.inmontanis.info\/d\/29897-2\/DSC02222.jpg'><img src=http:\/\/extra.inmontanis.info\/d\/29896-3\/DSC02222.jpg \/><\/a><br \/>\n^ 633 richtung Vestkapp<\/p>\n<p>Die Fahrt auf der 620 bis zum Vestkapp zog sich aber doch ganz sch\u00f6n, so langsam werde ich des Fahrens m\u00fcde. Als ich dann das letzte St\u00fcck der Stra\u00dfe sah, wurde mir ein wenig bange &#8211; schmal und steil, das hab ich jetzt noch gebraucht. Ich war jedenfalls echt froh, als ich oben am Parkplatz und ohne aufgrund Gegenverkehr r\u00fcckw\u00e4rts fahren zu m\u00fcssen angekommen bin. Das Plateau oben war eher gro\u00df und bewachsen und mit wenig Fu\u00dfpfaden etwas schwierig zu begehen, hab aber doch ne halbwegs vollst\u00e4ndige Runde gemacht. \u00dcberrascht war ich, an den eher steilen Klippen Schafe in selbigen zu finden.<\/p>\n<p><a href='http:\/\/extra.inmontanis.info\/d\/29777-2\/DSC02227.jpg'><img src=http:\/\/extra.inmontanis.info\/d\/29775-3\/DSC02227.jpg \/><\/a><br \/>\n^ Hier zweigt nach links die krasse Stra\u00dfe zum Vestkapp ab; ich bin erst mal noch geradeaus ein St\u00fcck weiter gefahren, rechts um den Berg herum &#8230;<\/p>\n<p><a href='http:\/\/extra.inmontanis.info\/d\/29781-2\/DSC02234.jpg'><img src=http:\/\/extra.inmontanis.info\/d\/29780-3\/DSC02234.jpg \/><\/a><br \/>\n^ .. um von hier aus die Vestkapp-(Nicht-ganz-sooo)-Steilklippen zu fotografieren.<\/p>\n<p><a href='http:\/\/extra.inmontanis.info\/d\/29785-2\/DSC02240.jpg'><img src=http:\/\/extra.inmontanis.info\/d\/29784-3\/DSC02240.jpg \/><\/a><br \/>\n^ Die krasse Auffahrt zum Vestkapp, teils so d\u00fcnne Asphaltschicht, dass die Felsen des Unterbaus rausschauen (nicht auf dem Bild)<\/p>\n<p><a href='http:\/\/extra.inmontanis.info\/d\/29789-2\/DSC02249.jpg'><img src=http:\/\/extra.inmontanis.info\/d\/29788-3\/DSC02249.jpg \/><\/a><br \/>\n^ Ost-Pano vom Vestkapp-Parkplatz<\/p>\n<p><a href='http:\/\/extra.inmontanis.info\/d\/29793-2\/DSC02251.jpg'><img src=http:\/\/extra.inmontanis.info\/d\/29792-3\/DSC02251.jpg \/><\/a><br \/>\n^ Parkplatz, keine \u00dcbernachtung erlaubt<\/p>\n<p><a href='http:\/\/extra.inmontanis.info\/d\/29797-2\/DSC02254.jpg'><img src=http:\/\/extra.inmontanis.info\/d\/29796-3\/DSC02254.jpg \/><\/a><br \/>\n^ Fu\u00dfweg zu den Klippen. Oder egtl. nur zu dem Handy?-Masten.<\/p>\n<p><a href='http:\/\/extra.inmontanis.info\/d\/29801-2\/DSC02259.jpg'><img src=http:\/\/extra.inmontanis.info\/d\/29800-3\/DSC02259.jpg \/><\/a><br \/>\n^ Vestkapp \/ West-Pano<\/p>\n<p><a href='http:\/\/extra.inmontanis.info\/d\/29805-2\/DSC02261.jpg'><img src=http:\/\/extra.inmontanis.info\/d\/29804-3\/DSC02261.jpg \/><\/a><br \/>\n^ Vestkapp. Wof\u00fcr das alles da ist?<\/p>\n<p><a href='http:\/\/extra.inmontanis.info\/d\/29809-2\/DSC02262.jpg'><img src=http:\/\/extra.inmontanis.info\/d\/29808-3\/DSC02262.jpg \/><\/a><br \/>\n^ Einige Schafe tummelten sich an den steilen Abh\u00e4ngen<\/p>\n<p><a href='http:\/\/extra.inmontanis.info\/d\/29813-2\/DSC02264.jpg'><img src=http:\/\/extra.inmontanis.info\/d\/29812-3\/DSC02264.jpg \/><\/a><br \/>\n^ Die haben auch keine Angst&#8230;<\/p>\n<p>Ehe ich mich versah, sprang Lucy, das lila Lustschaf, von hinten auf  mich und stie\u00df mich von den Klippen und ich war dahin. Nein, Bl\u00f6dsinn. Susi, das schwarze Superschaf kam mir zu Hilfe und hinderte Lucy daran. Bei dem Gerangel fielen mir jedoch die Autoschl\u00fcssel aus der Tasche und die Klippen hinunter, und als ich versuchte, dort abzusteigen, rutschte ich aus, fiel die Klippen hinunter und war wieder hin &#8230; So allein auf den Plateau mit den steilen Klippen, den Schafen, der sp\u00e4ten Stunde, dem d\u00fcsteren Wetter &#8211; da kommt man schon auf so manche abstruse Geschichte. In Wirklichkeit lie\u00dfen mich die Schafe in Ruhe und den Schl\u00fcssel verlor ich auch nicht. <\/p>\n<p>Auf den Sonnenuntergang zu warten, machte bei dem Wetter aber auch keinen Sinn mehr. Immerhin war&#8217;s recht windstill, d\u00fcrfte selten sein, dass es hier an der Westk\u00fcste so windstill ist.<\/p>\n<p><a href='http:\/\/extra.inmontanis.info\/d\/29817-2\/DSC02267.jpg'><img src=http:\/\/extra.inmontanis.info\/d\/29816-3\/DSC02267.jpg \/><\/a><br \/>\n^ Vestkapp \/ Ost-Pano mit Schafe<\/p>\n<p><a href='http:\/\/extra.inmontanis.info\/d\/29821-2\/DSC02223.jpg'><img src=http:\/\/extra.inmontanis.info\/d\/29820-3\/DSC02223.jpg \/><\/a><br \/>\n^ Ost-Pano (IR)<\/p>\n<p><a href='http:\/\/extra.inmontanis.info\/d\/29825-2\/DSC02225.jpg'><img src=http:\/\/extra.inmontanis.info\/d\/29824-3\/DSC02225.jpg \/><\/a><br \/>\n^ Westpano (IR)<\/p>\n<p><a href='http:\/\/extra.inmontanis.info\/d\/29829-2\/DSC02229.jpg'><img src=http:\/\/extra.inmontanis.info\/d\/29828-3\/DSC02229.jpg \/><\/a><br \/>\n^ S\u00fcdpano (IR)<\/p>\n<p><a href='http:\/\/extra.inmontanis.info\/d\/29833-2\/DSC02277.jpg'><img src=http:\/\/extra.inmontanis.info\/d\/29832-3\/DSC02277.jpg \/><\/a><br \/>\n^ Die krasse Stra\u00dfe wieder runterfahren &#8230; macht ja wenig Sinn, bei dem Wetter auf den Sonnenuntergang zu warten.<\/p>\n<p><a href='http:\/\/extra.inmontanis.info\/d\/29837-2\/DSC02280.jpg'><img src=http:\/\/extra.inmontanis.info\/d\/29836-3\/DSC02280.jpg \/><\/a><br \/>\n^ Blick runter zur Stra\u00dfe, die ich zuvor gefahren bin<\/p>\n<p>Egtl. h\u00e4tte ich ja nach der 2. F\u00e4hre bereits wo zum Essen halten wollen &#8211; aber es gab leider nix. Irgendwann hatte ich mich dann damit abgefunden, heute nichts mehr zu bekommen und \u00fcberlegte mir (anhand der Wettervorhersagen) den Verlauf der n\u00e4chsten Tage. Ende der Woche soll&#8217;s an der Rv17-K\u00fcstenstra\u00dfe recht sonnig werden. Und Mitte der Woche soll&#8217;s an den beiden Gletschern recht sonnig werden. Jedenfalls w\u00fcrde es morgen keinen Sinn machen, Ski zu fahren. M\u00fcsste also \u00fcbermorgen und \u00fcber-\u00fcbermorgen die beiden Gletscherskigebiete besuchen. Fonna wollte ich unbedingt, und Galdh\u00f8piggen liegt ja dann eh quasi auf dem Weg nach Norden, und ob&#8217;s n\u00e4chste Woche nochmal so sonnig wird? Es missfiel mir ja schon, zwei Tage hintereinander skizufahren &#8211; h\u00e4tte das lieber aufgeteilt.<\/p>\n<p>Was ich im S\u00fcden evtl. noch mitnehmen wollte, war die Krossobanen-PB in Rjukan. Das ginge sich f\u00fcr morgen nachmittag\/Abend evtl. aus, bedeutete aber durchaus einen stattlichen Umweg zum Folgefonna-Gletscher. Andererseits, was sollte ich morgen sonst machen, wenn ich direkt fahren w\u00fcrde? Also, welche Stra\u00dfen richtung S\u00fcden und welche richtung Norden kenn ich noch nicht und w\u00fcrd ich gerne mal fahren? <\/p>\n<p>Irgendwann hab ich mich dann doch halbwegs entschieden und fuhr noch  bis Nordfjordeid, in der Hoffnung, dort auf eine noch ge\u00f6ffnete Tankstelle zu treffen, wo ich noch etwas zum Essen bekommen k\u00f6nnte. Kurz nach 21 Uhr hatte ich dann Gl\u00fcck damit und endlich &#8216;was warmes im Bauch. Danach noch getankt, nochmals Streckenideen und Routenplanungen f\u00fcr morgen und die Fahrpl\u00e4ne der n\u00e4chsten F\u00e4hre gecheckt. Ach, die w\u00fcrde ich jetzt direkt schaffen, ohne Wartezeiten&#8230; na gut, warum nicht.<\/p>\n<p><a href='http:\/\/extra.inmontanis.info\/d\/29901-2\/DSC02317.jpg'><img src=http:\/\/extra.inmontanis.info\/d\/29900-3\/DSC02317.jpg \/><\/a><br \/>\n^ 61 \/ Nordfjord<\/p>\n<p><a href='http:\/\/extra.inmontanis.info\/d\/29905-2\/IMG_1498.jpg'><img src=http:\/\/extra.inmontanis.info\/d\/29904-3\/IMG_1498.jpg \/><\/a><br \/>\n^ Kebap mit Pita und Pommes von der Tanke, endlich was zu futtern<\/p>\n<p><a href='http:\/\/extra.inmontanis.info\/d\/29909-2\/DSC02328.jpg'><img src=http:\/\/extra.inmontanis.info\/d\/29908-3\/DSC02328.jpg \/><\/a><br \/>\n^ F\u00e4hre Lote-Anda, um 23 Uhr<\/p>\n<p>Auf der anderen Seite des Fjords, also am F\u00e4hrhafen, stellte ich mich auf den dortigen Parkplatz zum Schlafen &#8211; mit WC daneben, praktisch. Und so viel Verkehr ist auf dieser Stra\u00dfe nachts nicht.<\/p>\n<p>(Fortsetzung folgt.)<\/p>\n","protected":false},"excerpt":{"rendered":"<p>So, 6.9.2015 &#8211; Tag 3 &#8211; km 2.859 (Diff. 526 km) &#8211; Trollstigen \/ Spjelkavik \/ Vestkapp<\/p>\n<p>Hauptziel des heutigen Tages war die alte (m.E. M\u00fcller-) DSB in Spjelkavik, die ich auch bereits 2 anzufahren versuchte, aber jeweils Pech hatte. Aktuell scheint die DSB nur noch als Liebhaberei im Sommer ge\u00f6ffnet zu haben, nur Sonntags <a href=\"http:\/\/blog.inmontanis.info\/?p=3465\">[&#8230;]<\/a><\/p>\n","protected":false},"author":1,"featured_media":0,"comment_status":"closed","ping_status":"closed","sticky":false,"template":"","format":"standard","meta":{"footnotes":""},"categories":[148,18,59,580,30],"tags":[38,90,37,86],"class_list":["post-3465","post","type-post","status-publish","format-standard","hentry","category-2015-09-skandinavischer-spatsommer","category-norwegennorway","category-nostalgie","category-spjelkavik","category-wandern","tag-dsb","tag-infrarot","tag-meer","tag-wasserfall","odd"],"_links":{"self":[{"href":"http:\/\/blog.inmontanis.info\/index.php?rest_route=\/wp\/v2\/posts\/3465","targetHints":{"allow":["GET"]}}],"collection":[{"href":"http:\/\/blog.inmontanis.info\/index.php?rest_route=\/wp\/v2\/posts"}],"about":[{"href":"http:\/\/blog.inmontanis.info\/index.php?rest_route=\/wp\/v2\/types\/post"}],"author":[{"embeddable":true,"href":"http:\/\/blog.inmontanis.info\/index.php?rest_route=\/wp\/v2\/users\/1"}],"replies":[{"embeddable":true,"href":"http:\/\/blog.inmontanis.info\/index.php?rest_route=%2Fwp%2Fv2%2Fcomments&post=3465"}],"version-history":[{"count":3,"href":"http:\/\/blog.inmontanis.info\/index.php?rest_route=\/wp\/v2\/posts\/3465\/revisions"}],"predecessor-version":[{"id":3469,"href":"http:\/\/blog.inmontanis.info\/index.php?rest_route=\/wp\/v2\/posts\/3465\/revisions\/3469"}],"wp:attachment":[{"href":"http:\/\/blog.inmontanis.info\/index.php?rest_route=%2Fwp%2Fv2%2Fmedia&parent=3465"}],"wp:term":[{"taxonomy":"category","embeddable":true,"href":"http:\/\/blog.inmontanis.info\/index.php?rest_route=%2Fwp%2Fv2%2Fcategories&post=3465"},{"taxonomy":"post_tag","embeddable":true,"href":"http:\/\/blog.inmontanis.info\/index.php?rest_route=%2Fwp%2Fv2%2Ftags&post=3465"}],"curies":[{"name":"wp","href":"https:\/\/api.w.org\/{rel}","templated":true}]}}