{"id":3462,"date":"2015-09-05T23:35:53","date_gmt":"2015-09-05T21:35:53","guid":{"rendered":"http:\/\/blog.inmontanis.info\/?p=3462"},"modified":"2023-08-05T13:09:30","modified_gmt":"2023-08-05T11:09:30","slug":"gesundaberget-5-9-2015","status":"publish","type":"post","link":"http:\/\/blog.inmontanis.info\/?p=3462","title":{"rendered":"Gesundaberget, 5.9.2015"},"content":{"rendered":"<p><strong>Sa, 5.9.2015 &#8211; Tag 2 &#8211; km 2.333 (Diff. 779 km)<\/strong> &#8211; Gesundaberget<\/p>\n<p>Hauptziel des heutigen Tages war Gesundaberget. Die Graffer-DSB, die ich schon im Sommer 2006 und Winter 2011 nicht fahren konnte &#8211; obwohl es jeweils Betrieb lt. Homepage h\u00e4tte geben sollen. Nun, diesmal waren die Infos aktueller auf Facebook (kann auch gut sein, dass die DSB mal einige Jahre lang au\u00dfer Betrieb war), gestern ein aktueller Eintrag, dass die DSB in Betrieb sein wird. (Derzeit zum Saisonende nur WE-Betrieb)<\/p>\n<p>Und? Sie war es! Endlich. H&#038;R kostete 80,- SEK (ca. 8,50 \u20ac), extra-nostalgisch mit Holzsitzen, dazu tolles See-Pano. Leider wurde es erst bei meiner Abfahrt sonniger. (Und 2 Wochen sp\u00e4ter h\u00e4tte ich wolkenlosen Sonnenschein gehabt. Tja)<\/p>\n<p>(Fotos anklicken zum Vergr\u00f6\u00dfern)<\/p>\n<p><a href='http:\/\/extra.inmontanis.info\/d\/29657-2\/ge-201509route7.jpg'><img src=http:\/\/extra.inmontanis.info\/d\/29656-3\/ge-201509route7.jpg \/><\/a><br \/>\nFahrstrecke heute: T\u00fcrkis bei<br \/>\nA) Gesundaberget<br \/>\nB) Tron<br \/>\nC) Oppdal<\/p>\n<p><a href='http:\/\/extra.inmontanis.info\/d\/29669-2\/DSC01630.jpg'><img src=http:\/\/extra.inmontanis.info\/d\/29668-3\/DSC01630.jpg \/><\/a><br \/>\n^ Sonnenaufgang, 6:25 Uhr, und schon wieder unterwegs&#8230;<\/p>\n<p><a href='http:\/\/extra.inmontanis.info\/d\/29673-2\/DSC01633.jpg'><img src=http:\/\/extra.inmontanis.info\/d\/29672-3\/DSC01633.jpg \/><\/a><br \/>\n^ Auch in Norwegen und Schweden wurden Kan\u00e4le gebaut&#8230;<\/p>\n<p><a href='http:\/\/extra.inmontanis.info\/d\/29677-2\/DSC01634.jpg'><img src=http:\/\/extra.inmontanis.info\/d\/29676-3\/DSC01634.jpg \/><\/a><br \/>\n^ Schleuse am G\u00f6ta Kanal. In Norwegen gibt&#8217;s an einem anderen Kanal sogar eine 6-fach-Schleuse (also \u00e4hnlich was ich letztes Jahr in UK besucht hatte), aber die lag nicht mehr auf meinem Weg heuer.<\/p>\n<p><a href='http:\/\/extra.inmontanis.info\/d\/29681-2\/DSC01640.jpg'><img src=http:\/\/extra.inmontanis.info\/d\/29680-3\/DSC01640.jpg \/><\/a><br \/>\n^ Auf der 26 zwischen Kristinehamn und Filipstad<\/p>\n<p><a href='http:\/\/extra.inmontanis.info\/d\/29685-2\/DSC01647.jpg'><img src=http:\/\/extra.inmontanis.info\/d\/29684-3\/DSC01647.jpg \/><\/a><br \/>\n^ Auf der 26\/245 richtung Mora<\/p>\n<p><a href='http:\/\/ski.inmontanis.info\/d\/204056-2\/DSC01659.jpg'><img src=http:\/\/ski.inmontanis.info\/d\/204055-3\/DSC01659.jpg \/><\/a><br \/>\n^ Talstation der Graffer-DSB in Gesundaberget. 2006 und 2011 hatte ich Pech, heute Gl\u00fcck: Sie war in Betrieb.<\/p>\n<p><a href='http:\/\/ski.inmontanis.info\/d\/204060-2\/DSC01660.jpg'><img src=http:\/\/ski.inmontanis.info\/d\/204059-3\/DSC01660.jpg \/><\/a><br \/>\n^ Strecke der DSB und eine der Abfahrten<\/p>\n<p><a href='http:\/\/ski.inmontanis.info\/d\/204064-2\/DSC01663.jpg'><img src=http:\/\/ski.inmontanis.info\/d\/204063-3\/DSC01663.jpg \/><\/a><br \/>\n^ Abspannung<\/p>\n<p><a href='http:\/\/ski.inmontanis.info\/d\/204068-2\/DSC01665.jpg'><img src=http:\/\/ski.inmontanis.info\/d\/204067-3\/DSC01665.jpg \/><\/a><br \/>\n^ Talstationen und St\u00fctze 1-3<\/p>\n<p><a href='http:\/\/ski.inmontanis.info\/d\/204072-2\/DSC01669.jpg'><img src=http:\/\/ski.inmontanis.info\/d\/204071-3\/DSC01669.jpg \/><\/a><br \/>\n^ Doppel-SL-St\u00fctze<\/p>\n<p><a href='http:\/\/ski.inmontanis.info\/d\/204076-2\/DSC01675.jpg'><img src=http:\/\/ski.inmontanis.info\/d\/204075-3\/DSC01675.jpg \/><\/a><br \/>\n^ Die Graffer-Schalensitze haben hier sogar noch die Holzsitze. Einzig die Mountainbike-Halterung st\u00f6rt :)<\/p>\n<p><a href='http:\/\/ski.inmontanis.info\/d\/204080-2\/DSC01682.jpg'><img src=http:\/\/ski.inmontanis.info\/d\/204079-3\/DSC01682.jpg \/><\/a><br \/>\n^ Skibr\u00fccke am Doppel-SL (und rechts das Lastengeh\u00e4nge)<\/p>\n<p><a href='http:\/\/ski.inmontanis.info\/d\/204084-2\/DSC01683.jpg'><img src=http:\/\/ski.inmontanis.info\/d\/204083-3\/DSC01683.jpg \/><\/a><br \/>\n^ Die St\u00fctze 11 hat bergw\u00e4rts komplett schr\u00e4ge Rollen &#8211; aber die DSB macht hier keine Kurve!<\/p>\n<p><a href='http:\/\/ski.inmontanis.info\/d\/204088-2\/DSC01693.jpg'><img src=http:\/\/ski.inmontanis.info\/d\/204087-3\/DSC01693.jpg \/><\/a><br \/>\n^ Tal- und Seeblick. Eh klar, dass es sonniger wurde, als ich dann abfuhr.<\/p>\n<p><a href='http:\/\/ski.inmontanis.info\/d\/204092-2\/DSC01696.jpg'><img src=http:\/\/ski.inmontanis.info\/d\/204091-3\/DSC01696.jpg \/><\/a><br \/>\n^ DSB und See<\/p>\n<p><a href='http:\/\/ski.inmontanis.info\/d\/204096-2\/DSC01697.jpg'><img src=http:\/\/ski.inmontanis.info\/d\/204095-3\/DSC01697.jpg \/><\/a><br \/>\n^ SL-Bergstation<\/p>\n<p><a href='http:\/\/ski.inmontanis.info\/d\/204100-2\/DSC01698.jpg'><img src=http:\/\/ski.inmontanis.info\/d\/204099-3\/DSC01698.jpg \/><\/a><br \/>\n^ SL, DSB und See<\/p>\n<p><a href='http:\/\/ski.inmontanis.info\/d\/204104-2\/DSC01699.jpg'><img src=http:\/\/ski.inmontanis.info\/d\/204103-3\/DSC01699.jpg \/><\/a><br \/>\n^ DSB Bergstation<\/p>\n<p><a href='http:\/\/ski.inmontanis.info\/d\/204108-2\/DSC01705.jpg'><img src=http:\/\/ski.inmontanis.info\/d\/204107-3\/DSC01705.jpg \/><\/a><br \/>\n^ SL-Bergstation<\/p>\n<p><a href='http:\/\/ski.inmontanis.info\/d\/204112-2\/DSC01707.jpg'><img src=http:\/\/ski.inmontanis.info\/d\/204111-3\/DSC01707.jpg \/><\/a><br \/>\n^ DSB Bergstation<\/p>\n<p><a href='http:\/\/ski.inmontanis.info\/d\/204116-2\/DSC01709.jpg'><img src=http:\/\/ski.inmontanis.info\/d\/204115-3\/DSC01709.jpg \/><\/a><br \/>\n^ Abfahrt, H\u00fctte, See<\/p>\n<p><a href='http:\/\/ski.inmontanis.info\/d\/204120-2\/DSC01711.jpg'><img src=http:\/\/ski.inmontanis.info\/d\/204119-3\/DSC01711.jpg \/><\/a><br \/>\n^ SL-Bergstation<\/p>\n<p><a href='http:\/\/ski.inmontanis.info\/d\/204124-2\/DSC01719.jpg'><img src=http:\/\/ski.inmontanis.info\/d\/204123-3\/DSC01719.jpg \/><\/a><br \/>\n^ See-Pano<\/p>\n<p><a href='http:\/\/ski.inmontanis.info\/d\/204128-2\/DSC01722.jpg'><img src=http:\/\/ski.inmontanis.info\/d\/204127-3\/DSC01722.jpg \/><\/a><br \/>\n^ See-Pano<\/p>\n<p><a href='http:\/\/ski.inmontanis.info\/d\/204132-2\/DSC01725.jpg'><img src=http:\/\/ski.inmontanis.info\/d\/204131-3\/DSC01725.jpg \/><\/a><br \/>\n^ Vor der DSB gab&#8217;s sogar einen ESL<\/p>\n<p><a href='http:\/\/ski.inmontanis.info\/d\/204136-2\/DSC01728.jpg'><img src=http:\/\/ski.inmontanis.info\/d\/204135-3\/DSC01728.jpg \/><\/a><br \/>\n^ St\u00fctzen vor der Bergstation<\/p>\n<p><a href='http:\/\/ski.inmontanis.info\/d\/204140-2\/DSC01729.jpg'><img src=http:\/\/ski.inmontanis.info\/d\/204139-3\/DSC01729.jpg \/><\/a><br \/>\n^ DSB Bergstation<\/p>\n<p><a href='http:\/\/ski.inmontanis.info\/d\/204144-2\/DSC01731.jpg'><img src=http:\/\/ski.inmontanis.info\/d\/204143-3\/DSC01731.jpg \/><\/a><br \/>\n^ St\u00fctze 15 vs. Tal und Abfahrt<\/p>\n<p><a href='http:\/\/ski.inmontanis.info\/d\/204148-2\/DSC01741.jpg'><img src=http:\/\/ski.inmontanis.info\/d\/204147-3\/DSC01741.jpg \/><\/a><br \/>\n^ See-Pano bis unten<\/p>\n<p><a href='http:\/\/ski.inmontanis.info\/d\/204152-2\/DSC01742.jpg'><img src=http:\/\/ski.inmontanis.info\/d\/204151-3\/DSC01742.jpg \/><\/a><br \/>\n^ St\u00fctze 6<\/p>\n<p><a href='http:\/\/ski.inmontanis.info\/d\/204156-2\/DSC01745.jpg'><img src=http:\/\/ski.inmontanis.info\/d\/204155-3\/DSC01745.jpg \/><\/a><br \/>\n^ Niederhalter-St\u00fctzen 1+2, gar nicht als Betonst\u00fctzen ausgef\u00fchrt<\/p>\n<p><a href='http:\/\/ski.inmontanis.info\/d\/204160-2\/DSC01746.jpg'><img src=http:\/\/ski.inmontanis.info\/d\/204159-3\/DSC01746.jpg \/><\/a><br \/>\n^ Kombinierte Spann- und Antriebseinheit an der Talstation<\/p>\n<p><a href='http:\/\/ski.inmontanis.info\/d\/204164-2\/DSC02187.jpg'><img src=http:\/\/ski.inmontanis.info\/d\/204163-3\/DSC02187.jpg \/><\/a><br \/>\n^ DSB und See in IR<\/p>\n<p><a href='http:\/\/ski.inmontanis.info\/d\/204168-2\/DSC01756.jpg'><img src=http:\/\/ski.inmontanis.info\/d\/204167-3\/DSC01756.jpg \/><\/a><br \/>\n^ DSB Talstation<\/p>\n<p><a href='http:\/\/ski.inmontanis.info\/d\/204172-2\/DSC01760.jpg'><img src=http:\/\/ski.inmontanis.info\/d\/204171-3\/DSC01760.jpg \/><\/a><br \/>\n^ DSB Talstation vs. See<\/p>\n<p><a href='http:\/\/ski.inmontanis.info\/d\/204176-2\/DSC01764.jpg'><img src=http:\/\/ski.inmontanis.info\/d\/204175-3\/DSC01764.jpg \/><\/a><br \/>\n^ DSB<\/p>\n<p><a href='http:\/\/ski.inmontanis.info\/d\/204180-2\/DSC02194.jpg'><img src=http:\/\/ski.inmontanis.info\/d\/204179-3\/DSC02194.jpg \/><\/a><br \/>\n^ DSB-See in IR<\/p>\n<p><a href='http:\/\/ski.inmontanis.info\/d\/204184-2\/DSC01769.jpg'><img src=http:\/\/ski.inmontanis.info\/d\/204183-3\/DSC01769.jpg \/><\/a><br \/>\n^ DSB Talstation und Pistenplan<\/p>\n<p><a href='http:\/\/ski.inmontanis.info\/d\/204188-2\/DSC01778.jpg'><img src=http:\/\/ski.inmontanis.info\/d\/204187-3\/DSC01778.jpg \/><\/a><br \/>\n^ Blick von unten \/ Seite zum Gesundaberget-Skigebiet<\/p>\n<p><a href='http:\/\/ski.inmontanis.info\/d\/204192-2\/DSC01780.jpg'><img src=http:\/\/ski.inmontanis.info\/d\/204191-3\/DSC01780.jpg \/><\/a><br \/>\n^ Blick von unten \/ See zum Gesundaberget-Skigebiet<\/p>\n<p>.. und ein kleines Video:<br \/>\n<object style=\"height: 500px; width: 900px\"><param name=\"movie\" value=\"http:\/\/www.youtube.com\/v\/ULOgZuU4C9Q\"><\/param><param name=\"wmode\" value=\"transparent\"><\/param><embed src=\"http:\/\/www.youtube.com\/v\/ULOgZuU4C9Q\" type=\"application\/x-shockwave-flash\" wmode=\"transparent\"  width=\"900\" height=\"480\"><\/embed><\/object><\/p>\n<p>.. und im Winter 2011:<br \/>\n<img src=http:\/\/ski.inmontanis.info\/d\/129869-3\/DSC01459.jpg \/><\/p>\n<p>Danach ging es in Mora kurz in einen Sibylla zum Essen (K\u00f6ttbulle, allerdings ohne Sauce (wie bei Ikea), nur mit Preiselbeeren und Kartoffelbrei und Salat) und noch in einen gro\u00dfen Supermarkt &#8211; noch nicht zum Gro\u00dfeinkauf, aber f\u00fcr ein paar Dinge. Und endlich mal wieder Cashewn\u00fcsse mit Sour Cream &#038; Onion &#8211; Geschmack. Das hab ich die letzten 2 Jahre auch in jedem besuchten Land vergeblich im Nussregal gesucht &#8211; gibts anscheinend nur in Schweden. Die Mandel mit Schokosalzlakritzmantel dagegen sind nicht  mein Fall&#8230; Ja, die N\u00fcsse. Da hat anscheinend jedes Land so seine eigenen Geschmacksrichtungen. Denn die Sour Cream &#038; Oninen Cashews hab ich auch in Norwegen sp\u00e4ter nie mehr gesehen. In UK gibt&#8217;s die Erdn\u00fcsse mit BBQ-Mantel und in Frankreich die Erdn\u00fcsse mit italienischen Kr\u00e4utern. Alles lecker, warum nur diese Beschr\u00e4nkungen?!<\/p>\n<p>Weiter ging&#8217;s nach Norwegen, wo ich in der N\u00e4he von Tynset noch auf den Tron fahren wollte &#8211; ein 1666 hoher Berg, worauf Norwegens zweith\u00f6chste Touristenstra\u00dfe f\u00fchrt. Leider war der Gipfel in Wolken. Hatte noch etwas gewartet und war dann noch Tanken und hab mir in der Tanke einen Hamburger mitgenommen. Es h\u00e4tte durchaus noch sein k\u00f6nnen, dass die Aufklarung auch diesen Gipfel erreicht, aber da es nur noch 1 Stunde bis zum Sonnenuntergang war, hab ich den Versuch nicht unternommen. Vielleicht \u00fcbern\u00e4chste Woche.<\/p>\n<p><a href='http:\/\/extra.inmontanis.info\/d\/29689-2\/DSC01800.jpg'><img src=http:\/\/extra.inmontanis.info\/d\/29688-3\/DSC01800.jpg \/><\/a><br \/>\n^ Auf der 311 zwischen Mora und der Grenze<\/p>\n<p><a href='http:\/\/extra.inmontanis.info\/d\/29693-2\/DSC01818.jpg'><img src=http:\/\/extra.inmontanis.info\/d\/29692-3\/DSC01818.jpg \/><\/a><br \/>\n^ Wieder auf einer Stra\u00dfe mit der Nummer 26, diesmal allerdings in Norwegen, richtung Tolga<\/p>\n<p><a href='http:\/\/extra.inmontanis.info\/d\/29697-2\/DSC01831.jpg'><img src=http:\/\/extra.inmontanis.info\/d\/29696-3\/DSC01831.jpg \/><\/a><br \/>\n^ Da vorne ist der Tron, hier w\u00fcrde norwegens zweith\u00f6chste Touristenstra\u00dfe bis zum Gipfel gehen &#8211; aber das macht bei den Wolken heute leider keinen Sinn.<\/p>\n<p>Von hier aus zu meinem morgigen Ziel gab es mind. 3 Varianten, von denen ich 2 schon gefahren bin &#8211; also nahm ich die andere via Oppdal, wo ich aber evtl. in 2 Wochen wg. der Poma-EUB (nur im Sommer, Gruppen aus 4er und 6er Gondeln) nochmal herschau &#8211; leider derzeit nur noch am WE in Betrieb. <\/p>\n<p><a href='http:\/\/ski.inmontanis.info\/d\/204052-2\/DSC01855.jpg'><img src=http:\/\/ski.inmontanis.info\/d\/204051-3\/DSC01855.jpg \/><\/a><br \/>\n^ Im Winter 4KSB, im Sommer eine kuriose Gruppen-EUB mit Poma-Oeufs (4 Personen) und Poma-Back2Back-6er-Kabinen (umgebaut f\u00fcr 2 Personen + Rollstuhl etc.)<\/p>\n<p>Zur Erinnerung, Winter 2011:<br \/>\n<a href='http:\/\/ski.inmontanis.info\/d\/132974-3\/DSC03847.jpg'><img src=http:\/\/ski.inmontanis.info\/d\/132973-4\/DSC03847.jpg \/><\/a><br \/>\n^ SL und 4 KSB Hovden (K-L), im Sommer eine Gondelbahn<\/p>\n<p><a href='http:\/\/ski.inmontanis.info\/d\/132978-3\/DSC03856.jpg'><img src=http:\/\/ski.inmontanis.info\/d\/132977-4\/DSC03856.jpg \/><\/a><br \/>\n^ Die kleinen Kabinen sind f\u00fcr 4 Personen, die gro\u00dfen nur f\u00fcr 2 plus Rollstuhl. Ne hohe F\u00f6rderleistung hat man damit im Sommer also nicht &#8230;.<\/p>\n<p>Danach wurde es auch schon dunkel, was durch Wolken und etwas Regen noch etwas schneller ging, so dass ich die nun folgende Trollheimen-Stra\u00dfe gar nicht mehr ganz durchfuhr, sondern auf einer (breiteren) Stra\u00dfenausbuchtung \u00fcbernachtete. <\/p>\n<p><a href='http:\/\/extra.inmontanis.info\/d\/29701-2\/DSC01862.jpg'><img src=http:\/\/extra.inmontanis.info\/d\/29700-3\/DSC01862.jpg \/><\/a><br \/>\n^ Fast&#8230; Wobei das norwegische &#8220;o&#8221; ja zumeist als &#8220;u&#8221; ausgesprochen wird. (Das &#8220;\u00e5&#8221; ist das &#8220;o&#8221; und das &#8220;u&#8221; meist ein &#8220;\u00fc&#8221;)<\/p>\n<p>Durch den eher fr\u00fchen Stopp und die ausreichende Zeit f\u00fcr morgen (sogar ein Umweg \u00fcber den Trollstigen w\u00e4re zeitlich noch drin) konnte ich noch ein paar F\u00e4hren-Fahrzeiten sowie Wettervorhersagen und  Routenvarianten\/Ziele f\u00fcr die n\u00e4chsten Tage nachschauen bzw. ausrechnen. Offen bleibt noch etwas die Reihenfolge und der Montag, der wetterm\u00e4\u00dfig etwas schlechter werden soll &#8211; und ich mir auch nach wie vor nicht sicher bin, ob ich nun zwei Skitage einlegen will und wenn ja, ob die tats\u00e4chlich nacheinenander sein m\u00fcssen oder ob ich mir eines f\u00fcr n\u00e4chste Woche aufheb &#8211; wo dann auch wieder die Frage ist, ob ich die Poma-EUB in Oppdal nun \u00fcbern\u00e4chsten SA heimwegm\u00e4\u00dfig noch mitnehmen will oder nicht &#8230;<\/p>\n<p>Das ist manchmal das Kuriose an diesen Planungen: Du wei\u00dft gar nicht, wo du morgen abend hinf\u00e4hrst, darfst aber auch nicht das Gesamte vergessen und planst teilweise schon f\u00fcr Mitte\/Ende der Woche, ob sich das und jenes ausgeht etc.<\/p>\n<p><a href='http:\/\/extra.inmontanis.info\/d\/29705-2\/IMG_1493.jpg'><img src=http:\/\/extra.inmontanis.info\/d\/29704-3\/IMG_1493.jpg \/><\/a><br \/>\n^ So schauen dann abends (oder manchmal auch untertags) die Notizen der Planungen aus. Wo k\u00f6nnte man die n\u00e4chsten Tage hinfahren? Darunter: Welche F\u00e4hren fahren wann morgen auf dem Weg richtung Vestkapp?<\/p>\n<p><a href='http:\/\/extra.inmontanis.info\/d\/29709-2\/IMG_1494.jpg'><img src=http:\/\/extra.inmontanis.info\/d\/29708-3\/IMG_1494.jpg \/><\/a><br \/>\n^ .. und wie sind die Wettervorhersagen der n\u00e4chsten Tage?<\/p>\n<p>(Fortsetzung folgt.)<\/p>\n","protected":false},"excerpt":{"rendered":"<p>Sa, 5.9.2015 &#8211; Tag 2 &#8211; km 2.333 (Diff. 779 km) &#8211; Gesundaberget<\/p>\n<p>Hauptziel des heutigen Tages war Gesundaberget. Die Graffer-DSB, die ich schon im Sommer 2006 und Winter 2011 nicht fahren konnte &#8211; obwohl es jeweils Betrieb lt. Homepage h\u00e4tte geben sollen. Nun, diesmal waren die Infos aktueller auf Facebook (kann auch gut sein, <a href=\"http:\/\/blog.inmontanis.info\/?p=3462\">[&#8230;]<\/a><\/p>\n","protected":false},"author":1,"featured_media":0,"comment_status":"closed","ping_status":"closed","sticky":false,"template":"","format":"standard","meta":{"footnotes":""},"categories":[148,674,18,59,19],"tags":[42,39,38,91,90,133,45,47],"class_list":["post-3462","post","type-post","status-publish","format-standard","hentry","category-2015-09-skandinavischer-spatsommer","category-gesundaberget","category-norwegennorway","category-nostalgie","category-schwedensweden","tag-4eub","tag-6eub","tag-dsb","tag-graffer","tag-infrarot","tag-kanalcanal","tag-see","tag-sl","odd"],"_links":{"self":[{"href":"http:\/\/blog.inmontanis.info\/index.php?rest_route=\/wp\/v2\/posts\/3462","targetHints":{"allow":["GET"]}}],"collection":[{"href":"http:\/\/blog.inmontanis.info\/index.php?rest_route=\/wp\/v2\/posts"}],"about":[{"href":"http:\/\/blog.inmontanis.info\/index.php?rest_route=\/wp\/v2\/types\/post"}],"author":[{"embeddable":true,"href":"http:\/\/blog.inmontanis.info\/index.php?rest_route=\/wp\/v2\/users\/1"}],"replies":[{"embeddable":true,"href":"http:\/\/blog.inmontanis.info\/index.php?rest_route=%2Fwp%2Fv2%2Fcomments&post=3462"}],"version-history":[{"count":2,"href":"http:\/\/blog.inmontanis.info\/index.php?rest_route=\/wp\/v2\/posts\/3462\/revisions"}],"predecessor-version":[{"id":3464,"href":"http:\/\/blog.inmontanis.info\/index.php?rest_route=\/wp\/v2\/posts\/3462\/revisions\/3464"}],"wp:attachment":[{"href":"http:\/\/blog.inmontanis.info\/index.php?rest_route=%2Fwp%2Fv2%2Fmedia&parent=3462"}],"wp:term":[{"taxonomy":"category","embeddable":true,"href":"http:\/\/blog.inmontanis.info\/index.php?rest_route=%2Fwp%2Fv2%2Fcategories&post=3462"},{"taxonomy":"post_tag","embeddable":true,"href":"http:\/\/blog.inmontanis.info\/index.php?rest_route=%2Fwp%2Fv2%2Ftags&post=3462"}],"curies":[{"name":"wp","href":"https:\/\/api.w.org\/{rel}","templated":true}]}}