{"id":3458,"date":"2015-09-04T23:01:37","date_gmt":"2015-09-04T21:01:37","guid":{"rendered":"http:\/\/blog.inmontanis.info\/?p=3458"},"modified":"2015-09-27T19:36:32","modified_gmt":"2015-09-27T17:36:32","slug":"deutschland-schweden-3-4-9-2015","status":"publish","type":"post","link":"http:\/\/blog.inmontanis.info\/?p=3458","title":{"rendered":"Deutschland-Schweden, 3.+4.9.2015"},"content":{"rendered":"<p><strong>Do, 3.9.2015 &#8211; Tag 0,5 &#8211; km 1.061<\/strong> &#8211; After-Work Deutschlanddurchquerung<\/p>\n<p>Wie schon vor 2 Jahren fuhr ich heute, Donnerstag, um 17 Uhr, nach der Arbeit los und wollte wieder bis Flensburg kommen, so dass ich die ganzen eventuellen Staus morgen Vormittag in Deutschland umgangen h\u00e4tte. Den ersten Stau hatte ich aber gleich mal in Innsbruck. Ibk West raus, in V\u00f6ls wollt ich noch nicht wieder auf die Autobahn, in Kematen dann Stau an einer Baustelle, in Zirl Ost war die Auffahrt baustellenbeding gesperrt, also bis Zirl West weiterfahren. Das hat&#8217;s nicht gebracht.<\/p>\n<p>Auch der Fernpass war kurzzeitig wg. eines Unfalls gesperrt, war dann aber zum Gl\u00fcck wieder offen, bis ich dort war. Danach noch etliche Schnarchnasen bis ich in F\u00fcssen endlich auf die A7 kam. Im Prinzip ist das ja schon eine sehr sinnvolle Idee, Deutschland in der Nacht zu durchfahren. Die zumeist zweispurige A7 ist aber mit vielen Baustellen versehen, und wenn es die nicht sind, sind es \u00fcberholende Langsamfahrer (nicht nur LKWs) oder Geschwindigkeitsbeschr\u00e4nkungen &#8211; nur auf wenigen St\u00fccken um Hannover konnte ich mal ein paar Minuten 150 fahren.<\/p>\n<p>Zwischenstation an einem  McDonalds bzw. an zwei, weil der erste kein McRib hatte. Beim zweiten dann McRib + Apple Beef irgendwas gekauft, Aktionsburger, sah mir interessant aus, mit \u00fcber 9,- zusammen etwas teuer und nat\u00fcrlich auch viel zu viel &#8211; den Rest a\u00df ich dann kalt gegen Mitternacht :)<\/p>\n<p>Die Zeitverluste hielten sich in Grenzen und gegen 3:45 Uhr war ich am Scandinavia Park vor der Grenze zu D\u00e4nemark. <\/p>\n<p>(Fotos anklicken zum Vergr\u00f6\u00dfern)<\/p>\n<p><a href='http:\/\/extra.inmontanis.info\/d\/29569-3\/ge-201509route5.jpg'><img src=http:\/\/extra.inmontanis.info\/d\/29568-4\/ge-201509route5.jpg \/><\/a><br \/>\n^ Rot links unten: Strecke 3.9. -> in Folge Blau = 4.9.<\/p>\n<p><a href='http:\/\/extra.inmontanis.info\/d\/29573-2\/ge-skandi2006-2011-2013-2015b.jpg'><img src=http:\/\/extra.inmontanis.info\/d\/29572-3\/ge-skandi2006-2011-2013-2015b.jpg \/><\/a><br \/>\n^ Meine bisherigen Skandinavienreisen im \u00dcberblick: Gr\u00fcn = Juni 2006, Dunkelblau = April 2011, T\u00fcrkis = September 2013, Rot = September 2015<br \/>\n.. ich kenn mich in Norwegen mittlerweile besser aus als im Gro\u00dfteil \u00d6sterreichs :) Wobei insb. im unteren Bereich g\u00e4be es noch viel, auch interessante, Stra\u00dfen zu fahren.<\/p>\n<p><a href='http:\/\/extra.inmontanis.info\/d\/29577-2\/DSC01541.jpg'><img src=http:\/\/extra.inmontanis.info\/d\/29576-3\/DSC01541.jpg \/><\/a><br \/>\n^ Auf der A7, von F\u00fcssen bis Flensburg, Deutschlands l\u00e4ngste Autobahn<\/p>\n<p><a href='http:\/\/extra.inmontanis.info\/d\/29581-2\/DSC01547.jpg'><img src=http:\/\/extra.inmontanis.info\/d\/29580-3\/DSC01547.jpg \/><\/a><br \/>\n^ 11 Grad um 1:11 Uhr &#8211; das findet man nachts nat\u00fcrlich witzig und fotografierenswert :)<\/p>\n<p><a href='http:\/\/extra.inmontanis.info\/d\/29585-2\/DSC01548.jpg'><img src=http:\/\/extra.inmontanis.info\/d\/29584-3\/DSC01548.jpg \/><\/a><br \/>\n^ 2:08 Uhr, A7, durch Hamburg<\/p>\n<p><a href='http:\/\/extra.inmontanis.info\/d\/29589-2\/DSC01554.jpg'><img src=http:\/\/extra.inmontanis.info\/d\/29588-3\/DSC01554.jpg \/><\/a><br \/>\n^ 3:41 Uhr, knapp 10 Stunden Autofahrt nach der Arbeit, am Scandinavia Park vor der d\u00e4nischen Grenze, Deutschland liegt hinter mir &#8211; Zeit zum Schlafen gehen<\/p>\n<p><strong>Fr, 4.9.2015 &#8211; Tag 1 &#8211; km 1.554 (Diff. 493 km)<\/strong> &#8211; F\u00e4hre<\/p>\n<p>Die Nacht h\u00e4tte mit geplanten 5,5 Stunden zwar eh schon etwas k\u00fcrzer sein sollen, wurde dann aber leider noch k\u00fcrzer: Nach 2,5 h musste ich dringend aufs Klo, danach schlief ich aber auch nicht mehr richtig ein und um 9 Uhr stand ich etwas fr\u00fcher als geplant auf, ging im Scandipark einkaufen (einen Teil meiner skandinavischen Naschsachen somit bereits gekauft), an der Takstelle tanken und nahm mir wieder eines der leckeren Frikadellen-mit-s\u00fc\u00dfem-Kraut-Br\u00f6tchen mit. Ich hatte noch \u00fcber 1 Stunde Pufferzeit, die durch einen kleinen, unfallbedingten Stau bei Arhus um ca. 10 Minuten verk\u00fcrzt wurde. Die Wartezeit an der F\u00e4hre nahm ich zum Planen der Fahrt f\u00fcr heute abend (mit ein bissl Umweg auf sehenswerten Stra\u00dfen), da musste ich auch schon auf die F\u00e4hre fahren.<\/p>\n<p>Als F\u00e4hre hab ich wie vor 2 Jahren wieder Grenaa-Varberg gebucht (79,- \u20ac, glaub Samstag w\u00e4rs noch etwas g\u00fcnstiger gewesen), 14:20 Abfahrt, nur 30 min Check-in und Ankunft 18:45 Uhr. Halt eine etwas kleinere F\u00e4hre, aber g\u00fcnstiger als die Br\u00fccken und zeitm\u00e4\u00dfig eben gut erreichbar, wenn ich erst um 17 Uhr von der Arbeit losfahre. <\/p>\n<p>\u00dcbernachtet hab ich an einem Parkplatz etwas abseits der (ich glaub) E20 mit WC &#8211; praktisch, so konnte ich mir am n\u00e4chsten Morgen gleich die Haare waschen :) Denn das fand ich ja vor 2 Jahren schon recht praktisch, wenn man keine Raststationen mit Duschen hat: Wasser in die Flasche, Haare \u00fcber dem Rastplatz-WC befeuchten, Shampoo drauf und mit wenig Wasser absp\u00fclen, mit Handtuch abtrocknen &#8211; fertig, schon f\u00fchlt man sich wieder frisch. Den Rest kann man abends im Bett vor dem Schlafengehen mit etwas Duschgel und dem mit etwas Wasser befeuchtetem, alten Unterhemd auffrischen. Ja, man k\u00f6nnte sich auch einen Waschlappen mitnehmen ;)<\/p>\n<p>(Fotos anklicken zum Vergr\u00f6\u00dfern)<\/p>\n<p><a href='http:\/\/extra.inmontanis.info\/d\/29593-2\/DSC01556.jpg'><img src=http:\/\/extra.inmontanis.info\/d\/29592-3\/DSC01556.jpg \/><\/a><br \/>\n^ D\u00e4nische Autobahn, sp\u00e4ter leider  ein kurzer unfallbedinger Stau<\/p>\n<p><a href='http:\/\/extra.inmontanis.info\/d\/29597-2\/DSC01562.jpg'><img src=http:\/\/extra.inmontanis.info\/d\/29596-3\/DSC01562.jpg \/><\/a><br \/>\n^ Grenaa Hafen, F\u00e4hre nach Varberg (Schweden)<\/p>\n<p><a href='http:\/\/extra.inmontanis.info\/d\/29601-2\/DSC02163-sony-24.jpg'><img src=http:\/\/extra.inmontanis.info\/d\/29600-3\/DSC02163-sony-24.jpg \/><\/a><br \/>\n^ Grenaa Hafen (IR)<\/p>\n<p><a href='http:\/\/extra.inmontanis.info\/d\/29605-2\/DSC01573.jpg'><img src=http:\/\/extra.inmontanis.info\/d\/29604-3\/DSC01573.jpg \/><\/a><br \/>\n^ Links: Graues Meer durch graue Wolken, Rechts: Blaues Meer durch blauen Himmel<\/p>\n<p><a href='http:\/\/extra.inmontanis.info\/d\/29609-2\/DSC02167.jpg'><img src=http:\/\/extra.inmontanis.info\/d\/29608-3\/DSC02167.jpg \/><\/a><br \/>\n^ Windpark im Meer<\/p>\n<p><a href='http:\/\/extra.inmontanis.info\/d\/29613-2\/DSC01580.jpg'><img src=http:\/\/extra.inmontanis.info\/d\/29612-3\/DSC01580.jpg \/><\/a><br \/>\n^ Lakritz-Vanille-Eis &#8211; brauch ich auch kein zweites Mal.<\/p>\n<p><a href='http:\/\/extra.inmontanis.info\/d\/29617-2\/DSC01585.jpg'><img src=http:\/\/extra.inmontanis.info\/d\/29616-3\/DSC01585.jpg \/><\/a><br \/>\n^ Stena-Line-F\u00e4hre<\/p>\n<p><a href='http:\/\/extra.inmontanis.info\/d\/29621-2\/DSC01590.jpg'><img src=http:\/\/extra.inmontanis.info\/d\/29620-3\/DSC01590.jpg \/><\/a><br \/>\n^ Das Wetter war gemischt, aber die See war recht ruhig<\/p>\n<p><a href='http:\/\/extra.inmontanis.info\/d\/29625-2\/DSC01593.jpg'><img src=http:\/\/extra.inmontanis.info\/d\/29624-3\/DSC01593.jpg \/><\/a><br \/>\n^ Rettungsboot<\/p>\n<p><a href='http:\/\/extra.inmontanis.info\/d\/29629-2\/DSC01597.jpg'><img src=http:\/\/extra.inmontanis.info\/d\/29628-3\/DSC01597.jpg \/><\/a><br \/>\n^ Ankunft in Varberg \/ Schweden<\/p>\n<p><a href='http:\/\/extra.inmontanis.info\/d\/29633-2\/DSC01600.jpg'><img src=http:\/\/extra.inmontanis.info\/d\/29632-3\/DSC01600.jpg \/><\/a><br \/>\n^ Kleine Inselchen vor Varberg<\/p>\n<p><a href='http:\/\/extra.inmontanis.info\/d\/29637-2\/DSC01610.jpg'><img src=http:\/\/extra.inmontanis.info\/d\/29636-3\/DSC01610.jpg \/><\/a><br \/>\n^ Zwischen Varberg und Kungsbacka<\/p>\n<p><a href='http:\/\/extra.inmontanis.info\/d\/29641-2\/DSC01619.jpg'><img src=http:\/\/extra.inmontanis.info\/d\/29640-3\/DSC01619.jpg \/><\/a><br \/>\n^ Hm. Ein wei\u00dfer Elefant mit Halsband?<\/p>\n<p><a href='http:\/\/extra.inmontanis.info\/d\/29645-2\/DSC01621.jpg'><img src=http:\/\/extra.inmontanis.info\/d\/29644-3\/DSC01621.jpg \/><\/a><br \/>\n^ Der reinste Zirkus heute im Himmel, noch eine Elefanten-Wolke :-)<\/p>\n<p><a href='http:\/\/extra.inmontanis.info\/d\/29649-2\/DSC01627.jpg'><img src=http:\/\/extra.inmontanis.info\/d\/29648-3\/DSC01627.jpg \/><\/a><br \/>\n^ G\u00f6teborg<\/p>\n<p>Abendessen:<br \/>\n<a href='http:\/\/extra.inmontanis.info\/d\/29653-2\/IMG_1492.jpg'><img src=http:\/\/extra.inmontanis.info\/d\/29652-3\/IMG_1492.jpg \/><\/a><br \/>\n^ Max Hamburger, wird frisch gemacht und daher per se leckerer als McDonalds oder Burger King.<\/p>\n<p>Allerdings hatte ich das &#8220;Gl\u00fcck&#8221;, einen besonderen Burger zu erwischen, denn mitten auf dem Burger war &#8211; ein Plastikdeckel einer Getr\u00e4nkeflasche oder Saucenflasche!! Zum Gl\u00fcck fr\u00fchzeitig gemerkt und mir keine Z\u00e4hne daran ausgebissen. Das war dann auch mein letzter MAX in diesem Urlaub.<\/p>\n<p>(Fortsetzung folgt.)<\/p>\n","protected":false},"excerpt":{"rendered":"<p>Do, 3.9.2015 &#8211; Tag 0,5 &#8211; km 1.061 &#8211; After-Work Deutschlanddurchquerung<\/p>\n<p>Wie schon vor 2 Jahren fuhr ich heute, Donnerstag, um 17 Uhr, nach der Arbeit los und wollte wieder bis Flensburg kommen, so dass ich die ganzen eventuellen Staus morgen Vormittag in Deutschland umgangen h\u00e4tte. Den ersten Stau hatte ich aber gleich mal in <a href=\"http:\/\/blog.inmontanis.info\/?p=3458\">[&#8230;]<\/a><\/p>\n","protected":false},"author":1,"featured_media":0,"comment_status":"closed","ping_status":"closed","sticky":false,"template":"","format":"standard","meta":{"footnotes":""},"categories":[148,19],"tags":[37],"class_list":["post-3458","post","type-post","status-publish","format-standard","hentry","category-2015-09-skandinavischer-spatsommer","category-schwedensweden","tag-meer","odd"],"_links":{"self":[{"href":"http:\/\/blog.inmontanis.info\/index.php?rest_route=\/wp\/v2\/posts\/3458","targetHints":{"allow":["GET"]}}],"collection":[{"href":"http:\/\/blog.inmontanis.info\/index.php?rest_route=\/wp\/v2\/posts"}],"about":[{"href":"http:\/\/blog.inmontanis.info\/index.php?rest_route=\/wp\/v2\/types\/post"}],"author":[{"embeddable":true,"href":"http:\/\/blog.inmontanis.info\/index.php?rest_route=\/wp\/v2\/users\/1"}],"replies":[{"embeddable":true,"href":"http:\/\/blog.inmontanis.info\/index.php?rest_route=%2Fwp%2Fv2%2Fcomments&post=3458"}],"version-history":[{"count":2,"href":"http:\/\/blog.inmontanis.info\/index.php?rest_route=\/wp\/v2\/posts\/3458\/revisions"}],"predecessor-version":[{"id":3460,"href":"http:\/\/blog.inmontanis.info\/index.php?rest_route=\/wp\/v2\/posts\/3458\/revisions\/3460"}],"wp:attachment":[{"href":"http:\/\/blog.inmontanis.info\/index.php?rest_route=%2Fwp%2Fv2%2Fmedia&parent=3458"}],"wp:term":[{"taxonomy":"category","embeddable":true,"href":"http:\/\/blog.inmontanis.info\/index.php?rest_route=%2Fwp%2Fv2%2Fcategories&post=3458"},{"taxonomy":"post_tag","embeddable":true,"href":"http:\/\/blog.inmontanis.info\/index.php?rest_route=%2Fwp%2Fv2%2Ftags&post=3458"}],"curies":[{"name":"wp","href":"https:\/\/api.w.org\/{rel}","templated":true}]}}