{"id":3454,"date":"2015-08-30T23:03:13","date_gmt":"2015-08-30T21:03:13","guid":{"rendered":"http:\/\/blog.inmontanis.info\/?p=3454"},"modified":"2023-08-05T21:08:41","modified_gmt":"2023-08-05T19:08:41","slug":"st-anton-am-arlberg-30-8-2015","status":"publish","type":"post","link":"http:\/\/blog.inmontanis.info\/?p=3454","title":{"rendered":"St. Anton am Arlberg, 30.8.2015"},"content":{"rendered":"<p>Einen Tag nach Ischgl ging&#8217;s nach St. Anton &#8211; aus dem gleichen Grund: Ich war im Winter nur 2x und musste noch den dritten Tag vom Freizeitticket einl\u00f6sen ;-)<\/p>\n<p>Bei der Ankunft an der Nassereinbahn war ich etwas \u00fcberrascht, suggeriert das Sommerpano doch, dass auch diese und auch die Rendlbahn in Betrieb w\u00e4ren. Allerdings sind nicht alle Bahnen jeden Tag ge\u00f6ffnet, und diese beiden sonntags eben nicht. Dann zur Riesenradbahn. Dort aber nicht zum Parkplatz fahren d\u00fcrfen &#8211; somit auf der Hauptsra\u00dfe einen (kostenlosen) gefunden und ein bisschen mehr Fu\u00dfweg gehabt.<\/p>\n<p>Nat\u00fcrlich erst mal Valluga, sp\u00e4ter Gampen. Pano und Fernsicht waren sehr gut &#8211; und in der Nacharbeit hab ich einige \u00dcberraschungen entdeckt &#8230;<\/p>\n<p>(Fotos anklicken zum Vergr\u00f6\u00dfern)<\/p>\n<p><a href='http:\/\/ski.inmontanis.info\/d\/203722-2\/DSC01386.jpg'><img src=http:\/\/ski.inmontanis.info\/d\/203721-3\/DSC01386.jpg \/><\/a><br \/>\n^ Neue Parkplatzordnung in St. Anton. Vmtl. aufgrund des h\u00f6heren Verkehrsaufkommens wg. der Arlbergtunnelsperre?<\/p>\n<p><a href='http:\/\/ski.inmontanis.info\/d\/203726-2\/DSC01390.jpg'><img src=http:\/\/ski.inmontanis.info\/d\/203725-3\/DSC01390.jpg \/><\/a><br \/>\n^ <\/p>\n<p><a href='http:\/\/ski.inmontanis.info\/d\/203730-2\/DSC01392.jpg'><img src=http:\/\/ski.inmontanis.info\/d\/203729-3\/DSC01392.jpg \/><\/a><br \/>\n^ Sektion 2 und hinten Sektion 3. Und wer findet die St\u00fctzen der 3KSB Schindlergrat?<\/p>\n<p><a href='http:\/\/ski.inmontanis.info\/d\/203734-2\/DSC01394.jpg'><img src=http:\/\/ski.inmontanis.info\/d\/203733-3\/DSC01394.jpg \/><\/a><br \/>\n^ 3KSB Schindlergrat<\/p>\n<p><a href='http:\/\/ski.inmontanis.info\/d\/203738-2\/DSC01396.jpg'><img src=http:\/\/ski.inmontanis.info\/d\/203737-3\/DSC01396.jpg \/><\/a><br \/>\n^ <\/p>\n<p><a href='http:\/\/ski.inmontanis.info\/d\/203742-2\/DSC01400.jpg'><img src=http:\/\/ski.inmontanis.info\/d\/203741-3\/DSC01400.jpg \/><\/a><br \/>\n^ PB Valluga Sektionen 2+3<\/p>\n<p><a href='http:\/\/ski.inmontanis.info\/d\/203746-2\/DSC01402.jpg'><img src=http:\/\/ski.inmontanis.info\/d\/203745-3\/DSC01402.jpg \/><\/a><br \/>\n^ <\/p>\n<p><a href='http:\/\/ski.inmontanis.info\/d\/203750-2\/DSC01411.jpg'><img src=http:\/\/ski.inmontanis.info\/d\/203749-3\/DSC01411.jpg \/><\/a><br \/>\n^ Links Bergstation und Gondeln der Wildspitzbahn am Pitztaler Gletscher; rechts die Wildspitze<\/p>\n<p><a href='http:\/\/ski.inmontanis.info\/d\/203754-3\/DSC01412.jpg'><img src=http:\/\/ski.inmontanis.info\/d\/203753-3\/DSC01412.jpg \/><\/a><br \/>\n^ Wei\u00dfkugel<\/p>\n<p><a href='http:\/\/ski.inmontanis.info\/d\/203758-3\/DSC01413.jpg'><img src=http:\/\/ski.inmontanis.info\/d\/203757-3\/DSC01413.jpg \/><\/a><br \/>\n^ Na kuck mal an, was man hier sieht &#8211; die Geisterspitze samt Geister-SL am Stilfserjoch!<\/p>\n<p><a href='http:\/\/ski.inmontanis.info\/d\/203762-3\/DSC01416.jpg'><img src=http:\/\/ski.inmontanis.info\/d\/203761-3\/DSC01416.jpg \/><\/a><br \/>\n^ Bernina spitzt<\/p>\n<p><a href='http:\/\/ski.inmontanis.info\/d\/203766-3\/DSC01419.jpg'><img src=http:\/\/ski.inmontanis.info\/d\/203765-3\/DSC01419.jpg \/><\/a><br \/>\n^ Weitere kleine Gletscher in der N\u00e4he<\/p>\n<p><img src=http:\/\/ski.inmontanis.info\/d\/203769-3\/DSC01421.jpg \/><br \/>\n^ Das weiteste, was man von der Valluga aus sehen kann, ist mit 215 km T\u00e4schhorn und Dom, also bei Saas Fee, kurz vorm Monte Rosa<\/p>\n<p><a href='http:\/\/ski.inmontanis.info\/d\/203773-3\/DSC01430.jpg'><img src=http:\/\/ski.inmontanis.info\/d\/203772-3\/DSC01430.jpg \/><\/a><br \/>\n^ <\/p>\n<p><a href='http:\/\/ski.inmontanis.info\/d\/203777-3\/DSC01431.jpg'><img src=http:\/\/ski.inmontanis.info\/d\/203776-3\/DSC01431.jpg \/><\/a><br \/>\n^ <\/p>\n<p><a href='http:\/\/ski.inmontanis.info\/d\/203781-3\/DSC01423.jpg'><img src=http:\/\/ski.inmontanis.info\/d\/203780-3\/DSC01423.jpg \/><\/a><br \/>\n^ <\/p>\n<p><a href='http:\/\/ski.inmontanis.info\/d\/203785-3\/DSC01434.jpg'><img src=http:\/\/ski.inmontanis.info\/d\/203784-3\/DSC01434.jpg \/><\/a><br \/>\n^ <\/p>\n<p><a href='http:\/\/ski.inmontanis.info\/d\/203789-3\/DSC01433.jpg'><img src=http:\/\/ski.inmontanis.info\/d\/203788-3\/DSC01433.jpg \/><\/a><br \/>\n^ <\/p>\n<p><a href='http:\/\/ski.inmontanis.info\/d\/203793-2\/DSC02146.jpg'><img src=http:\/\/ski.inmontanis.info\/d\/203792-3\/DSC02146.jpg \/><\/a><br \/>\n^ Bodensee (IR)<\/p>\n<p><a href='http:\/\/ski.inmontanis.info\/d\/203797-2\/DSC01438.jpg'><img src=http:\/\/ski.inmontanis.info\/d\/203796-3\/DSC01438.jpg \/><\/a><br \/>\n^ <\/p>\n<p><a href='http:\/\/ski.inmontanis.info\/d\/203801-2\/DSC01443.jpg'><img src=http:\/\/ski.inmontanis.info\/d\/203800-3\/DSC01443.jpg \/><\/a><br \/>\n^ <\/p>\n<p><a href='http:\/\/ski.inmontanis.info\/d\/203805-2\/DSC01450.jpg'><img src=http:\/\/ski.inmontanis.info\/d\/203804-3\/DSC01450.jpg \/><\/a><br \/>\n^ <\/p>\n<p><a href='http:\/\/ski.inmontanis.info\/d\/203809-2\/DSC01452.jpg'><img src=http:\/\/ski.inmontanis.info\/d\/203808-3\/DSC01452.jpg \/><\/a><br \/>\n^ <\/p>\n<p><a href='http:\/\/ski.inmontanis.info\/d\/203813-3\/DSC01454.jpg'><img src=http:\/\/ski.inmontanis.info\/d\/203812-3\/DSC01454.jpg \/><\/a><br \/>\n^ <\/p>\n<p><a href='http:\/\/ski.inmontanis.info\/d\/203817-3\/DSC01464.jpg'><img src=http:\/\/ski.inmontanis.info\/d\/203816-3\/DSC01464.jpg \/><\/a><br \/>\n^ Miniatur-Effekt<\/p>\n<p><a href='http:\/\/ski.inmontanis.info\/d\/203821-3\/DSC01460.jpg'><img src=http:\/\/ski.inmontanis.info\/d\/203820-3\/DSC01460.jpg \/><\/a><br \/>\n^ Schindlergrat im Miniatur-Effekt<\/p>\n<p><a href='http:\/\/ski.inmontanis.info\/d\/203825-3\/DSC01461.jpg'><img src=http:\/\/ski.inmontanis.info\/d\/203824-3\/DSC01461.jpg \/><\/a><br \/>\n^ Miniatur-Effekt<\/p>\n<p><a href='http:\/\/ski.inmontanis.info\/d\/203829-3\/DSC01467.jpg'><img src=http:\/\/ski.inmontanis.info\/d\/203828-3\/DSC01467.jpg \/><\/a><br \/>\n^ Arlbergpass &#8211; St. Christoph im Miniatur-Effekt<\/p>\n<p><a href='http:\/\/ski.inmontanis.info\/d\/203833-3\/DSC01471.jpg'><img src=http:\/\/ski.inmontanis.info\/d\/203832-3\/DSC01471.jpg \/><\/a><br \/>\n^ <\/p>\n<p><a href='http:\/\/ski.inmontanis.info\/d\/203837-3\/DSC01474.jpg'><img src=http:\/\/ski.inmontanis.info\/d\/203836-3\/DSC01474.jpg \/><\/a><br \/>\n^ <\/p>\n<p><a href='http:\/\/ski.inmontanis.info\/d\/203841-3\/DSC01475.jpg'><img src=http:\/\/ski.inmontanis.info\/d\/203840-3\/DSC01475.jpg \/><\/a><br \/>\n^ 3KSB Schindlergrat<\/p>\n<p><a href='http:\/\/ski.inmontanis.info\/d\/203845-3\/DSC01476.jpg'><img src=http:\/\/ski.inmontanis.info\/d\/203844-3\/DSC01476.jpg \/><\/a><br \/>\n^ <\/p>\n<p><a href='http:\/\/ski.inmontanis.info\/d\/203849-3\/DSC01478.jpg'><img src=http:\/\/ski.inmontanis.info\/d\/203848-3\/DSC01478.jpg \/><\/a><br \/>\n^ <\/p>\n<p><a href='http:\/\/ski.inmontanis.info\/d\/203853-3\/DSC01480.jpg'><img src=http:\/\/ski.inmontanis.info\/d\/203852-3\/DSC01480.jpg \/><\/a><br \/>\n^ <\/p>\n<p><a href='http:\/\/ski.inmontanis.info\/d\/203857-3\/DSC01492.jpg'><img src=http:\/\/ski.inmontanis.info\/d\/203856-3\/DSC01492.jpg \/><\/a><br \/>\n^ <\/p>\n<p><a href='http:\/\/ski.inmontanis.info\/d\/203861-3\/DSC01500.jpg'><img src=http:\/\/ski.inmontanis.info\/d\/203860-3\/DSC01500.jpg \/><\/a><br \/>\n^ W\u00e4re sch\u00f6n, wenn die H\u00fctte dort die Bergstation eines von links kommenden SL w\u00e4re ;-)<\/p>\n<p><a href='http:\/\/ski.inmontanis.info\/d\/203865-2\/DSC01507.jpg'><img src=http:\/\/ski.inmontanis.info\/d\/203864-3\/DSC01507.jpg \/><\/a><br \/>\n^ <\/p>\n<p><a href='http:\/\/ski.inmontanis.info\/d\/203869-2\/DSC01509.jpg'><img src=http:\/\/ski.inmontanis.info\/d\/203868-3\/DSC01509.jpg \/><\/a><br \/>\n^ <\/p>\n<p><a href='http:\/\/ski.inmontanis.info\/d\/203873-2\/DSC01510.jpg'><img src=http:\/\/ski.inmontanis.info\/d\/203872-3\/DSC01510.jpg \/><\/a><br \/>\n^ <\/p>\n<p><a href='http:\/\/ski.inmontanis.info\/d\/203877-2\/DSC02159.jpg'><img src=http:\/\/ski.inmontanis.info\/d\/203876-3\/DSC02159.jpg \/><\/a><br \/>\n^ Falschfarb-IR<\/p>\n<p><a href='http:\/\/ski.inmontanis.info\/d\/203881-2\/DSC01511.jpg'><img src=http:\/\/ski.inmontanis.info\/d\/203880-3\/DSC01511.jpg \/><\/a><br \/>\n^ <\/p>\n<p><a href='http:\/\/ski.inmontanis.info\/d\/203885-2\/DSC01520.jpg'><img src=http:\/\/ski.inmontanis.info\/d\/203884-3\/DSC01520.jpg \/><\/a><br \/>\n^ <\/p>\n<p><a href='http:\/\/ski.inmontanis.info\/d\/203889-2\/DSC01523.jpg'><img src=http:\/\/ski.inmontanis.info\/d\/203888-3\/DSC01523.jpg \/><\/a><br \/>\n^ St. Anton<\/p>\n<p><a href='http:\/\/ski.inmontanis.info\/d\/203893-2\/DSC01528.jpg'><img src=http:\/\/ski.inmontanis.info\/d\/203892-3\/DSC01528.jpg \/><\/a><br \/>\n^ Sommerparkpl\u00e4tze, aber wie kommt man da hin, wenn die  Stra\u00dfe weiter unten von einem Wachmann versperrt wird?!<\/p>\n","protected":false},"excerpt":{"rendered":"<p>Einen Tag nach Ischgl ging&#8217;s nach St. Anton &#8211; aus dem gleichen Grund: Ich war im Winter nur 2x und musste noch den dritten Tag vom Freizeitticket einl\u00f6sen ;-)<\/p>\n<p>Bei der Ankunft an der Nassereinbahn war ich etwas \u00fcberrascht, suggeriert das Sommerpano doch, dass auch diese und auch die Rendlbahn in Betrieb w\u00e4ren. Allerdings sind <a href=\"http:\/\/blog.inmontanis.info\/?p=3454\">[&#8230;]<\/a><\/p>\n","protected":false},"author":1,"featured_media":0,"comment_status":"closed","ping_status":"closed","sticky":false,"template":"","format":"standard","meta":{"footnotes":""},"categories":[25,13,838],"tags":[55,49,56,90,52,45,47],"class_list":["post-3454","post","type-post","status-publish","format-standard","hentry","category-noreport","category-austria","category-st-anton","tag-3sb","tag-4sb","tag-6sb","tag-infrarot","tag-pb","tag-see","tag-sl","odd"],"_links":{"self":[{"href":"http:\/\/blog.inmontanis.info\/index.php?rest_route=\/wp\/v2\/posts\/3454","targetHints":{"allow":["GET"]}}],"collection":[{"href":"http:\/\/blog.inmontanis.info\/index.php?rest_route=\/wp\/v2\/posts"}],"about":[{"href":"http:\/\/blog.inmontanis.info\/index.php?rest_route=\/wp\/v2\/types\/post"}],"author":[{"embeddable":true,"href":"http:\/\/blog.inmontanis.info\/index.php?rest_route=\/wp\/v2\/users\/1"}],"replies":[{"embeddable":true,"href":"http:\/\/blog.inmontanis.info\/index.php?rest_route=%2Fwp%2Fv2%2Fcomments&post=3454"}],"version-history":[{"count":3,"href":"http:\/\/blog.inmontanis.info\/index.php?rest_route=\/wp\/v2\/posts\/3454\/revisions"}],"predecessor-version":[{"id":3457,"href":"http:\/\/blog.inmontanis.info\/index.php?rest_route=\/wp\/v2\/posts\/3454\/revisions\/3457"}],"wp:attachment":[{"href":"http:\/\/blog.inmontanis.info\/index.php?rest_route=%2Fwp%2Fv2%2Fmedia&parent=3454"}],"wp:term":[{"taxonomy":"category","embeddable":true,"href":"http:\/\/blog.inmontanis.info\/index.php?rest_route=%2Fwp%2Fv2%2Fcategories&post=3454"},{"taxonomy":"post_tag","embeddable":true,"href":"http:\/\/blog.inmontanis.info\/index.php?rest_route=%2Fwp%2Fv2%2Ftags&post=3454"}],"curies":[{"name":"wp","href":"https:\/\/api.w.org\/{rel}","templated":true}]}}