{"id":3440,"date":"2015-09-03T12:00:26","date_gmt":"2015-09-03T10:00:26","guid":{"rendered":"http:\/\/blog.inmontanis.info\/?p=3440"},"modified":"2015-10-08T08:04:52","modified_gmt":"2015-10-08T06:04:52","slug":"skandinavien-sommerherbst-2015","status":"publish","type":"post","link":"http:\/\/blog.inmontanis.info\/?p=3440","title":{"rendered":"Skandinavischer Sp\u00e4tsommer 2015 &#8211; Intro &#038; Best-Of"},"content":{"rendered":"<p>Da ich im August arbeitsbedingt nicht in Urlaub gehen konnte &#8211; und der Feiertag am 15.8. eh auf einen Samstag viel, lag es nicht so weit, Anfang September die Nordlicht-Skandinavientour von vor 2 Jahren zu wiederholen &#8211; kombiniert mit ein paar neuen Zielen und ein paar bereits 2006 besuchten Orten.<\/p>\n<p>Offen blieb noch der genaue Termin. Erst wollte ich nur vom 3.9. (ab 10 oder 12 Uhr) bis \u00fcbern\u00e4chsten Mi oder Do fahren. Auch, um in NO und SE an den beiden WE ein paar Lifte mitzunehmen, die nur an den WE in Betrieb sind. Zus\u00e4tzlich w\u00e4re ich somit am 19\/20. wieder daheim geween, um dort evtl. wieder am Stubaier Skifahren zu k\u00f6nnen. Dies h\u00e4tte bedeutet, unter der Woche im Norden f\u00fcr die Nordlichter zu sein, was aber weder von der Nordlicht- noch von der Wettervorhersage so toll war. \u00dcberhaupt sprachen die Wettervorhersagen f\u00fcr n\u00e4chstes WE nichts Gutes, ob ich da wohl Gl\u00fcck mit den beiden DSBs in Gesunda und Spjelkavik haben w\u00fcrde?<\/p>\n<p>Schlussendlich meldeten die Berichte aber doch nicht mehr ganz sooo schlecht und so wollte ich es bereits f\u00fcr Samstag in Gesunda probieren und nahm mir nicht nur den Freitag frei, sondern auch die kompletten 2 Wochen, so dass ich im mittleren WE im Norden sein k\u00f6nnte, wo nicht nur die Nordlicht- sondern auch die Wettervorhersage positiver war.<\/p>\n<p>Im Nachhinein betrachtet hatte ich durchwegs gutes Wetter, zumindest f\u00fcr Skandinavien und diese Jahreszeit gab es viel Sonne und wenig Regen. Wobei ich nat\u00fcrlich auch immer etwas der Sonne nach gefahren bin.<\/p>\n<p>In Summe waren es<br \/>\n&#8211; ca. 12.310 km, damit ca. 600 km mehr als 2006 (bei ca. 6 Tage weniger)<br \/>\n&#8211; 18 F\u00e4hren (gleich viel wie 2006)<br \/>\n&#8211; ca. 5.400 Fotos\/Filmchen (ca. 600 mehr als 2006)<\/p>\n<p>Ein paar Fotos der ersten Woche:<br \/>\n<!--more--><br \/>\n<a href='http:\/\/extra.inmontanis.info\/d\/29421-2\/DSC01698.jpg'><img src=http:\/\/extra.inmontanis.info\/d\/29419-3\/DSC01698.jpg \/><\/a><\/p>\n<p><a href='http:\/\/extra.inmontanis.info\/d\/29425-2\/DSC01976.jpg'><img src=http:\/\/extra.inmontanis.info\/d\/29424-3\/DSC01976.jpg \/><\/a><\/p>\n<p><a href='http:\/\/extra.inmontanis.info\/d\/29429-2\/DSC02056.jpg'><img src=http:\/\/extra.inmontanis.info\/d\/29428-3\/DSC02056.jpg \/><\/a><\/p>\n<p><a href='http:\/\/extra.inmontanis.info\/d\/29433-2\/DSC02266.jpg'><img src=http:\/\/extra.inmontanis.info\/d\/29432-3\/DSC02266.jpg \/><\/a><\/p>\n<p><a href='http:\/\/extra.inmontanis.info\/d\/29437-2\/DSC02507.jpg'><img src=http:\/\/extra.inmontanis.info\/d\/29436-3\/DSC02507.jpg \/><\/a><\/p>\n<p><a href='http:\/\/extra.inmontanis.info\/d\/29441-2\/DSC02612.jpg'><img src=http:\/\/extra.inmontanis.info\/d\/29440-3\/DSC02612.jpg \/><\/a><\/p>\n<p><a href='http:\/\/extra.inmontanis.info\/d\/29445-2\/DSC02657.jpg'><img src=http:\/\/extra.inmontanis.info\/d\/29444-3\/DSC02657.jpg \/><\/a><\/p>\n<p><a href='http:\/\/extra.inmontanis.info\/d\/29449-2\/DSC02730.jpg'><img src=http:\/\/extra.inmontanis.info\/d\/29448-3\/DSC02730.jpg \/><\/a><\/p>\n<p><a href='http:\/\/extra.inmontanis.info\/d\/29453-2\/DSC02750.jpg'><img src=http:\/\/extra.inmontanis.info\/d\/29452-3\/DSC02750.jpg \/><\/a><\/p>\n<p><a href='http:\/\/extra.inmontanis.info\/d\/29457-2\/DSC02798.jpg'><img src=http:\/\/extra.inmontanis.info\/d\/29456-3\/DSC02798.jpg \/><\/a><\/p>\n<p><a href='http:\/\/extra.inmontanis.info\/d\/29461-2\/DSC03016.jpg'><img src=http:\/\/extra.inmontanis.info\/d\/29460-3\/DSC03016.jpg \/><\/a><\/p>\n<p><a href='http:\/\/extra.inmontanis.info\/d\/29465-2\/DSC03100.jpg'><img src=http:\/\/extra.inmontanis.info\/d\/29464-3\/DSC03100.jpg \/><\/a><\/p>\n<p><a href='http:\/\/extra.inmontanis.info\/d\/29469-2\/DSC03170.jpg'><img src=http:\/\/extra.inmontanis.info\/d\/29468-3\/DSC03170.jpg \/><\/a><\/p>\n<p><a href='http:\/\/extra.inmontanis.info\/d\/29473-2\/DSC03299.jpg'><img src=http:\/\/extra.inmontanis.info\/d\/29472-3\/DSC03299.jpg \/><\/a><\/p>\n<p><a href='http:\/\/extra.inmontanis.info\/d\/29477-2\/DSC03499.jpg'><img src=http:\/\/extra.inmontanis.info\/d\/29476-3\/DSC03499.jpg \/><\/a><\/p>\n<p><a href='http:\/\/extra.inmontanis.info\/d\/29481-2\/DSC03619.jpg'><img src=http:\/\/extra.inmontanis.info\/d\/29480-3\/DSC03619.jpg \/><\/a><\/p>\n<p>Ein paar Fotos der zweiten Woche:<\/p>\n<p><a href='http:\/\/extra.inmontanis.info\/d\/29485-2\/DSC03978.jpg'><img src=http:\/\/extra.inmontanis.info\/d\/29484-3\/DSC03978.jpg \/><\/a><\/p>\n<p><a href='http:\/\/extra.inmontanis.info\/d\/29489-2\/DSC04082.jpg'><img src=http:\/\/extra.inmontanis.info\/d\/29488-3\/DSC04082.jpg \/><\/a><\/p>\n<p><a href='http:\/\/extra.inmontanis.info\/d\/29493-2\/DSC04122.jpg'><img src=http:\/\/extra.inmontanis.info\/d\/29492-3\/DSC04122.jpg \/><\/a><\/p>\n<p><a href='http:\/\/extra.inmontanis.info\/d\/29497-2\/DSC04290.jpg'><img src=http:\/\/extra.inmontanis.info\/d\/29496-3\/DSC04290.jpg \/><\/a><\/p>\n<p><a href='http:\/\/extra.inmontanis.info\/d\/29501-2\/DSC04478.jpg'><img src=http:\/\/extra.inmontanis.info\/d\/29500-3\/DSC04478.jpg \/><\/a><\/p>\n<p><a href='http:\/\/extra.inmontanis.info\/d\/29505-2\/DSC04585.jpg'><img src=http:\/\/extra.inmontanis.info\/d\/29504-3\/DSC04585.jpg \/><\/a><\/p>\n<p><a href='http:\/\/extra.inmontanis.info\/d\/29509-2\/DSC04661.jpg'><img src=http:\/\/extra.inmontanis.info\/d\/29508-3\/DSC04661.jpg \/><\/a><\/p>\n<p><a href='http:\/\/extra.inmontanis.info\/d\/29513-2\/DSC04707.jpg'><img src=http:\/\/extra.inmontanis.info\/d\/29512-3\/DSC04707.jpg \/><\/a><\/p>\n<p><a href='http:\/\/extra.inmontanis.info\/d\/29517-2\/DSC04876.jpg'><img src=http:\/\/extra.inmontanis.info\/d\/29516-3\/DSC04876.jpg \/><\/a><\/p>\n<p><a href='http:\/\/extra.inmontanis.info\/d\/29521-2\/DSC05184.jpg'><img src=http:\/\/extra.inmontanis.info\/d\/29520-3\/DSC05184.jpg \/><\/a><\/p>\n<p><a href='http:\/\/extra.inmontanis.info\/d\/29525-2\/DSC05210.jpg'><img src=http:\/\/extra.inmontanis.info\/d\/29524-3\/DSC05210.jpg \/><\/a><\/p>\n<p><a href='http:\/\/extra.inmontanis.info\/d\/29529-2\/DSC05433.jpg'><img src=http:\/\/extra.inmontanis.info\/d\/29528-3\/DSC05433.jpg \/><\/a><\/p>\n<p><a href='http:\/\/extra.inmontanis.info\/d\/29533-2\/DSC05625.jpg'><img src=http:\/\/extra.inmontanis.info\/d\/29532-3\/DSC05625.jpg \/><\/a><\/p>\n<p><a href='http:\/\/extra.inmontanis.info\/d\/29537-2\/DSC05641.jpg'><img src=http:\/\/extra.inmontanis.info\/d\/29536-3\/DSC05641.jpg \/><\/a><\/p>\n<p><a href='http:\/\/extra.inmontanis.info\/d\/29541-2\/DSC05791.jpg'><img src=http:\/\/extra.inmontanis.info\/d\/29540-3\/DSC05791.jpg \/><\/a><\/p>\n<p><a href='http:\/\/extra.inmontanis.info\/d\/29545-2\/DSC05865.jpg'><img src=http:\/\/extra.inmontanis.info\/d\/29544-3\/DSC05865.jpg \/><\/a><\/p>\n<p><a href='http:\/\/extra.inmontanis.info\/d\/29549-2\/DSC06050.jpg'><img src=http:\/\/extra.inmontanis.info\/d\/29548-3\/DSC06050.jpg \/><\/a><\/p>\n<p><a href='http:\/\/extra.inmontanis.info\/d\/29553-2\/DSC06176.jpg'><img src=http:\/\/extra.inmontanis.info\/d\/29552-3\/DSC06176.jpg \/><\/a><\/p>\n<p><a href='http:\/\/extra.inmontanis.info\/d\/29557-2\/DSC06202.jpg'><img src=http:\/\/extra.inmontanis.info\/d\/29556-3\/DSC06202.jpg \/><\/a><\/p>\n<p><a href='http:\/\/extra.inmontanis.info\/d\/29561-2\/DSC06257.jpg'><img src=http:\/\/extra.inmontanis.info\/d\/29560-3\/DSC06257.jpg \/><\/a><\/p>\n<p><a href='http:\/\/extra.inmontanis.info\/d\/29565-2\/DSC06464.jpg'><img src=http:\/\/extra.inmontanis.info\/d\/29564-3\/DSC06464.jpg \/><\/a><\/p>\n<p><a href='http:\/\/extra.inmontanis.info\/d\/29569-2\/ge-201509route5.jpg'><img src=http:\/\/extra.inmontanis.info\/d\/29568-3\/ge-201509route5.jpg \/><\/a><br \/>\n^ Route mit Tagesetappen. Die letzten 3 Tage von N\u00e4he Lofoten bis heim waren ca. 3.500km &#8211; davon am letzten Tag 1597 km mit Zwischenhalt in Tschechien zum S\u00fc\u00dfigkeitenkauf abends nach 20 Uhr an einem sonntags bis 22 Uhr ge\u00f6ffneten Tesco-Supermarkt :)<\/p>\n<p>Detailberichte folgen.<\/p>\n","protected":false},"excerpt":{"rendered":"<p>Da ich im August arbeitsbedingt nicht in Urlaub gehen konnte &#8211; und der Feiertag am 15.8. eh auf einen Samstag viel, lag es nicht so weit, Anfang September die Nordlicht-Skandinavientour von vor 2 Jahren zu wiederholen &#8211; kombiniert mit ein paar neuen Zielen und ein paar bereits 2006 besuchten Orten.<\/p>\n<p>Offen blieb noch der genaue <a href=\"http:\/\/blog.inmontanis.info\/?p=3440\">[&#8230;]<\/a><\/p>\n","protected":false},"author":1,"featured_media":0,"comment_status":"closed","ping_status":"closed","sticky":false,"template":"","format":"standard","meta":{"footnotes":""},"categories":[148,20,18,19],"tags":[],"class_list":["post-3440","post","type-post","status-publish","format-standard","hentry","category-2015-09-skandinavischer-spatsommer","category-finnlandfinland","category-norwegennorway","category-schwedensweden","odd"],"_links":{"self":[{"href":"http:\/\/blog.inmontanis.info\/index.php?rest_route=\/wp\/v2\/posts\/3440","targetHints":{"allow":["GET"]}}],"collection":[{"href":"http:\/\/blog.inmontanis.info\/index.php?rest_route=\/wp\/v2\/posts"}],"about":[{"href":"http:\/\/blog.inmontanis.info\/index.php?rest_route=\/wp\/v2\/types\/post"}],"author":[{"embeddable":true,"href":"http:\/\/blog.inmontanis.info\/index.php?rest_route=\/wp\/v2\/users\/1"}],"replies":[{"embeddable":true,"href":"http:\/\/blog.inmontanis.info\/index.php?rest_route=%2Fwp%2Fv2%2Fcomments&post=3440"}],"version-history":[{"count":11,"href":"http:\/\/blog.inmontanis.info\/index.php?rest_route=\/wp\/v2\/posts\/3440\/revisions"}],"predecessor-version":[{"id":3483,"href":"http:\/\/blog.inmontanis.info\/index.php?rest_route=\/wp\/v2\/posts\/3440\/revisions\/3483"}],"wp:attachment":[{"href":"http:\/\/blog.inmontanis.info\/index.php?rest_route=%2Fwp%2Fv2%2Fmedia&parent=3440"}],"wp:term":[{"taxonomy":"category","embeddable":true,"href":"http:\/\/blog.inmontanis.info\/index.php?rest_route=%2Fwp%2Fv2%2Fcategories&post=3440"},{"taxonomy":"post_tag","embeddable":true,"href":"http:\/\/blog.inmontanis.info\/index.php?rest_route=%2Fwp%2Fv2%2Ftags&post=3440"}],"curies":[{"name":"wp","href":"https:\/\/api.w.org\/{rel}","templated":true}]}}