{"id":3427,"date":"2015-08-09T23:02:49","date_gmt":"2015-08-09T21:02:49","guid":{"rendered":"http:\/\/blog.inmontanis.info\/?p=3427"},"modified":"2023-07-01T20:58:47","modified_gmt":"2023-07-01T18:58:47","slug":"hintertuxer-gletscher-9-8-2015","status":"publish","type":"post","link":"http:\/\/blog.inmontanis.info\/?p=3427","title":{"rendered":"Hintertuxer Gletscher, 9.8.2015"},"content":{"rendered":"<p><strong>So, 9.8.2015<\/strong><\/p>\n<p>Im Gegensatz zum letzten Jahr funktioniert das heuer wetterbedingt mit dem 2-Wochen-Rhythmus. Blieb sogar trocken (Bergfex meldete ab Mittag Regen). Nachttemperaturen waren lt. Bergfex-Vorhersage 6-7\u00b0C, trotzdem war die Gefrorene Wand morgens noch sehr hart. Auf der Verbindung von der 10EUB zu den SL r\u00fcber ruppiges Blankeis mit Steinen, das hab ich mir in Folge dann gespart.<\/p>\n<p>Olperer dagegen nat\u00fcrlich von der fr\u00fch weg tiefer weich, was mit den Racecarvern auch nicht gerade angenehm war. Die konnten daf\u00fcr auf den Blankeisstellen punkten, denn sp\u00e4ter im Laufe des Tages war ich stellenweise lieber auf dem Eis als im Matsch unterwegs. Waren auch einige Skikurse oben, d\u00fcrften diesmal nicht nur Skilehrerkurse gewesen sein. Bei der DSB muss man mittlerweile die Ski abschnallen, daher nur 1x gefahren. Abfahrt oben war nachmittags eh nicht mehr besser als die untere. \u00dcberhaupt war die GW heute schon zu Mittag nicht mehr so besonders, daher bin ich von 12-13:30 nur noch am SL Olperer gefahren, wo es stellenweise sogar wieder etwas besser wurde. Danach abwechselnd GB3 und 10EUB gefahren, bis 15:45. Die letzte Fahrt hab ich mir heute geschenkt :)<\/p>\n<p>Abschlie\u00dfend betrachtet: Es geht noch. Wenn man nicht will, muss man nur selten \u00fcber Firneis oder Blankeis fahren, auch Dreckschnee \/ Steine kann man zumeist problemlos umfahren. Tiefe Wasserl\u00e4ufe und Schmeeatsch sind dagegen kaum bzw. nur morgens zu umschiffen.<\/p>\n<p>(Fotos anklicken zum Vergr\u00f6\u00dfern)<\/p>\n<p><a href='http:\/\/ski.inmontanis.info\/d\/203302-2\/DSC01163.jpg'><img src=http:\/\/ski.inmontanis.info\/d\/203301-3\/DSC01163.jpg \/><\/a><br \/>\n^ Status Talabfahrt Zell<\/p>\n<p><a href='http:\/\/ski.inmontanis.info\/d\/203306-2\/DSC01165.jpg'><img src=http:\/\/ski.inmontanis.info\/d\/203305-3\/DSC01165.jpg \/><\/a><br \/>\n^ Sektion 2-3. Zwischen GB3 und 10EUB gibt&#8217;s auch immer mehr Felsen &#8230;<\/p>\n<p>Vgl. 5.8.2012:<br \/>\n<a href='http:\/\/ski.inmontanis.info\/d\/149554-3\/DSC02985.jpg'><img src=http:\/\/ski.inmontanis.info\/d\/149552-4\/DSC02985.jpg \/><\/a><br \/>\n^ 5.8.2012<\/p>\n<p><a href='http:\/\/ski.inmontanis.info\/d\/203310-2\/DSC01166.jpg'><img src=http:\/\/ski.inmontanis.info\/d\/203309-3\/DSC01166.jpg \/><\/a><br \/>\n^ Kaserer<\/p>\n<p>Vgl. 15.8.2013:<br \/>\n<a href='http:\/\/ski.inmontanis.info\/d\/167711-3\/DSC05110.jpg'><img src=http:\/\/ski.inmontanis.info\/d\/167709-4\/DSC05110.jpg \/><\/a><br \/>\n^ 15.8.2013<\/p>\n<p><a href='http:\/\/ski.inmontanis.info\/d\/203314-2\/DSC01172.jpg'><img src=http:\/\/ski.inmontanis.info\/d\/203313-3\/DSC01172.jpg \/><\/a><br \/>\n^ Ende Abfahrt TFH und Kasererweg<\/p>\n<p><a href='http:\/\/ski.inmontanis.info\/d\/203318-2\/DSC01174.jpg'><img src=http:\/\/ski.inmontanis.info\/d\/203317-3\/DSC01174.jpg \/><\/a><br \/>\n^ Offpiste-Bereich zwischen GB3 und 10EUB<\/p>\n<p><a href='http:\/\/ski.inmontanis.info\/d\/203326-2\/DSC01178.jpg'><img src=http:\/\/ski.inmontanis.info\/d\/203325-3\/DSC01178.jpg \/><\/a><br \/>\n^ Vermattung vs. Schmelzwasser<\/p>\n<p><a href='http:\/\/ski.inmontanis.info\/d\/203330-2\/DSC01179.jpg'><img src=http:\/\/ski.inmontanis.info\/d\/203329-3\/DSC01179.jpg \/><\/a><br \/>\n^ TFH-Abfahrt. Glaub, das h\u00e4tte anders laufen sollen, ohne den Graben zwischen Abfahrt und Vermattung :)<\/p>\n<p><a href='http:\/\/ski.inmontanis.info\/d\/203334-2\/DSC01180.jpg'><img src=http:\/\/ski.inmontanis.info\/d\/203333-3\/DSC01180.jpg \/><\/a><br \/>\n^ TFH-Abfahrt, die Depots oben wurden angegraben, daher hatte es diesmal mehr Schnee in diesem Bereich. Wobei ich nachmittags das Blankeis rechts bevorzugt hab &#8211; links war halt schwerer, tiefer Wasserpf\u00fctzen-Schnee.<\/p>\n<p><a href='http:\/\/ski.inmontanis.info\/d\/203338-2\/DSC01184.jpg'><img src=http:\/\/ski.inmontanis.info\/d\/203337-3\/DSC01184.jpg \/><\/a><br \/>\n^ TFH (Tuxerferner Haus) und TFH-Hang<\/p>\n<p><a href='http:\/\/ski.inmontanis.info\/d\/203342-2\/DSC01187.jpg'><img src=http:\/\/ski.inmontanis.info\/d\/203341-3\/DSC01187.jpg \/><\/a><br \/>\n^ Blick ri. Kaserer \/ Baustelle Talstation 6KSB<\/p>\n<p><a href='http:\/\/ski.inmontanis.info\/d\/203346-2\/DSC01191.jpg'><img src=http:\/\/ski.inmontanis.info\/d\/203345-3\/DSC01191.jpg \/><\/a><br \/>\n^ Schwarze Abfahrt vom Kaserer. Ui, viele b\u00f6se Felsen &#8230;<\/p>\n<p><a href='http:\/\/ski.inmontanis.info\/d\/203350-2\/DSC01195.jpg'><img src=http:\/\/ski.inmontanis.info\/d\/203349-3\/DSC01195.jpg \/><\/a><br \/>\n^ Standard-Bild zu den Olperer-H\u00e4ngen<\/p>\n<p>Vergleichsfoto 5.8.2012:<br \/>\n<img src=http:\/\/ski.inmontanis.info\/d\/149610-3\/DSC03036.jpg \/><br \/>\n^ 5.8.2012<\/p>\n<p>Vergleichsfoto 9.8.2003, noch ist es besser als 2003:<br \/>\n<img src=http:\/\/ski.inmontanis.info\/d\/5055-2\/08090006_G.jpg \/><br \/>\n^ 9.8.2003<\/p>\n<p><a href='http:\/\/ski.inmontanis.info\/d\/203354-2\/DSC01197.jpg'><img src=http:\/\/ski.inmontanis.info\/d\/203353-3\/DSC01197.jpg \/><\/a><br \/>\n^ Diese GW-Abfahrt hatte morgens mehr Schnee und weniger Eis als vor 2 Wochen, wurde sogar morgens pr\u00e4pariert, dass es nicht so eisig ist. Sp\u00e4ter war die rechte Seite dann Schnee-Wasser-Matsch. Immer wieder faszinierend, wie aus dem Wassermatsch dann \u00fcber Nacht wieder Schnee wird :)<\/p>\n<p><a href='http:\/\/ski.inmontanis.info\/d\/203358-2\/DSC01198.jpg'><img src=http:\/\/ski.inmontanis.info\/d\/203357-3\/DSC01198.jpg \/><\/a><br \/>\n^ Standard-Bild zur Gefrorenen Wand. Die Abfahrt links der GW-SL  war in der unteren H\u00e4lfte hartes Blankeis; die Querung von der 10EUB r\u00fcber hartes Blankeis mit vielen Steinen. Die schwarze rechts der SL ist au\u00dfer mir heute keiner gefahren. Da so wenig fahren, ging sie entsprechend schlecht.<\/p>\n<p><a href='http:\/\/ski.inmontanis.info\/d\/203362-2\/DSC01234.jpg'><img src=http:\/\/ski.inmontanis.info\/d\/203361-3\/DSC01234.jpg \/><\/a><br \/>\n^ Blick zu den Pisten an der Gefrorenen Wand, aber 2 Stunden sp\u00e4ter. Den Unterschied zwischen wassermatschigem  Firneis und ruppigen Blankeis kann man kaum erkennen, am ehesten durch die Spuren der Trainingsl\u00e4ufe.<\/p>\n<p>Vergleichsfoto 5.8.2012:<br \/>\n<img src=http:\/\/ski.inmontanis.info\/d\/149582-3\/DSC03024.jpg \/><br \/>\n^ 5.8.2012 &#8211; vor 3 Jahren war&#8217;s stellenweise noch schlechter.<\/p>\n<p>Vergleichsfoto 9.8.2003:<br \/>\n<img src=http:\/\/ski.inmontanis.info\/d\/5043-2\/08090001_G.jpg \/><br \/>\n^ 9.8.2003 &#8211; damals war der Funpark im Hochsommer noch ge\u00f6ffnet.<\/p>\n<p><a href='http:\/\/ski.inmontanis.info\/d\/203366-2\/DSC01199.jpg'><img src=http:\/\/ski.inmontanis.info\/d\/203365-3\/DSC01199.jpg \/><\/a><br \/>\n^ Schaut gut aus, war mit den Racecarvern aber nicht so toll. Wurde im Tagesverlauf etwas bremsiger, war aber auch um nach 13 Uhr noch fahrbar.<\/p>\n<p><a href='http:\/\/ski.inmontanis.info\/d\/203370-2\/DSC01205.jpg'><img src=http:\/\/ski.inmontanis.info\/d\/203369-3\/DSC01205.jpg \/><\/a><br \/>\n^ Wie \u00fcblich apern in solchen Sommern diverse Dinge aus, wie z.B. verschiedene Seile &#8230;<\/p>\n<p><a href='http:\/\/ski.inmontanis.info\/d\/203374-2\/DSC01206.jpg'><img src=http:\/\/ski.inmontanis.info\/d\/203373-3\/DSC01206.jpg \/><\/a><br \/>\n^ .. oder dieses Teil, wo ich mich ja schon wieder frage, wieso das irgendwann mal verschollen ging &#8230;<\/p>\n<p><a href='http:\/\/ski.inmontanis.info\/d\/203378-2\/DSC01208.jpg'><img src=http:\/\/ski.inmontanis.info\/d\/203377-3\/DSC01208.jpg \/><\/a><br \/>\n^ .. und die vielen Baumst\u00e4mme &#8230;<\/p>\n<p><a href='http:\/\/ski.inmontanis.info\/d\/203382-2\/DSC01211.jpg'><img src=http:\/\/ski.inmontanis.info\/d\/203381-3\/DSC01211.jpg \/><\/a><br \/>\n^ &#8230; die Baumst\u00e4mme hat man gegen Mittag \u00fcbrigens abtransportiert. Dr\u00fcben die H\u00e4nge am GW-SL waren in der unteren H\u00e4lfte ruppiges Blankeis.<\/p>\n<p><a href='http:\/\/ski.inmontanis.info\/d\/203386-2\/DSC01212.jpg'><img src=http:\/\/ski.inmontanis.info\/d\/203385-3\/DSC01212.jpg \/><\/a><br \/>\n^ Diese Abfahrt unterhalb der DSB-Zufahrt hat sich im Tagesverlauf auch gewandelt, links war dann wei\u00dfer, bremsiger Schnee, rechts dagegen kaum Schnee bzw. dreckiger Altschnee, besser zu fahren. Rechts der Piste wurde auch etwas vermattet&#8230;.<\/p>\n<p><a href='http:\/\/ski.inmontanis.info\/d\/203390-2\/DSC01213.jpg'><img src=http:\/\/ski.inmontanis.info\/d\/203389-3\/DSC01213.jpg \/><\/a><br \/>\n^ Endlich ist es mal soweit, das Depot der neuen, abgelegenen Beschneiung wird verwendet.<\/p>\n<p><a href='http:\/\/ski.inmontanis.info\/d\/203394-2\/DSC01216.jpg'><img src=http:\/\/ski.inmontanis.info\/d\/203393-3\/DSC01216.jpg \/><\/a><br \/>\n^ Die Vermattung bringt heuer ordentlich viel.<\/p>\n<p><a href='http:\/\/ski.inmontanis.info\/d\/203398-2\/DSC01218.jpg'><img src=http:\/\/ski.inmontanis.info\/d\/203397-3\/DSC01218.jpg \/><\/a><br \/>\n^ TFH-Abfahrt, wie \u00fcblich ging&#8217;s neben der ge\u00f6ffneten Piste besser.<\/p>\n<p><a href='http:\/\/ski.inmontanis.info\/d\/203402-2\/DSC01219.jpg'><img src=http:\/\/ski.inmontanis.info\/d\/203401-3\/DSC01219.jpg \/><\/a><br \/>\n^ TFH-Hang links<\/p>\n<p><a href='http:\/\/ski.inmontanis.info\/d\/203406-2\/DSC01221.jpg'><img src=http:\/\/ski.inmontanis.info\/d\/203405-3\/DSC01221.jpg \/><\/a><br \/>\n^ TFH-Hang rechts<\/p>\n<p>Vergleichsfoto 9.8.2003, also vor genau 12 Jahren:<br \/>\n<img src=http:\/\/ski.inmontanis.info\/d\/5064-2\/08090013_G.jpg \/><br \/>\n^ 9.8.2003<\/p>\n<p><a href='http:\/\/ski.inmontanis.info\/d\/203410-2\/DSC01224.jpg'><img src=http:\/\/ski.inmontanis.info\/d\/203409-3\/DSC01224.jpg \/><\/a><br \/>\n^ TFH-Hang<\/p>\n<p><a href='http:\/\/ski.inmontanis.info\/d\/203322-2\/DSC01226.jpg'><img src=http:\/\/ski.inmontanis.info\/d\/203321-3\/DSC01226.jpg \/><\/a><br \/>\n^ Offpiste-Bereich zwischen GB3 und 10EUB: Mehr Felsen, weniger Gletscher.<\/p>\n<p><a href='http:\/\/ski.inmontanis.info\/d\/203414-2\/DSC01227.jpg'><img src=http:\/\/ski.inmontanis.info\/d\/203413-3\/DSC01227.jpg \/><\/a><br \/>\n^ Am Ausstieg des GB3 ist noch heile Welt, ein gro\u00dfes Plateau zeugt noch von einem gro\u00dfen Depotbereich. Wir erinnern uns, in schlechten Jahren bzw. im Laufe des Sommers geht direkt nach dem Ausgang rechts bereits der Hang steil abw\u00e4rts.<\/p>\n<p><a href='http:\/\/ski.inmontanis.info\/d\/203418-2\/DSC01229.jpg'><img src=http:\/\/ski.inmontanis.info\/d\/203417-3\/DSC01229.jpg \/><\/a><br \/>\n^ Kaserer \/ Bergstation neue 6KSB<\/p>\n<p><a href='http:\/\/ski.inmontanis.info\/d\/203422-2\/DSC01236.jpg'><img src=http:\/\/ski.inmontanis.info\/d\/203421-3\/DSC01236.jpg \/><\/a><br \/>\n^ 3SB Schlegeis<\/p>\n<p>Vergleichsfoto vom 28.7.2007 &#8211; es d\u00fcrfte wohl fast der gleiche Standort gewesen sein (!)<br \/>\n<img src=http:\/\/ski.inmontanis.info\/d\/5998-2\/P1170672.jpg \/><br \/>\n^ 28.7.2007<\/p>\n<p><a href='http:\/\/ski.inmontanis.info\/d\/203426-2\/DSC01245.jpg'><img src=http:\/\/ski.inmontanis.info\/d\/203425-3\/DSC01245.jpg \/><\/a><br \/>\n^ Auf der H\u00e4lfte des Depots wurden die Matten inzwischen entfernt, es wurde vormittags ein gro\u00dfer Schneehaufen aufgefahren, der wohl in K\u00fcrze verteilt wird.<\/p>\n<p><a href='http:\/\/ski.inmontanis.info\/d\/203430-2\/DSC01249.jpg'><img src=http:\/\/ski.inmontanis.info\/d\/203429-3\/DSC01249.jpg \/><\/a><br \/>\n^ Die DSB muss man inzwischen wieder mit abgeschnallten Skiern fahren &#8211; daher nur 1x gefahren &#8211; bleibt zu hoffen, dass die Vermattung rechts n\u00e4chstes Jahr etwas weiter hinauf verl\u00e4ngert wird.<\/p>\n<p><a href='http:\/\/ski.inmontanis.info\/d\/203434-2\/DSC01250.jpg'><img src=http:\/\/ski.inmontanis.info\/d\/203433-3\/DSC01250.jpg \/><\/a><br \/>\n^ Tja, hm, dank Beschneiung hat man hier noch kein Blankeis, sondern Schnee und Schnee\/Wasser-Matsch. Ich bin da in der Minderheit, aber da bevorzuge ich lieber ein bissl ruppiges Blankeis. Noja, in 2-3 Wochen dann :)<\/p>\n<p><a href='http:\/\/ski.inmontanis.info\/d\/203438-2\/DSC01253.jpg'><img src=http:\/\/ski.inmontanis.info\/d\/203437-3\/DSC01253.jpg \/><\/a><br \/>\n^ Ich hab dann rechts in Bildmitte den kleinen Hang neben der Piste bevorzugt, musste aber dann hier unten durch den tiefsten Matsch queren &#8230;<\/p>\n<p><a href='http:\/\/extra.inmontanis.info\/d\/29415-3\/DSC01254.jpg'><img src=http:\/\/extra.inmontanis.info\/d\/29414-3\/DSC01254.jpg \/><\/a><br \/>\n^ Ist schon l\u00e4nger her, dass ich solche Dieselpreise in Innsbruck gesehen hab. Erstaunlich aber auch der gro\u00dfe Unterschied zwischen Diesel und Super &#8211; normalerweise sind das in \u00d6stereich nur wenige Cent, oder manchmal auch gleich. <\/p>\n<p>So, dann wieder bis in 2-3 Wochen &#8230; <\/p>\n","protected":false},"excerpt":{"rendered":"<p>So, 9.8.2015<\/p>\n<p>Im Gegensatz zum letzten Jahr funktioniert das heuer wetterbedingt mit dem 2-Wochen-Rhythmus. Blieb sogar trocken (Bergfex meldete ab Mittag Regen). Nachttemperaturen waren lt. Bergfex-Vorhersage 6-7\u00b0C, trotzdem war die Gefrorene Wand morgens noch sehr hart. Auf der Verbindung von der 10EUB zu den SL r\u00fcber ruppiges Blankeis mit Steinen, das hab ich mir in <a href=\"http:\/\/blog.inmontanis.info\/?p=3427\">[&#8230;]<\/a><\/p>\n","protected":false},"author":1,"featured_media":0,"comment_status":"closed","ping_status":"closed","sticky":false,"template":"","format":"standard","meta":{"footnotes":""},"categories":[246,25,13,28],"tags":[54],"class_list":["post-3427","post","type-post","status-publish","format-standard","hentry","category-hintertux","category-noreport","category-austria","category-skifahren-sommer","tag-gletschervergleich","odd"],"_links":{"self":[{"href":"http:\/\/blog.inmontanis.info\/index.php?rest_route=\/wp\/v2\/posts\/3427","targetHints":{"allow":["GET"]}}],"collection":[{"href":"http:\/\/blog.inmontanis.info\/index.php?rest_route=\/wp\/v2\/posts"}],"about":[{"href":"http:\/\/blog.inmontanis.info\/index.php?rest_route=\/wp\/v2\/types\/post"}],"author":[{"embeddable":true,"href":"http:\/\/blog.inmontanis.info\/index.php?rest_route=\/wp\/v2\/users\/1"}],"replies":[{"embeddable":true,"href":"http:\/\/blog.inmontanis.info\/index.php?rest_route=%2Fwp%2Fv2%2Fcomments&post=3427"}],"version-history":[{"count":4,"href":"http:\/\/blog.inmontanis.info\/index.php?rest_route=\/wp\/v2\/posts\/3427\/revisions"}],"predecessor-version":[{"id":3431,"href":"http:\/\/blog.inmontanis.info\/index.php?rest_route=\/wp\/v2\/posts\/3427\/revisions\/3431"}],"wp:attachment":[{"href":"http:\/\/blog.inmontanis.info\/index.php?rest_route=%2Fwp%2Fv2%2Fmedia&parent=3427"}],"wp:term":[{"taxonomy":"category","embeddable":true,"href":"http:\/\/blog.inmontanis.info\/index.php?rest_route=%2Fwp%2Fv2%2Fcategories&post=3427"},{"taxonomy":"post_tag","embeddable":true,"href":"http:\/\/blog.inmontanis.info\/index.php?rest_route=%2Fwp%2Fv2%2Ftags&post=3427"}],"curies":[{"name":"wp","href":"https:\/\/api.w.org\/{rel}","templated":true}]}}