{"id":3425,"date":"2015-07-26T23:29:23","date_gmt":"2015-07-26T21:29:23","guid":{"rendered":"http:\/\/blog.inmontanis.info\/?p=3425"},"modified":"2023-07-01T20:57:40","modified_gmt":"2023-07-01T18:57:40","slug":"hintertuxer-gletscher-26-7-2015","status":"publish","type":"post","link":"http:\/\/blog.inmontanis.info\/?p=3425","title":{"rendered":"Hintertuxer Gletscher, 26.7.2015"},"content":{"rendered":"<p><strong>So, 26.7.2015<\/strong><\/p>\n<p>Nachdem ich im Sommer ja ungef\u00e4hr alle 2 Wochenenden einen Tag Skifahren m\u00f6chte, w\u00e4re es diese Woche wieder an der Reihe gewesen. Die Wettervorhersagen meldeten seit wenigen Tagen nun auch sonniger, dazu etwas k\u00e4ltere Temperaturen, soweit so gut. Fraglich blieb nur, wie sich der gemeldete starke Regen gestern Abend und ein paar Millimeter Neuschnee auswirken w\u00fcrden. Wird es nachts noch zeitig genug aufklaren bzw. kalt genug sein oder wird der Regen heute f\u00fcr tiefen Nasschnee und der Neuschnee f\u00fcr Pappschnee sorgen?<\/p>\n<p>Nun, es blieb kalt genug: Selbst um 10 Uhr waren noch -2\u00b0 an der Gefrorenen Wand, die DSB-Abfahrt um halb 12 noch sehr hart, selbst die Olperer-Pisten waren morgens noch nicht firnig. Ganz in der Fr\u00fch war die GW allerdings sehr eisig, z.T. Blankeis-Wasserpf\u00fctzen (insb. von der 10EUB r\u00fcber zum GW-SL, aber auch auf der TFH-Abfahrt) -> nichts wie r\u00fcber zum Olperer. Da ging es heute vormittag lange richtig gut, mit Ausnahme 1x GB3 und 1x SL+DSB war ich bis 12:30 Uhr nur am Olperer unterwegs. Die letzte SL-Betriebsstunde dann nat\u00fcrlich am GW-SL, wo es nun optimal firnig war. Sp\u00e4ter am Nachmittag wurde es nat\u00fcrlich \u00fcberall etwas weicher und bremsiger, aber neben der Piste ging&#8217;s auch im unteren Bereich der TFH-Abfahrt bis zum Schluss gut.<\/p>\n<p>Nebenbei wurde ich heute von einem sommerschi.com-Mitleser erkannt und angesprochen, er war die letzten 2 Tage auch schon hier. Interessanterweise waren gestern am Samstag &#8211; trotz &#8220;Bettenwechseltag&#8221; &#8211; wesentlich mehr Trainingsgruppen oben als heute am Sonntag.<\/p>\n<p>(Fotos anklicken zum Vergr\u00f6\u00dfern)<\/p>\n<p><a href='http:\/\/ski.inmontanis.info\/d\/202921-2\/DSC01094.jpg'><img src=http:\/\/ski.inmontanis.info\/d\/202920-3\/DSC01094.jpg \/><\/a><br \/>\n^ Baustatus Talabfahrt Zell am Ziller. Wenn man schon den ganzen Berg umgr\u00e4bt, h\u00e4tte man den Hang auch gleich weniger steil bauen k\u00f6nnen&#8230;<\/p>\n<p><a href='http:\/\/ski.inmontanis.info\/d\/202925-2\/DSC01097.jpg'><img src=http:\/\/ski.inmontanis.info\/d\/202924-3\/DSC01097.jpg \/><\/a><br \/>\n^ Morgens hatte ich Gl\u00fcck, und die 4EUB statt GB2 war in Betrieb. Leider wurde im Tagesverlauf wieder umgestellt.<\/p>\n<p><a href='http:\/\/ski.inmontanis.info\/d\/202929-2\/DSC01101.jpg'><img src=http:\/\/ski.inmontanis.info\/d\/202928-3\/DSC01101.jpg \/><\/a><br \/>\n^ TFH-Abfahrt. Dass man dieses eine Zwischenst\u00fcck dort nicht besser hinbekommt, ist echt schade.<\/p>\n<p><a href='http:\/\/ski.inmontanis.info\/d\/202933-2\/DSC01102.jpg'><img src=http:\/\/ski.inmontanis.info\/d\/202932-3\/DSC01102.jpg \/><\/a><br \/>\n^ GB3 und Offpistegel\u00e4nde zwischen GB3 und 10EUB. Einige nicht so alte Spuren waren zu sehen, am Rand kam man auch noch halbwegs problemlos \u00fcber die Spalte, aber f\u00fcr mich war&#8217;s heut eh zu kalt &#8211; Schnee zu hart.<\/p>\n<p><a href='http:\/\/ski.inmontanis.info\/d\/202937-2\/DSC01106.jpg'><img src=http:\/\/ski.inmontanis.info\/d\/202936-3\/DSC01106.jpg \/><\/a><br \/>\n^ Die Offpiste-Rinne unter der 10EUB ist mittlerweile auf diesem St\u00fcck schnee- und eisfrei<\/p>\n<p><a href='http:\/\/ski.inmontanis.info\/d\/202941-2\/DSC01110.jpg'><img src=http:\/\/ski.inmontanis.info\/d\/202940-3\/DSC01110.jpg \/><\/a><br \/>\n^ Am unteren St\u00fcck wurde hier die Vermattung entfernt. Anscheinend will man den Schnee nun f\u00fcr den mittleren Teil der TFH-Abfahrt verwenden.<\/p>\n<p><a href='http:\/\/ski.inmontanis.info\/d\/202945-2\/DSC01111.jpg'><img src=http:\/\/ski.inmontanis.info\/d\/202944-3\/DSC01111.jpg \/><\/a><br \/>\n^ TFH-Hang Links<\/p>\n<p><a href='http:\/\/ski.inmontanis.info\/d\/202949-2\/DSC01112.jpg'><img src=http:\/\/ski.inmontanis.info\/d\/202948-3\/DSC01112.jpg \/><\/a><br \/>\n^ TFH-Hang Mitte<\/p>\n<p><a href='http:\/\/ski.inmontanis.info\/d\/202953-2\/DSC01113.jpg'><img src=http:\/\/ski.inmontanis.info\/d\/202952-3\/DSC01113.jpg \/><\/a><br \/>\n^ TFH-Hang Rechts<\/p>\n<p><a href='http:\/\/ski.inmontanis.info\/d\/202957-2\/DSC01120.jpg'><img src=http:\/\/ski.inmontanis.info\/d\/202956-3\/DSC01120.jpg \/><\/a><br \/>\n^ Kaserer-Zufahrt. Wird mit der neuen KSB ja egtl. nicht mehr ben\u00f6tigt&#8230;<\/p>\n<p><a href='http:\/\/ski.inmontanis.info\/d\/202961-2\/DSC01121.jpg'><img src=http:\/\/ski.inmontanis.info\/d\/202960-3\/DSC01121.jpg \/><\/a><br \/>\n^ Standard-Bild zu den Olperer-H\u00e4ngen, es gab ein paar Millimeter Neuschnee.<\/p>\n<p><a href='http:\/\/ski.inmontanis.info\/d\/202917-2\/DSC01125.jpg'><img src=http:\/\/ski.inmontanis.info\/d\/202916-3\/DSC01125.jpg \/><\/a><br \/>\n^ Zoom Stubaier Gletscher vom Hintertuxer aus<\/p>\n<p><a href='http:\/\/ski.inmontanis.info\/d\/202965-2\/DSC01126.jpg'><img src=http:\/\/ski.inmontanis.info\/d\/202964-3\/DSC01126.jpg \/><\/a><br \/>\n^ Wolkenmeer-Pano<\/p>\n<p><a href='http:\/\/ski.inmontanis.info\/d\/202969-2\/DSC01128.jpg'><img src=http:\/\/ski.inmontanis.info\/d\/202968-3\/DSC01128.jpg \/><\/a><br \/>\n^ Pano von der GB3-Plattform<\/p>\n<p><a href='http:\/\/ski.inmontanis.info\/d\/202973-2\/DSC01129.jpg'><img src=http:\/\/ski.inmontanis.info\/d\/202972-3\/DSC01129.jpg \/><\/a><br \/>\n^ .. hat ja durchaus was k\u00fcnstlerisches ..<\/p>\n<p><a href='http:\/\/ski.inmontanis.info\/d\/202977-2\/DSC01130.jpg'><img src=http:\/\/ski.inmontanis.info\/d\/202976-3\/DSC01130.jpg \/><\/a><br \/>\n^ Mittlerer Teil der TFH-Abfahrt mit  der Vermattung unterhalb der Beschneiung<\/p>\n<p><a href='http:\/\/ski.inmontanis.info\/d\/202981-2\/DSC01131.jpg'><img src=http:\/\/ski.inmontanis.info\/d\/202980-3\/DSC01131.jpg \/><\/a><br \/>\n^ Bauarbeiten Talstation 6KSB<\/p>\n<p><a href='http:\/\/ski.inmontanis.info\/d\/202985-2\/DSC01133.jpg'><img src=http:\/\/ski.inmontanis.info\/d\/202984-3\/DSC01133.jpg \/><\/a><br \/>\n^ Kaserer SL und Bauarbeiten 6KSB, sowie Status Felsen auf der schwarzen Abfahrt<\/p>\n<p><a href='http:\/\/ski.inmontanis.info\/d\/202989-2\/DSC01134.jpg'><img src=http:\/\/ski.inmontanis.info\/d\/202988-3\/DSC01134.jpg \/><\/a><br \/>\n^ Bauarbeiten Bergstation 6KSB<\/p>\n<p><a href='http:\/\/ski.inmontanis.info\/d\/202993-2\/DSC01137.jpg'><img src=http:\/\/ski.inmontanis.info\/d\/202992-3\/DSC01137.jpg \/><\/a><br \/>\n^ Ausfahrt DSB Sektion IV, noch mit angeschnallten Skiern m\u00f6glich.<\/p>\n<p><a href='http:\/\/ski.inmontanis.info\/d\/202997-2\/DSC01139.jpg'><img src=http:\/\/ski.inmontanis.info\/d\/202996-3\/DSC01139.jpg \/><\/a><br \/>\n^ SL Olperer mal in nicht so \u00fcblicher Perspektive<\/p>\n<p><a href='http:\/\/ski.inmontanis.info\/d\/203001-2\/DSC01140.jpg'><img src=http:\/\/ski.inmontanis.info\/d\/203000-3\/DSC01140.jpg \/><\/a><br \/>\n^ Nicht-Ganz-Standardbild zur Gefrorenen Wand. Die Offpisterinne zwischen den Felsen macht&#8217;s auch nicht mehr lang heuer, die geschlossene schwarze Abfahrt dagegen ist noch problemlos und inzwischen besser eingefahren<\/p>\n<p><a href='http:\/\/ski.inmontanis.info\/d\/203005-2\/DSC01144.jpg'><img src=http:\/\/ski.inmontanis.info\/d\/203004-3\/DSC01144.jpg \/><\/a><br \/>\n^ Nachmittags waren die wenigen mm Neuschnee dann weitgehend wieder weg, so dass man die verschiedenen Farben des heurigen und vorj\u00e4hrigen Schnees besser erkennen kann.<\/p>\n<p><a href='http:\/\/ski.inmontanis.info\/d\/203009-2\/DSC01145.jpg'><img src=http:\/\/ski.inmontanis.info\/d\/203008-3\/DSC01145.jpg \/><\/a><br \/>\n^ Wie \u00fcblich das schlimmste St\u00fcck der TFH-Abfahrt, aber wie \u00fcblich hier oben umfahrbar. Wobei es auch auf der linken Seite ganz gut ging, hatte man wenigstens keine tiefen Pf\u00fctzen zu durchfahren, sondern nur h\u00e4rteres Eis.<\/p>\n<p><a href='http:\/\/ski.inmontanis.info\/d\/203013-2\/ge20150726a.jpg'><img src=http:\/\/ski.inmontanis.info\/d\/203012-3\/ge20150726a.jpg \/><\/a><br \/>\n^ GPS-Track 26.7.2015; einige Male auch au\u00dferhalb ge\u00f6ffneter Abfahrten gewesen.<\/p>\n","protected":false},"excerpt":{"rendered":"<p>So, 26.7.2015<\/p>\n<p>Nachdem ich im Sommer ja ungef\u00e4hr alle 2 Wochenenden einen Tag Skifahren m\u00f6chte, w\u00e4re es diese Woche wieder an der Reihe gewesen. Die Wettervorhersagen meldeten seit wenigen Tagen nun auch sonniger, dazu etwas k\u00e4ltere Temperaturen, soweit so gut. Fraglich blieb nur, wie sich der gemeldete starke Regen gestern Abend und ein paar Millimeter <a href=\"http:\/\/blog.inmontanis.info\/?p=3425\">[&#8230;]<\/a><\/p>\n","protected":false},"author":1,"featured_media":0,"comment_status":"closed","ping_status":"closed","sticky":false,"template":"","format":"standard","meta":{"footnotes":""},"categories":[246,25,13,28],"tags":[72,42,47],"class_list":["post-3425","post","type-post","status-publish","format-standard","hentry","category-hintertux","category-noreport","category-austria","category-skifahren-sommer","tag-10eub","tag-4eub","tag-sl","odd"],"_links":{"self":[{"href":"http:\/\/blog.inmontanis.info\/index.php?rest_route=\/wp\/v2\/posts\/3425","targetHints":{"allow":["GET"]}}],"collection":[{"href":"http:\/\/blog.inmontanis.info\/index.php?rest_route=\/wp\/v2\/posts"}],"about":[{"href":"http:\/\/blog.inmontanis.info\/index.php?rest_route=\/wp\/v2\/types\/post"}],"author":[{"embeddable":true,"href":"http:\/\/blog.inmontanis.info\/index.php?rest_route=\/wp\/v2\/users\/1"}],"replies":[{"embeddable":true,"href":"http:\/\/blog.inmontanis.info\/index.php?rest_route=%2Fwp%2Fv2%2Fcomments&post=3425"}],"version-history":[{"count":1,"href":"http:\/\/blog.inmontanis.info\/index.php?rest_route=\/wp\/v2\/posts\/3425\/revisions"}],"predecessor-version":[{"id":3426,"href":"http:\/\/blog.inmontanis.info\/index.php?rest_route=\/wp\/v2\/posts\/3425\/revisions\/3426"}],"wp:attachment":[{"href":"http:\/\/blog.inmontanis.info\/index.php?rest_route=%2Fwp%2Fv2%2Fmedia&parent=3425"}],"wp:term":[{"taxonomy":"category","embeddable":true,"href":"http:\/\/blog.inmontanis.info\/index.php?rest_route=%2Fwp%2Fv2%2Fcategories&post=3425"},{"taxonomy":"post_tag","embeddable":true,"href":"http:\/\/blog.inmontanis.info\/index.php?rest_route=%2Fwp%2Fv2%2Ftags&post=3425"}],"curies":[{"name":"wp","href":"https:\/\/api.w.org\/{rel}","templated":true}]}}